{"id":7470,"date":"2021-03-08T13:48:58","date_gmt":"2021-03-08T12:48:58","guid":{"rendered":"https:\/\/funkygermany.com\/?p=7470"},"modified":"2021-03-08T13:49:00","modified_gmt":"2021-03-08T12:49:00","slug":"wild-animals-germany","status":"publish","type":"post","link":"https:\/\/funkygermany.com\/en\/wild-animals-germany\/","title":{"rendered":"The Beasts are Back!"},"content":{"rendered":"\n<p><strong>Who would have thought that flamingos could be found standing in the water in Germany? Or moose roaming over pastures and parrots squawking in the forests? Many once rare animal species are now making a comeback in Germany. The wolf has returned, grey seals are enjoying the sandbanks of Helgoland and even the white-tailed eagle, which was almost extinct, can be seen soaring in the sky\u2026if you are lucky. Let us show you which wild animals you can observe where in Germany and how. Let\u2019s go on a little safari!<\/strong><\/p>\n\n\n\n<h2 class=\"wp-block-heading\" id=\"h-they-re-here-the-rhea\"><strong>They\u2019re Here, the Rhea!<\/strong><\/h2>\n\n\n\n<p>The <strong>Greater Rhea<\/strong> is a large flightless bird, originally native to South America. There is, however, also a wild population in northern Germany. Towards the end of the last century, three males and four females escaped near L\u00fcbeck. Capture proved to be impossible, so they rapidly reproduced in the wild. Don\u2018t be surprised if you meet one of the 600 ostrich-like birds that now roam in the floodplains of the <strong>River Wakenitz<\/strong> in <a href=\"https:\/\/funkygermany.com\/en\/regions\/schleswig-holstein\/\" target=\"_blank\" rel=\"noreferrer noopener\">Schleswig-Holstein<\/a>.<\/p>\n\n\n\n<figure class=\"wp-block-gallery columns-2 is-cropped wp-block-gallery-1 is-layout-flex wp-block-gallery-is-layout-flex\"><ul class=\"blocks-gallery-grid\"><li class=\"blocks-gallery-item\"><figure><a href=\"https:\/\/funkygermany.com\/wp-content\/uploads\/2021\/03\/nandu-in-germany_karegg.jpg\"><img decoding=\"async\" width=\"1024\" height=\"768\" loading=\"lazy\" src=\"https:\/\/funkygermany.com\/wp-content\/uploads\/2021\/03\/nandu-in-germany_karegg-1024x768.jpg\" alt=\"A nandu walks with his chicks\" data-id=\"7211\" data-full-url=\"https:\/\/funkygermany.com\/wp-content\/uploads\/2021\/03\/nandu-in-germany_karegg.jpg\" data-link=\"https:\/\/funkygermany.com\/wildtiere-deutschland\/ananduwalksalongaroadwithhiseightchicks-2\/\" class=\"wp-image-7211\" srcset=\"https:\/\/funkygermany.com\/wp-content\/uploads\/2021\/03\/nandu-in-germany_karegg-1024x768.jpg 1024w, https:\/\/funkygermany.com\/wp-content\/uploads\/2021\/03\/nandu-in-germany_karegg-300x225.jpg 300w, https:\/\/funkygermany.com\/wp-content\/uploads\/2021\/03\/nandu-in-germany_karegg-883x663.jpg 883w, https:\/\/funkygermany.com\/wp-content\/uploads\/2021\/03\/nandu-in-germany_karegg-1536x1152.jpg 1536w, https:\/\/funkygermany.com\/wp-content\/uploads\/2021\/03\/nandu-in-germany_karegg-500x375.jpg 500w, https:\/\/funkygermany.com\/wp-content\/uploads\/2021\/03\/nandu-in-germany_karegg-293x220.jpg 293w, https:\/\/funkygermany.com\/wp-content\/uploads\/2021\/03\/nandu-in-germany_karegg-770x578.jpg 770w, https:\/\/funkygermany.com\/wp-content\/uploads\/2021\/03\/nandu-in-germany_karegg-1400x1050.jpg 1400w, https:\/\/funkygermany.com\/wp-content\/uploads\/2021\/03\/nandu-in-germany_karegg.jpg 1750w\" sizes=\"auto, (max-width: 1024px) 100vw, 1024px\" \/><noscript><img decoding=\"async\" width=\"1024\" height=\"768\" src=\"https:\/\/funkygermany.com\/wp-content\/uploads\/2021\/03\/nandu-in-germany_karegg-1024x768.jpg\" alt=\"A nandu walks with his chicks\" data-id=\"7211\" data-full-url=\"https:\/\/funkygermany.com\/wp-content\/uploads\/2021\/03\/nandu-in-germany_karegg.jpg\" data-link=\"https:\/\/funkygermany.com\/wildtiere-deutschland\/ananduwalksalongaroadwithhiseightchicks-2\/\" class=\"wp-image-7211\" srcset=\"https:\/\/funkygermany.com\/wp-content\/uploads\/2021\/03\/nandu-in-germany_karegg-1024x768.jpg 1024w, https:\/\/funkygermany.com\/wp-content\/uploads\/2021\/03\/nandu-in-germany_karegg-300x225.jpg 300w, https:\/\/funkygermany.com\/wp-content\/uploads\/2021\/03\/nandu-in-germany_karegg-883x663.jpg 883w, https:\/\/funkygermany.com\/wp-content\/uploads\/2021\/03\/nandu-in-germany_karegg-1536x1152.jpg 1536w, https:\/\/funkygermany.com\/wp-content\/uploads\/2021\/03\/nandu-in-germany_karegg-500x375.jpg 500w, https:\/\/funkygermany.com\/wp-content\/uploads\/2021\/03\/nandu-in-germany_karegg-293x220.jpg 293w, https:\/\/funkygermany.com\/wp-content\/uploads\/2021\/03\/nandu-in-germany_karegg-770x578.jpg 770w, https:\/\/funkygermany.com\/wp-content\/uploads\/2021\/03\/nandu-in-germany_karegg-1400x1050.jpg 1400w, https:\/\/funkygermany.com\/wp-content\/uploads\/2021\/03\/nandu-in-germany_karegg.jpg 1750w\" sizes=\"(max-width: 1024px) 100vw, 1024px\" \/><\/noscript><\/a><figcaption class=\"blocks-gallery-item__caption\">karegg\/ Shutterstock.com<\/figcaption><\/figure><\/li><li class=\"blocks-gallery-item\"><figure><a href=\"https:\/\/funkygermany.com\/wp-content\/uploads\/2021\/03\/nandu-germany_shutterstock_Jana-H-1.jpg\"><img decoding=\"async\" width=\"1024\" height=\"683\" loading=\"lazy\" src=\"https:\/\/funkygermany.com\/wp-content\/uploads\/2021\/03\/nandu-germany_shutterstock_Jana-H-1-1024x683.jpg\" alt=\"Wild animals in Germany: Nandu in Schleswig-Holstein\" data-id=\"7213\" data-full-url=\"https:\/\/funkygermany.com\/wp-content\/uploads\/2021\/03\/nandu-germany_shutterstock_Jana-H-1.jpg\" data-link=\"https:\/\/funkygermany.com\/wildtiere-deutschland\/threenandurheaonpasture-2\/\" class=\"wp-image-7213\" srcset=\"https:\/\/funkygermany.com\/wp-content\/uploads\/2021\/03\/nandu-germany_shutterstock_Jana-H-1-1024x683.jpg 1024w, https:\/\/funkygermany.com\/wp-content\/uploads\/2021\/03\/nandu-germany_shutterstock_Jana-H-1-300x200.jpg 300w, https:\/\/funkygermany.com\/wp-content\/uploads\/2021\/03\/nandu-germany_shutterstock_Jana-H-1-883x589.jpg 883w, https:\/\/funkygermany.com\/wp-content\/uploads\/2021\/03\/nandu-germany_shutterstock_Jana-H-1-1536x1024.jpg 1536w, https:\/\/funkygermany.com\/wp-content\/uploads\/2021\/03\/nandu-germany_shutterstock_Jana-H-1-500x333.jpg 500w, https:\/\/funkygermany.com\/wp-content\/uploads\/2021\/03\/nandu-germany_shutterstock_Jana-H-1-370x247.jpg 370w, https:\/\/funkygermany.com\/wp-content\/uploads\/2021\/03\/nandu-germany_shutterstock_Jana-H-1-770x513.jpg 770w, https:\/\/funkygermany.com\/wp-content\/uploads\/2021\/03\/nandu-germany_shutterstock_Jana-H-1-1155x770.jpg 1155w, https:\/\/funkygermany.com\/wp-content\/uploads\/2021\/03\/nandu-germany_shutterstock_Jana-H-1-293x195.jpg 293w, https:\/\/funkygermany.com\/wp-content\/uploads\/2021\/03\/nandu-germany_shutterstock_Jana-H-1-1400x934.jpg 1400w, https:\/\/funkygermany.com\/wp-content\/uploads\/2021\/03\/nandu-germany_shutterstock_Jana-H-1.jpg 1750w\" sizes=\"auto, (max-width: 1024px) 100vw, 1024px\" \/><noscript><img decoding=\"async\" width=\"1024\" height=\"683\" src=\"https:\/\/funkygermany.com\/wp-content\/uploads\/2021\/03\/nandu-germany_shutterstock_Jana-H-1-1024x683.jpg\" alt=\"Wild animals in Germany: Nandu in Schleswig-Holstein\" data-id=\"7213\" data-full-url=\"https:\/\/funkygermany.com\/wp-content\/uploads\/2021\/03\/nandu-germany_shutterstock_Jana-H-1.jpg\" data-link=\"https:\/\/funkygermany.com\/wildtiere-deutschland\/threenandurheaonpasture-2\/\" class=\"wp-image-7213\" srcset=\"https:\/\/funkygermany.com\/wp-content\/uploads\/2021\/03\/nandu-germany_shutterstock_Jana-H-1-1024x683.jpg 1024w, https:\/\/funkygermany.com\/wp-content\/uploads\/2021\/03\/nandu-germany_shutterstock_Jana-H-1-300x200.jpg 300w, https:\/\/funkygermany.com\/wp-content\/uploads\/2021\/03\/nandu-germany_shutterstock_Jana-H-1-883x589.jpg 883w, https:\/\/funkygermany.com\/wp-content\/uploads\/2021\/03\/nandu-germany_shutterstock_Jana-H-1-1536x1024.jpg 1536w, https:\/\/funkygermany.com\/wp-content\/uploads\/2021\/03\/nandu-germany_shutterstock_Jana-H-1-500x333.jpg 500w, https:\/\/funkygermany.com\/wp-content\/uploads\/2021\/03\/nandu-germany_shutterstock_Jana-H-1-370x247.jpg 370w, https:\/\/funkygermany.com\/wp-content\/uploads\/2021\/03\/nandu-germany_shutterstock_Jana-H-1-770x513.jpg 770w, https:\/\/funkygermany.com\/wp-content\/uploads\/2021\/03\/nandu-germany_shutterstock_Jana-H-1-1155x770.jpg 1155w, https:\/\/funkygermany.com\/wp-content\/uploads\/2021\/03\/nandu-germany_shutterstock_Jana-H-1-293x195.jpg 293w, https:\/\/funkygermany.com\/wp-content\/uploads\/2021\/03\/nandu-germany_shutterstock_Jana-H-1-1400x934.jpg 1400w, https:\/\/funkygermany.com\/wp-content\/uploads\/2021\/03\/nandu-germany_shutterstock_Jana-H-1.jpg 1750w\" sizes=\"(max-width: 1024px) 100vw, 1024px\" \/><\/noscript><\/a><figcaption class=\"blocks-gallery-item__caption\">Jana H.\/ Shutterstock.com<\/figcaption><\/figure><\/li><\/ul><\/figure>\n\n\n\n<h2 class=\"wp-block-heading\" id=\"h-go-flamingo-go\"><strong>Go, Flamingo, Go!<\/strong><\/h2>\n\n\n\n<p>About an hour away from M\u00fcnster lie the moorlands of the <strong>Zwillbrocker Venn<\/strong>; a paradise for birds. It is not only has the largest inland colony of black-headed gulls in Germany, with about 16,000 birds, it is also home to a bird we would normally expect to see in the Caribbean. Yet these wetlands on the Dutch-German border are the northernmost breeding ground for flamingos in the world. The population is familial and numbers about 40 animals. While the gulls can be found year-round in the Zwillbrocker Venn, the flamingos move to south-western Holland during the winter months.<\/p>\n\n\n\n<figure class=\"wp-block-image size-large\"><img decoding=\"async\" width=\"1024\" height=\"678\" loading=\"lazy\" src=\"https:\/\/funkygermany.com\/wp-content\/uploads\/2020\/06\/muensterland-flamingos-1024x678.jpg\" alt=\"Pink flamingos in M\u00fcnsterland\" class=\"wp-image-4126\" srcset=\"https:\/\/funkygermany.com\/wp-content\/uploads\/2020\/06\/muensterland-flamingos-1024x678.jpg 1024w, https:\/\/funkygermany.com\/wp-content\/uploads\/2020\/06\/muensterland-flamingos-300x199.jpg 300w, https:\/\/funkygermany.com\/wp-content\/uploads\/2020\/06\/muensterland-flamingos-883x585.jpg 883w, https:\/\/funkygermany.com\/wp-content\/uploads\/2020\/06\/muensterland-flamingos-1536x1017.jpg 1536w, https:\/\/funkygermany.com\/wp-content\/uploads\/2020\/06\/muensterland-flamingos-500x331.jpg 500w, https:\/\/funkygermany.com\/wp-content\/uploads\/2020\/06\/muensterland-flamingos-293x194.jpg 293w, https:\/\/funkygermany.com\/wp-content\/uploads\/2020\/06\/muensterland-flamingos-770x510.jpg 770w, https:\/\/funkygermany.com\/wp-content\/uploads\/2020\/06\/muensterland-flamingos-1400x927.jpg 1400w, https:\/\/funkygermany.com\/wp-content\/uploads\/2020\/06\/muensterland-flamingos.jpg 1750w\" sizes=\"auto, (max-width: 1024px) 100vw, 1024px\" \/><noscript><img decoding=\"async\" width=\"1024\" height=\"678\" src=\"https:\/\/funkygermany.com\/wp-content\/uploads\/2020\/06\/muensterland-flamingos-1024x678.jpg\" alt=\"Pink flamingos in M\u00fcnsterland\" class=\"wp-image-4126\" srcset=\"https:\/\/funkygermany.com\/wp-content\/uploads\/2020\/06\/muensterland-flamingos-1024x678.jpg 1024w, https:\/\/funkygermany.com\/wp-content\/uploads\/2020\/06\/muensterland-flamingos-300x199.jpg 300w, https:\/\/funkygermany.com\/wp-content\/uploads\/2020\/06\/muensterland-flamingos-883x585.jpg 883w, https:\/\/funkygermany.com\/wp-content\/uploads\/2020\/06\/muensterland-flamingos-1536x1017.jpg 1536w, https:\/\/funkygermany.com\/wp-content\/uploads\/2020\/06\/muensterland-flamingos-500x331.jpg 500w, https:\/\/funkygermany.com\/wp-content\/uploads\/2020\/06\/muensterland-flamingos-293x194.jpg 293w, https:\/\/funkygermany.com\/wp-content\/uploads\/2020\/06\/muensterland-flamingos-770x510.jpg 770w, https:\/\/funkygermany.com\/wp-content\/uploads\/2020\/06\/muensterland-flamingos-1400x927.jpg 1400w, https:\/\/funkygermany.com\/wp-content\/uploads\/2020\/06\/muensterland-flamingos.jpg 1750w\" sizes=\"(max-width: 1024px) 100vw, 1024px\" \/><\/noscript><figcaption>Juan Camilo Guarin<\/figcaption><\/figure>\n\n\n\n<h2 class=\"wp-block-heading\" id=\"h-attention-wild-ponies\"><strong>Attention, Wild Ponies!<\/strong><\/h2>\n\n\n\n<p>Very close to the flamingos there is another wildlife sensation: the <strong>D\u00fclmen wild pony<\/strong>. This breed is Germany\u2019s only native breed of pony, and lives mainly in D\u00fclmen in Westphalia, in the <strong>Merfelder Bruch nature reserve<\/strong>, over an area of about 350 hectares. About 300 to 400 ponies live in the enclosed area, largely unaffected by humans. The last herd of wild ponies in Europe can also be visited, but only on weekends. From Monday to Friday, the animals enjoy the peace and quiet.<\/p>\n\n\n\n<figure class=\"wp-block-image size-large\"><img decoding=\"async\" width=\"1024\" height=\"769\" loading=\"lazy\" src=\"https:\/\/funkygermany.com\/wp-content\/uploads\/2021\/03\/wild-horses-germany_shutterstock_Trembich-Moving-Moments-1-1024x769.jpg\" alt=\"The last wild horses in Europe live in D\u00fclmen, Germany. They have 350 hectares of retreat, but can be seen on weekends in a large meadow.\" class=\"wp-image-7215\" srcset=\"https:\/\/funkygermany.com\/wp-content\/uploads\/2021\/03\/wild-horses-germany_shutterstock_Trembich-Moving-Moments-1-1024x769.jpg 1024w, https:\/\/funkygermany.com\/wp-content\/uploads\/2021\/03\/wild-horses-germany_shutterstock_Trembich-Moving-Moments-1-300x225.jpg 300w, https:\/\/funkygermany.com\/wp-content\/uploads\/2021\/03\/wild-horses-germany_shutterstock_Trembich-Moving-Moments-1-883x663.jpg 883w, https:\/\/funkygermany.com\/wp-content\/uploads\/2021\/03\/wild-horses-germany_shutterstock_Trembich-Moving-Moments-1-1536x1153.jpg 1536w, https:\/\/funkygermany.com\/wp-content\/uploads\/2021\/03\/wild-horses-germany_shutterstock_Trembich-Moving-Moments-1-500x375.jpg 500w, https:\/\/funkygermany.com\/wp-content\/uploads\/2021\/03\/wild-horses-germany_shutterstock_Trembich-Moving-Moments-1-293x220.jpg 293w, https:\/\/funkygermany.com\/wp-content\/uploads\/2021\/03\/wild-horses-germany_shutterstock_Trembich-Moving-Moments-1-770x578.jpg 770w, https:\/\/funkygermany.com\/wp-content\/uploads\/2021\/03\/wild-horses-germany_shutterstock_Trembich-Moving-Moments-1-1400x1051.jpg 1400w, https:\/\/funkygermany.com\/wp-content\/uploads\/2021\/03\/wild-horses-germany_shutterstock_Trembich-Moving-Moments-1.jpg 1750w\" sizes=\"auto, (max-width: 1024px) 100vw, 1024px\" \/><noscript><img decoding=\"async\" width=\"1024\" height=\"769\" src=\"https:\/\/funkygermany.com\/wp-content\/uploads\/2021\/03\/wild-horses-germany_shutterstock_Trembich-Moving-Moments-1-1024x769.jpg\" alt=\"The last wild horses in Europe live in D\u00fclmen, Germany. They have 350 hectares of retreat, but can be seen on weekends in a large meadow.\" class=\"wp-image-7215\" srcset=\"https:\/\/funkygermany.com\/wp-content\/uploads\/2021\/03\/wild-horses-germany_shutterstock_Trembich-Moving-Moments-1-1024x769.jpg 1024w, https:\/\/funkygermany.com\/wp-content\/uploads\/2021\/03\/wild-horses-germany_shutterstock_Trembich-Moving-Moments-1-300x225.jpg 300w, https:\/\/funkygermany.com\/wp-content\/uploads\/2021\/03\/wild-horses-germany_shutterstock_Trembich-Moving-Moments-1-883x663.jpg 883w, https:\/\/funkygermany.com\/wp-content\/uploads\/2021\/03\/wild-horses-germany_shutterstock_Trembich-Moving-Moments-1-1536x1153.jpg 1536w, https:\/\/funkygermany.com\/wp-content\/uploads\/2021\/03\/wild-horses-germany_shutterstock_Trembich-Moving-Moments-1-500x375.jpg 500w, https:\/\/funkygermany.com\/wp-content\/uploads\/2021\/03\/wild-horses-germany_shutterstock_Trembich-Moving-Moments-1-293x220.jpg 293w, https:\/\/funkygermany.com\/wp-content\/uploads\/2021\/03\/wild-horses-germany_shutterstock_Trembich-Moving-Moments-1-770x578.jpg 770w, https:\/\/funkygermany.com\/wp-content\/uploads\/2021\/03\/wild-horses-germany_shutterstock_Trembich-Moving-Moments-1-1400x1051.jpg 1400w, https:\/\/funkygermany.com\/wp-content\/uploads\/2021\/03\/wild-horses-germany_shutterstock_Trembich-Moving-Moments-1.jpg 1750w\" sizes=\"(max-width: 1024px) 100vw, 1024px\" \/><\/noscript><figcaption>Trembich Moving Moments\/ Shutterstock.com<\/figcaption><\/figure>\n\n\n\n<h2 class=\"wp-block-heading\" id=\"h-bravo-it-s-bison\"><strong>Bravo, it\u2018s Bison!<\/strong><\/h2>\n\n\n\n<p>Can that be real? In the&nbsp;<em><strong>Rothaargebirge<\/strong><\/em>, a low mountain range between <a href=\"https:\/\/funkygermany.com\/en\/regions\/north-rhine-westphalia\/\" target=\"_blank\" rel=\"noreferrer noopener\">North Rhine-Westphalia<\/a> and <a href=\"https:\/\/funkygermany.com\/en\/regions\/hesse\/\" target=\"_blank\" rel=\"noreferrer noopener\">Hesse<\/a>, <strong>free-roaming bison<\/strong> can be found grazing; a unique sight in all of Western Europe. Thanks to a species conservation programme initiated by a group of committed activists, Europe&#8217;s largest land mammal is once again at home in the wild in Germany. In 2013, a reintroduction station released a group of European bison, which are now thriving and reproducing in the wild around <strong>Bad Berleburg<\/strong> in southern Westphalia. The population has grown to about 25. If you hike the&nbsp;<em>Rothaarsteig<\/em>&nbsp;route, you\u2019ll have a chance to spot them. An alternative would be the&nbsp;<em><strong>Wisent Welt Wittgenstein<\/strong><\/em>. Here you\u2019ll find a show enclosure with eight bison to view.<\/p>\n\n\n\n<figure class=\"wp-block-gallery columns-2 is-cropped wp-block-gallery-2 is-layout-flex wp-block-gallery-is-layout-flex\"><ul class=\"blocks-gallery-grid\"><li class=\"blocks-gallery-item\"><figure><a href=\"https:\/\/funkygermany.com\/wp-content\/uploads\/2021\/03\/bison-germany_Tourismus-NRW.jpg\"><img decoding=\"async\" width=\"1024\" height=\"683\" loading=\"lazy\" src=\"https:\/\/funkygermany.com\/wp-content\/uploads\/2021\/03\/bison-germany_Tourismus-NRW-1024x683.jpg\" alt=\"Wisent looking at the camera\" data-id=\"7217\" data-full-url=\"https:\/\/funkygermany.com\/wp-content\/uploads\/2021\/03\/bison-germany_Tourismus-NRW.jpg\" data-link=\"https:\/\/funkygermany.com\/wildtiere-deutschland\/wisent-tourismus-nrw-2\/\" class=\"wp-image-7217\" srcset=\"https:\/\/funkygermany.com\/wp-content\/uploads\/2021\/03\/bison-germany_Tourismus-NRW-1024x683.jpg 1024w, https:\/\/funkygermany.com\/wp-content\/uploads\/2021\/03\/bison-germany_Tourismus-NRW-300x200.jpg 300w, https:\/\/funkygermany.com\/wp-content\/uploads\/2021\/03\/bison-germany_Tourismus-NRW-883x589.jpg 883w, https:\/\/funkygermany.com\/wp-content\/uploads\/2021\/03\/bison-germany_Tourismus-NRW-1536x1024.jpg 1536w, https:\/\/funkygermany.com\/wp-content\/uploads\/2021\/03\/bison-germany_Tourismus-NRW-500x333.jpg 500w, https:\/\/funkygermany.com\/wp-content\/uploads\/2021\/03\/bison-germany_Tourismus-NRW-370x247.jpg 370w, https:\/\/funkygermany.com\/wp-content\/uploads\/2021\/03\/bison-germany_Tourismus-NRW-770x513.jpg 770w, https:\/\/funkygermany.com\/wp-content\/uploads\/2021\/03\/bison-germany_Tourismus-NRW-1155x770.jpg 1155w, https:\/\/funkygermany.com\/wp-content\/uploads\/2021\/03\/bison-germany_Tourismus-NRW-293x195.jpg 293w, https:\/\/funkygermany.com\/wp-content\/uploads\/2021\/03\/bison-germany_Tourismus-NRW-1400x934.jpg 1400w, https:\/\/funkygermany.com\/wp-content\/uploads\/2021\/03\/bison-germany_Tourismus-NRW.jpg 1750w\" sizes=\"auto, (max-width: 1024px) 100vw, 1024px\" \/><noscript><img decoding=\"async\" width=\"1024\" height=\"683\" src=\"https:\/\/funkygermany.com\/wp-content\/uploads\/2021\/03\/bison-germany_Tourismus-NRW-1024x683.jpg\" alt=\"Wisent looking at the camera\" data-id=\"7217\" data-full-url=\"https:\/\/funkygermany.com\/wp-content\/uploads\/2021\/03\/bison-germany_Tourismus-NRW.jpg\" data-link=\"https:\/\/funkygermany.com\/wildtiere-deutschland\/wisent-tourismus-nrw-2\/\" class=\"wp-image-7217\" srcset=\"https:\/\/funkygermany.com\/wp-content\/uploads\/2021\/03\/bison-germany_Tourismus-NRW-1024x683.jpg 1024w, https:\/\/funkygermany.com\/wp-content\/uploads\/2021\/03\/bison-germany_Tourismus-NRW-300x200.jpg 300w, https:\/\/funkygermany.com\/wp-content\/uploads\/2021\/03\/bison-germany_Tourismus-NRW-883x589.jpg 883w, https:\/\/funkygermany.com\/wp-content\/uploads\/2021\/03\/bison-germany_Tourismus-NRW-1536x1024.jpg 1536w, https:\/\/funkygermany.com\/wp-content\/uploads\/2021\/03\/bison-germany_Tourismus-NRW-500x333.jpg 500w, https:\/\/funkygermany.com\/wp-content\/uploads\/2021\/03\/bison-germany_Tourismus-NRW-370x247.jpg 370w, https:\/\/funkygermany.com\/wp-content\/uploads\/2021\/03\/bison-germany_Tourismus-NRW-770x513.jpg 770w, https:\/\/funkygermany.com\/wp-content\/uploads\/2021\/03\/bison-germany_Tourismus-NRW-1155x770.jpg 1155w, https:\/\/funkygermany.com\/wp-content\/uploads\/2021\/03\/bison-germany_Tourismus-NRW-293x195.jpg 293w, https:\/\/funkygermany.com\/wp-content\/uploads\/2021\/03\/bison-germany_Tourismus-NRW-1400x934.jpg 1400w, https:\/\/funkygermany.com\/wp-content\/uploads\/2021\/03\/bison-germany_Tourismus-NRW.jpg 1750w\" sizes=\"(max-width: 1024px) 100vw, 1024px\" \/><\/noscript><\/a><figcaption class=\"blocks-gallery-item__caption\">Tourismus NRW<\/figcaption><\/figure><\/li><li class=\"blocks-gallery-item\"><figure><a href=\"https:\/\/funkygermany.com\/wp-content\/uploads\/2021\/03\/bisons-germany_Tourismus-NRW.jpg\"><img decoding=\"async\" width=\"1024\" height=\"683\" loading=\"lazy\" src=\"https:\/\/funkygermany.com\/wp-content\/uploads\/2021\/03\/bisons-germany_Tourismus-NRW-1024x683.jpg\" alt=\"Wild animals in Germany run on meadow\" data-id=\"7219\" data-full-url=\"https:\/\/funkygermany.com\/wp-content\/uploads\/2021\/03\/bisons-germany_Tourismus-NRW.jpg\" data-link=\"https:\/\/funkygermany.com\/wildtiere-deutschland\/wisente_tourismus-nrw-2\/\" class=\"wp-image-7219\" srcset=\"https:\/\/funkygermany.com\/wp-content\/uploads\/2021\/03\/bisons-germany_Tourismus-NRW-1024x683.jpg 1024w, https:\/\/funkygermany.com\/wp-content\/uploads\/2021\/03\/bisons-germany_Tourismus-NRW-300x200.jpg 300w, https:\/\/funkygermany.com\/wp-content\/uploads\/2021\/03\/bisons-germany_Tourismus-NRW-883x589.jpg 883w, https:\/\/funkygermany.com\/wp-content\/uploads\/2021\/03\/bisons-germany_Tourismus-NRW-1536x1024.jpg 1536w, https:\/\/funkygermany.com\/wp-content\/uploads\/2021\/03\/bisons-germany_Tourismus-NRW-500x333.jpg 500w, https:\/\/funkygermany.com\/wp-content\/uploads\/2021\/03\/bisons-germany_Tourismus-NRW-370x247.jpg 370w, https:\/\/funkygermany.com\/wp-content\/uploads\/2021\/03\/bisons-germany_Tourismus-NRW-770x513.jpg 770w, https:\/\/funkygermany.com\/wp-content\/uploads\/2021\/03\/bisons-germany_Tourismus-NRW-1155x770.jpg 1155w, https:\/\/funkygermany.com\/wp-content\/uploads\/2021\/03\/bisons-germany_Tourismus-NRW-293x195.jpg 293w, https:\/\/funkygermany.com\/wp-content\/uploads\/2021\/03\/bisons-germany_Tourismus-NRW-1400x934.jpg 1400w, https:\/\/funkygermany.com\/wp-content\/uploads\/2021\/03\/bisons-germany_Tourismus-NRW.jpg 1750w\" sizes=\"auto, (max-width: 1024px) 100vw, 1024px\" \/><noscript><img decoding=\"async\" width=\"1024\" height=\"683\" src=\"https:\/\/funkygermany.com\/wp-content\/uploads\/2021\/03\/bisons-germany_Tourismus-NRW-1024x683.jpg\" alt=\"Wild animals in Germany run on meadow\" data-id=\"7219\" data-full-url=\"https:\/\/funkygermany.com\/wp-content\/uploads\/2021\/03\/bisons-germany_Tourismus-NRW.jpg\" data-link=\"https:\/\/funkygermany.com\/wildtiere-deutschland\/wisente_tourismus-nrw-2\/\" class=\"wp-image-7219\" srcset=\"https:\/\/funkygermany.com\/wp-content\/uploads\/2021\/03\/bisons-germany_Tourismus-NRW-1024x683.jpg 1024w, https:\/\/funkygermany.com\/wp-content\/uploads\/2021\/03\/bisons-germany_Tourismus-NRW-300x200.jpg 300w, https:\/\/funkygermany.com\/wp-content\/uploads\/2021\/03\/bisons-germany_Tourismus-NRW-883x589.jpg 883w, https:\/\/funkygermany.com\/wp-content\/uploads\/2021\/03\/bisons-germany_Tourismus-NRW-1536x1024.jpg 1536w, https:\/\/funkygermany.com\/wp-content\/uploads\/2021\/03\/bisons-germany_Tourismus-NRW-500x333.jpg 500w, https:\/\/funkygermany.com\/wp-content\/uploads\/2021\/03\/bisons-germany_Tourismus-NRW-370x247.jpg 370w, https:\/\/funkygermany.com\/wp-content\/uploads\/2021\/03\/bisons-germany_Tourismus-NRW-770x513.jpg 770w, https:\/\/funkygermany.com\/wp-content\/uploads\/2021\/03\/bisons-germany_Tourismus-NRW-1155x770.jpg 1155w, https:\/\/funkygermany.com\/wp-content\/uploads\/2021\/03\/bisons-germany_Tourismus-NRW-293x195.jpg 293w, https:\/\/funkygermany.com\/wp-content\/uploads\/2021\/03\/bisons-germany_Tourismus-NRW-1400x934.jpg 1400w, https:\/\/funkygermany.com\/wp-content\/uploads\/2021\/03\/bisons-germany_Tourismus-NRW.jpg 1750w\" sizes=\"(max-width: 1024px) 100vw, 1024px\" \/><\/noscript><\/a><figcaption class=\"blocks-gallery-item__caption\">Tourismus NRW<\/figcaption><\/figure><\/li><\/ul><\/figure>\n\n\n\n<h2 class=\"wp-block-heading\" id=\"h-the-lynx-is-looking\"><strong>The Lynx is Looking\u2026<\/strong><\/h2>\n\n\n\n<p>A meeting with a <strong>lynx<\/strong> in the wild is still unlikely but is meanwhile more probable, because almost unnoticed, the shy lynx has returned to Germany. This still rare wildcat has made itself comfortable in the <strong><a href=\"https:\/\/funkygermany.com\/en\/harz-national-park-hearts-hotel\/\" target=\"_blank\" rel=\"noreferrer noopener\">Harz Mountains<\/a><\/strong> as well as in the Bavarian Forest. How many are now hiding there can only be estimated, because the range of movement of this creature is very large. We\u2019re pleased that the lynx is back in Germany, but it\u2019s taken quite a while. The last resident one was killed in 1819 in the Thuringian Forest.<\/p>\n\n\n\n<figure class=\"wp-block-image size-large\"><img decoding=\"async\" width=\"683\" height=\"1024\" loading=\"lazy\" src=\"https:\/\/funkygermany.com\/wp-content\/uploads\/2021\/03\/lynx_shutterstock_VasekM-683x1024.jpg\" alt=\"Profile of Eurasian lynx (Lynx lynx). Close-up of the head of a lynx. Bavarian Forest, Germany.\" class=\"wp-image-7221\" srcset=\"https:\/\/funkygermany.com\/wp-content\/uploads\/2021\/03\/lynx_shutterstock_VasekM-683x1024.jpg 683w, https:\/\/funkygermany.com\/wp-content\/uploads\/2021\/03\/lynx_shutterstock_VasekM-200x300.jpg 200w, https:\/\/funkygermany.com\/wp-content\/uploads\/2021\/03\/lynx_shutterstock_VasekM-883x1325.jpg 883w, https:\/\/funkygermany.com\/wp-content\/uploads\/2021\/03\/lynx_shutterstock_VasekM-1024x1536.jpg 1024w, https:\/\/funkygermany.com\/wp-content\/uploads\/2021\/03\/lynx_shutterstock_VasekM-1365x2048.jpg 1365w, https:\/\/funkygermany.com\/wp-content\/uploads\/2021\/03\/lynx_shutterstock_VasekM-500x750.jpg 500w, https:\/\/funkygermany.com\/wp-content\/uploads\/2021\/03\/lynx_shutterstock_VasekM-293x440.jpg 293w, https:\/\/funkygermany.com\/wp-content\/uploads\/2021\/03\/lynx_shutterstock_VasekM-770x1155.jpg 770w, https:\/\/funkygermany.com\/wp-content\/uploads\/2021\/03\/lynx_shutterstock_VasekM-1400x2100.jpg 1400w, https:\/\/funkygermany.com\/wp-content\/uploads\/2021\/03\/lynx_shutterstock_VasekM-scaled.jpg 1707w\" sizes=\"auto, (max-width: 683px) 100vw, 683px\" \/><noscript><img decoding=\"async\" width=\"683\" height=\"1024\" src=\"https:\/\/funkygermany.com\/wp-content\/uploads\/2021\/03\/lynx_shutterstock_VasekM-683x1024.jpg\" alt=\"Profile of Eurasian lynx (Lynx lynx). Close-up of the head of a lynx. Bavarian Forest, Germany.\" class=\"wp-image-7221\" srcset=\"https:\/\/funkygermany.com\/wp-content\/uploads\/2021\/03\/lynx_shutterstock_VasekM-683x1024.jpg 683w, https:\/\/funkygermany.com\/wp-content\/uploads\/2021\/03\/lynx_shutterstock_VasekM-200x300.jpg 200w, https:\/\/funkygermany.com\/wp-content\/uploads\/2021\/03\/lynx_shutterstock_VasekM-883x1325.jpg 883w, https:\/\/funkygermany.com\/wp-content\/uploads\/2021\/03\/lynx_shutterstock_VasekM-1024x1536.jpg 1024w, https:\/\/funkygermany.com\/wp-content\/uploads\/2021\/03\/lynx_shutterstock_VasekM-1365x2048.jpg 1365w, https:\/\/funkygermany.com\/wp-content\/uploads\/2021\/03\/lynx_shutterstock_VasekM-500x750.jpg 500w, https:\/\/funkygermany.com\/wp-content\/uploads\/2021\/03\/lynx_shutterstock_VasekM-293x440.jpg 293w, https:\/\/funkygermany.com\/wp-content\/uploads\/2021\/03\/lynx_shutterstock_VasekM-770x1155.jpg 770w, https:\/\/funkygermany.com\/wp-content\/uploads\/2021\/03\/lynx_shutterstock_VasekM-1400x2100.jpg 1400w, https:\/\/funkygermany.com\/wp-content\/uploads\/2021\/03\/lynx_shutterstock_VasekM-scaled.jpg 1707w\" sizes=\"(max-width: 683px) 100vw, 683px\" \/><\/noscript><figcaption>VasekM\/ Shutterstock.com<\/figcaption><\/figure>\n\n\n\n<h2 class=\"wp-block-heading\" id=\"h-are-you-squawking-to-me\"><strong>Are You Squawking to Me?<\/strong><\/h2>\n\n\n\n<p>In <a href=\"https:\/\/funkygermany.com\/en\/cities\/cologne\/\" target=\"_blank\" rel=\"noreferrer noopener\">Cologne<\/a>, the green-feathered, <strong>rose-ringed parakeet <\/strong>\u2013 also known as the ring-necked parakeet \u2013 is part of the cityscape in the old town. Especially in the evening, when the birds gather in the trees behind the Maritim Hotel \u2013 or in front of the guesthouse &#8220;Zum Roten Ochsen&#8221;. This is one of the most widespread parrot species, which can be found from sub-Saharan Africa and throughout Asia, including Pakistan and India. But what is it doing in the middle of Cologne?<\/p>\n\n\n\n<figure class=\"wp-block-image size-large\"><img decoding=\"async\" width=\"1024\" height=\"683\" loading=\"lazy\" src=\"https:\/\/funkygermany.com\/wp-content\/uploads\/2021\/03\/parrot-cologne_shutterstock_Andre-Trabandt-1024x683.jpg\" alt=\"Wild animals in Germany can be seen in Cologne. Here you can see a collared parakeet\" class=\"wp-image-7223\" srcset=\"https:\/\/funkygermany.com\/wp-content\/uploads\/2021\/03\/parrot-cologne_shutterstock_Andre-Trabandt-1024x683.jpg 1024w, https:\/\/funkygermany.com\/wp-content\/uploads\/2021\/03\/parrot-cologne_shutterstock_Andre-Trabandt-300x200.jpg 300w, https:\/\/funkygermany.com\/wp-content\/uploads\/2021\/03\/parrot-cologne_shutterstock_Andre-Trabandt-883x589.jpg 883w, https:\/\/funkygermany.com\/wp-content\/uploads\/2021\/03\/parrot-cologne_shutterstock_Andre-Trabandt-1536x1024.jpg 1536w, https:\/\/funkygermany.com\/wp-content\/uploads\/2021\/03\/parrot-cologne_shutterstock_Andre-Trabandt-500x333.jpg 500w, https:\/\/funkygermany.com\/wp-content\/uploads\/2021\/03\/parrot-cologne_shutterstock_Andre-Trabandt-370x247.jpg 370w, https:\/\/funkygermany.com\/wp-content\/uploads\/2021\/03\/parrot-cologne_shutterstock_Andre-Trabandt-770x513.jpg 770w, https:\/\/funkygermany.com\/wp-content\/uploads\/2021\/03\/parrot-cologne_shutterstock_Andre-Trabandt-1155x770.jpg 1155w, https:\/\/funkygermany.com\/wp-content\/uploads\/2021\/03\/parrot-cologne_shutterstock_Andre-Trabandt-293x195.jpg 293w, https:\/\/funkygermany.com\/wp-content\/uploads\/2021\/03\/parrot-cologne_shutterstock_Andre-Trabandt-1400x934.jpg 1400w, https:\/\/funkygermany.com\/wp-content\/uploads\/2021\/03\/parrot-cologne_shutterstock_Andre-Trabandt.jpg 1750w\" sizes=\"auto, (max-width: 1024px) 100vw, 1024px\" \/><noscript><img decoding=\"async\" width=\"1024\" height=\"683\" src=\"https:\/\/funkygermany.com\/wp-content\/uploads\/2021\/03\/parrot-cologne_shutterstock_Andre-Trabandt-1024x683.jpg\" alt=\"Wild animals in Germany can be seen in Cologne. Here you can see a collared parakeet\" class=\"wp-image-7223\" srcset=\"https:\/\/funkygermany.com\/wp-content\/uploads\/2021\/03\/parrot-cologne_shutterstock_Andre-Trabandt-1024x683.jpg 1024w, https:\/\/funkygermany.com\/wp-content\/uploads\/2021\/03\/parrot-cologne_shutterstock_Andre-Trabandt-300x200.jpg 300w, https:\/\/funkygermany.com\/wp-content\/uploads\/2021\/03\/parrot-cologne_shutterstock_Andre-Trabandt-883x589.jpg 883w, https:\/\/funkygermany.com\/wp-content\/uploads\/2021\/03\/parrot-cologne_shutterstock_Andre-Trabandt-1536x1024.jpg 1536w, https:\/\/funkygermany.com\/wp-content\/uploads\/2021\/03\/parrot-cologne_shutterstock_Andre-Trabandt-500x333.jpg 500w, https:\/\/funkygermany.com\/wp-content\/uploads\/2021\/03\/parrot-cologne_shutterstock_Andre-Trabandt-370x247.jpg 370w, https:\/\/funkygermany.com\/wp-content\/uploads\/2021\/03\/parrot-cologne_shutterstock_Andre-Trabandt-770x513.jpg 770w, https:\/\/funkygermany.com\/wp-content\/uploads\/2021\/03\/parrot-cologne_shutterstock_Andre-Trabandt-1155x770.jpg 1155w, https:\/\/funkygermany.com\/wp-content\/uploads\/2021\/03\/parrot-cologne_shutterstock_Andre-Trabandt-293x195.jpg 293w, https:\/\/funkygermany.com\/wp-content\/uploads\/2021\/03\/parrot-cologne_shutterstock_Andre-Trabandt-1400x934.jpg 1400w, https:\/\/funkygermany.com\/wp-content\/uploads\/2021\/03\/parrot-cologne_shutterstock_Andre-Trabandt.jpg 1750w\" sizes=\"(max-width: 1024px) 100vw, 1024px\" \/><\/noscript><figcaption>Andre Trabandt\/ Shutterstock.com<\/figcaption><\/figure>\n\n\n\n<p>The story goes that in the 1960s, a few rose-ringed parakeets escaped from a pet shop in Cologne. They were joined by a other birds that had also escaped from captivity; according to ornithologists, this type of parakeet is not particularly suitable for caging. So rather than cooped up behind bars, they can now be seen roosting together in the trees along the Rhine promenade in the evening.<\/p>\n\n\n\n<h2 class=\"wp-block-heading\" id=\"h-the-really-wild-wild-cat\"><strong>The Really Wild Wild Cat<\/strong><\/h2>\n\n\n\n<p>One thing that\u2019s important to know: the <strong>wild cat<\/strong> is not a cuddly animal \u2013 even if it looks confusingly similar to our house cat.&nbsp;Wild cats cannot be tamed! These small predators with their bushy tails were once widespread in Germany and Europe. Today, however, their habitat has shrunk to a minimum. Around 40 cats (counted in 2017) roam the <strong>Hainich National Park<\/strong>. And they do so predominantly at night. Here, the wild cats find everything they lack in other regions \u2013 extensive forests, with small clearings and meadows hidden in the woods, as well as large hunting grounds, with hollow trees to hide in and undisturbed places in the bushes. So if you go in search of tracks in the Hainich National Park, in <a href=\"https:\/\/funkygermany.com\/en\/regions\/thuringia\/\" target=\"_blank\" rel=\"noreferrer noopener\">Thuringia<\/a>, keep your eyes open, but don\u2019t expect to pet any kittens.<\/p>\n\n\n\n<figure class=\"wp-block-image size-large\"><img decoding=\"async\" width=\"1024\" height=\"683\" loading=\"lazy\" src=\"https:\/\/funkygermany.com\/wp-content\/uploads\/2021\/03\/wild-cat-hainich_shutterstock_Alan-Tunnicliffe-1024x683.jpg\" alt=\"Wild cat shows its teeth\" class=\"wp-image-7225\" srcset=\"https:\/\/funkygermany.com\/wp-content\/uploads\/2021\/03\/wild-cat-hainich_shutterstock_Alan-Tunnicliffe-1024x683.jpg 1024w, https:\/\/funkygermany.com\/wp-content\/uploads\/2021\/03\/wild-cat-hainich_shutterstock_Alan-Tunnicliffe-300x200.jpg 300w, https:\/\/funkygermany.com\/wp-content\/uploads\/2021\/03\/wild-cat-hainich_shutterstock_Alan-Tunnicliffe-883x589.jpg 883w, https:\/\/funkygermany.com\/wp-content\/uploads\/2021\/03\/wild-cat-hainich_shutterstock_Alan-Tunnicliffe-1536x1024.jpg 1536w, https:\/\/funkygermany.com\/wp-content\/uploads\/2021\/03\/wild-cat-hainich_shutterstock_Alan-Tunnicliffe-500x333.jpg 500w, https:\/\/funkygermany.com\/wp-content\/uploads\/2021\/03\/wild-cat-hainich_shutterstock_Alan-Tunnicliffe-370x247.jpg 370w, https:\/\/funkygermany.com\/wp-content\/uploads\/2021\/03\/wild-cat-hainich_shutterstock_Alan-Tunnicliffe-770x513.jpg 770w, https:\/\/funkygermany.com\/wp-content\/uploads\/2021\/03\/wild-cat-hainich_shutterstock_Alan-Tunnicliffe-1155x770.jpg 1155w, https:\/\/funkygermany.com\/wp-content\/uploads\/2021\/03\/wild-cat-hainich_shutterstock_Alan-Tunnicliffe-293x195.jpg 293w, https:\/\/funkygermany.com\/wp-content\/uploads\/2021\/03\/wild-cat-hainich_shutterstock_Alan-Tunnicliffe-1400x934.jpg 1400w, https:\/\/funkygermany.com\/wp-content\/uploads\/2021\/03\/wild-cat-hainich_shutterstock_Alan-Tunnicliffe.jpg 1750w\" sizes=\"auto, (max-width: 1024px) 100vw, 1024px\" \/><noscript><img decoding=\"async\" width=\"1024\" height=\"683\" src=\"https:\/\/funkygermany.com\/wp-content\/uploads\/2021\/03\/wild-cat-hainich_shutterstock_Alan-Tunnicliffe-1024x683.jpg\" alt=\"Wild cat shows its teeth\" class=\"wp-image-7225\" srcset=\"https:\/\/funkygermany.com\/wp-content\/uploads\/2021\/03\/wild-cat-hainich_shutterstock_Alan-Tunnicliffe-1024x683.jpg 1024w, https:\/\/funkygermany.com\/wp-content\/uploads\/2021\/03\/wild-cat-hainich_shutterstock_Alan-Tunnicliffe-300x200.jpg 300w, https:\/\/funkygermany.com\/wp-content\/uploads\/2021\/03\/wild-cat-hainich_shutterstock_Alan-Tunnicliffe-883x589.jpg 883w, https:\/\/funkygermany.com\/wp-content\/uploads\/2021\/03\/wild-cat-hainich_shutterstock_Alan-Tunnicliffe-1536x1024.jpg 1536w, https:\/\/funkygermany.com\/wp-content\/uploads\/2021\/03\/wild-cat-hainich_shutterstock_Alan-Tunnicliffe-500x333.jpg 500w, https:\/\/funkygermany.com\/wp-content\/uploads\/2021\/03\/wild-cat-hainich_shutterstock_Alan-Tunnicliffe-370x247.jpg 370w, https:\/\/funkygermany.com\/wp-content\/uploads\/2021\/03\/wild-cat-hainich_shutterstock_Alan-Tunnicliffe-770x513.jpg 770w, https:\/\/funkygermany.com\/wp-content\/uploads\/2021\/03\/wild-cat-hainich_shutterstock_Alan-Tunnicliffe-1155x770.jpg 1155w, https:\/\/funkygermany.com\/wp-content\/uploads\/2021\/03\/wild-cat-hainich_shutterstock_Alan-Tunnicliffe-293x195.jpg 293w, https:\/\/funkygermany.com\/wp-content\/uploads\/2021\/03\/wild-cat-hainich_shutterstock_Alan-Tunnicliffe-1400x934.jpg 1400w, https:\/\/funkygermany.com\/wp-content\/uploads\/2021\/03\/wild-cat-hainich_shutterstock_Alan-Tunnicliffe.jpg 1750w\" sizes=\"(max-width: 1024px) 100vw, 1024px\" \/><\/noscript><figcaption>Alan Tunnicliffe\/ Shutterstock.com<\/figcaption><\/figure>\n\n\n\n<h2 class=\"wp-block-heading\" id=\"h-moose-on-the-loose\"><strong>Moose on the Loose<\/strong><\/h2>\n\n\n\n<p>The <strong>moose<\/strong> is also back in Germany. And that\u2019s offical. In the summer of 2020, a road warning sign was actually erected in <strong><a href=\"https:\/\/funkygermany.com\/en\/regions\/brandenburg\/\" target=\"_blank\" rel=\"noreferrer noopener\">Brandenburg<\/a><\/strong> showing an elk. That&#8217;s because several of these animals have now taken up residence in Brandenburg. But where exactly these Nordic giants can be admired is something we can not reveal. Mainly, because no-one\u2019s really sure&#8230; The warning sign, however, is for a elk named Bert. He\u2019s a bull moose that came to Germany from Poland and has a very special preference for the company he keeps. He likes to hang out with cows. This is particularly unusual, as moose normally prefer to keep to themselves. And Bert can\u2019t moo. <\/p>\n\n\n\n<figure class=\"wp-block-gallery columns-2 is-cropped wp-block-gallery-3 is-layout-flex wp-block-gallery-is-layout-flex\"><ul class=\"blocks-gallery-grid\"><li class=\"blocks-gallery-item\"><figure><a href=\"https:\/\/funkygermany.com\/wp-content\/uploads\/2021\/03\/moose-in-german-forest.jpg\"><img decoding=\"async\" width=\"1024\" height=\"683\" loading=\"lazy\" src=\"https:\/\/funkygermany.com\/wp-content\/uploads\/2021\/03\/moose-in-german-forest-1024x683.jpg\" alt=\"Moose lying on meadow. One of the wild animals that you can observe in Germany\" data-id=\"7229\" data-full-url=\"https:\/\/funkygermany.com\/wp-content\/uploads\/2021\/03\/moose-in-german-forest.jpg\" data-link=\"https:\/\/funkygermany.com\/wildtiere-deutschland\/wildlifescenefromsweden-mooseoreurasianelkalcesalces-2\/\" class=\"wp-image-7229\" srcset=\"https:\/\/funkygermany.com\/wp-content\/uploads\/2021\/03\/moose-in-german-forest-1024x683.jpg 1024w, https:\/\/funkygermany.com\/wp-content\/uploads\/2021\/03\/moose-in-german-forest-300x200.jpg 300w, https:\/\/funkygermany.com\/wp-content\/uploads\/2021\/03\/moose-in-german-forest-883x589.jpg 883w, https:\/\/funkygermany.com\/wp-content\/uploads\/2021\/03\/moose-in-german-forest-1536x1024.jpg 1536w, https:\/\/funkygermany.com\/wp-content\/uploads\/2021\/03\/moose-in-german-forest-500x333.jpg 500w, https:\/\/funkygermany.com\/wp-content\/uploads\/2021\/03\/moose-in-german-forest-370x247.jpg 370w, https:\/\/funkygermany.com\/wp-content\/uploads\/2021\/03\/moose-in-german-forest-770x513.jpg 770w, https:\/\/funkygermany.com\/wp-content\/uploads\/2021\/03\/moose-in-german-forest-1155x770.jpg 1155w, https:\/\/funkygermany.com\/wp-content\/uploads\/2021\/03\/moose-in-german-forest-293x195.jpg 293w, https:\/\/funkygermany.com\/wp-content\/uploads\/2021\/03\/moose-in-german-forest-1400x934.jpg 1400w, https:\/\/funkygermany.com\/wp-content\/uploads\/2021\/03\/moose-in-german-forest.jpg 1750w\" sizes=\"auto, (max-width: 1024px) 100vw, 1024px\" \/><noscript><img decoding=\"async\" width=\"1024\" height=\"683\" src=\"https:\/\/funkygermany.com\/wp-content\/uploads\/2021\/03\/moose-in-german-forest-1024x683.jpg\" alt=\"Moose lying on meadow. One of the wild animals that you can observe in Germany\" data-id=\"7229\" data-full-url=\"https:\/\/funkygermany.com\/wp-content\/uploads\/2021\/03\/moose-in-german-forest.jpg\" data-link=\"https:\/\/funkygermany.com\/wildtiere-deutschland\/wildlifescenefromsweden-mooseoreurasianelkalcesalces-2\/\" class=\"wp-image-7229\" srcset=\"https:\/\/funkygermany.com\/wp-content\/uploads\/2021\/03\/moose-in-german-forest-1024x683.jpg 1024w, https:\/\/funkygermany.com\/wp-content\/uploads\/2021\/03\/moose-in-german-forest-300x200.jpg 300w, https:\/\/funkygermany.com\/wp-content\/uploads\/2021\/03\/moose-in-german-forest-883x589.jpg 883w, https:\/\/funkygermany.com\/wp-content\/uploads\/2021\/03\/moose-in-german-forest-1536x1024.jpg 1536w, https:\/\/funkygermany.com\/wp-content\/uploads\/2021\/03\/moose-in-german-forest-500x333.jpg 500w, https:\/\/funkygermany.com\/wp-content\/uploads\/2021\/03\/moose-in-german-forest-370x247.jpg 370w, https:\/\/funkygermany.com\/wp-content\/uploads\/2021\/03\/moose-in-german-forest-770x513.jpg 770w, https:\/\/funkygermany.com\/wp-content\/uploads\/2021\/03\/moose-in-german-forest-1155x770.jpg 1155w, https:\/\/funkygermany.com\/wp-content\/uploads\/2021\/03\/moose-in-german-forest-293x195.jpg 293w, https:\/\/funkygermany.com\/wp-content\/uploads\/2021\/03\/moose-in-german-forest-1400x934.jpg 1400w, https:\/\/funkygermany.com\/wp-content\/uploads\/2021\/03\/moose-in-german-forest.jpg 1750w\" sizes=\"(max-width: 1024px) 100vw, 1024px\" \/><\/noscript><\/a><figcaption class=\"blocks-gallery-item__caption\">Ondrej Prosicky\/ Shutterstock.com<\/figcaption><\/figure><\/li><li class=\"blocks-gallery-item\"><figure><a href=\"https:\/\/funkygermany.com\/wp-content\/uploads\/2021\/03\/moose-brandenburg_shutterstock_Petr-Salinger.jpg\"><img decoding=\"async\" width=\"1024\" height=\"683\" loading=\"lazy\" src=\"https:\/\/funkygermany.com\/wp-content\/uploads\/2021\/03\/moose-brandenburg_shutterstock_Petr-Salinger-1024x683.jpg\" alt=\"Moose standing in dense forest in Germany\" data-id=\"7231\" data-full-url=\"https:\/\/funkygermany.com\/wp-content\/uploads\/2021\/03\/moose-brandenburg_shutterstock_Petr-Salinger.jpg\" data-link=\"https:\/\/funkygermany.com\/wildtiere-deutschland\/bigmalebullmoosealcesalcesindeepforestof-2\/\" class=\"wp-image-7231\" srcset=\"https:\/\/funkygermany.com\/wp-content\/uploads\/2021\/03\/moose-brandenburg_shutterstock_Petr-Salinger-1024x683.jpg 1024w, https:\/\/funkygermany.com\/wp-content\/uploads\/2021\/03\/moose-brandenburg_shutterstock_Petr-Salinger-300x200.jpg 300w, https:\/\/funkygermany.com\/wp-content\/uploads\/2021\/03\/moose-brandenburg_shutterstock_Petr-Salinger-883x589.jpg 883w, https:\/\/funkygermany.com\/wp-content\/uploads\/2021\/03\/moose-brandenburg_shutterstock_Petr-Salinger-1536x1024.jpg 1536w, https:\/\/funkygermany.com\/wp-content\/uploads\/2021\/03\/moose-brandenburg_shutterstock_Petr-Salinger-500x333.jpg 500w, https:\/\/funkygermany.com\/wp-content\/uploads\/2021\/03\/moose-brandenburg_shutterstock_Petr-Salinger-370x247.jpg 370w, https:\/\/funkygermany.com\/wp-content\/uploads\/2021\/03\/moose-brandenburg_shutterstock_Petr-Salinger-770x513.jpg 770w, https:\/\/funkygermany.com\/wp-content\/uploads\/2021\/03\/moose-brandenburg_shutterstock_Petr-Salinger-1155x770.jpg 1155w, https:\/\/funkygermany.com\/wp-content\/uploads\/2021\/03\/moose-brandenburg_shutterstock_Petr-Salinger-293x195.jpg 293w, https:\/\/funkygermany.com\/wp-content\/uploads\/2021\/03\/moose-brandenburg_shutterstock_Petr-Salinger-1400x934.jpg 1400w, https:\/\/funkygermany.com\/wp-content\/uploads\/2021\/03\/moose-brandenburg_shutterstock_Petr-Salinger.jpg 1750w\" sizes=\"auto, (max-width: 1024px) 100vw, 1024px\" \/><noscript><img decoding=\"async\" width=\"1024\" height=\"683\" src=\"https:\/\/funkygermany.com\/wp-content\/uploads\/2021\/03\/moose-brandenburg_shutterstock_Petr-Salinger-1024x683.jpg\" alt=\"Moose standing in dense forest in Germany\" data-id=\"7231\" data-full-url=\"https:\/\/funkygermany.com\/wp-content\/uploads\/2021\/03\/moose-brandenburg_shutterstock_Petr-Salinger.jpg\" data-link=\"https:\/\/funkygermany.com\/wildtiere-deutschland\/bigmalebullmoosealcesalcesindeepforestof-2\/\" class=\"wp-image-7231\" srcset=\"https:\/\/funkygermany.com\/wp-content\/uploads\/2021\/03\/moose-brandenburg_shutterstock_Petr-Salinger-1024x683.jpg 1024w, https:\/\/funkygermany.com\/wp-content\/uploads\/2021\/03\/moose-brandenburg_shutterstock_Petr-Salinger-300x200.jpg 300w, https:\/\/funkygermany.com\/wp-content\/uploads\/2021\/03\/moose-brandenburg_shutterstock_Petr-Salinger-883x589.jpg 883w, https:\/\/funkygermany.com\/wp-content\/uploads\/2021\/03\/moose-brandenburg_shutterstock_Petr-Salinger-1536x1024.jpg 1536w, https:\/\/funkygermany.com\/wp-content\/uploads\/2021\/03\/moose-brandenburg_shutterstock_Petr-Salinger-500x333.jpg 500w, https:\/\/funkygermany.com\/wp-content\/uploads\/2021\/03\/moose-brandenburg_shutterstock_Petr-Salinger-370x247.jpg 370w, https:\/\/funkygermany.com\/wp-content\/uploads\/2021\/03\/moose-brandenburg_shutterstock_Petr-Salinger-770x513.jpg 770w, https:\/\/funkygermany.com\/wp-content\/uploads\/2021\/03\/moose-brandenburg_shutterstock_Petr-Salinger-1155x770.jpg 1155w, https:\/\/funkygermany.com\/wp-content\/uploads\/2021\/03\/moose-brandenburg_shutterstock_Petr-Salinger-293x195.jpg 293w, https:\/\/funkygermany.com\/wp-content\/uploads\/2021\/03\/moose-brandenburg_shutterstock_Petr-Salinger-1400x934.jpg 1400w, https:\/\/funkygermany.com\/wp-content\/uploads\/2021\/03\/moose-brandenburg_shutterstock_Petr-Salinger.jpg 1750w\" sizes=\"(max-width: 1024px) 100vw, 1024px\" \/><\/noscript><\/a><figcaption class=\"blocks-gallery-item__caption\">Petr Salinger\/ Shutterstock.com<\/figcaption><\/figure><\/li><li class=\"blocks-gallery-item\"><figure><a href=\"https:\/\/funkygermany.com\/wp-content\/uploads\/2021\/03\/moose-bert-brandenburg.jpg\"><img decoding=\"async\" width=\"1024\" height=\"576\" loading=\"lazy\" src=\"https:\/\/funkygermany.com\/wp-content\/uploads\/2021\/03\/moose-bert-brandenburg-1024x576.jpg\" alt=\"Elk Bert traffic sign in Brandenburg\" data-id=\"7227\" data-full-url=\"https:\/\/funkygermany.com\/wp-content\/uploads\/2021\/03\/moose-bert-brandenburg.jpg\" data-link=\"https:\/\/funkygermany.com\/wildtiere-deutschland\/1920-blog-elch-bert-schild-p1090604-c-landkreis-teltow-flaeming-2\/\" class=\"wp-image-7227\" srcset=\"https:\/\/funkygermany.com\/wp-content\/uploads\/2021\/03\/moose-bert-brandenburg-1024x576.jpg 1024w, https:\/\/funkygermany.com\/wp-content\/uploads\/2021\/03\/moose-bert-brandenburg-300x169.jpg 300w, https:\/\/funkygermany.com\/wp-content\/uploads\/2021\/03\/moose-bert-brandenburg-883x496.jpg 883w, https:\/\/funkygermany.com\/wp-content\/uploads\/2021\/03\/moose-bert-brandenburg-1536x864.jpg 1536w, https:\/\/funkygermany.com\/wp-content\/uploads\/2021\/03\/moose-bert-brandenburg-500x281.jpg 500w, https:\/\/funkygermany.com\/wp-content\/uploads\/2021\/03\/moose-bert-brandenburg-293x165.jpg 293w, https:\/\/funkygermany.com\/wp-content\/uploads\/2021\/03\/moose-bert-brandenburg-770x433.jpg 770w, https:\/\/funkygermany.com\/wp-content\/uploads\/2021\/03\/moose-bert-brandenburg-1400x787.jpg 1400w, https:\/\/funkygermany.com\/wp-content\/uploads\/2021\/03\/moose-bert-brandenburg.jpg 1750w\" sizes=\"auto, (max-width: 1024px) 100vw, 1024px\" \/><noscript><img decoding=\"async\" width=\"1024\" height=\"576\" src=\"https:\/\/funkygermany.com\/wp-content\/uploads\/2021\/03\/moose-bert-brandenburg-1024x576.jpg\" alt=\"Elk Bert traffic sign in Brandenburg\" data-id=\"7227\" data-full-url=\"https:\/\/funkygermany.com\/wp-content\/uploads\/2021\/03\/moose-bert-brandenburg.jpg\" data-link=\"https:\/\/funkygermany.com\/wildtiere-deutschland\/1920-blog-elch-bert-schild-p1090604-c-landkreis-teltow-flaeming-2\/\" class=\"wp-image-7227\" srcset=\"https:\/\/funkygermany.com\/wp-content\/uploads\/2021\/03\/moose-bert-brandenburg-1024x576.jpg 1024w, https:\/\/funkygermany.com\/wp-content\/uploads\/2021\/03\/moose-bert-brandenburg-300x169.jpg 300w, https:\/\/funkygermany.com\/wp-content\/uploads\/2021\/03\/moose-bert-brandenburg-883x496.jpg 883w, https:\/\/funkygermany.com\/wp-content\/uploads\/2021\/03\/moose-bert-brandenburg-1536x864.jpg 1536w, https:\/\/funkygermany.com\/wp-content\/uploads\/2021\/03\/moose-bert-brandenburg-500x281.jpg 500w, https:\/\/funkygermany.com\/wp-content\/uploads\/2021\/03\/moose-bert-brandenburg-293x165.jpg 293w, https:\/\/funkygermany.com\/wp-content\/uploads\/2021\/03\/moose-bert-brandenburg-770x433.jpg 770w, https:\/\/funkygermany.com\/wp-content\/uploads\/2021\/03\/moose-bert-brandenburg-1400x787.jpg 1400w, https:\/\/funkygermany.com\/wp-content\/uploads\/2021\/03\/moose-bert-brandenburg.jpg 1750w\" sizes=\"(max-width: 1024px) 100vw, 1024px\" \/><\/noscript><\/a><figcaption class=\"blocks-gallery-item__caption\">Landkreis Teltow Fl\u00e4ming<\/figcaption><\/figure><\/li><\/ul><\/figure>\n\n\n\n<p>Originally, the moose, which is Europe&#8217;s largest land-dwelling mammal, was also native to Germany, but became extinct. At least Brandenburg now has a permanent moose resident. Even if he does think he\u2019s an ox.<\/p>\n\n\n\n<p class=\"has-background\" style=\"background-color:#f1f1f1\">For more information about wild animals in Germany we can recommend the wonderful website of the <a href=\"https:\/\/www.deutschewildtierstiftung.de\" target=\"_blank\" rel=\"noreferrer noopener\">German Wildlife Foundation<\/a>.&nbsp;<\/p>\n","protected":false},"excerpt":{"rendered":"<p>The beasts are back! Let\u2019s go on a little exotic safari. We show you which wild animals in Germany can be observed where and how.<\/p>\n","protected":false},"author":3,"featured_media":7233,"comment_status":"closed","ping_status":"open","sticky":false,"template":"","format":"standard","meta":{"footnotes":""},"categories":[648],"tags":[2357,673,681],"class_list":["post-7470","post","type-post","status-publish","format-standard","has-post-thumbnail","hentry","category-tours","tag-animal","tag-highlight-en","tag-nature"],"yoast_head":"<!-- This site is optimized with the Yoast SEO Premium plugin v27.3 (Yoast SEO v27.3) - https:\/\/yoast.com\/product\/yoast-seo-premium-wordpress\/ -->\n<title>Wild Animals in Germany: The Beasts are Back! - funkyGERMANY<\/title>\n<meta name=\"description\" content=\"The beasts are back! Let\u2019s go on a little exotic safari. We show you which wild animals in Germany can be observed where and how.\" \/>\n<meta name=\"robots\" content=\"index, follow, max-snippet:-1, max-image-preview:large, max-video-preview:-1\" \/>\n<link rel=\"canonical\" href=\"https:\/\/funkygermany.com\/en\/wild-animals-germany\/\" \/>\n<meta property=\"og:locale\" content=\"en_US\" \/>\n<meta property=\"og:type\" content=\"article\" \/>\n<meta property=\"og:title\" content=\"The Beasts are Back!\" \/>\n<meta property=\"og:description\" content=\"The beasts are back! Let\u2019s go on a little exotic safari. We show you which wild animals in Germany can be observed where and how.\" \/>\n<meta property=\"og:url\" content=\"https:\/\/funkygermany.com\/en\/wild-animals-germany\/\" \/>\n<meta property=\"og:site_name\" content=\"funkyGERMANY\" \/>\n<meta property=\"article:publisher\" content=\"https:\/\/www.facebook.com\/funkyGERMANY\/\" \/>\n<meta property=\"article:published_time\" content=\"2021-03-08T12:48:58+00:00\" \/>\n<meta property=\"article:modified_time\" content=\"2021-03-08T12:49:00+00:00\" \/>\n<meta property=\"og:image\" content=\"https:\/\/funkygermany.com\/wp-content\/uploads\/2021\/03\/wild-animals-germany_shutterstock_lukaszemanphoto.jpg\" \/>\n\t<meta property=\"og:image:width\" content=\"1750\" \/>\n\t<meta property=\"og:image:height\" content=\"1167\" \/>\n\t<meta property=\"og:image:type\" content=\"image\/jpeg\" \/>\n<meta name=\"author\" content=\"Jennifer Latuperisa-Andresen\" \/>\n<meta name=\"twitter:card\" content=\"summary_large_image\" \/>\n<meta name=\"twitter:creator\" content=\"@funky_germany\" \/>\n<meta name=\"twitter:site\" content=\"@funky_germany\" \/>\n<meta name=\"twitter:label1\" content=\"Written by\" \/>\n\t<meta name=\"twitter:data1\" content=\"Jennifer Latuperisa-Andresen\" \/>\n\t<meta name=\"twitter:label2\" content=\"Est. reading time\" \/>\n\t<meta name=\"twitter:data2\" content=\"8 minutes\" \/>\n<script type=\"application\/ld+json\" class=\"yoast-schema-graph\">{\"@context\":\"https:\\\/\\\/schema.org\",\"@graph\":[{\"@type\":\"Article\",\"@id\":\"https:\\\/\\\/funkygermany.com\\\/en\\\/wild-animals-germany\\\/#article\",\"isPartOf\":{\"@id\":\"https:\\\/\\\/funkygermany.com\\\/en\\\/wild-animals-germany\\\/\"},\"author\":{\"name\":\"Jennifer Latuperisa-Andresen\",\"@id\":\"https:\\\/\\\/funkygermany.com\\\/en\\\/#\\\/schema\\\/person\\\/926493d4087ea078bbb33cd8ec2f9437\"},\"headline\":\"The Beasts are Back!\",\"datePublished\":\"2021-03-08T12:48:58+00:00\",\"dateModified\":\"2021-03-08T12:49:00+00:00\",\"mainEntityOfPage\":{\"@id\":\"https:\\\/\\\/funkygermany.com\\\/en\\\/wild-animals-germany\\\/\"},\"wordCount\":1105,\"publisher\":{\"@id\":\"https:\\\/\\\/funkygermany.com\\\/en\\\/#organization\"},\"image\":{\"@id\":\"https:\\\/\\\/funkygermany.com\\\/en\\\/wild-animals-germany\\\/#primaryimage\"},\"thumbnailUrl\":\"https:\\\/\\\/funkygermany.com\\\/wp-content\\\/uploads\\\/2021\\\/03\\\/wild-animals-germany_shutterstock_lukaszemanphoto.jpg\",\"keywords\":[\"Animal\",\"Highlight\",\"Nature\"],\"articleSection\":[\"Tours\"],\"inLanguage\":\"en-US\"},{\"@type\":\"WebPage\",\"@id\":\"https:\\\/\\\/funkygermany.com\\\/en\\\/wild-animals-germany\\\/\",\"url\":\"https:\\\/\\\/funkygermany.com\\\/en\\\/wild-animals-germany\\\/\",\"name\":\"Wild Animals in Germany: The Beasts are Back! - funkyGERMANY\",\"isPartOf\":{\"@id\":\"https:\\\/\\\/funkygermany.com\\\/en\\\/#website\"},\"primaryImageOfPage\":{\"@id\":\"https:\\\/\\\/funkygermany.com\\\/en\\\/wild-animals-germany\\\/#primaryimage\"},\"image\":{\"@id\":\"https:\\\/\\\/funkygermany.com\\\/en\\\/wild-animals-germany\\\/#primaryimage\"},\"thumbnailUrl\":\"https:\\\/\\\/funkygermany.com\\\/wp-content\\\/uploads\\\/2021\\\/03\\\/wild-animals-germany_shutterstock_lukaszemanphoto.jpg\",\"datePublished\":\"2021-03-08T12:48:58+00:00\",\"dateModified\":\"2021-03-08T12:49:00+00:00\",\"description\":\"The beasts are back! Let\u2019s go on a little exotic safari. We show you which wild animals in Germany can be observed where and how.\",\"breadcrumb\":{\"@id\":\"https:\\\/\\\/funkygermany.com\\\/en\\\/wild-animals-germany\\\/#breadcrumb\"},\"inLanguage\":\"en-US\",\"potentialAction\":[{\"@type\":\"ReadAction\",\"target\":[\"https:\\\/\\\/funkygermany.com\\\/en\\\/wild-animals-germany\\\/\"]}]},{\"@type\":\"ImageObject\",\"inLanguage\":\"en-US\",\"@id\":\"https:\\\/\\\/funkygermany.com\\\/en\\\/wild-animals-germany\\\/#primaryimage\",\"url\":\"https:\\\/\\\/funkygermany.com\\\/wp-content\\\/uploads\\\/2021\\\/03\\\/wild-animals-germany_shutterstock_lukaszemanphoto.jpg\",\"contentUrl\":\"https:\\\/\\\/funkygermany.com\\\/wp-content\\\/uploads\\\/2021\\\/03\\\/wild-animals-germany_shutterstock_lukaszemanphoto.jpg\",\"width\":1750,\"height\":1167,\"caption\":\"lukaszemanphoto\\\/ Shutterstock.com\"},{\"@type\":\"BreadcrumbList\",\"@id\":\"https:\\\/\\\/funkygermany.com\\\/en\\\/wild-animals-germany\\\/#breadcrumb\",\"itemListElement\":[{\"@type\":\"ListItem\",\"position\":1,\"name\":\"Homepage\",\"item\":\"https:\\\/\\\/funkygermany.com\\\/en\\\/\"},{\"@type\":\"ListItem\",\"position\":2,\"name\":\"The Beasts are Back!\"}]},{\"@type\":\"WebSite\",\"@id\":\"https:\\\/\\\/funkygermany.com\\\/en\\\/#website\",\"url\":\"https:\\\/\\\/funkygermany.com\\\/en\\\/\",\"name\":\"funkyGERMANY\",\"description\":\"The Travel Site\",\"publisher\":{\"@id\":\"https:\\\/\\\/funkygermany.com\\\/en\\\/#organization\"},\"potentialAction\":[{\"@type\":\"SearchAction\",\"target\":{\"@type\":\"EntryPoint\",\"urlTemplate\":\"https:\\\/\\\/funkygermany.com\\\/en\\\/?s={search_term_string}\"},\"query-input\":{\"@type\":\"PropertyValueSpecification\",\"valueRequired\":true,\"valueName\":\"search_term_string\"}}],\"inLanguage\":\"en-US\"},{\"@type\":\"Organization\",\"@id\":\"https:\\\/\\\/funkygermany.com\\\/en\\\/#organization\",\"name\":\"funkyGERMANY\",\"url\":\"https:\\\/\\\/funkygermany.com\\\/en\\\/\",\"logo\":{\"@type\":\"ImageObject\",\"inLanguage\":\"en-US\",\"@id\":\"https:\\\/\\\/funkygermany.com\\\/en\\\/#\\\/schema\\\/logo\\\/image\\\/\",\"url\":\"\",\"contentUrl\":\"\",\"caption\":\"funkyGERMANY\"},\"image\":{\"@id\":\"https:\\\/\\\/funkygermany.com\\\/en\\\/#\\\/schema\\\/logo\\\/image\\\/\"},\"sameAs\":[\"https:\\\/\\\/www.facebook.com\\\/funkyGERMANY\\\/\",\"https:\\\/\\\/x.com\\\/funky_germany\",\"https:\\\/\\\/www.instagram.com\\\/funky.germany\\\/\"]},{\"@type\":\"Person\",\"@id\":\"https:\\\/\\\/funkygermany.com\\\/en\\\/#\\\/schema\\\/person\\\/926493d4087ea078bbb33cd8ec2f9437\",\"name\":\"Jennifer Latuperisa-Andresen\",\"image\":{\"@type\":\"ImageObject\",\"inLanguage\":\"en-US\",\"@id\":\"https:\\\/\\\/secure.gravatar.com\\\/avatar\\\/66db6e671d2a23803dcdbb3316e21c8bd0817077f3b672d0bc96484ecf9613bd?s=96&d=mm&r=g\",\"url\":\"https:\\\/\\\/secure.gravatar.com\\\/avatar\\\/66db6e671d2a23803dcdbb3316e21c8bd0817077f3b672d0bc96484ecf9613bd?s=96&d=mm&r=g\",\"contentUrl\":\"https:\\\/\\\/secure.gravatar.com\\\/avatar\\\/66db6e671d2a23803dcdbb3316e21c8bd0817077f3b672d0bc96484ecf9613bd?s=96&d=mm&r=g\",\"caption\":\"Jennifer Latuperisa-Andresen\"},\"description\":\"Jenny sch\u00e4tzt die majest\u00e4tische Kulisse der Alpen und liebt den rauen Norden. Ihre Wurzeln liegen im Ruhrgebiet, das sie als kulturell reizvoll empfindet. Sie hat als langj\u00e4hrige Chefredakteurin des Reisemagazins reisen EXCLUSIV viel von der Welt gesehen und findet es dennoch in ihrem heutigen Wohnort K\u00f6ln so sch\u00f6n lebensbejahend. Sie streift gerne durch Design-L\u00e4dchen, Flohm\u00e4rkte und Feinkostl\u00e4den. Unwiderstehlich findet sie Windbeutel mit Kirschen, Haselnusseis in der Waffel und einen Gin Tonic zum Sonnenuntergang. Alles instagrammable versteht sich.\",\"sameAs\":[\"https:\\\/\\\/www.instagram.com\\\/fraumuksch\\\/\"],\"url\":\"https:\\\/\\\/funkygermany.com\\\/en\\\/author\\\/jl_admin\\\/\"}]}<\/script>\n<!-- \/ Yoast SEO Premium plugin. -->","yoast_head_json":{"title":"Wild Animals in Germany: The Beasts are Back! - funkyGERMANY","description":"The beasts are back! Let\u2019s go on a little exotic safari. We show you which wild animals in Germany can be observed where and how.","robots":{"index":"index","follow":"follow","max-snippet":"max-snippet:-1","max-image-preview":"max-image-preview:large","max-video-preview":"max-video-preview:-1"},"canonical":"https:\/\/funkygermany.com\/en\/wild-animals-germany\/","og_locale":"en_US","og_type":"article","og_title":"The Beasts are Back!","og_description":"The beasts are back! Let\u2019s go on a little exotic safari. We show you which wild animals in Germany can be observed where and how.","og_url":"https:\/\/funkygermany.com\/en\/wild-animals-germany\/","og_site_name":"funkyGERMANY","article_publisher":"https:\/\/www.facebook.com\/funkyGERMANY\/","article_published_time":"2021-03-08T12:48:58+00:00","article_modified_time":"2021-03-08T12:49:00+00:00","og_image":[{"width":1750,"height":1167,"url":"https:\/\/funkygermany.com\/wp-content\/uploads\/2021\/03\/wild-animals-germany_shutterstock_lukaszemanphoto.jpg","type":"image\/jpeg"}],"author":"Jennifer Latuperisa-Andresen","twitter_card":"summary_large_image","twitter_creator":"@funky_germany","twitter_site":"@funky_germany","twitter_misc":{"Written by":"Jennifer Latuperisa-Andresen","Est. reading time":"8 minutes"},"schema":{"@context":"https:\/\/schema.org","@graph":[{"@type":"Article","@id":"https:\/\/funkygermany.com\/en\/wild-animals-germany\/#article","isPartOf":{"@id":"https:\/\/funkygermany.com\/en\/wild-animals-germany\/"},"author":{"name":"Jennifer Latuperisa-Andresen","@id":"https:\/\/funkygermany.com\/en\/#\/schema\/person\/926493d4087ea078bbb33cd8ec2f9437"},"headline":"The Beasts are Back!","datePublished":"2021-03-08T12:48:58+00:00","dateModified":"2021-03-08T12:49:00+00:00","mainEntityOfPage":{"@id":"https:\/\/funkygermany.com\/en\/wild-animals-germany\/"},"wordCount":1105,"publisher":{"@id":"https:\/\/funkygermany.com\/en\/#organization"},"image":{"@id":"https:\/\/funkygermany.com\/en\/wild-animals-germany\/#primaryimage"},"thumbnailUrl":"https:\/\/funkygermany.com\/wp-content\/uploads\/2021\/03\/wild-animals-germany_shutterstock_lukaszemanphoto.jpg","keywords":["Animal","Highlight","Nature"],"articleSection":["Tours"],"inLanguage":"en-US"},{"@type":"WebPage","@id":"https:\/\/funkygermany.com\/en\/wild-animals-germany\/","url":"https:\/\/funkygermany.com\/en\/wild-animals-germany\/","name":"Wild Animals in Germany: The Beasts are Back! - funkyGERMANY","isPartOf":{"@id":"https:\/\/funkygermany.com\/en\/#website"},"primaryImageOfPage":{"@id":"https:\/\/funkygermany.com\/en\/wild-animals-germany\/#primaryimage"},"image":{"@id":"https:\/\/funkygermany.com\/en\/wild-animals-germany\/#primaryimage"},"thumbnailUrl":"https:\/\/funkygermany.com\/wp-content\/uploads\/2021\/03\/wild-animals-germany_shutterstock_lukaszemanphoto.jpg","datePublished":"2021-03-08T12:48:58+00:00","dateModified":"2021-03-08T12:49:00+00:00","description":"The beasts are back! Let\u2019s go on a little exotic safari. We show you which wild animals in Germany can be observed where and how.","breadcrumb":{"@id":"https:\/\/funkygermany.com\/en\/wild-animals-germany\/#breadcrumb"},"inLanguage":"en-US","potentialAction":[{"@type":"ReadAction","target":["https:\/\/funkygermany.com\/en\/wild-animals-germany\/"]}]},{"@type":"ImageObject","inLanguage":"en-US","@id":"https:\/\/funkygermany.com\/en\/wild-animals-germany\/#primaryimage","url":"https:\/\/funkygermany.com\/wp-content\/uploads\/2021\/03\/wild-animals-germany_shutterstock_lukaszemanphoto.jpg","contentUrl":"https:\/\/funkygermany.com\/wp-content\/uploads\/2021\/03\/wild-animals-germany_shutterstock_lukaszemanphoto.jpg","width":1750,"height":1167,"caption":"lukaszemanphoto\/ Shutterstock.com"},{"@type":"BreadcrumbList","@id":"https:\/\/funkygermany.com\/en\/wild-animals-germany\/#breadcrumb","itemListElement":[{"@type":"ListItem","position":1,"name":"Homepage","item":"https:\/\/funkygermany.com\/en\/"},{"@type":"ListItem","position":2,"name":"The Beasts are Back!"}]},{"@type":"WebSite","@id":"https:\/\/funkygermany.com\/en\/#website","url":"https:\/\/funkygermany.com\/en\/","name":"funkyGERMANY","description":"The Travel Site","publisher":{"@id":"https:\/\/funkygermany.com\/en\/#organization"},"potentialAction":[{"@type":"SearchAction","target":{"@type":"EntryPoint","urlTemplate":"https:\/\/funkygermany.com\/en\/?s={search_term_string}"},"query-input":{"@type":"PropertyValueSpecification","valueRequired":true,"valueName":"search_term_string"}}],"inLanguage":"en-US"},{"@type":"Organization","@id":"https:\/\/funkygermany.com\/en\/#organization","name":"funkyGERMANY","url":"https:\/\/funkygermany.com\/en\/","logo":{"@type":"ImageObject","inLanguage":"en-US","@id":"https:\/\/funkygermany.com\/en\/#\/schema\/logo\/image\/","url":"","contentUrl":"","caption":"funkyGERMANY"},"image":{"@id":"https:\/\/funkygermany.com\/en\/#\/schema\/logo\/image\/"},"sameAs":["https:\/\/www.facebook.com\/funkyGERMANY\/","https:\/\/x.com\/funky_germany","https:\/\/www.instagram.com\/funky.germany\/"]},{"@type":"Person","@id":"https:\/\/funkygermany.com\/en\/#\/schema\/person\/926493d4087ea078bbb33cd8ec2f9437","name":"Jennifer Latuperisa-Andresen","image":{"@type":"ImageObject","inLanguage":"en-US","@id":"https:\/\/secure.gravatar.com\/avatar\/66db6e671d2a23803dcdbb3316e21c8bd0817077f3b672d0bc96484ecf9613bd?s=96&d=mm&r=g","url":"https:\/\/secure.gravatar.com\/avatar\/66db6e671d2a23803dcdbb3316e21c8bd0817077f3b672d0bc96484ecf9613bd?s=96&d=mm&r=g","contentUrl":"https:\/\/secure.gravatar.com\/avatar\/66db6e671d2a23803dcdbb3316e21c8bd0817077f3b672d0bc96484ecf9613bd?s=96&d=mm&r=g","caption":"Jennifer Latuperisa-Andresen"},"description":"Jenny sch\u00e4tzt die majest\u00e4tische Kulisse der Alpen und liebt den rauen Norden. Ihre Wurzeln liegen im Ruhrgebiet, das sie als kulturell reizvoll empfindet. Sie hat als langj\u00e4hrige Chefredakteurin des Reisemagazins reisen EXCLUSIV viel von der Welt gesehen und findet es dennoch in ihrem heutigen Wohnort K\u00f6ln so sch\u00f6n lebensbejahend. Sie streift gerne durch Design-L\u00e4dchen, Flohm\u00e4rkte und Feinkostl\u00e4den. Unwiderstehlich findet sie Windbeutel mit Kirschen, Haselnusseis in der Waffel und einen Gin Tonic zum Sonnenuntergang. Alles instagrammable versteht sich.","sameAs":["https:\/\/www.instagram.com\/fraumuksch\/"],"url":"https:\/\/funkygermany.com\/en\/author\/jl_admin\/"}]}},"_links":{"self":[{"href":"https:\/\/funkygermany.com\/en\/wp-json\/wp\/v2\/posts\/7470","targetHints":{"allow":["GET"]}}],"collection":[{"href":"https:\/\/funkygermany.com\/en\/wp-json\/wp\/v2\/posts"}],"about":[{"href":"https:\/\/funkygermany.com\/en\/wp-json\/wp\/v2\/types\/post"}],"author":[{"embeddable":true,"href":"https:\/\/funkygermany.com\/en\/wp-json\/wp\/v2\/users\/3"}],"replies":[{"embeddable":true,"href":"https:\/\/funkygermany.com\/en\/wp-json\/wp\/v2\/comments?post=7470"}],"version-history":[{"count":6,"href":"https:\/\/funkygermany.com\/en\/wp-json\/wp\/v2\/posts\/7470\/revisions"}],"predecessor-version":[{"id":7503,"href":"https:\/\/funkygermany.com\/en\/wp-json\/wp\/v2\/posts\/7470\/revisions\/7503"}],"wp:featuredmedia":[{"embeddable":true,"href":"https:\/\/funkygermany.com\/en\/wp-json\/wp\/v2\/media\/7233"}],"wp:attachment":[{"href":"https:\/\/funkygermany.com\/en\/wp-json\/wp\/v2\/media?parent=7470"}],"wp:term":[{"taxonomy":"category","embeddable":true,"href":"https:\/\/funkygermany.com\/en\/wp-json\/wp\/v2\/categories?post=7470"},{"taxonomy":"post_tag","embeddable":true,"href":"https:\/\/funkygermany.com\/en\/wp-json\/wp\/v2\/tags?post=7470"}],"curies":[{"name":"wp","href":"https:\/\/api.w.org\/{rel}","templated":true}]}}