{"id":5483,"date":"2020-10-23T09:25:00","date_gmt":"2020-10-23T07:25:00","guid":{"rendered":"https:\/\/funkygermany.com\/?p=5483"},"modified":"2020-10-20T12:47:46","modified_gmt":"2020-10-20T10:47:46","slug":"most-popular-tourist-attractions-in-germany","status":"publish","type":"post","link":"https:\/\/funkygermany.com\/en\/most-popular-tourist-attractions-in-germany\/","title":{"rendered":"Germany\u2019s Most Popular Sightseeing Spots"},"content":{"rendered":"\n<p><strong>Which attractions are most popular with tourists? The German Tourism Board regularly asks international tourists to rate their personal highlights in Germany. This time, 13,000 people from around the world participated \u2013 and you will be surprised! Neither the Brandenburg Gate nor any other spot in the capital of Berlin was voted among the top 15 tourist attractions in Germany. But see for yourself\u2026<\/strong><\/p>\n\n\n\n<h2 class=\"wp-block-heading\" id=\"h-15-new-palace-at-sanssouci-park-in-potsdam\">#15: New Palace at Sanssouci Park in Potsdam<\/h2>\n\n\n\n<p>If you are heading to <a href=\"https:\/\/www.visitberlin.de\/en\" target=\"_blank\" rel=\"noreferrer noopener\">Berlin<\/a>, make sure to visit nearby <a href=\"https:\/\/funkygermany.com\/en\/sup-yoga-brandenburg-potsdam-lake-griebnitzsee\/\" target=\"_blank\" rel=\"noreferrer noopener\">Potsdam<\/a> as well. It seems to be more popular than ever before. The <strong>New Palace at Sanssouci Park<\/strong> is on this list for the top 15 sightseeing spots in Germany for the first time. The magnificent complex in rococo style is one of the most famous constructions of the House of Hohenzollern, a German royal dynasty. In 1990 the palace and its gardens were declared a UNESCO World Heritage site. The title is well deserved. 250 years of fantastic landscape design and the works of the numerous talented architects and sculptors all come together in Potsdam.&nbsp;<\/p>\n\n\n\n<figure class=\"wp-block-image size-large\"><img decoding=\"async\" width=\"683\" height=\"1024\" loading=\"lazy\" src=\"https:\/\/funkygermany.com\/wp-content\/uploads\/2020\/10\/sanssouci-potsdam-palace_adrien-delforge-683x1024.jpg\" alt=\"Beautiful New Palace at Sanssouci Park\" class=\"wp-image-5485\" srcset=\"https:\/\/funkygermany.com\/wp-content\/uploads\/2020\/10\/sanssouci-potsdam-palace_adrien-delforge-683x1024.jpg 683w, https:\/\/funkygermany.com\/wp-content\/uploads\/2020\/10\/sanssouci-potsdam-palace_adrien-delforge-200x300.jpg 200w, https:\/\/funkygermany.com\/wp-content\/uploads\/2020\/10\/sanssouci-potsdam-palace_adrien-delforge-883x1325.jpg 883w, https:\/\/funkygermany.com\/wp-content\/uploads\/2020\/10\/sanssouci-potsdam-palace_adrien-delforge-1024x1536.jpg 1024w, https:\/\/funkygermany.com\/wp-content\/uploads\/2020\/10\/sanssouci-potsdam-palace_adrien-delforge-1365x2048.jpg 1365w, https:\/\/funkygermany.com\/wp-content\/uploads\/2020\/10\/sanssouci-potsdam-palace_adrien-delforge-293x440.jpg 293w, https:\/\/funkygermany.com\/wp-content\/uploads\/2020\/10\/sanssouci-potsdam-palace_adrien-delforge-770x1155.jpg 770w, https:\/\/funkygermany.com\/wp-content\/uploads\/2020\/10\/sanssouci-potsdam-palace_adrien-delforge-1400x2100.jpg 1400w, https:\/\/funkygermany.com\/wp-content\/uploads\/2020\/10\/sanssouci-potsdam-palace_adrien-delforge-scaled.jpg 1707w\" sizes=\"auto, (max-width: 683px) 100vw, 683px\" \/><noscript><img decoding=\"async\" width=\"683\" height=\"1024\" src=\"https:\/\/funkygermany.com\/wp-content\/uploads\/2020\/10\/sanssouci-potsdam-palace_adrien-delforge-683x1024.jpg\" alt=\"Beautiful New Palace at Sanssouci Park\" class=\"wp-image-5485\" srcset=\"https:\/\/funkygermany.com\/wp-content\/uploads\/2020\/10\/sanssouci-potsdam-palace_adrien-delforge-683x1024.jpg 683w, https:\/\/funkygermany.com\/wp-content\/uploads\/2020\/10\/sanssouci-potsdam-palace_adrien-delforge-200x300.jpg 200w, https:\/\/funkygermany.com\/wp-content\/uploads\/2020\/10\/sanssouci-potsdam-palace_adrien-delforge-883x1325.jpg 883w, https:\/\/funkygermany.com\/wp-content\/uploads\/2020\/10\/sanssouci-potsdam-palace_adrien-delforge-1024x1536.jpg 1024w, https:\/\/funkygermany.com\/wp-content\/uploads\/2020\/10\/sanssouci-potsdam-palace_adrien-delforge-1365x2048.jpg 1365w, https:\/\/funkygermany.com\/wp-content\/uploads\/2020\/10\/sanssouci-potsdam-palace_adrien-delforge-293x440.jpg 293w, https:\/\/funkygermany.com\/wp-content\/uploads\/2020\/10\/sanssouci-potsdam-palace_adrien-delforge-770x1155.jpg 770w, https:\/\/funkygermany.com\/wp-content\/uploads\/2020\/10\/sanssouci-potsdam-palace_adrien-delforge-1400x2100.jpg 1400w, https:\/\/funkygermany.com\/wp-content\/uploads\/2020\/10\/sanssouci-potsdam-palace_adrien-delforge-scaled.jpg 1707w\" sizes=\"(max-width: 683px) 100vw, 683px\" \/><\/noscript><figcaption>Adrien Delforge<\/figcaption><\/figure>\n\n\n\n<h2 class=\"wp-block-heading\" id=\"h-14-saxon-switzerland-national-park\">#14: Saxon Switzerland National Park<\/h2>\n\n\n\n<p>Our guess is that Instagram has helped this mystical park become so famous. The national park\u2019s landscape, known for its bizarre rock formations, lies south-east of Dresden on the banks of the <strong>River Elbe<\/strong>. Centuries ago, world-class artists like <strong>Caspar David Friedrich<\/strong> were already fascinated by the one-of-a-kind sandstone mountains in Saxony. They are now protected as a national park. Hikers and rock climbers in particular, have come to love this vast area, and now it seems that international guests have discovered this unique paradise as well.<\/p>\n\n\n\n<figure class=\"wp-block-gallery columns-2 is-cropped wp-block-gallery-1 is-layout-flex wp-block-gallery-is-layout-flex\"><ul class=\"blocks-gallery-grid\"><li class=\"blocks-gallery-item\"><figure><a href=\"https:\/\/funkygermany.com\/wp-content\/uploads\/2020\/10\/saxon-switzerland-bastei_dario-ciraulo.jpg\"><img decoding=\"async\" width=\"760\" height=\"1024\" loading=\"lazy\" src=\"https:\/\/funkygermany.com\/wp-content\/uploads\/2020\/10\/saxon-switzerland-bastei_dario-ciraulo-760x1024.jpg\" alt=\"Rock Formations in Saxon Switzerland near the River Elbe\" data-id=\"5487\" data-full-url=\"https:\/\/funkygermany.com\/wp-content\/uploads\/2020\/10\/saxon-switzerland-bastei_dario-ciraulo.jpg\" data-link=\"https:\/\/funkygermany.com\/en\/saxon-switzerland-bastei_dario-ciraulo\/\" class=\"wp-image-5487\" srcset=\"https:\/\/funkygermany.com\/wp-content\/uploads\/2020\/10\/saxon-switzerland-bastei_dario-ciraulo-760x1024.jpg 760w, https:\/\/funkygermany.com\/wp-content\/uploads\/2020\/10\/saxon-switzerland-bastei_dario-ciraulo-223x300.jpg 223w, https:\/\/funkygermany.com\/wp-content\/uploads\/2020\/10\/saxon-switzerland-bastei_dario-ciraulo-883x1190.jpg 883w, https:\/\/funkygermany.com\/wp-content\/uploads\/2020\/10\/saxon-switzerland-bastei_dario-ciraulo-1140x1536.jpg 1140w, https:\/\/funkygermany.com\/wp-content\/uploads\/2020\/10\/saxon-switzerland-bastei_dario-ciraulo-1520x2048.jpg 1520w, https:\/\/funkygermany.com\/wp-content\/uploads\/2020\/10\/saxon-switzerland-bastei_dario-ciraulo-293x395.jpg 293w, https:\/\/funkygermany.com\/wp-content\/uploads\/2020\/10\/saxon-switzerland-bastei_dario-ciraulo-770x1038.jpg 770w, https:\/\/funkygermany.com\/wp-content\/uploads\/2020\/10\/saxon-switzerland-bastei_dario-ciraulo-1400x1886.jpg 1400w, https:\/\/funkygermany.com\/wp-content\/uploads\/2020\/10\/saxon-switzerland-bastei_dario-ciraulo.jpg 1750w\" sizes=\"auto, (max-width: 760px) 100vw, 760px\" \/><noscript><img decoding=\"async\" width=\"760\" height=\"1024\" src=\"https:\/\/funkygermany.com\/wp-content\/uploads\/2020\/10\/saxon-switzerland-bastei_dario-ciraulo-760x1024.jpg\" alt=\"Rock Formations in Saxon Switzerland near the River Elbe\" data-id=\"5487\" data-full-url=\"https:\/\/funkygermany.com\/wp-content\/uploads\/2020\/10\/saxon-switzerland-bastei_dario-ciraulo.jpg\" data-link=\"https:\/\/funkygermany.com\/en\/saxon-switzerland-bastei_dario-ciraulo\/\" class=\"wp-image-5487\" srcset=\"https:\/\/funkygermany.com\/wp-content\/uploads\/2020\/10\/saxon-switzerland-bastei_dario-ciraulo-760x1024.jpg 760w, https:\/\/funkygermany.com\/wp-content\/uploads\/2020\/10\/saxon-switzerland-bastei_dario-ciraulo-223x300.jpg 223w, https:\/\/funkygermany.com\/wp-content\/uploads\/2020\/10\/saxon-switzerland-bastei_dario-ciraulo-883x1190.jpg 883w, https:\/\/funkygermany.com\/wp-content\/uploads\/2020\/10\/saxon-switzerland-bastei_dario-ciraulo-1140x1536.jpg 1140w, https:\/\/funkygermany.com\/wp-content\/uploads\/2020\/10\/saxon-switzerland-bastei_dario-ciraulo-1520x2048.jpg 1520w, https:\/\/funkygermany.com\/wp-content\/uploads\/2020\/10\/saxon-switzerland-bastei_dario-ciraulo-293x395.jpg 293w, https:\/\/funkygermany.com\/wp-content\/uploads\/2020\/10\/saxon-switzerland-bastei_dario-ciraulo-770x1038.jpg 770w, https:\/\/funkygermany.com\/wp-content\/uploads\/2020\/10\/saxon-switzerland-bastei_dario-ciraulo-1400x1886.jpg 1400w, https:\/\/funkygermany.com\/wp-content\/uploads\/2020\/10\/saxon-switzerland-bastei_dario-ciraulo.jpg 1750w\" sizes=\"(max-width: 760px) 100vw, 760px\" \/><\/noscript><\/a><figcaption class=\"blocks-gallery-item__caption\">Dario Ciraulo<\/figcaption><\/figure><\/li><li class=\"blocks-gallery-item\"><figure><a href=\"https:\/\/funkygermany.com\/wp-content\/uploads\/2020\/10\/saxon-switzerland-rock-formations_nils-leonhardt.jpg\"><img decoding=\"async\" width=\"768\" height=\"1024\" loading=\"lazy\" src=\"https:\/\/funkygermany.com\/wp-content\/uploads\/2020\/10\/saxon-switzerland-rock-formations_nils-leonhardt-768x1024.jpg\" alt=\"Impressive view over Saxon Switzerland\" data-id=\"5489\" data-full-url=\"https:\/\/funkygermany.com\/wp-content\/uploads\/2020\/10\/saxon-switzerland-rock-formations_nils-leonhardt.jpg\" data-link=\"https:\/\/funkygermany.com\/en\/saxon-switzerland-rock-formations_nils-leonhardt\/\" class=\"wp-image-5489\" srcset=\"https:\/\/funkygermany.com\/wp-content\/uploads\/2020\/10\/saxon-switzerland-rock-formations_nils-leonhardt-768x1024.jpg 768w, https:\/\/funkygermany.com\/wp-content\/uploads\/2020\/10\/saxon-switzerland-rock-formations_nils-leonhardt-225x300.jpg 225w, https:\/\/funkygermany.com\/wp-content\/uploads\/2020\/10\/saxon-switzerland-rock-formations_nils-leonhardt-883x1177.jpg 883w, https:\/\/funkygermany.com\/wp-content\/uploads\/2020\/10\/saxon-switzerland-rock-formations_nils-leonhardt-1152x1536.jpg 1152w, https:\/\/funkygermany.com\/wp-content\/uploads\/2020\/10\/saxon-switzerland-rock-formations_nils-leonhardt-1536x2048.jpg 1536w, https:\/\/funkygermany.com\/wp-content\/uploads\/2020\/10\/saxon-switzerland-rock-formations_nils-leonhardt-293x391.jpg 293w, https:\/\/funkygermany.com\/wp-content\/uploads\/2020\/10\/saxon-switzerland-rock-formations_nils-leonhardt-770x1027.jpg 770w, https:\/\/funkygermany.com\/wp-content\/uploads\/2020\/10\/saxon-switzerland-rock-formations_nils-leonhardt-1400x1866.jpg 1400w, https:\/\/funkygermany.com\/wp-content\/uploads\/2020\/10\/saxon-switzerland-rock-formations_nils-leonhardt.jpg 1750w\" sizes=\"auto, (max-width: 768px) 100vw, 768px\" \/><noscript><img decoding=\"async\" width=\"768\" height=\"1024\" src=\"https:\/\/funkygermany.com\/wp-content\/uploads\/2020\/10\/saxon-switzerland-rock-formations_nils-leonhardt-768x1024.jpg\" alt=\"Impressive view over Saxon Switzerland\" data-id=\"5489\" data-full-url=\"https:\/\/funkygermany.com\/wp-content\/uploads\/2020\/10\/saxon-switzerland-rock-formations_nils-leonhardt.jpg\" data-link=\"https:\/\/funkygermany.com\/en\/saxon-switzerland-rock-formations_nils-leonhardt\/\" class=\"wp-image-5489\" srcset=\"https:\/\/funkygermany.com\/wp-content\/uploads\/2020\/10\/saxon-switzerland-rock-formations_nils-leonhardt-768x1024.jpg 768w, https:\/\/funkygermany.com\/wp-content\/uploads\/2020\/10\/saxon-switzerland-rock-formations_nils-leonhardt-225x300.jpg 225w, https:\/\/funkygermany.com\/wp-content\/uploads\/2020\/10\/saxon-switzerland-rock-formations_nils-leonhardt-883x1177.jpg 883w, https:\/\/funkygermany.com\/wp-content\/uploads\/2020\/10\/saxon-switzerland-rock-formations_nils-leonhardt-1152x1536.jpg 1152w, https:\/\/funkygermany.com\/wp-content\/uploads\/2020\/10\/saxon-switzerland-rock-formations_nils-leonhardt-1536x2048.jpg 1536w, https:\/\/funkygermany.com\/wp-content\/uploads\/2020\/10\/saxon-switzerland-rock-formations_nils-leonhardt-293x391.jpg 293w, https:\/\/funkygermany.com\/wp-content\/uploads\/2020\/10\/saxon-switzerland-rock-formations_nils-leonhardt-770x1027.jpg 770w, https:\/\/funkygermany.com\/wp-content\/uploads\/2020\/10\/saxon-switzerland-rock-formations_nils-leonhardt-1400x1866.jpg 1400w, https:\/\/funkygermany.com\/wp-content\/uploads\/2020\/10\/saxon-switzerland-rock-formations_nils-leonhardt.jpg 1750w\" sizes=\"(max-width: 768px) 100vw, 768px\" \/><\/noscript><\/a><figcaption class=\"blocks-gallery-item__caption\">Nils Leonhardt<\/figcaption><\/figure><\/li><\/ul><\/figure>\n\n\n\n<h2 class=\"wp-block-heading\" id=\"h-13-mosel-valley\">#13: Mosel Valley<\/h2>\n\n\n\n<p>For our Dutch neighbours, <strong>Germany\u2019s oldest wine region<\/strong> is no secret anymore. They \u2013 together with other national and international visitors \u2013 come to the <strong>Mosel valley<\/strong> to try the famous wines. The Riesling, in particular, is excellent. But travellers don\u2019t just come for the grapes;&nbsp; this region is also famous for its attractive landscapes. The rivers <strong>Mosel, Saar and Ruwer<\/strong> wind their way through deep valleys. The valleys were already wine-growing regions for the Celts and Romans 2,000 years ago.&nbsp;<\/p>\n\n\n\n<figure class=\"wp-block-gallery columns-2 is-cropped wp-block-gallery-2 is-layout-flex wp-block-gallery-is-layout-flex\"><ul class=\"blocks-gallery-grid\"><li class=\"blocks-gallery-item\"><figure><a href=\"https:\/\/funkygermany.com\/wp-content\/uploads\/2020\/10\/mosel-valley-view_mika-baumeister-scaled.jpg\"><img decoding=\"async\" width=\"684\" height=\"1024\" loading=\"lazy\" src=\"https:\/\/funkygermany.com\/wp-content\/uploads\/2020\/10\/mosel-valley-view_mika-baumeister-684x1024.jpg\" alt=\"View of the Mosel Valley near the border of Luxembourg and Germany\" data-id=\"5491\" data-full-url=\"https:\/\/funkygermany.com\/wp-content\/uploads\/2020\/10\/mosel-valley-view_mika-baumeister-scaled.jpg\" data-link=\"https:\/\/funkygermany.com\/en\/mosel-valley-view_mika-baumeister\/\" class=\"wp-image-5491\" srcset=\"https:\/\/funkygermany.com\/wp-content\/uploads\/2020\/10\/mosel-valley-view_mika-baumeister-684x1024.jpg 684w, https:\/\/funkygermany.com\/wp-content\/uploads\/2020\/10\/mosel-valley-view_mika-baumeister-200x300.jpg 200w, https:\/\/funkygermany.com\/wp-content\/uploads\/2020\/10\/mosel-valley-view_mika-baumeister-883x1322.jpg 883w, https:\/\/funkygermany.com\/wp-content\/uploads\/2020\/10\/mosel-valley-view_mika-baumeister-1026x1536.jpg 1026w, https:\/\/funkygermany.com\/wp-content\/uploads\/2020\/10\/mosel-valley-view_mika-baumeister-1368x2048.jpg 1368w, https:\/\/funkygermany.com\/wp-content\/uploads\/2020\/10\/mosel-valley-view_mika-baumeister-293x439.jpg 293w, https:\/\/funkygermany.com\/wp-content\/uploads\/2020\/10\/mosel-valley-view_mika-baumeister-770x1153.jpg 770w, https:\/\/funkygermany.com\/wp-content\/uploads\/2020\/10\/mosel-valley-view_mika-baumeister-1400x2096.jpg 1400w, https:\/\/funkygermany.com\/wp-content\/uploads\/2020\/10\/mosel-valley-view_mika-baumeister-scaled.jpg 1710w\" sizes=\"auto, (max-width: 684px) 100vw, 684px\" \/><noscript><img decoding=\"async\" width=\"684\" height=\"1024\" src=\"https:\/\/funkygermany.com\/wp-content\/uploads\/2020\/10\/mosel-valley-view_mika-baumeister-684x1024.jpg\" alt=\"View of the Mosel Valley near the border of Luxembourg and Germany\" data-id=\"5491\" data-full-url=\"https:\/\/funkygermany.com\/wp-content\/uploads\/2020\/10\/mosel-valley-view_mika-baumeister-scaled.jpg\" data-link=\"https:\/\/funkygermany.com\/en\/mosel-valley-view_mika-baumeister\/\" class=\"wp-image-5491\" srcset=\"https:\/\/funkygermany.com\/wp-content\/uploads\/2020\/10\/mosel-valley-view_mika-baumeister-684x1024.jpg 684w, https:\/\/funkygermany.com\/wp-content\/uploads\/2020\/10\/mosel-valley-view_mika-baumeister-200x300.jpg 200w, https:\/\/funkygermany.com\/wp-content\/uploads\/2020\/10\/mosel-valley-view_mika-baumeister-883x1322.jpg 883w, https:\/\/funkygermany.com\/wp-content\/uploads\/2020\/10\/mosel-valley-view_mika-baumeister-1026x1536.jpg 1026w, https:\/\/funkygermany.com\/wp-content\/uploads\/2020\/10\/mosel-valley-view_mika-baumeister-1368x2048.jpg 1368w, https:\/\/funkygermany.com\/wp-content\/uploads\/2020\/10\/mosel-valley-view_mika-baumeister-293x439.jpg 293w, https:\/\/funkygermany.com\/wp-content\/uploads\/2020\/10\/mosel-valley-view_mika-baumeister-770x1153.jpg 770w, https:\/\/funkygermany.com\/wp-content\/uploads\/2020\/10\/mosel-valley-view_mika-baumeister-1400x2096.jpg 1400w, https:\/\/funkygermany.com\/wp-content\/uploads\/2020\/10\/mosel-valley-view_mika-baumeister-scaled.jpg 1710w\" sizes=\"(max-width: 684px) 100vw, 684px\" \/><\/noscript><\/a><figcaption class=\"blocks-gallery-item__caption\">Mika Baumeister<\/figcaption><\/figure><\/li><li class=\"blocks-gallery-item\"><figure><a href=\"https:\/\/funkygermany.com\/wp-content\/uploads\/2020\/10\/vineyards-mosel-valles-germany_mika-baumeister.jpg\"><img decoding=\"async\" width=\"819\" height=\"1024\" loading=\"lazy\" src=\"https:\/\/funkygermany.com\/wp-content\/uploads\/2020\/10\/vineyards-mosel-valles-germany_mika-baumeister-819x1024.jpg\" alt=\"Vineyards in the Mosel Valley\" data-id=\"5495\" data-full-url=\"https:\/\/funkygermany.com\/wp-content\/uploads\/2020\/10\/vineyards-mosel-valles-germany_mika-baumeister.jpg\" data-link=\"https:\/\/funkygermany.com\/en\/vineyards-mosel-valles-germany_mika-baumeister\/\" class=\"wp-image-5495\" srcset=\"https:\/\/funkygermany.com\/wp-content\/uploads\/2020\/10\/vineyards-mosel-valles-germany_mika-baumeister-819x1024.jpg 819w, https:\/\/funkygermany.com\/wp-content\/uploads\/2020\/10\/vineyards-mosel-valles-germany_mika-baumeister-240x300.jpg 240w, https:\/\/funkygermany.com\/wp-content\/uploads\/2020\/10\/vineyards-mosel-valles-germany_mika-baumeister-883x1104.jpg 883w, https:\/\/funkygermany.com\/wp-content\/uploads\/2020\/10\/vineyards-mosel-valles-germany_mika-baumeister-1229x1536.jpg 1229w, https:\/\/funkygermany.com\/wp-content\/uploads\/2020\/10\/vineyards-mosel-valles-germany_mika-baumeister-1638x2048.jpg 1638w, https:\/\/funkygermany.com\/wp-content\/uploads\/2020\/10\/vineyards-mosel-valles-germany_mika-baumeister-293x366.jpg 293w, https:\/\/funkygermany.com\/wp-content\/uploads\/2020\/10\/vineyards-mosel-valles-germany_mika-baumeister-770x963.jpg 770w, https:\/\/funkygermany.com\/wp-content\/uploads\/2020\/10\/vineyards-mosel-valles-germany_mika-baumeister-1400x1750.jpg 1400w, https:\/\/funkygermany.com\/wp-content\/uploads\/2020\/10\/vineyards-mosel-valles-germany_mika-baumeister.jpg 1750w\" sizes=\"auto, (max-width: 819px) 100vw, 819px\" \/><noscript><img decoding=\"async\" width=\"819\" height=\"1024\" src=\"https:\/\/funkygermany.com\/wp-content\/uploads\/2020\/10\/vineyards-mosel-valles-germany_mika-baumeister-819x1024.jpg\" alt=\"Vineyards in the Mosel Valley\" data-id=\"5495\" data-full-url=\"https:\/\/funkygermany.com\/wp-content\/uploads\/2020\/10\/vineyards-mosel-valles-germany_mika-baumeister.jpg\" data-link=\"https:\/\/funkygermany.com\/en\/vineyards-mosel-valles-germany_mika-baumeister\/\" class=\"wp-image-5495\" srcset=\"https:\/\/funkygermany.com\/wp-content\/uploads\/2020\/10\/vineyards-mosel-valles-germany_mika-baumeister-819x1024.jpg 819w, https:\/\/funkygermany.com\/wp-content\/uploads\/2020\/10\/vineyards-mosel-valles-germany_mika-baumeister-240x300.jpg 240w, https:\/\/funkygermany.com\/wp-content\/uploads\/2020\/10\/vineyards-mosel-valles-germany_mika-baumeister-883x1104.jpg 883w, https:\/\/funkygermany.com\/wp-content\/uploads\/2020\/10\/vineyards-mosel-valles-germany_mika-baumeister-1229x1536.jpg 1229w, https:\/\/funkygermany.com\/wp-content\/uploads\/2020\/10\/vineyards-mosel-valles-germany_mika-baumeister-1638x2048.jpg 1638w, https:\/\/funkygermany.com\/wp-content\/uploads\/2020\/10\/vineyards-mosel-valles-germany_mika-baumeister-293x366.jpg 293w, https:\/\/funkygermany.com\/wp-content\/uploads\/2020\/10\/vineyards-mosel-valles-germany_mika-baumeister-770x963.jpg 770w, https:\/\/funkygermany.com\/wp-content\/uploads\/2020\/10\/vineyards-mosel-valles-germany_mika-baumeister-1400x1750.jpg 1400w, https:\/\/funkygermany.com\/wp-content\/uploads\/2020\/10\/vineyards-mosel-valles-germany_mika-baumeister.jpg 1750w\" sizes=\"(max-width: 819px) 100vw, 819px\" \/><\/noscript><\/a><figcaption class=\"blocks-gallery-item__caption\">Mika Baumeister<\/figcaption><\/figure><\/li><li class=\"blocks-gallery-item\"><figure><a href=\"https:\/\/funkygermany.com\/wp-content\/uploads\/2020\/10\/rivers-in-mosel-valley-germany_matthias-marx.jpg\"><img decoding=\"async\" width=\"1024\" height=\"683\" loading=\"lazy\" src=\"https:\/\/funkygermany.com\/wp-content\/uploads\/2020\/10\/rivers-in-mosel-valley-germany_matthias-marx-1024x683.jpg\" alt=\"The Moselschleife is one of the most popular sightseeing spots in Germany\" data-id=\"5493\" data-full-url=\"https:\/\/funkygermany.com\/wp-content\/uploads\/2020\/10\/rivers-in-mosel-valley-germany_matthias-marx.jpg\" data-link=\"https:\/\/funkygermany.com\/en\/rivers-in-mosel-valley-germany_matthias-marx\/\" class=\"wp-image-5493\" srcset=\"https:\/\/funkygermany.com\/wp-content\/uploads\/2020\/10\/rivers-in-mosel-valley-germany_matthias-marx-1024x683.jpg 1024w, https:\/\/funkygermany.com\/wp-content\/uploads\/2020\/10\/rivers-in-mosel-valley-germany_matthias-marx-300x200.jpg 300w, https:\/\/funkygermany.com\/wp-content\/uploads\/2020\/10\/rivers-in-mosel-valley-germany_matthias-marx-883x589.jpg 883w, https:\/\/funkygermany.com\/wp-content\/uploads\/2020\/10\/rivers-in-mosel-valley-germany_matthias-marx-1536x1024.jpg 1536w, https:\/\/funkygermany.com\/wp-content\/uploads\/2020\/10\/rivers-in-mosel-valley-germany_matthias-marx-370x247.jpg 370w, https:\/\/funkygermany.com\/wp-content\/uploads\/2020\/10\/rivers-in-mosel-valley-germany_matthias-marx-770x513.jpg 770w, https:\/\/funkygermany.com\/wp-content\/uploads\/2020\/10\/rivers-in-mosel-valley-germany_matthias-marx-1155x770.jpg 1155w, https:\/\/funkygermany.com\/wp-content\/uploads\/2020\/10\/rivers-in-mosel-valley-germany_matthias-marx-293x195.jpg 293w, https:\/\/funkygermany.com\/wp-content\/uploads\/2020\/10\/rivers-in-mosel-valley-germany_matthias-marx-1400x934.jpg 1400w, https:\/\/funkygermany.com\/wp-content\/uploads\/2020\/10\/rivers-in-mosel-valley-germany_matthias-marx.jpg 1750w\" sizes=\"auto, (max-width: 1024px) 100vw, 1024px\" \/><noscript><img decoding=\"async\" width=\"1024\" height=\"683\" src=\"https:\/\/funkygermany.com\/wp-content\/uploads\/2020\/10\/rivers-in-mosel-valley-germany_matthias-marx-1024x683.jpg\" alt=\"The Moselschleife is one of the most popular sightseeing spots in Germany\" data-id=\"5493\" data-full-url=\"https:\/\/funkygermany.com\/wp-content\/uploads\/2020\/10\/rivers-in-mosel-valley-germany_matthias-marx.jpg\" data-link=\"https:\/\/funkygermany.com\/en\/rivers-in-mosel-valley-germany_matthias-marx\/\" class=\"wp-image-5493\" srcset=\"https:\/\/funkygermany.com\/wp-content\/uploads\/2020\/10\/rivers-in-mosel-valley-germany_matthias-marx-1024x683.jpg 1024w, https:\/\/funkygermany.com\/wp-content\/uploads\/2020\/10\/rivers-in-mosel-valley-germany_matthias-marx-300x200.jpg 300w, https:\/\/funkygermany.com\/wp-content\/uploads\/2020\/10\/rivers-in-mosel-valley-germany_matthias-marx-883x589.jpg 883w, https:\/\/funkygermany.com\/wp-content\/uploads\/2020\/10\/rivers-in-mosel-valley-germany_matthias-marx-1536x1024.jpg 1536w, https:\/\/funkygermany.com\/wp-content\/uploads\/2020\/10\/rivers-in-mosel-valley-germany_matthias-marx-370x247.jpg 370w, https:\/\/funkygermany.com\/wp-content\/uploads\/2020\/10\/rivers-in-mosel-valley-germany_matthias-marx-770x513.jpg 770w, https:\/\/funkygermany.com\/wp-content\/uploads\/2020\/10\/rivers-in-mosel-valley-germany_matthias-marx-1155x770.jpg 1155w, https:\/\/funkygermany.com\/wp-content\/uploads\/2020\/10\/rivers-in-mosel-valley-germany_matthias-marx-293x195.jpg 293w, https:\/\/funkygermany.com\/wp-content\/uploads\/2020\/10\/rivers-in-mosel-valley-germany_matthias-marx-1400x934.jpg 1400w, https:\/\/funkygermany.com\/wp-content\/uploads\/2020\/10\/rivers-in-mosel-valley-germany_matthias-marx.jpg 1750w\" sizes=\"(max-width: 1024px) 100vw, 1024px\" \/><\/noscript><\/a><figcaption class=\"blocks-gallery-item__caption\">Matthias Marx<\/figcaption><\/figure><\/li><\/ul><\/figure>\n\n\n\n<h2 class=\"wp-block-heading\" id=\"h-12-karls-erlebnisdorf\">#12: Karls Erlebnisdorf<\/h2>\n\n\n\n<p>This \u201cvillage of activities\u201d <strong>started by selling strawberries<\/strong> and grew into five giant parks full of experiences centred around agriculture. Families love to visit these theme parks, featuring children\u2019s zoos, bouncy castles and rollercoasters \u2013 all with the rustic charm of the farm. The parks are spread across the states of Mecklenburg-West Pomerania, Schleswig-Holstein and Brandenburg \u2013 and are obviously now also popular with international visitors, as well as locals.<\/p>\n\n\n\n<figure class=\"wp-block-image size-large\"><img decoding=\"async\" width=\"1024\" height=\"768\" loading=\"lazy\" src=\"https:\/\/funkygermany.com\/wp-content\/uploads\/2020\/10\/karls-erlebnishof_Stefan-Lauk-1024x768.jpg\" alt=\"Karls Erlebnishof in Northern Germany started as a strawberry farm\" class=\"wp-image-5497\" srcset=\"https:\/\/funkygermany.com\/wp-content\/uploads\/2020\/10\/karls-erlebnishof_Stefan-Lauk-1024x768.jpg 1024w, https:\/\/funkygermany.com\/wp-content\/uploads\/2020\/10\/karls-erlebnishof_Stefan-Lauk-300x225.jpg 300w, https:\/\/funkygermany.com\/wp-content\/uploads\/2020\/10\/karls-erlebnishof_Stefan-Lauk-883x663.jpg 883w, https:\/\/funkygermany.com\/wp-content\/uploads\/2020\/10\/karls-erlebnishof_Stefan-Lauk-1536x1152.jpg 1536w, https:\/\/funkygermany.com\/wp-content\/uploads\/2020\/10\/karls-erlebnishof_Stefan-Lauk-293x220.jpg 293w, https:\/\/funkygermany.com\/wp-content\/uploads\/2020\/10\/karls-erlebnishof_Stefan-Lauk-770x578.jpg 770w, https:\/\/funkygermany.com\/wp-content\/uploads\/2020\/10\/karls-erlebnishof_Stefan-Lauk-1400x1050.jpg 1400w, https:\/\/funkygermany.com\/wp-content\/uploads\/2020\/10\/karls-erlebnishof_Stefan-Lauk.jpg 1750w\" sizes=\"auto, (max-width: 1024px) 100vw, 1024px\" \/><noscript><img decoding=\"async\" width=\"1024\" height=\"768\" src=\"https:\/\/funkygermany.com\/wp-content\/uploads\/2020\/10\/karls-erlebnishof_Stefan-Lauk-1024x768.jpg\" alt=\"Karls Erlebnishof in Northern Germany started as a strawberry farm\" class=\"wp-image-5497\" srcset=\"https:\/\/funkygermany.com\/wp-content\/uploads\/2020\/10\/karls-erlebnishof_Stefan-Lauk-1024x768.jpg 1024w, https:\/\/funkygermany.com\/wp-content\/uploads\/2020\/10\/karls-erlebnishof_Stefan-Lauk-300x225.jpg 300w, https:\/\/funkygermany.com\/wp-content\/uploads\/2020\/10\/karls-erlebnishof_Stefan-Lauk-883x663.jpg 883w, https:\/\/funkygermany.com\/wp-content\/uploads\/2020\/10\/karls-erlebnishof_Stefan-Lauk-1536x1152.jpg 1536w, https:\/\/funkygermany.com\/wp-content\/uploads\/2020\/10\/karls-erlebnishof_Stefan-Lauk-293x220.jpg 293w, https:\/\/funkygermany.com\/wp-content\/uploads\/2020\/10\/karls-erlebnishof_Stefan-Lauk-770x578.jpg 770w, https:\/\/funkygermany.com\/wp-content\/uploads\/2020\/10\/karls-erlebnishof_Stefan-Lauk-1400x1050.jpg 1400w, https:\/\/funkygermany.com\/wp-content\/uploads\/2020\/10\/karls-erlebnishof_Stefan-Lauk.jpg 1750w\" sizes=\"(max-width: 1024px) 100vw, 1024px\" \/><\/noscript><figcaption>Stefan Lauk\/ Shutterstock.com<\/figcaption><\/figure>\n\n\n\n<h2 class=\"wp-block-heading\" id=\"h-11-lake-constance\">#11: Lake Constance<\/h2>\n\n\n\n<p>The region around <strong>Lake Constance<\/strong> is among Germany\u2019s most popular vacation spots. Europe\u2019s third biggest inland lake bordered by four countries awaits you with wonderful nature and cool cities. The most famous sightseeing spot is the flower-filled island of Mainau, with its splendid gardens and the baroque palace of the aristocratic Bernadotte family.&nbsp;<\/p>\n\n\n\n<figure class=\"wp-block-image size-large\"><img decoding=\"async\" width=\"1024\" height=\"683\" loading=\"lazy\" src=\"https:\/\/funkygermany.com\/wp-content\/uploads\/2020\/09\/constance-bodensee_christian-lue-1024x683.jpg\" alt=\"Girl overlooking the Bodensee in Constance\" class=\"wp-image-5376\" srcset=\"https:\/\/funkygermany.com\/wp-content\/uploads\/2020\/09\/constance-bodensee_christian-lue-1024x683.jpg 1024w, https:\/\/funkygermany.com\/wp-content\/uploads\/2020\/09\/constance-bodensee_christian-lue-300x200.jpg 300w, https:\/\/funkygermany.com\/wp-content\/uploads\/2020\/09\/constance-bodensee_christian-lue-883x589.jpg 883w, https:\/\/funkygermany.com\/wp-content\/uploads\/2020\/09\/constance-bodensee_christian-lue-1536x1024.jpg 1536w, https:\/\/funkygermany.com\/wp-content\/uploads\/2020\/09\/constance-bodensee_christian-lue-370x247.jpg 370w, https:\/\/funkygermany.com\/wp-content\/uploads\/2020\/09\/constance-bodensee_christian-lue-770x513.jpg 770w, https:\/\/funkygermany.com\/wp-content\/uploads\/2020\/09\/constance-bodensee_christian-lue-1155x770.jpg 1155w, https:\/\/funkygermany.com\/wp-content\/uploads\/2020\/09\/constance-bodensee_christian-lue-293x195.jpg 293w, https:\/\/funkygermany.com\/wp-content\/uploads\/2020\/09\/constance-bodensee_christian-lue-1400x934.jpg 1400w, https:\/\/funkygermany.com\/wp-content\/uploads\/2020\/09\/constance-bodensee_christian-lue.jpg 1750w\" sizes=\"auto, (max-width: 1024px) 100vw, 1024px\" \/><noscript><img decoding=\"async\" width=\"1024\" height=\"683\" src=\"https:\/\/funkygermany.com\/wp-content\/uploads\/2020\/09\/constance-bodensee_christian-lue-1024x683.jpg\" alt=\"Girl overlooking the Bodensee in Constance\" class=\"wp-image-5376\" srcset=\"https:\/\/funkygermany.com\/wp-content\/uploads\/2020\/09\/constance-bodensee_christian-lue-1024x683.jpg 1024w, https:\/\/funkygermany.com\/wp-content\/uploads\/2020\/09\/constance-bodensee_christian-lue-300x200.jpg 300w, https:\/\/funkygermany.com\/wp-content\/uploads\/2020\/09\/constance-bodensee_christian-lue-883x589.jpg 883w, https:\/\/funkygermany.com\/wp-content\/uploads\/2020\/09\/constance-bodensee_christian-lue-1536x1024.jpg 1536w, https:\/\/funkygermany.com\/wp-content\/uploads\/2020\/09\/constance-bodensee_christian-lue-370x247.jpg 370w, https:\/\/funkygermany.com\/wp-content\/uploads\/2020\/09\/constance-bodensee_christian-lue-770x513.jpg 770w, https:\/\/funkygermany.com\/wp-content\/uploads\/2020\/09\/constance-bodensee_christian-lue-1155x770.jpg 1155w, https:\/\/funkygermany.com\/wp-content\/uploads\/2020\/09\/constance-bodensee_christian-lue-293x195.jpg 293w, https:\/\/funkygermany.com\/wp-content\/uploads\/2020\/09\/constance-bodensee_christian-lue-1400x934.jpg 1400w, https:\/\/funkygermany.com\/wp-content\/uploads\/2020\/09\/constance-bodensee_christian-lue.jpg 1750w\" sizes=\"(max-width: 1024px) 100vw, 1024px\" \/><\/noscript><figcaption>Christian Lue<\/figcaption><\/figure>\n\n\n\n<h2 class=\"wp-block-heading\" id=\"h-10-r-gen\">#10: R\u00fcgen<\/h2>\n\n\n\n<p>We have reached the top ten! And R\u00fcgen, <a href=\"https:\/\/funkygermany.com\/en\/our-favorite-islands-in-germany\/\" target=\"_blank\" rel=\"noreferrer noopener\">Germany\u2019s largest island<\/a>, is a true beauty, filled with inspiring sights, historic places and breath-taking chalk cliffs. Visitors love to ride on the steam-train known as \u201cRushing Roland\u201d, as well as visiting Prora, an architectural leftover from Germany\u2019s Nazi era.&nbsp;<\/p>\n\n\n\n<figure class=\"wp-block-image size-large\"><img decoding=\"async\" width=\"683\" height=\"1024\" loading=\"lazy\" src=\"https:\/\/funkygermany.com\/wp-content\/uploads\/2020\/10\/cliffs-ruegen-island-germany_daniel-von-appen-683x1024.jpg\" alt=\"R\u00fcgen, Germany largest island, is famous for its beautiful cliffs. The island itself is one of the ten most popular sightseeing spots in Germany.\" class=\"wp-image-5499\" srcset=\"https:\/\/funkygermany.com\/wp-content\/uploads\/2020\/10\/cliffs-ruegen-island-germany_daniel-von-appen-683x1024.jpg 683w, https:\/\/funkygermany.com\/wp-content\/uploads\/2020\/10\/cliffs-ruegen-island-germany_daniel-von-appen-200x300.jpg 200w, https:\/\/funkygermany.com\/wp-content\/uploads\/2020\/10\/cliffs-ruegen-island-germany_daniel-von-appen-883x1325.jpg 883w, https:\/\/funkygermany.com\/wp-content\/uploads\/2020\/10\/cliffs-ruegen-island-germany_daniel-von-appen-1024x1536.jpg 1024w, https:\/\/funkygermany.com\/wp-content\/uploads\/2020\/10\/cliffs-ruegen-island-germany_daniel-von-appen-1365x2048.jpg 1365w, https:\/\/funkygermany.com\/wp-content\/uploads\/2020\/10\/cliffs-ruegen-island-germany_daniel-von-appen-293x440.jpg 293w, https:\/\/funkygermany.com\/wp-content\/uploads\/2020\/10\/cliffs-ruegen-island-germany_daniel-von-appen-770x1155.jpg 770w, https:\/\/funkygermany.com\/wp-content\/uploads\/2020\/10\/cliffs-ruegen-island-germany_daniel-von-appen-1400x2100.jpg 1400w, https:\/\/funkygermany.com\/wp-content\/uploads\/2020\/10\/cliffs-ruegen-island-germany_daniel-von-appen-scaled.jpg 1707w\" sizes=\"auto, (max-width: 683px) 100vw, 683px\" \/><noscript><img decoding=\"async\" width=\"683\" height=\"1024\" src=\"https:\/\/funkygermany.com\/wp-content\/uploads\/2020\/10\/cliffs-ruegen-island-germany_daniel-von-appen-683x1024.jpg\" alt=\"R\u00fcgen, Germany largest island, is famous for its beautiful cliffs. The island itself is one of the ten most popular sightseeing spots in Germany.\" class=\"wp-image-5499\" srcset=\"https:\/\/funkygermany.com\/wp-content\/uploads\/2020\/10\/cliffs-ruegen-island-germany_daniel-von-appen-683x1024.jpg 683w, https:\/\/funkygermany.com\/wp-content\/uploads\/2020\/10\/cliffs-ruegen-island-germany_daniel-von-appen-200x300.jpg 200w, https:\/\/funkygermany.com\/wp-content\/uploads\/2020\/10\/cliffs-ruegen-island-germany_daniel-von-appen-883x1325.jpg 883w, https:\/\/funkygermany.com\/wp-content\/uploads\/2020\/10\/cliffs-ruegen-island-germany_daniel-von-appen-1024x1536.jpg 1024w, https:\/\/funkygermany.com\/wp-content\/uploads\/2020\/10\/cliffs-ruegen-island-germany_daniel-von-appen-1365x2048.jpg 1365w, https:\/\/funkygermany.com\/wp-content\/uploads\/2020\/10\/cliffs-ruegen-island-germany_daniel-von-appen-293x440.jpg 293w, https:\/\/funkygermany.com\/wp-content\/uploads\/2020\/10\/cliffs-ruegen-island-germany_daniel-von-appen-770x1155.jpg 770w, https:\/\/funkygermany.com\/wp-content\/uploads\/2020\/10\/cliffs-ruegen-island-germany_daniel-von-appen-1400x2100.jpg 1400w, https:\/\/funkygermany.com\/wp-content\/uploads\/2020\/10\/cliffs-ruegen-island-germany_daniel-von-appen-scaled.jpg 1707w\" sizes=\"(max-width: 683px) 100vw, 683px\" \/><\/noscript><figcaption>Daniel von Appen<\/figcaption><\/figure>\n\n\n\n<h2 class=\"wp-block-heading\" id=\"h-9-national-park-black-forest\">#9: National Park Black Forest<\/h2>\n\n\n\n<p>Deep forests and grand views across the <strong>Upper Rhine Rift<\/strong> make this 10,000-hectare protected area of the <strong>Black Forest<\/strong> one of Germany\u2019s most popular spots for visitors. The region\u2019s vibrant nature with its numerous hiking paths is a heaven for all lovers of the great outdoors. International visitors seem to love the Black Forest especially \u2013 and pushed it up four places in the rankings, compared to last time.&nbsp;<\/p>\n\n\n\n<figure class=\"wp-block-gallery columns-2 is-cropped wp-block-gallery-3 is-layout-flex wp-block-gallery-is-layout-flex\"><ul class=\"blocks-gallery-grid\"><li class=\"blocks-gallery-item\"><figure><a href=\"https:\/\/funkygermany.com\/wp-content\/uploads\/2020\/10\/black-forest-sunset_wolfgang-kuhnle.jpg\"><img decoding=\"async\" width=\"1024\" height=\"683\" loading=\"lazy\" src=\"https:\/\/funkygermany.com\/wp-content\/uploads\/2020\/10\/black-forest-sunset_wolfgang-kuhnle-1024x683.jpg\" alt=\"Sunset in the Black Forest in Germany\" data-id=\"5501\" data-full-url=\"https:\/\/funkygermany.com\/wp-content\/uploads\/2020\/10\/black-forest-sunset_wolfgang-kuhnle.jpg\" data-link=\"https:\/\/funkygermany.com\/en\/black-forest-sunset_wolfgang-kuhnle\/\" class=\"wp-image-5501\" srcset=\"https:\/\/funkygermany.com\/wp-content\/uploads\/2020\/10\/black-forest-sunset_wolfgang-kuhnle-1024x683.jpg 1024w, https:\/\/funkygermany.com\/wp-content\/uploads\/2020\/10\/black-forest-sunset_wolfgang-kuhnle-300x200.jpg 300w, https:\/\/funkygermany.com\/wp-content\/uploads\/2020\/10\/black-forest-sunset_wolfgang-kuhnle-883x589.jpg 883w, https:\/\/funkygermany.com\/wp-content\/uploads\/2020\/10\/black-forest-sunset_wolfgang-kuhnle-1536x1024.jpg 1536w, https:\/\/funkygermany.com\/wp-content\/uploads\/2020\/10\/black-forest-sunset_wolfgang-kuhnle-370x247.jpg 370w, https:\/\/funkygermany.com\/wp-content\/uploads\/2020\/10\/black-forest-sunset_wolfgang-kuhnle-770x513.jpg 770w, https:\/\/funkygermany.com\/wp-content\/uploads\/2020\/10\/black-forest-sunset_wolfgang-kuhnle-1155x770.jpg 1155w, https:\/\/funkygermany.com\/wp-content\/uploads\/2020\/10\/black-forest-sunset_wolfgang-kuhnle-293x195.jpg 293w, https:\/\/funkygermany.com\/wp-content\/uploads\/2020\/10\/black-forest-sunset_wolfgang-kuhnle-1400x934.jpg 1400w, https:\/\/funkygermany.com\/wp-content\/uploads\/2020\/10\/black-forest-sunset_wolfgang-kuhnle.jpg 1750w\" sizes=\"auto, (max-width: 1024px) 100vw, 1024px\" \/><noscript><img decoding=\"async\" width=\"1024\" height=\"683\" src=\"https:\/\/funkygermany.com\/wp-content\/uploads\/2020\/10\/black-forest-sunset_wolfgang-kuhnle-1024x683.jpg\" alt=\"Sunset in the Black Forest in Germany\" data-id=\"5501\" data-full-url=\"https:\/\/funkygermany.com\/wp-content\/uploads\/2020\/10\/black-forest-sunset_wolfgang-kuhnle.jpg\" data-link=\"https:\/\/funkygermany.com\/en\/black-forest-sunset_wolfgang-kuhnle\/\" class=\"wp-image-5501\" srcset=\"https:\/\/funkygermany.com\/wp-content\/uploads\/2020\/10\/black-forest-sunset_wolfgang-kuhnle-1024x683.jpg 1024w, https:\/\/funkygermany.com\/wp-content\/uploads\/2020\/10\/black-forest-sunset_wolfgang-kuhnle-300x200.jpg 300w, https:\/\/funkygermany.com\/wp-content\/uploads\/2020\/10\/black-forest-sunset_wolfgang-kuhnle-883x589.jpg 883w, https:\/\/funkygermany.com\/wp-content\/uploads\/2020\/10\/black-forest-sunset_wolfgang-kuhnle-1536x1024.jpg 1536w, https:\/\/funkygermany.com\/wp-content\/uploads\/2020\/10\/black-forest-sunset_wolfgang-kuhnle-370x247.jpg 370w, https:\/\/funkygermany.com\/wp-content\/uploads\/2020\/10\/black-forest-sunset_wolfgang-kuhnle-770x513.jpg 770w, https:\/\/funkygermany.com\/wp-content\/uploads\/2020\/10\/black-forest-sunset_wolfgang-kuhnle-1155x770.jpg 1155w, https:\/\/funkygermany.com\/wp-content\/uploads\/2020\/10\/black-forest-sunset_wolfgang-kuhnle-293x195.jpg 293w, https:\/\/funkygermany.com\/wp-content\/uploads\/2020\/10\/black-forest-sunset_wolfgang-kuhnle-1400x934.jpg 1400w, https:\/\/funkygermany.com\/wp-content\/uploads\/2020\/10\/black-forest-sunset_wolfgang-kuhnle.jpg 1750w\" sizes=\"(max-width: 1024px) 100vw, 1024px\" \/><\/noscript><\/a><figcaption class=\"blocks-gallery-item__caption\">Wolfgang Kuhnle<\/figcaption><\/figure><\/li><li class=\"blocks-gallery-item\"><figure><a href=\"https:\/\/funkygermany.com\/wp-content\/uploads\/2020\/10\/black-forest-nature_Funny-Solution-Studio.jpg\"><img decoding=\"async\" width=\"1024\" height=\"683\" loading=\"lazy\" src=\"https:\/\/funkygermany.com\/wp-content\/uploads\/2020\/10\/black-forest-nature_Funny-Solution-Studio-1024x683.jpg\" alt=\"Amazing views of colorful Black Forest\" data-id=\"5503\" data-full-url=\"https:\/\/funkygermany.com\/wp-content\/uploads\/2020\/10\/black-forest-nature_Funny-Solution-Studio.jpg\" data-link=\"https:\/\/funkygermany.com\/en\/black-forest-nature_funny-solution-studio\/\" class=\"wp-image-5503\" srcset=\"https:\/\/funkygermany.com\/wp-content\/uploads\/2020\/10\/black-forest-nature_Funny-Solution-Studio-1024x683.jpg 1024w, https:\/\/funkygermany.com\/wp-content\/uploads\/2020\/10\/black-forest-nature_Funny-Solution-Studio-300x200.jpg 300w, https:\/\/funkygermany.com\/wp-content\/uploads\/2020\/10\/black-forest-nature_Funny-Solution-Studio-883x589.jpg 883w, https:\/\/funkygermany.com\/wp-content\/uploads\/2020\/10\/black-forest-nature_Funny-Solution-Studio-1536x1024.jpg 1536w, https:\/\/funkygermany.com\/wp-content\/uploads\/2020\/10\/black-forest-nature_Funny-Solution-Studio-370x247.jpg 370w, https:\/\/funkygermany.com\/wp-content\/uploads\/2020\/10\/black-forest-nature_Funny-Solution-Studio-770x513.jpg 770w, https:\/\/funkygermany.com\/wp-content\/uploads\/2020\/10\/black-forest-nature_Funny-Solution-Studio-1155x770.jpg 1155w, https:\/\/funkygermany.com\/wp-content\/uploads\/2020\/10\/black-forest-nature_Funny-Solution-Studio-293x195.jpg 293w, https:\/\/funkygermany.com\/wp-content\/uploads\/2020\/10\/black-forest-nature_Funny-Solution-Studio-1400x934.jpg 1400w, https:\/\/funkygermany.com\/wp-content\/uploads\/2020\/10\/black-forest-nature_Funny-Solution-Studio.jpg 1750w\" sizes=\"auto, (max-width: 1024px) 100vw, 1024px\" \/><noscript><img decoding=\"async\" width=\"1024\" height=\"683\" src=\"https:\/\/funkygermany.com\/wp-content\/uploads\/2020\/10\/black-forest-nature_Funny-Solution-Studio-1024x683.jpg\" alt=\"Amazing views of colorful Black Forest\" data-id=\"5503\" data-full-url=\"https:\/\/funkygermany.com\/wp-content\/uploads\/2020\/10\/black-forest-nature_Funny-Solution-Studio.jpg\" data-link=\"https:\/\/funkygermany.com\/en\/black-forest-nature_funny-solution-studio\/\" class=\"wp-image-5503\" srcset=\"https:\/\/funkygermany.com\/wp-content\/uploads\/2020\/10\/black-forest-nature_Funny-Solution-Studio-1024x683.jpg 1024w, https:\/\/funkygermany.com\/wp-content\/uploads\/2020\/10\/black-forest-nature_Funny-Solution-Studio-300x200.jpg 300w, https:\/\/funkygermany.com\/wp-content\/uploads\/2020\/10\/black-forest-nature_Funny-Solution-Studio-883x589.jpg 883w, https:\/\/funkygermany.com\/wp-content\/uploads\/2020\/10\/black-forest-nature_Funny-Solution-Studio-1536x1024.jpg 1536w, https:\/\/funkygermany.com\/wp-content\/uploads\/2020\/10\/black-forest-nature_Funny-Solution-Studio-370x247.jpg 370w, https:\/\/funkygermany.com\/wp-content\/uploads\/2020\/10\/black-forest-nature_Funny-Solution-Studio-770x513.jpg 770w, https:\/\/funkygermany.com\/wp-content\/uploads\/2020\/10\/black-forest-nature_Funny-Solution-Studio-1155x770.jpg 1155w, https:\/\/funkygermany.com\/wp-content\/uploads\/2020\/10\/black-forest-nature_Funny-Solution-Studio-293x195.jpg 293w, https:\/\/funkygermany.com\/wp-content\/uploads\/2020\/10\/black-forest-nature_Funny-Solution-Studio-1400x934.jpg 1400w, https:\/\/funkygermany.com\/wp-content\/uploads\/2020\/10\/black-forest-nature_Funny-Solution-Studio.jpg 1750w\" sizes=\"(max-width: 1024px) 100vw, 1024px\" \/><\/noscript><\/a><figcaption class=\"blocks-gallery-item__caption\">Funny-Solution-Studio\/ Shutterstock.com<\/figcaption><\/figure><\/li><\/ul><\/figure>\n\n\n\n<h2 class=\"wp-block-heading\" id=\"h-8-cologne-cathedral\">#8: Cologne Cathedral<\/h2>\n\n\n\n<p>This church opens hearts. And that\u2019s particularly true for the locals of Cologne. They simply love their cathedral. Since the 4<sup>th<\/sup> century, this spot has been home to a church, though the cathedral was not built until 1248. Today, this important <strong>Catholic Gothic cathedral<\/strong> is a UNESCO World Heritage site.<\/p>\n\n\n\n<figure class=\"wp-block-image size-large\"><img decoding=\"async\" width=\"1024\" height=\"683\" loading=\"lazy\" src=\"https:\/\/funkygermany.com\/wp-content\/uploads\/2020\/10\/cologne-cathedral_eric-weber-1024x683.jpg\" alt=\"Skyline of Cologne and its famous cathedral, which is one of the most popular sightseeing spots in Germany\" class=\"wp-image-5505\" srcset=\"https:\/\/funkygermany.com\/wp-content\/uploads\/2020\/10\/cologne-cathedral_eric-weber-1024x683.jpg 1024w, https:\/\/funkygermany.com\/wp-content\/uploads\/2020\/10\/cologne-cathedral_eric-weber-300x200.jpg 300w, https:\/\/funkygermany.com\/wp-content\/uploads\/2020\/10\/cologne-cathedral_eric-weber-883x589.jpg 883w, https:\/\/funkygermany.com\/wp-content\/uploads\/2020\/10\/cologne-cathedral_eric-weber-1536x1024.jpg 1536w, https:\/\/funkygermany.com\/wp-content\/uploads\/2020\/10\/cologne-cathedral_eric-weber-370x247.jpg 370w, https:\/\/funkygermany.com\/wp-content\/uploads\/2020\/10\/cologne-cathedral_eric-weber-770x513.jpg 770w, https:\/\/funkygermany.com\/wp-content\/uploads\/2020\/10\/cologne-cathedral_eric-weber-1155x770.jpg 1155w, https:\/\/funkygermany.com\/wp-content\/uploads\/2020\/10\/cologne-cathedral_eric-weber-293x195.jpg 293w, https:\/\/funkygermany.com\/wp-content\/uploads\/2020\/10\/cologne-cathedral_eric-weber-1400x934.jpg 1400w, https:\/\/funkygermany.com\/wp-content\/uploads\/2020\/10\/cologne-cathedral_eric-weber.jpg 1750w\" sizes=\"auto, (max-width: 1024px) 100vw, 1024px\" \/><noscript><img decoding=\"async\" width=\"1024\" height=\"683\" src=\"https:\/\/funkygermany.com\/wp-content\/uploads\/2020\/10\/cologne-cathedral_eric-weber-1024x683.jpg\" alt=\"Skyline of Cologne and its famous cathedral, which is one of the most popular sightseeing spots in Germany\" class=\"wp-image-5505\" srcset=\"https:\/\/funkygermany.com\/wp-content\/uploads\/2020\/10\/cologne-cathedral_eric-weber-1024x683.jpg 1024w, https:\/\/funkygermany.com\/wp-content\/uploads\/2020\/10\/cologne-cathedral_eric-weber-300x200.jpg 300w, https:\/\/funkygermany.com\/wp-content\/uploads\/2020\/10\/cologne-cathedral_eric-weber-883x589.jpg 883w, https:\/\/funkygermany.com\/wp-content\/uploads\/2020\/10\/cologne-cathedral_eric-weber-1536x1024.jpg 1536w, https:\/\/funkygermany.com\/wp-content\/uploads\/2020\/10\/cologne-cathedral_eric-weber-370x247.jpg 370w, https:\/\/funkygermany.com\/wp-content\/uploads\/2020\/10\/cologne-cathedral_eric-weber-770x513.jpg 770w, https:\/\/funkygermany.com\/wp-content\/uploads\/2020\/10\/cologne-cathedral_eric-weber-1155x770.jpg 1155w, https:\/\/funkygermany.com\/wp-content\/uploads\/2020\/10\/cologne-cathedral_eric-weber-293x195.jpg 293w, https:\/\/funkygermany.com\/wp-content\/uploads\/2020\/10\/cologne-cathedral_eric-weber-1400x934.jpg 1400w, https:\/\/funkygermany.com\/wp-content\/uploads\/2020\/10\/cologne-cathedral_eric-weber.jpg 1750w\" sizes=\"(max-width: 1024px) 100vw, 1024px\" \/><\/noscript><figcaption>Eric Weber<\/figcaption><\/figure>\n\n\n\n<h2 class=\"wp-block-heading\" id=\"h-7-berchtesgarden-and-lake-k-nigssee\">#7: Berchtesgarden and Lake K\u00f6nigssee<\/h2>\n\n\n\n<p>An absolute hotspot is the <strong>Bavarian National Park Berchtesgarden<\/strong>, which is also Germany\u2019s first and only alpine national park. The landscape is mind-blowing and can be discovered on myriad hiking paths, ranging from relaxed walks to real sporting challenges. But the walk is always worth it! The national park also features unique flora and fauna. Together with the beautiful lake<strong> K\u00f6nigssee<\/strong>, famous for its loud Alpine echo, the national park was ranked 7<sup>th<\/sup> place.&nbsp;<\/p>\n\n\n\n<figure class=\"wp-block-gallery columns-3 is-cropped wp-block-gallery-4 is-layout-flex wp-block-gallery-is-layout-flex\"><ul class=\"blocks-gallery-grid\"><li class=\"blocks-gallery-item\"><figure><a href=\"https:\/\/funkygermany.com\/wp-content\/uploads\/2020\/10\/berchtesgaden-bavaria_aaron-buttner.jpg\"><img decoding=\"async\" width=\"819\" height=\"1024\" loading=\"lazy\" src=\"https:\/\/funkygermany.com\/wp-content\/uploads\/2020\/10\/berchtesgaden-bavaria_aaron-buttner-819x1024.jpg\" alt=\"Small wooden house in front of the mountain landscape in National Park Berchtesgaden\" data-id=\"5507\" data-full-url=\"https:\/\/funkygermany.com\/wp-content\/uploads\/2020\/10\/berchtesgaden-bavaria_aaron-buttner.jpg\" data-link=\"https:\/\/funkygermany.com\/en\/?attachment_id=5507\" class=\"wp-image-5507\" srcset=\"https:\/\/funkygermany.com\/wp-content\/uploads\/2020\/10\/berchtesgaden-bavaria_aaron-buttner-819x1024.jpg 819w, https:\/\/funkygermany.com\/wp-content\/uploads\/2020\/10\/berchtesgaden-bavaria_aaron-buttner-240x300.jpg 240w, https:\/\/funkygermany.com\/wp-content\/uploads\/2020\/10\/berchtesgaden-bavaria_aaron-buttner-883x1104.jpg 883w, https:\/\/funkygermany.com\/wp-content\/uploads\/2020\/10\/berchtesgaden-bavaria_aaron-buttner-1229x1536.jpg 1229w, https:\/\/funkygermany.com\/wp-content\/uploads\/2020\/10\/berchtesgaden-bavaria_aaron-buttner-1638x2048.jpg 1638w, https:\/\/funkygermany.com\/wp-content\/uploads\/2020\/10\/berchtesgaden-bavaria_aaron-buttner-293x366.jpg 293w, https:\/\/funkygermany.com\/wp-content\/uploads\/2020\/10\/berchtesgaden-bavaria_aaron-buttner-770x963.jpg 770w, https:\/\/funkygermany.com\/wp-content\/uploads\/2020\/10\/berchtesgaden-bavaria_aaron-buttner-1400x1750.jpg 1400w, https:\/\/funkygermany.com\/wp-content\/uploads\/2020\/10\/berchtesgaden-bavaria_aaron-buttner.jpg 1750w\" sizes=\"auto, (max-width: 819px) 100vw, 819px\" \/><noscript><img decoding=\"async\" width=\"819\" height=\"1024\" src=\"https:\/\/funkygermany.com\/wp-content\/uploads\/2020\/10\/berchtesgaden-bavaria_aaron-buttner-819x1024.jpg\" alt=\"Small wooden house in front of the mountain landscape in National Park Berchtesgaden\" data-id=\"5507\" data-full-url=\"https:\/\/funkygermany.com\/wp-content\/uploads\/2020\/10\/berchtesgaden-bavaria_aaron-buttner.jpg\" data-link=\"https:\/\/funkygermany.com\/en\/?attachment_id=5507\" class=\"wp-image-5507\" srcset=\"https:\/\/funkygermany.com\/wp-content\/uploads\/2020\/10\/berchtesgaden-bavaria_aaron-buttner-819x1024.jpg 819w, https:\/\/funkygermany.com\/wp-content\/uploads\/2020\/10\/berchtesgaden-bavaria_aaron-buttner-240x300.jpg 240w, https:\/\/funkygermany.com\/wp-content\/uploads\/2020\/10\/berchtesgaden-bavaria_aaron-buttner-883x1104.jpg 883w, https:\/\/funkygermany.com\/wp-content\/uploads\/2020\/10\/berchtesgaden-bavaria_aaron-buttner-1229x1536.jpg 1229w, https:\/\/funkygermany.com\/wp-content\/uploads\/2020\/10\/berchtesgaden-bavaria_aaron-buttner-1638x2048.jpg 1638w, https:\/\/funkygermany.com\/wp-content\/uploads\/2020\/10\/berchtesgaden-bavaria_aaron-buttner-293x366.jpg 293w, https:\/\/funkygermany.com\/wp-content\/uploads\/2020\/10\/berchtesgaden-bavaria_aaron-buttner-770x963.jpg 770w, https:\/\/funkygermany.com\/wp-content\/uploads\/2020\/10\/berchtesgaden-bavaria_aaron-buttner-1400x1750.jpg 1400w, https:\/\/funkygermany.com\/wp-content\/uploads\/2020\/10\/berchtesgaden-bavaria_aaron-buttner.jpg 1750w\" sizes=\"(max-width: 819px) 100vw, 819px\" \/><\/noscript><\/a><figcaption class=\"blocks-gallery-item__caption\">Aaron Buttner<\/figcaption><\/figure><\/li><li class=\"blocks-gallery-item\"><figure><a href=\"https:\/\/funkygermany.com\/wp-content\/uploads\/2020\/10\/lake-koenigssee-bavaria-berchtesgaden_felix-mittermeier.jpg\"><img decoding=\"async\" width=\"725\" height=\"1024\" loading=\"lazy\" src=\"https:\/\/funkygermany.com\/wp-content\/uploads\/2020\/10\/lake-koenigssee-bavaria-berchtesgaden_felix-mittermeier-725x1024.jpg\" alt=\"Beautiful lake in Berchtesgaden, Bavaria\" data-id=\"5509\" data-full-url=\"https:\/\/funkygermany.com\/wp-content\/uploads\/2020\/10\/lake-koenigssee-bavaria-berchtesgaden_felix-mittermeier.jpg\" data-link=\"https:\/\/funkygermany.com\/en\/?attachment_id=5509\" class=\"wp-image-5509\" srcset=\"https:\/\/funkygermany.com\/wp-content\/uploads\/2020\/10\/lake-koenigssee-bavaria-berchtesgaden_felix-mittermeier-725x1024.jpg 725w, https:\/\/funkygermany.com\/wp-content\/uploads\/2020\/10\/lake-koenigssee-bavaria-berchtesgaden_felix-mittermeier-212x300.jpg 212w, https:\/\/funkygermany.com\/wp-content\/uploads\/2020\/10\/lake-koenigssee-bavaria-berchtesgaden_felix-mittermeier-883x1248.jpg 883w, https:\/\/funkygermany.com\/wp-content\/uploads\/2020\/10\/lake-koenigssee-bavaria-berchtesgaden_felix-mittermeier-1087x1536.jpg 1087w, https:\/\/funkygermany.com\/wp-content\/uploads\/2020\/10\/lake-koenigssee-bavaria-berchtesgaden_felix-mittermeier-1449x2048.jpg 1449w, https:\/\/funkygermany.com\/wp-content\/uploads\/2020\/10\/lake-koenigssee-bavaria-berchtesgaden_felix-mittermeier-293x414.jpg 293w, https:\/\/funkygermany.com\/wp-content\/uploads\/2020\/10\/lake-koenigssee-bavaria-berchtesgaden_felix-mittermeier-770x1088.jpg 770w, https:\/\/funkygermany.com\/wp-content\/uploads\/2020\/10\/lake-koenigssee-bavaria-berchtesgaden_felix-mittermeier-1400x1978.jpg 1400w, https:\/\/funkygermany.com\/wp-content\/uploads\/2020\/10\/lake-koenigssee-bavaria-berchtesgaden_felix-mittermeier.jpg 1750w\" sizes=\"auto, (max-width: 725px) 100vw, 725px\" \/><noscript><img decoding=\"async\" width=\"725\" height=\"1024\" src=\"https:\/\/funkygermany.com\/wp-content\/uploads\/2020\/10\/lake-koenigssee-bavaria-berchtesgaden_felix-mittermeier-725x1024.jpg\" alt=\"Beautiful lake in Berchtesgaden, Bavaria\" data-id=\"5509\" data-full-url=\"https:\/\/funkygermany.com\/wp-content\/uploads\/2020\/10\/lake-koenigssee-bavaria-berchtesgaden_felix-mittermeier.jpg\" data-link=\"https:\/\/funkygermany.com\/en\/?attachment_id=5509\" class=\"wp-image-5509\" srcset=\"https:\/\/funkygermany.com\/wp-content\/uploads\/2020\/10\/lake-koenigssee-bavaria-berchtesgaden_felix-mittermeier-725x1024.jpg 725w, https:\/\/funkygermany.com\/wp-content\/uploads\/2020\/10\/lake-koenigssee-bavaria-berchtesgaden_felix-mittermeier-212x300.jpg 212w, https:\/\/funkygermany.com\/wp-content\/uploads\/2020\/10\/lake-koenigssee-bavaria-berchtesgaden_felix-mittermeier-883x1248.jpg 883w, https:\/\/funkygermany.com\/wp-content\/uploads\/2020\/10\/lake-koenigssee-bavaria-berchtesgaden_felix-mittermeier-1087x1536.jpg 1087w, https:\/\/funkygermany.com\/wp-content\/uploads\/2020\/10\/lake-koenigssee-bavaria-berchtesgaden_felix-mittermeier-1449x2048.jpg 1449w, https:\/\/funkygermany.com\/wp-content\/uploads\/2020\/10\/lake-koenigssee-bavaria-berchtesgaden_felix-mittermeier-293x414.jpg 293w, https:\/\/funkygermany.com\/wp-content\/uploads\/2020\/10\/lake-koenigssee-bavaria-berchtesgaden_felix-mittermeier-770x1088.jpg 770w, https:\/\/funkygermany.com\/wp-content\/uploads\/2020\/10\/lake-koenigssee-bavaria-berchtesgaden_felix-mittermeier-1400x1978.jpg 1400w, https:\/\/funkygermany.com\/wp-content\/uploads\/2020\/10\/lake-koenigssee-bavaria-berchtesgaden_felix-mittermeier.jpg 1750w\" sizes=\"(max-width: 725px) 100vw, 725px\" \/><\/noscript><\/a><figcaption class=\"blocks-gallery-item__caption\">Felix Mittermeier<\/figcaption><\/figure><\/li><li class=\"blocks-gallery-item\"><figure><a href=\"https:\/\/funkygermany.com\/wp-content\/uploads\/2020\/10\/national-park-berchtesgaden-canyon_daniel-sessler-scaled.jpg\"><img decoding=\"async\" width=\"683\" height=\"1024\" loading=\"lazy\" src=\"https:\/\/funkygermany.com\/wp-content\/uploads\/2020\/10\/national-park-berchtesgaden-canyon_daniel-sessler-683x1024.jpg\" alt=\"Beautiful Wimbachklamm gorge with wooden path in autumn colors, Ramsau bei Berchtesgaden in Germany\" data-id=\"5511\" data-full-url=\"https:\/\/funkygermany.com\/wp-content\/uploads\/2020\/10\/national-park-berchtesgaden-canyon_daniel-sessler-scaled.jpg\" data-link=\"https:\/\/funkygermany.com\/en\/?attachment_id=5511\" class=\"wp-image-5511\" srcset=\"https:\/\/funkygermany.com\/wp-content\/uploads\/2020\/10\/national-park-berchtesgaden-canyon_daniel-sessler-683x1024.jpg 683w, https:\/\/funkygermany.com\/wp-content\/uploads\/2020\/10\/national-park-berchtesgaden-canyon_daniel-sessler-200x300.jpg 200w, https:\/\/funkygermany.com\/wp-content\/uploads\/2020\/10\/national-park-berchtesgaden-canyon_daniel-sessler-883x1325.jpg 883w, https:\/\/funkygermany.com\/wp-content\/uploads\/2020\/10\/national-park-berchtesgaden-canyon_daniel-sessler-1024x1536.jpg 1024w, https:\/\/funkygermany.com\/wp-content\/uploads\/2020\/10\/national-park-berchtesgaden-canyon_daniel-sessler-1365x2048.jpg 1365w, https:\/\/funkygermany.com\/wp-content\/uploads\/2020\/10\/national-park-berchtesgaden-canyon_daniel-sessler-293x440.jpg 293w, https:\/\/funkygermany.com\/wp-content\/uploads\/2020\/10\/national-park-berchtesgaden-canyon_daniel-sessler-770x1155.jpg 770w, https:\/\/funkygermany.com\/wp-content\/uploads\/2020\/10\/national-park-berchtesgaden-canyon_daniel-sessler-1400x2100.jpg 1400w, https:\/\/funkygermany.com\/wp-content\/uploads\/2020\/10\/national-park-berchtesgaden-canyon_daniel-sessler-scaled.jpg 1707w\" sizes=\"auto, (max-width: 683px) 100vw, 683px\" \/><noscript><img decoding=\"async\" width=\"683\" height=\"1024\" src=\"https:\/\/funkygermany.com\/wp-content\/uploads\/2020\/10\/national-park-berchtesgaden-canyon_daniel-sessler-683x1024.jpg\" alt=\"Beautiful Wimbachklamm gorge with wooden path in autumn colors, Ramsau bei Berchtesgaden in Germany\" data-id=\"5511\" data-full-url=\"https:\/\/funkygermany.com\/wp-content\/uploads\/2020\/10\/national-park-berchtesgaden-canyon_daniel-sessler-scaled.jpg\" data-link=\"https:\/\/funkygermany.com\/en\/?attachment_id=5511\" class=\"wp-image-5511\" srcset=\"https:\/\/funkygermany.com\/wp-content\/uploads\/2020\/10\/national-park-berchtesgaden-canyon_daniel-sessler-683x1024.jpg 683w, https:\/\/funkygermany.com\/wp-content\/uploads\/2020\/10\/national-park-berchtesgaden-canyon_daniel-sessler-200x300.jpg 200w, https:\/\/funkygermany.com\/wp-content\/uploads\/2020\/10\/national-park-berchtesgaden-canyon_daniel-sessler-883x1325.jpg 883w, https:\/\/funkygermany.com\/wp-content\/uploads\/2020\/10\/national-park-berchtesgaden-canyon_daniel-sessler-1024x1536.jpg 1024w, https:\/\/funkygermany.com\/wp-content\/uploads\/2020\/10\/national-park-berchtesgaden-canyon_daniel-sessler-1365x2048.jpg 1365w, https:\/\/funkygermany.com\/wp-content\/uploads\/2020\/10\/national-park-berchtesgaden-canyon_daniel-sessler-293x440.jpg 293w, https:\/\/funkygermany.com\/wp-content\/uploads\/2020\/10\/national-park-berchtesgaden-canyon_daniel-sessler-770x1155.jpg 770w, https:\/\/funkygermany.com\/wp-content\/uploads\/2020\/10\/national-park-berchtesgaden-canyon_daniel-sessler-1400x2100.jpg 1400w, https:\/\/funkygermany.com\/wp-content\/uploads\/2020\/10\/national-park-berchtesgaden-canyon_daniel-sessler-scaled.jpg 1707w\" sizes=\"(max-width: 683px) 100vw, 683px\" \/><\/noscript><\/a><figcaption class=\"blocks-gallery-item__caption\">Daniel Sessler<\/figcaption><\/figure><\/li><\/ul><\/figure>\n\n\n\n<h2 class=\"wp-block-heading\" id=\"h-6-the-romantic-road\">#6: The Romantic Road<\/h2>\n\n\n\n<p>This well-known German travel route, stretching 400 kilometres from the <strong>Main river<\/strong> all the way south to the Allg\u00e4u mountains, passes by many famous sights. Established in 1950, castles, ancient towns and beautiful landscapes are all connected on this one-of-a-kind road-trip route. <strong>The Romantic Road<\/strong> is a real favourite with foreign tourists, enamoured by the unforgettable snapshots of southern Germany the road offers. It\u2019s a route that will enchant anyone \u2013 not just lovebirds.&nbsp;<\/p>\n\n\n\n<figure class=\"wp-block-image size-large\"><img decoding=\"async\" width=\"1024\" height=\"683\" loading=\"lazy\" src=\"https:\/\/funkygermany.com\/wp-content\/uploads\/2020\/10\/wurzburg-romantic-road_-Dudarev-Mikhail-1024x683.jpg\" alt=\"View of W\u00fcrzburg on a sunny day\" class=\"wp-image-5513\" srcset=\"https:\/\/funkygermany.com\/wp-content\/uploads\/2020\/10\/wurzburg-romantic-road_-Dudarev-Mikhail-1024x683.jpg 1024w, https:\/\/funkygermany.com\/wp-content\/uploads\/2020\/10\/wurzburg-romantic-road_-Dudarev-Mikhail-300x200.jpg 300w, https:\/\/funkygermany.com\/wp-content\/uploads\/2020\/10\/wurzburg-romantic-road_-Dudarev-Mikhail-883x589.jpg 883w, https:\/\/funkygermany.com\/wp-content\/uploads\/2020\/10\/wurzburg-romantic-road_-Dudarev-Mikhail-1536x1024.jpg 1536w, https:\/\/funkygermany.com\/wp-content\/uploads\/2020\/10\/wurzburg-romantic-road_-Dudarev-Mikhail-370x247.jpg 370w, https:\/\/funkygermany.com\/wp-content\/uploads\/2020\/10\/wurzburg-romantic-road_-Dudarev-Mikhail-770x513.jpg 770w, https:\/\/funkygermany.com\/wp-content\/uploads\/2020\/10\/wurzburg-romantic-road_-Dudarev-Mikhail-1155x770.jpg 1155w, https:\/\/funkygermany.com\/wp-content\/uploads\/2020\/10\/wurzburg-romantic-road_-Dudarev-Mikhail-293x195.jpg 293w, https:\/\/funkygermany.com\/wp-content\/uploads\/2020\/10\/wurzburg-romantic-road_-Dudarev-Mikhail-1400x934.jpg 1400w, https:\/\/funkygermany.com\/wp-content\/uploads\/2020\/10\/wurzburg-romantic-road_-Dudarev-Mikhail.jpg 1750w\" sizes=\"auto, (max-width: 1024px) 100vw, 1024px\" \/><noscript><img decoding=\"async\" width=\"1024\" height=\"683\" src=\"https:\/\/funkygermany.com\/wp-content\/uploads\/2020\/10\/wurzburg-romantic-road_-Dudarev-Mikhail-1024x683.jpg\" alt=\"View of W\u00fcrzburg on a sunny day\" class=\"wp-image-5513\" srcset=\"https:\/\/funkygermany.com\/wp-content\/uploads\/2020\/10\/wurzburg-romantic-road_-Dudarev-Mikhail-1024x683.jpg 1024w, https:\/\/funkygermany.com\/wp-content\/uploads\/2020\/10\/wurzburg-romantic-road_-Dudarev-Mikhail-300x200.jpg 300w, https:\/\/funkygermany.com\/wp-content\/uploads\/2020\/10\/wurzburg-romantic-road_-Dudarev-Mikhail-883x589.jpg 883w, https:\/\/funkygermany.com\/wp-content\/uploads\/2020\/10\/wurzburg-romantic-road_-Dudarev-Mikhail-1536x1024.jpg 1536w, https:\/\/funkygermany.com\/wp-content\/uploads\/2020\/10\/wurzburg-romantic-road_-Dudarev-Mikhail-370x247.jpg 370w, https:\/\/funkygermany.com\/wp-content\/uploads\/2020\/10\/wurzburg-romantic-road_-Dudarev-Mikhail-770x513.jpg 770w, https:\/\/funkygermany.com\/wp-content\/uploads\/2020\/10\/wurzburg-romantic-road_-Dudarev-Mikhail-1155x770.jpg 1155w, https:\/\/funkygermany.com\/wp-content\/uploads\/2020\/10\/wurzburg-romantic-road_-Dudarev-Mikhail-293x195.jpg 293w, https:\/\/funkygermany.com\/wp-content\/uploads\/2020\/10\/wurzburg-romantic-road_-Dudarev-Mikhail-1400x934.jpg 1400w, https:\/\/funkygermany.com\/wp-content\/uploads\/2020\/10\/wurzburg-romantic-road_-Dudarev-Mikhail.jpg 1750w\" sizes=\"(max-width: 1024px) 100vw, 1024px\" \/><\/noscript><figcaption>Dudarev Mikhail\/ Shutterstock.com<\/figcaption><\/figure>\n\n\n\n<h2 class=\"wp-block-heading\" id=\"h-5-rothenburg-ob-der-tauber\">#5: Rothenburg ob der Tauber<\/h2>\n\n\n\n<p>Fans of medieval history simply must visit this small town in Bavaria. Situated on a hilltop and surrounded by ancient city walls, the old houses, cobble-stone squares, magical towers, wells and weir systems let you travel back in time. Every year, <strong>Rothenburg ob der Tauber<\/strong> ranks among Germany\u2019s most visited and well-loved places.&nbsp;<\/p>\n\n\n\n<figure class=\"wp-block-image size-large\"><img decoding=\"async\" width=\"1024\" height=\"683\" loading=\"lazy\" src=\"https:\/\/funkygermany.com\/wp-content\/uploads\/2020\/06\/old-town-rothenburg-ob-der-tauber-bavaria-1024x683.jpg\" alt=\"Original German old town in Rothenburg ob der Tauber.\" class=\"wp-image-4515\" srcset=\"https:\/\/funkygermany.com\/wp-content\/uploads\/2020\/06\/old-town-rothenburg-ob-der-tauber-bavaria-1024x683.jpg 1024w, https:\/\/funkygermany.com\/wp-content\/uploads\/2020\/06\/old-town-rothenburg-ob-der-tauber-bavaria-300x200.jpg 300w, https:\/\/funkygermany.com\/wp-content\/uploads\/2020\/06\/old-town-rothenburg-ob-der-tauber-bavaria-883x589.jpg 883w, https:\/\/funkygermany.com\/wp-content\/uploads\/2020\/06\/old-town-rothenburg-ob-der-tauber-bavaria-1536x1025.jpg 1536w, https:\/\/funkygermany.com\/wp-content\/uploads\/2020\/06\/old-town-rothenburg-ob-der-tauber-bavaria-500x334.jpg 500w, https:\/\/funkygermany.com\/wp-content\/uploads\/2020\/06\/old-town-rothenburg-ob-der-tauber-bavaria-370x247.jpg 370w, https:\/\/funkygermany.com\/wp-content\/uploads\/2020\/06\/old-town-rothenburg-ob-der-tauber-bavaria-770x514.jpg 770w, https:\/\/funkygermany.com\/wp-content\/uploads\/2020\/06\/old-town-rothenburg-ob-der-tauber-bavaria-1155x770.jpg 1155w, https:\/\/funkygermany.com\/wp-content\/uploads\/2020\/06\/old-town-rothenburg-ob-der-tauber-bavaria-293x196.jpg 293w, https:\/\/funkygermany.com\/wp-content\/uploads\/2020\/06\/old-town-rothenburg-ob-der-tauber-bavaria-1400x934.jpg 1400w, https:\/\/funkygermany.com\/wp-content\/uploads\/2020\/06\/old-town-rothenburg-ob-der-tauber-bavaria.jpg 1750w\" sizes=\"auto, (max-width: 1024px) 100vw, 1024px\" \/><noscript><img decoding=\"async\" width=\"1024\" height=\"683\" src=\"https:\/\/funkygermany.com\/wp-content\/uploads\/2020\/06\/old-town-rothenburg-ob-der-tauber-bavaria-1024x683.jpg\" alt=\"Original German old town in Rothenburg ob der Tauber.\" class=\"wp-image-4515\" srcset=\"https:\/\/funkygermany.com\/wp-content\/uploads\/2020\/06\/old-town-rothenburg-ob-der-tauber-bavaria-1024x683.jpg 1024w, https:\/\/funkygermany.com\/wp-content\/uploads\/2020\/06\/old-town-rothenburg-ob-der-tauber-bavaria-300x200.jpg 300w, https:\/\/funkygermany.com\/wp-content\/uploads\/2020\/06\/old-town-rothenburg-ob-der-tauber-bavaria-883x589.jpg 883w, https:\/\/funkygermany.com\/wp-content\/uploads\/2020\/06\/old-town-rothenburg-ob-der-tauber-bavaria-1536x1025.jpg 1536w, https:\/\/funkygermany.com\/wp-content\/uploads\/2020\/06\/old-town-rothenburg-ob-der-tauber-bavaria-500x334.jpg 500w, https:\/\/funkygermany.com\/wp-content\/uploads\/2020\/06\/old-town-rothenburg-ob-der-tauber-bavaria-370x247.jpg 370w, https:\/\/funkygermany.com\/wp-content\/uploads\/2020\/06\/old-town-rothenburg-ob-der-tauber-bavaria-770x514.jpg 770w, https:\/\/funkygermany.com\/wp-content\/uploads\/2020\/06\/old-town-rothenburg-ob-der-tauber-bavaria-1155x770.jpg 1155w, https:\/\/funkygermany.com\/wp-content\/uploads\/2020\/06\/old-town-rothenburg-ob-der-tauber-bavaria-293x196.jpg 293w, https:\/\/funkygermany.com\/wp-content\/uploads\/2020\/06\/old-town-rothenburg-ob-der-tauber-bavaria-1400x934.jpg 1400w, https:\/\/funkygermany.com\/wp-content\/uploads\/2020\/06\/old-town-rothenburg-ob-der-tauber-bavaria.jpg 1750w\" sizes=\"(max-width: 1024px) 100vw, 1024px\" \/><\/noscript><figcaption>Roman Kraft<\/figcaption><\/figure>\n\n\n\n<h2 class=\"wp-block-heading\" id=\"h-4-dresden\">#4: Dresden<\/h2>\n\n\n\n<p>Surrounded by the River Elbe, <strong>Dresden<\/strong> is not just a picturesque city, but also known for its beautiful old quarter. International visitors ranked the restored area around the <strong>Church of Our Lady<\/strong> and the \u201cZwinger\u201d complex fourth place on the list of Germany\u2019s most popular sightseeing spots.&nbsp;<\/p>\n\n\n\n<figure class=\"wp-block-gallery columns-2 is-cropped wp-block-gallery-5 is-layout-flex wp-block-gallery-is-layout-flex\"><ul class=\"blocks-gallery-grid\"><li class=\"blocks-gallery-item\"><figure><a href=\"https:\/\/funkygermany.com\/wp-content\/uploads\/2020\/10\/dresden-by-night_felix-hanspach.jpg\"><img decoding=\"async\" width=\"1024\" height=\"683\" loading=\"lazy\" src=\"https:\/\/funkygermany.com\/wp-content\/uploads\/2020\/10\/dresden-by-night_felix-hanspach-1024x683.jpg\" alt=\"Dresden is one of the most popular tourist spots in Germany. Here you can see the skyline\" data-id=\"5515\" data-full-url=\"https:\/\/funkygermany.com\/wp-content\/uploads\/2020\/10\/dresden-by-night_felix-hanspach.jpg\" data-link=\"https:\/\/funkygermany.com\/en\/?attachment_id=5515\" class=\"wp-image-5515\" srcset=\"https:\/\/funkygermany.com\/wp-content\/uploads\/2020\/10\/dresden-by-night_felix-hanspach-1024x683.jpg 1024w, https:\/\/funkygermany.com\/wp-content\/uploads\/2020\/10\/dresden-by-night_felix-hanspach-300x200.jpg 300w, https:\/\/funkygermany.com\/wp-content\/uploads\/2020\/10\/dresden-by-night_felix-hanspach-883x589.jpg 883w, https:\/\/funkygermany.com\/wp-content\/uploads\/2020\/10\/dresden-by-night_felix-hanspach-1536x1024.jpg 1536w, https:\/\/funkygermany.com\/wp-content\/uploads\/2020\/10\/dresden-by-night_felix-hanspach-370x247.jpg 370w, https:\/\/funkygermany.com\/wp-content\/uploads\/2020\/10\/dresden-by-night_felix-hanspach-770x513.jpg 770w, https:\/\/funkygermany.com\/wp-content\/uploads\/2020\/10\/dresden-by-night_felix-hanspach-1155x770.jpg 1155w, https:\/\/funkygermany.com\/wp-content\/uploads\/2020\/10\/dresden-by-night_felix-hanspach-293x195.jpg 293w, https:\/\/funkygermany.com\/wp-content\/uploads\/2020\/10\/dresden-by-night_felix-hanspach-1400x934.jpg 1400w, https:\/\/funkygermany.com\/wp-content\/uploads\/2020\/10\/dresden-by-night_felix-hanspach.jpg 1750w\" sizes=\"auto, (max-width: 1024px) 100vw, 1024px\" \/><noscript><img decoding=\"async\" width=\"1024\" height=\"683\" src=\"https:\/\/funkygermany.com\/wp-content\/uploads\/2020\/10\/dresden-by-night_felix-hanspach-1024x683.jpg\" alt=\"Dresden is one of the most popular tourist spots in Germany. Here you can see the skyline\" data-id=\"5515\" data-full-url=\"https:\/\/funkygermany.com\/wp-content\/uploads\/2020\/10\/dresden-by-night_felix-hanspach.jpg\" data-link=\"https:\/\/funkygermany.com\/en\/?attachment_id=5515\" class=\"wp-image-5515\" srcset=\"https:\/\/funkygermany.com\/wp-content\/uploads\/2020\/10\/dresden-by-night_felix-hanspach-1024x683.jpg 1024w, https:\/\/funkygermany.com\/wp-content\/uploads\/2020\/10\/dresden-by-night_felix-hanspach-300x200.jpg 300w, https:\/\/funkygermany.com\/wp-content\/uploads\/2020\/10\/dresden-by-night_felix-hanspach-883x589.jpg 883w, https:\/\/funkygermany.com\/wp-content\/uploads\/2020\/10\/dresden-by-night_felix-hanspach-1536x1024.jpg 1536w, https:\/\/funkygermany.com\/wp-content\/uploads\/2020\/10\/dresden-by-night_felix-hanspach-370x247.jpg 370w, https:\/\/funkygermany.com\/wp-content\/uploads\/2020\/10\/dresden-by-night_felix-hanspach-770x513.jpg 770w, https:\/\/funkygermany.com\/wp-content\/uploads\/2020\/10\/dresden-by-night_felix-hanspach-1155x770.jpg 1155w, https:\/\/funkygermany.com\/wp-content\/uploads\/2020\/10\/dresden-by-night_felix-hanspach-293x195.jpg 293w, https:\/\/funkygermany.com\/wp-content\/uploads\/2020\/10\/dresden-by-night_felix-hanspach-1400x934.jpg 1400w, https:\/\/funkygermany.com\/wp-content\/uploads\/2020\/10\/dresden-by-night_felix-hanspach.jpg 1750w\" sizes=\"(max-width: 1024px) 100vw, 1024px\" \/><\/noscript><\/a><figcaption class=\"blocks-gallery-item__caption\">Felix Hanspach<\/figcaption><\/figure><\/li><li class=\"blocks-gallery-item\"><figure><a href=\"https:\/\/funkygermany.com\/wp-content\/uploads\/2020\/10\/dresden-church-of-our-lady_felix-mittermeier.jpg\"><img decoding=\"async\" width=\"793\" height=\"1024\" loading=\"lazy\" src=\"https:\/\/funkygermany.com\/wp-content\/uploads\/2020\/10\/dresden-church-of-our-lady_felix-mittermeier-793x1024.jpg\" alt=\"Church of our Lady in Dresden by night\" data-id=\"5517\" data-full-url=\"https:\/\/funkygermany.com\/wp-content\/uploads\/2020\/10\/dresden-church-of-our-lady_felix-mittermeier.jpg\" data-link=\"https:\/\/funkygermany.com\/en\/?attachment_id=5517\" class=\"wp-image-5517\" srcset=\"https:\/\/funkygermany.com\/wp-content\/uploads\/2020\/10\/dresden-church-of-our-lady_felix-mittermeier-793x1024.jpg 793w, https:\/\/funkygermany.com\/wp-content\/uploads\/2020\/10\/dresden-church-of-our-lady_felix-mittermeier-232x300.jpg 232w, https:\/\/funkygermany.com\/wp-content\/uploads\/2020\/10\/dresden-church-of-our-lady_felix-mittermeier-883x1140.jpg 883w, https:\/\/funkygermany.com\/wp-content\/uploads\/2020\/10\/dresden-church-of-our-lady_felix-mittermeier-1190x1536.jpg 1190w, https:\/\/funkygermany.com\/wp-content\/uploads\/2020\/10\/dresden-church-of-our-lady_felix-mittermeier-1587x2048.jpg 1587w, https:\/\/funkygermany.com\/wp-content\/uploads\/2020\/10\/dresden-church-of-our-lady_felix-mittermeier-293x378.jpg 293w, https:\/\/funkygermany.com\/wp-content\/uploads\/2020\/10\/dresden-church-of-our-lady_felix-mittermeier-770x994.jpg 770w, https:\/\/funkygermany.com\/wp-content\/uploads\/2020\/10\/dresden-church-of-our-lady_felix-mittermeier-1400x1807.jpg 1400w, https:\/\/funkygermany.com\/wp-content\/uploads\/2020\/10\/dresden-church-of-our-lady_felix-mittermeier.jpg 1750w\" sizes=\"auto, (max-width: 793px) 100vw, 793px\" \/><noscript><img decoding=\"async\" width=\"793\" height=\"1024\" src=\"https:\/\/funkygermany.com\/wp-content\/uploads\/2020\/10\/dresden-church-of-our-lady_felix-mittermeier-793x1024.jpg\" alt=\"Church of our Lady in Dresden by night\" data-id=\"5517\" data-full-url=\"https:\/\/funkygermany.com\/wp-content\/uploads\/2020\/10\/dresden-church-of-our-lady_felix-mittermeier.jpg\" data-link=\"https:\/\/funkygermany.com\/en\/?attachment_id=5517\" class=\"wp-image-5517\" srcset=\"https:\/\/funkygermany.com\/wp-content\/uploads\/2020\/10\/dresden-church-of-our-lady_felix-mittermeier-793x1024.jpg 793w, https:\/\/funkygermany.com\/wp-content\/uploads\/2020\/10\/dresden-church-of-our-lady_felix-mittermeier-232x300.jpg 232w, https:\/\/funkygermany.com\/wp-content\/uploads\/2020\/10\/dresden-church-of-our-lady_felix-mittermeier-883x1140.jpg 883w, https:\/\/funkygermany.com\/wp-content\/uploads\/2020\/10\/dresden-church-of-our-lady_felix-mittermeier-1190x1536.jpg 1190w, https:\/\/funkygermany.com\/wp-content\/uploads\/2020\/10\/dresden-church-of-our-lady_felix-mittermeier-1587x2048.jpg 1587w, https:\/\/funkygermany.com\/wp-content\/uploads\/2020\/10\/dresden-church-of-our-lady_felix-mittermeier-293x378.jpg 293w, https:\/\/funkygermany.com\/wp-content\/uploads\/2020\/10\/dresden-church-of-our-lady_felix-mittermeier-770x994.jpg 770w, https:\/\/funkygermany.com\/wp-content\/uploads\/2020\/10\/dresden-church-of-our-lady_felix-mittermeier-1400x1807.jpg 1400w, https:\/\/funkygermany.com\/wp-content\/uploads\/2020\/10\/dresden-church-of-our-lady_felix-mittermeier.jpg 1750w\" sizes=\"(max-width: 793px) 100vw, 793px\" \/><\/noscript><\/a><figcaption class=\"blocks-gallery-item__caption\">Felix Mittermeier<\/figcaption><\/figure><\/li><\/ul><\/figure>\n\n\n\n<h2 class=\"wp-block-heading\" id=\"h-3-neuschwanstein-castle\">#3: Neuschwanstein Castle<\/h2>\n\n\n\n<p>No other building embodies the popular stereotype of traditional German culture and architecture better than the <strong>Bavarian King Ludwig\u2019s castle<\/strong> near F\u00fcssen, right on Germany\u2019s southern border with Austria. It might come as a surprise to some that this sightseeing spot was not ranked number one, but this candidate for UNESCO World Heritage status hasn\u2019t done badly to gain third place. Regardless of its ranking on the list, for all visitors who visit <strong>Neuschwanstein Castle<\/strong>, its symbolism and majesty, along with the tragic history of its former owner, are simply fascinating.<\/p>\n\n\n\n<figure class=\"wp-block-image size-large\"><img decoding=\"async\" width=\"683\" height=\"1024\" loading=\"lazy\" src=\"https:\/\/funkygermany.com\/wp-content\/uploads\/2020\/10\/neuschwanstein-castle_johannes-krupinski-683x1024.jpg\" alt=\"Famous Neuschwanstein Castle in Bavaria\" class=\"wp-image-5519\" srcset=\"https:\/\/funkygermany.com\/wp-content\/uploads\/2020\/10\/neuschwanstein-castle_johannes-krupinski-683x1024.jpg 683w, https:\/\/funkygermany.com\/wp-content\/uploads\/2020\/10\/neuschwanstein-castle_johannes-krupinski-200x300.jpg 200w, https:\/\/funkygermany.com\/wp-content\/uploads\/2020\/10\/neuschwanstein-castle_johannes-krupinski-883x1325.jpg 883w, https:\/\/funkygermany.com\/wp-content\/uploads\/2020\/10\/neuschwanstein-castle_johannes-krupinski-1024x1536.jpg 1024w, https:\/\/funkygermany.com\/wp-content\/uploads\/2020\/10\/neuschwanstein-castle_johannes-krupinski-1365x2048.jpg 1365w, https:\/\/funkygermany.com\/wp-content\/uploads\/2020\/10\/neuschwanstein-castle_johannes-krupinski-293x440.jpg 293w, https:\/\/funkygermany.com\/wp-content\/uploads\/2020\/10\/neuschwanstein-castle_johannes-krupinski-770x1155.jpg 770w, https:\/\/funkygermany.com\/wp-content\/uploads\/2020\/10\/neuschwanstein-castle_johannes-krupinski-1400x2100.jpg 1400w, https:\/\/funkygermany.com\/wp-content\/uploads\/2020\/10\/neuschwanstein-castle_johannes-krupinski-scaled.jpg 1707w\" sizes=\"auto, (max-width: 683px) 100vw, 683px\" \/><noscript><img decoding=\"async\" width=\"683\" height=\"1024\" src=\"https:\/\/funkygermany.com\/wp-content\/uploads\/2020\/10\/neuschwanstein-castle_johannes-krupinski-683x1024.jpg\" alt=\"Famous Neuschwanstein Castle in Bavaria\" class=\"wp-image-5519\" srcset=\"https:\/\/funkygermany.com\/wp-content\/uploads\/2020\/10\/neuschwanstein-castle_johannes-krupinski-683x1024.jpg 683w, https:\/\/funkygermany.com\/wp-content\/uploads\/2020\/10\/neuschwanstein-castle_johannes-krupinski-200x300.jpg 200w, https:\/\/funkygermany.com\/wp-content\/uploads\/2020\/10\/neuschwanstein-castle_johannes-krupinski-883x1325.jpg 883w, https:\/\/funkygermany.com\/wp-content\/uploads\/2020\/10\/neuschwanstein-castle_johannes-krupinski-1024x1536.jpg 1024w, https:\/\/funkygermany.com\/wp-content\/uploads\/2020\/10\/neuschwanstein-castle_johannes-krupinski-1365x2048.jpg 1365w, https:\/\/funkygermany.com\/wp-content\/uploads\/2020\/10\/neuschwanstein-castle_johannes-krupinski-293x440.jpg 293w, https:\/\/funkygermany.com\/wp-content\/uploads\/2020\/10\/neuschwanstein-castle_johannes-krupinski-770x1155.jpg 770w, https:\/\/funkygermany.com\/wp-content\/uploads\/2020\/10\/neuschwanstein-castle_johannes-krupinski-1400x2100.jpg 1400w, https:\/\/funkygermany.com\/wp-content\/uploads\/2020\/10\/neuschwanstein-castle_johannes-krupinski-scaled.jpg 1707w\" sizes=\"(max-width: 683px) 100vw, 683px\" \/><\/noscript><figcaption>Johannes Krupinski<\/figcaption><\/figure>\n\n\n\n<h2 class=\"wp-block-heading\" id=\"h-2-europa-park-rust\">#2: Europa-Park Rust<\/h2>\n\n\n\n<p>The amusement park <strong>\u201cEuropa-Park Rust\u201d<\/strong> lies in Germany\u2019s far south-west, between Freiburg im Breisgau and Offenburg, in one of the country\u2019s most sun-kissed regions. It\u2019s the largest theme park in the whole of German-speaking Europe, and is open all year around. No wonder it was ranked second place; there is no better day out for fans of fairground rides and rollercoasters. Whether you are looking for some family fun or serious adrenaline, Europa-Park Rust promises a tremendous time for young and old.<\/p>\n\n\n\n<figure class=\"wp-block-image size-large\"><img decoding=\"async\" width=\"683\" height=\"1024\" loading=\"lazy\" src=\"https:\/\/funkygermany.com\/wp-content\/uploads\/2020\/10\/europa-park-rust-sunset-683x1024.jpg\" alt=\"Rollercoaster during sunset in amusement park Europa Park Rust in Germany\" class=\"wp-image-5521\" srcset=\"https:\/\/funkygermany.com\/wp-content\/uploads\/2020\/10\/europa-park-rust-sunset-683x1024.jpg 683w, https:\/\/funkygermany.com\/wp-content\/uploads\/2020\/10\/europa-park-rust-sunset-200x300.jpg 200w, https:\/\/funkygermany.com\/wp-content\/uploads\/2020\/10\/europa-park-rust-sunset-883x1325.jpg 883w, https:\/\/funkygermany.com\/wp-content\/uploads\/2020\/10\/europa-park-rust-sunset-1024x1536.jpg 1024w, https:\/\/funkygermany.com\/wp-content\/uploads\/2020\/10\/europa-park-rust-sunset-1365x2048.jpg 1365w, https:\/\/funkygermany.com\/wp-content\/uploads\/2020\/10\/europa-park-rust-sunset-293x440.jpg 293w, https:\/\/funkygermany.com\/wp-content\/uploads\/2020\/10\/europa-park-rust-sunset-770x1155.jpg 770w, https:\/\/funkygermany.com\/wp-content\/uploads\/2020\/10\/europa-park-rust-sunset-1400x2100.jpg 1400w, https:\/\/funkygermany.com\/wp-content\/uploads\/2020\/10\/europa-park-rust-sunset-scaled.jpg 1707w\" sizes=\"auto, (max-width: 683px) 100vw, 683px\" \/><noscript><img decoding=\"async\" width=\"683\" height=\"1024\" src=\"https:\/\/funkygermany.com\/wp-content\/uploads\/2020\/10\/europa-park-rust-sunset-683x1024.jpg\" alt=\"Rollercoaster during sunset in amusement park Europa Park Rust in Germany\" class=\"wp-image-5521\" srcset=\"https:\/\/funkygermany.com\/wp-content\/uploads\/2020\/10\/europa-park-rust-sunset-683x1024.jpg 683w, https:\/\/funkygermany.com\/wp-content\/uploads\/2020\/10\/europa-park-rust-sunset-200x300.jpg 200w, https:\/\/funkygermany.com\/wp-content\/uploads\/2020\/10\/europa-park-rust-sunset-883x1325.jpg 883w, https:\/\/funkygermany.com\/wp-content\/uploads\/2020\/10\/europa-park-rust-sunset-1024x1536.jpg 1024w, https:\/\/funkygermany.com\/wp-content\/uploads\/2020\/10\/europa-park-rust-sunset-1365x2048.jpg 1365w, https:\/\/funkygermany.com\/wp-content\/uploads\/2020\/10\/europa-park-rust-sunset-293x440.jpg 293w, https:\/\/funkygermany.com\/wp-content\/uploads\/2020\/10\/europa-park-rust-sunset-770x1155.jpg 770w, https:\/\/funkygermany.com\/wp-content\/uploads\/2020\/10\/europa-park-rust-sunset-1400x2100.jpg 1400w, https:\/\/funkygermany.com\/wp-content\/uploads\/2020\/10\/europa-park-rust-sunset-scaled.jpg 1707w\" sizes=\"(max-width: 683px) 100vw, 683px\" \/><\/noscript><figcaption>Europa Park Rust<\/figcaption><\/figure>\n\n\n\n<h2 class=\"wp-block-heading\" id=\"h-1-miniatur-wunderland-hamburg\">#1: Miniatur Wunderland Hamburg<\/h2>\n\n\n\n<p>What started out as a hobby for \u201cWunderland\u2019s\u201d two founders, turned into the biggest model railway in the whole world. Visitors to this <strong>miniature wonderland<\/strong> embark on a lifelike journey across all kinds of landscapes and fantasy worlds. This incredible attraction seems to have left a lasting impression on visitors from abroad, who ranked this sight, in Hamburg\u2019s \u201cSpeicherstadt\u201d district, Germany\u2019s most popular tourist attraction \u2013 for the third time in a row!<\/p>\n\n\n\n<figure class=\"wp-block-image size-large\"><img decoding=\"async\" width=\"1024\" height=\"720\" loading=\"lazy\" src=\"https:\/\/funkygermany.com\/wp-content\/uploads\/2020\/10\/miniature-wonderland-hamburg_elbphi-columbushaus-b-night-1024x720.jpg\" alt=\"In the Miniature Wonderland since 2013: The famous Elbphilharmonie in Hamburg's HafenCity! \" class=\"wp-image-5523\" srcset=\"https:\/\/funkygermany.com\/wp-content\/uploads\/2020\/10\/miniature-wonderland-hamburg_elbphi-columbushaus-b-night-1024x720.jpg 1024w, https:\/\/funkygermany.com\/wp-content\/uploads\/2020\/10\/miniature-wonderland-hamburg_elbphi-columbushaus-b-night-300x211.jpg 300w, https:\/\/funkygermany.com\/wp-content\/uploads\/2020\/10\/miniature-wonderland-hamburg_elbphi-columbushaus-b-night-883x621.jpg 883w, https:\/\/funkygermany.com\/wp-content\/uploads\/2020\/10\/miniature-wonderland-hamburg_elbphi-columbushaus-b-night-1536x1080.jpg 1536w, https:\/\/funkygermany.com\/wp-content\/uploads\/2020\/10\/miniature-wonderland-hamburg_elbphi-columbushaus-b-night-293x206.jpg 293w, https:\/\/funkygermany.com\/wp-content\/uploads\/2020\/10\/miniature-wonderland-hamburg_elbphi-columbushaus-b-night-770x542.jpg 770w, https:\/\/funkygermany.com\/wp-content\/uploads\/2020\/10\/miniature-wonderland-hamburg_elbphi-columbushaus-b-night-1400x985.jpg 1400w, https:\/\/funkygermany.com\/wp-content\/uploads\/2020\/10\/miniature-wonderland-hamburg_elbphi-columbushaus-b-night.jpg 1750w\" sizes=\"auto, (max-width: 1024px) 100vw, 1024px\" \/><noscript><img decoding=\"async\" width=\"1024\" height=\"720\" src=\"https:\/\/funkygermany.com\/wp-content\/uploads\/2020\/10\/miniature-wonderland-hamburg_elbphi-columbushaus-b-night-1024x720.jpg\" alt=\"In the Miniature Wonderland since 2013: The famous Elbphilharmonie in Hamburg's HafenCity! \" class=\"wp-image-5523\" srcset=\"https:\/\/funkygermany.com\/wp-content\/uploads\/2020\/10\/miniature-wonderland-hamburg_elbphi-columbushaus-b-night-1024x720.jpg 1024w, https:\/\/funkygermany.com\/wp-content\/uploads\/2020\/10\/miniature-wonderland-hamburg_elbphi-columbushaus-b-night-300x211.jpg 300w, https:\/\/funkygermany.com\/wp-content\/uploads\/2020\/10\/miniature-wonderland-hamburg_elbphi-columbushaus-b-night-883x621.jpg 883w, https:\/\/funkygermany.com\/wp-content\/uploads\/2020\/10\/miniature-wonderland-hamburg_elbphi-columbushaus-b-night-1536x1080.jpg 1536w, https:\/\/funkygermany.com\/wp-content\/uploads\/2020\/10\/miniature-wonderland-hamburg_elbphi-columbushaus-b-night-293x206.jpg 293w, https:\/\/funkygermany.com\/wp-content\/uploads\/2020\/10\/miniature-wonderland-hamburg_elbphi-columbushaus-b-night-770x542.jpg 770w, https:\/\/funkygermany.com\/wp-content\/uploads\/2020\/10\/miniature-wonderland-hamburg_elbphi-columbushaus-b-night-1400x985.jpg 1400w, https:\/\/funkygermany.com\/wp-content\/uploads\/2020\/10\/miniature-wonderland-hamburg_elbphi-columbushaus-b-night.jpg 1750w\" sizes=\"(max-width: 1024px) 100vw, 1024px\" \/><\/noscript><figcaption>Miniatur Wunderland<\/figcaption><\/figure>\n","protected":false},"excerpt":{"rendered":"<p>Which attractions are most popular with tourists? These are the 15 most popular sightseeing spots in Germany. You will be surprised!<\/p>\n","protected":false},"author":3,"featured_media":5526,"comment_status":"closed","ping_status":"open","sticky":false,"template":"","format":"standard","meta":{"footnotes":""},"categories":[617],"tags":[673,1897],"class_list":["post-5483","post","type-post","status-publish","format-standard","has-post-thumbnail","hentry","category-inspirations","tag-highlight-en","tag-sightseeing-en"],"yoast_head":"<!-- This site is optimized with the Yoast SEO Premium plugin v27.3 (Yoast SEO v27.3) - https:\/\/yoast.com\/product\/yoast-seo-premium-wordpress\/ -->\n<title>Top 15: The most popular tourist attractions in Germany - funkyGERMANY<\/title>\n<meta name=\"description\" content=\"Which attractions are most popular with tourists? These are the 15 most popular tourist attractions in Germany. You will be surprised!\" \/>\n<meta name=\"robots\" content=\"index, follow, max-snippet:-1, max-image-preview:large, max-video-preview:-1\" \/>\n<link rel=\"canonical\" href=\"https:\/\/funkygermany.com\/en\/most-popular-tourist-attractions-in-germany\/\" \/>\n<meta property=\"og:locale\" content=\"en_US\" \/>\n<meta property=\"og:type\" content=\"article\" \/>\n<meta property=\"og:title\" content=\"Germany\u2019s Most Popular Sightseeing Spots\" \/>\n<meta property=\"og:description\" content=\"Which attractions are most popular with tourists? These are the 15 most popular sightseeing spots in Germany. You will be surprised!\" \/>\n<meta property=\"og:url\" content=\"https:\/\/funkygermany.com\/en\/most-popular-tourist-attractions-in-germany\/\" \/>\n<meta property=\"og:site_name\" content=\"funkyGERMANY\" \/>\n<meta property=\"article:publisher\" content=\"https:\/\/www.facebook.com\/funkyGERMANY\/\" \/>\n<meta property=\"article:published_time\" content=\"2020-10-23T07:25:00+00:00\" \/>\n<meta property=\"og:image\" content=\"https:\/\/funkygermany.com\/wp-content\/uploads\/2020\/10\/dresden-city-center_radek.jpg\" \/>\n\t<meta property=\"og:image:width\" content=\"1750\" \/>\n\t<meta property=\"og:image:height\" content=\"984\" \/>\n\t<meta property=\"og:image:type\" content=\"image\/jpeg\" \/>\n<meta name=\"author\" content=\"Jennifer Latuperisa-Andresen\" \/>\n<meta name=\"twitter:card\" content=\"summary_large_image\" \/>\n<meta name=\"twitter:creator\" content=\"@funky_germany\" \/>\n<meta name=\"twitter:site\" content=\"@funky_germany\" \/>\n<meta name=\"twitter:label1\" content=\"Written by\" \/>\n\t<meta name=\"twitter:data1\" content=\"Jennifer Latuperisa-Andresen\" \/>\n\t<meta name=\"twitter:label2\" content=\"Est. reading time\" \/>\n\t<meta name=\"twitter:data2\" content=\"6 minutes\" \/>\n<script type=\"application\/ld+json\" class=\"yoast-schema-graph\">{\"@context\":\"https:\\\/\\\/schema.org\",\"@graph\":[{\"@type\":\"Article\",\"@id\":\"https:\\\/\\\/funkygermany.com\\\/en\\\/most-popular-tourist-attractions-in-germany\\\/#article\",\"isPartOf\":{\"@id\":\"https:\\\/\\\/funkygermany.com\\\/en\\\/most-popular-tourist-attractions-in-germany\\\/\"},\"author\":{\"name\":\"Jennifer Latuperisa-Andresen\",\"@id\":\"https:\\\/\\\/funkygermany.com\\\/en\\\/#\\\/schema\\\/person\\\/926493d4087ea078bbb33cd8ec2f9437\"},\"headline\":\"Germany\u2019s Most Popular Sightseeing Spots\",\"datePublished\":\"2020-10-23T07:25:00+00:00\",\"mainEntityOfPage\":{\"@id\":\"https:\\\/\\\/funkygermany.com\\\/en\\\/most-popular-tourist-attractions-in-germany\\\/\"},\"wordCount\":1246,\"publisher\":{\"@id\":\"https:\\\/\\\/funkygermany.com\\\/en\\\/#organization\"},\"image\":{\"@id\":\"https:\\\/\\\/funkygermany.com\\\/en\\\/most-popular-tourist-attractions-in-germany\\\/#primaryimage\"},\"thumbnailUrl\":\"https:\\\/\\\/funkygermany.com\\\/wp-content\\\/uploads\\\/2020\\\/10\\\/dresden-city-center_radek.jpg\",\"keywords\":[\"Highlight\",\"Sightseeing\"],\"articleSection\":[\"Inspirations\"],\"inLanguage\":\"en-US\"},{\"@type\":\"WebPage\",\"@id\":\"https:\\\/\\\/funkygermany.com\\\/en\\\/most-popular-tourist-attractions-in-germany\\\/\",\"url\":\"https:\\\/\\\/funkygermany.com\\\/en\\\/most-popular-tourist-attractions-in-germany\\\/\",\"name\":\"Top 15: The most popular tourist attractions in Germany - funkyGERMANY\",\"isPartOf\":{\"@id\":\"https:\\\/\\\/funkygermany.com\\\/en\\\/#website\"},\"primaryImageOfPage\":{\"@id\":\"https:\\\/\\\/funkygermany.com\\\/en\\\/most-popular-tourist-attractions-in-germany\\\/#primaryimage\"},\"image\":{\"@id\":\"https:\\\/\\\/funkygermany.com\\\/en\\\/most-popular-tourist-attractions-in-germany\\\/#primaryimage\"},\"thumbnailUrl\":\"https:\\\/\\\/funkygermany.com\\\/wp-content\\\/uploads\\\/2020\\\/10\\\/dresden-city-center_radek.jpg\",\"datePublished\":\"2020-10-23T07:25:00+00:00\",\"description\":\"Which attractions are most popular with tourists? These are the 15 most popular tourist attractions in Germany. You will be surprised!\",\"breadcrumb\":{\"@id\":\"https:\\\/\\\/funkygermany.com\\\/en\\\/most-popular-tourist-attractions-in-germany\\\/#breadcrumb\"},\"inLanguage\":\"en-US\",\"potentialAction\":[{\"@type\":\"ReadAction\",\"target\":[\"https:\\\/\\\/funkygermany.com\\\/en\\\/most-popular-tourist-attractions-in-germany\\\/\"]}]},{\"@type\":\"ImageObject\",\"inLanguage\":\"en-US\",\"@id\":\"https:\\\/\\\/funkygermany.com\\\/en\\\/most-popular-tourist-attractions-in-germany\\\/#primaryimage\",\"url\":\"https:\\\/\\\/funkygermany.com\\\/wp-content\\\/uploads\\\/2020\\\/10\\\/dresden-city-center_radek.jpg\",\"contentUrl\":\"https:\\\/\\\/funkygermany.com\\\/wp-content\\\/uploads\\\/2020\\\/10\\\/dresden-city-center_radek.jpg\",\"width\":1750,\"height\":984,\"caption\":\"Radek\"},{\"@type\":\"BreadcrumbList\",\"@id\":\"https:\\\/\\\/funkygermany.com\\\/en\\\/most-popular-tourist-attractions-in-germany\\\/#breadcrumb\",\"itemListElement\":[{\"@type\":\"ListItem\",\"position\":1,\"name\":\"Homepage\",\"item\":\"https:\\\/\\\/funkygermany.com\\\/en\\\/\"},{\"@type\":\"ListItem\",\"position\":2,\"name\":\"Germany\u2019s Most Popular Sightseeing Spots\"}]},{\"@type\":\"WebSite\",\"@id\":\"https:\\\/\\\/funkygermany.com\\\/en\\\/#website\",\"url\":\"https:\\\/\\\/funkygermany.com\\\/en\\\/\",\"name\":\"funkyGERMANY\",\"description\":\"The Travel Site\",\"publisher\":{\"@id\":\"https:\\\/\\\/funkygermany.com\\\/en\\\/#organization\"},\"potentialAction\":[{\"@type\":\"SearchAction\",\"target\":{\"@type\":\"EntryPoint\",\"urlTemplate\":\"https:\\\/\\\/funkygermany.com\\\/en\\\/?s={search_term_string}\"},\"query-input\":{\"@type\":\"PropertyValueSpecification\",\"valueRequired\":true,\"valueName\":\"search_term_string\"}}],\"inLanguage\":\"en-US\"},{\"@type\":\"Organization\",\"@id\":\"https:\\\/\\\/funkygermany.com\\\/en\\\/#organization\",\"name\":\"funkyGERMANY\",\"url\":\"https:\\\/\\\/funkygermany.com\\\/en\\\/\",\"logo\":{\"@type\":\"ImageObject\",\"inLanguage\":\"en-US\",\"@id\":\"https:\\\/\\\/funkygermany.com\\\/en\\\/#\\\/schema\\\/logo\\\/image\\\/\",\"url\":\"\",\"contentUrl\":\"\",\"caption\":\"funkyGERMANY\"},\"image\":{\"@id\":\"https:\\\/\\\/funkygermany.com\\\/en\\\/#\\\/schema\\\/logo\\\/image\\\/\"},\"sameAs\":[\"https:\\\/\\\/www.facebook.com\\\/funkyGERMANY\\\/\",\"https:\\\/\\\/x.com\\\/funky_germany\",\"https:\\\/\\\/www.instagram.com\\\/funky.germany\\\/\"]},{\"@type\":\"Person\",\"@id\":\"https:\\\/\\\/funkygermany.com\\\/en\\\/#\\\/schema\\\/person\\\/926493d4087ea078bbb33cd8ec2f9437\",\"name\":\"Jennifer Latuperisa-Andresen\",\"image\":{\"@type\":\"ImageObject\",\"inLanguage\":\"en-US\",\"@id\":\"https:\\\/\\\/secure.gravatar.com\\\/avatar\\\/66db6e671d2a23803dcdbb3316e21c8bd0817077f3b672d0bc96484ecf9613bd?s=96&d=mm&r=g\",\"url\":\"https:\\\/\\\/secure.gravatar.com\\\/avatar\\\/66db6e671d2a23803dcdbb3316e21c8bd0817077f3b672d0bc96484ecf9613bd?s=96&d=mm&r=g\",\"contentUrl\":\"https:\\\/\\\/secure.gravatar.com\\\/avatar\\\/66db6e671d2a23803dcdbb3316e21c8bd0817077f3b672d0bc96484ecf9613bd?s=96&d=mm&r=g\",\"caption\":\"Jennifer Latuperisa-Andresen\"},\"description\":\"Jenny sch\u00e4tzt die majest\u00e4tische Kulisse der Alpen und liebt den rauen Norden. Ihre Wurzeln liegen im Ruhrgebiet, das sie als kulturell reizvoll empfindet. Sie hat als langj\u00e4hrige Chefredakteurin des Reisemagazins reisen EXCLUSIV viel von der Welt gesehen und findet es dennoch in ihrem heutigen Wohnort K\u00f6ln so sch\u00f6n lebensbejahend. Sie streift gerne durch Design-L\u00e4dchen, Flohm\u00e4rkte und Feinkostl\u00e4den. Unwiderstehlich findet sie Windbeutel mit Kirschen, Haselnusseis in der Waffel und einen Gin Tonic zum Sonnenuntergang. Alles instagrammable versteht sich.\",\"sameAs\":[\"https:\\\/\\\/www.instagram.com\\\/fraumuksch\\\/\"],\"url\":\"https:\\\/\\\/funkygermany.com\\\/en\\\/author\\\/jl_admin\\\/\"}]}<\/script>\n<!-- \/ Yoast SEO Premium plugin. -->","yoast_head_json":{"title":"Top 15: The most popular tourist attractions in Germany - funkyGERMANY","description":"Which attractions are most popular with tourists? These are the 15 most popular tourist attractions in Germany. You will be surprised!","robots":{"index":"index","follow":"follow","max-snippet":"max-snippet:-1","max-image-preview":"max-image-preview:large","max-video-preview":"max-video-preview:-1"},"canonical":"https:\/\/funkygermany.com\/en\/most-popular-tourist-attractions-in-germany\/","og_locale":"en_US","og_type":"article","og_title":"Germany\u2019s Most Popular Sightseeing Spots","og_description":"Which attractions are most popular with tourists? These are the 15 most popular sightseeing spots in Germany. You will be surprised!","og_url":"https:\/\/funkygermany.com\/en\/most-popular-tourist-attractions-in-germany\/","og_site_name":"funkyGERMANY","article_publisher":"https:\/\/www.facebook.com\/funkyGERMANY\/","article_published_time":"2020-10-23T07:25:00+00:00","og_image":[{"width":1750,"height":984,"url":"https:\/\/funkygermany.com\/wp-content\/uploads\/2020\/10\/dresden-city-center_radek.jpg","type":"image\/jpeg"}],"author":"Jennifer Latuperisa-Andresen","twitter_card":"summary_large_image","twitter_creator":"@funky_germany","twitter_site":"@funky_germany","twitter_misc":{"Written by":"Jennifer Latuperisa-Andresen","Est. reading time":"6 minutes"},"schema":{"@context":"https:\/\/schema.org","@graph":[{"@type":"Article","@id":"https:\/\/funkygermany.com\/en\/most-popular-tourist-attractions-in-germany\/#article","isPartOf":{"@id":"https:\/\/funkygermany.com\/en\/most-popular-tourist-attractions-in-germany\/"},"author":{"name":"Jennifer Latuperisa-Andresen","@id":"https:\/\/funkygermany.com\/en\/#\/schema\/person\/926493d4087ea078bbb33cd8ec2f9437"},"headline":"Germany\u2019s Most Popular Sightseeing Spots","datePublished":"2020-10-23T07:25:00+00:00","mainEntityOfPage":{"@id":"https:\/\/funkygermany.com\/en\/most-popular-tourist-attractions-in-germany\/"},"wordCount":1246,"publisher":{"@id":"https:\/\/funkygermany.com\/en\/#organization"},"image":{"@id":"https:\/\/funkygermany.com\/en\/most-popular-tourist-attractions-in-germany\/#primaryimage"},"thumbnailUrl":"https:\/\/funkygermany.com\/wp-content\/uploads\/2020\/10\/dresden-city-center_radek.jpg","keywords":["Highlight","Sightseeing"],"articleSection":["Inspirations"],"inLanguage":"en-US"},{"@type":"WebPage","@id":"https:\/\/funkygermany.com\/en\/most-popular-tourist-attractions-in-germany\/","url":"https:\/\/funkygermany.com\/en\/most-popular-tourist-attractions-in-germany\/","name":"Top 15: The most popular tourist attractions in Germany - funkyGERMANY","isPartOf":{"@id":"https:\/\/funkygermany.com\/en\/#website"},"primaryImageOfPage":{"@id":"https:\/\/funkygermany.com\/en\/most-popular-tourist-attractions-in-germany\/#primaryimage"},"image":{"@id":"https:\/\/funkygermany.com\/en\/most-popular-tourist-attractions-in-germany\/#primaryimage"},"thumbnailUrl":"https:\/\/funkygermany.com\/wp-content\/uploads\/2020\/10\/dresden-city-center_radek.jpg","datePublished":"2020-10-23T07:25:00+00:00","description":"Which attractions are most popular with tourists? These are the 15 most popular tourist attractions in Germany. You will be surprised!","breadcrumb":{"@id":"https:\/\/funkygermany.com\/en\/most-popular-tourist-attractions-in-germany\/#breadcrumb"},"inLanguage":"en-US","potentialAction":[{"@type":"ReadAction","target":["https:\/\/funkygermany.com\/en\/most-popular-tourist-attractions-in-germany\/"]}]},{"@type":"ImageObject","inLanguage":"en-US","@id":"https:\/\/funkygermany.com\/en\/most-popular-tourist-attractions-in-germany\/#primaryimage","url":"https:\/\/funkygermany.com\/wp-content\/uploads\/2020\/10\/dresden-city-center_radek.jpg","contentUrl":"https:\/\/funkygermany.com\/wp-content\/uploads\/2020\/10\/dresden-city-center_radek.jpg","width":1750,"height":984,"caption":"Radek"},{"@type":"BreadcrumbList","@id":"https:\/\/funkygermany.com\/en\/most-popular-tourist-attractions-in-germany\/#breadcrumb","itemListElement":[{"@type":"ListItem","position":1,"name":"Homepage","item":"https:\/\/funkygermany.com\/en\/"},{"@type":"ListItem","position":2,"name":"Germany\u2019s Most Popular Sightseeing Spots"}]},{"@type":"WebSite","@id":"https:\/\/funkygermany.com\/en\/#website","url":"https:\/\/funkygermany.com\/en\/","name":"funkyGERMANY","description":"The Travel Site","publisher":{"@id":"https:\/\/funkygermany.com\/en\/#organization"},"potentialAction":[{"@type":"SearchAction","target":{"@type":"EntryPoint","urlTemplate":"https:\/\/funkygermany.com\/en\/?s={search_term_string}"},"query-input":{"@type":"PropertyValueSpecification","valueRequired":true,"valueName":"search_term_string"}}],"inLanguage":"en-US"},{"@type":"Organization","@id":"https:\/\/funkygermany.com\/en\/#organization","name":"funkyGERMANY","url":"https:\/\/funkygermany.com\/en\/","logo":{"@type":"ImageObject","inLanguage":"en-US","@id":"https:\/\/funkygermany.com\/en\/#\/schema\/logo\/image\/","url":"","contentUrl":"","caption":"funkyGERMANY"},"image":{"@id":"https:\/\/funkygermany.com\/en\/#\/schema\/logo\/image\/"},"sameAs":["https:\/\/www.facebook.com\/funkyGERMANY\/","https:\/\/x.com\/funky_germany","https:\/\/www.instagram.com\/funky.germany\/"]},{"@type":"Person","@id":"https:\/\/funkygermany.com\/en\/#\/schema\/person\/926493d4087ea078bbb33cd8ec2f9437","name":"Jennifer Latuperisa-Andresen","image":{"@type":"ImageObject","inLanguage":"en-US","@id":"https:\/\/secure.gravatar.com\/avatar\/66db6e671d2a23803dcdbb3316e21c8bd0817077f3b672d0bc96484ecf9613bd?s=96&d=mm&r=g","url":"https:\/\/secure.gravatar.com\/avatar\/66db6e671d2a23803dcdbb3316e21c8bd0817077f3b672d0bc96484ecf9613bd?s=96&d=mm&r=g","contentUrl":"https:\/\/secure.gravatar.com\/avatar\/66db6e671d2a23803dcdbb3316e21c8bd0817077f3b672d0bc96484ecf9613bd?s=96&d=mm&r=g","caption":"Jennifer Latuperisa-Andresen"},"description":"Jenny sch\u00e4tzt die majest\u00e4tische Kulisse der Alpen und liebt den rauen Norden. Ihre Wurzeln liegen im Ruhrgebiet, das sie als kulturell reizvoll empfindet. Sie hat als langj\u00e4hrige Chefredakteurin des Reisemagazins reisen EXCLUSIV viel von der Welt gesehen und findet es dennoch in ihrem heutigen Wohnort K\u00f6ln so sch\u00f6n lebensbejahend. Sie streift gerne durch Design-L\u00e4dchen, Flohm\u00e4rkte und Feinkostl\u00e4den. Unwiderstehlich findet sie Windbeutel mit Kirschen, Haselnusseis in der Waffel und einen Gin Tonic zum Sonnenuntergang. Alles instagrammable versteht sich.","sameAs":["https:\/\/www.instagram.com\/fraumuksch\/"],"url":"https:\/\/funkygermany.com\/en\/author\/jl_admin\/"}]}},"_links":{"self":[{"href":"https:\/\/funkygermany.com\/en\/wp-json\/wp\/v2\/posts\/5483","targetHints":{"allow":["GET"]}}],"collection":[{"href":"https:\/\/funkygermany.com\/en\/wp-json\/wp\/v2\/posts"}],"about":[{"href":"https:\/\/funkygermany.com\/en\/wp-json\/wp\/v2\/types\/post"}],"author":[{"embeddable":true,"href":"https:\/\/funkygermany.com\/en\/wp-json\/wp\/v2\/users\/3"}],"replies":[{"embeddable":true,"href":"https:\/\/funkygermany.com\/en\/wp-json\/wp\/v2\/comments?post=5483"}],"version-history":[{"count":3,"href":"https:\/\/funkygermany.com\/en\/wp-json\/wp\/v2\/posts\/5483\/revisions"}],"predecessor-version":[{"id":5528,"href":"https:\/\/funkygermany.com\/en\/wp-json\/wp\/v2\/posts\/5483\/revisions\/5528"}],"wp:featuredmedia":[{"embeddable":true,"href":"https:\/\/funkygermany.com\/en\/wp-json\/wp\/v2\/media\/5526"}],"wp:attachment":[{"href":"https:\/\/funkygermany.com\/en\/wp-json\/wp\/v2\/media?parent=5483"}],"wp:term":[{"taxonomy":"category","embeddable":true,"href":"https:\/\/funkygermany.com\/en\/wp-json\/wp\/v2\/categories?post=5483"},{"taxonomy":"post_tag","embeddable":true,"href":"https:\/\/funkygermany.com\/en\/wp-json\/wp\/v2\/tags?post=5483"}],"curies":[{"name":"wp","href":"https:\/\/api.w.org\/{rel}","templated":true}]}}