{"id":5060,"date":"2020-08-18T08:03:00","date_gmt":"2020-08-18T06:03:00","guid":{"rendered":"https:\/\/funkygermany.com\/?p=5060"},"modified":"2020-07-10T09:16:27","modified_gmt":"2020-07-10T07:16:27","slug":"hiking-tip-the-ammergau-alps","status":"publish","type":"post","link":"https:\/\/funkygermany.com\/en\/hiking-tip-the-ammergau-alps\/","title":{"rendered":"Hiking Tip: The Ammergau Alps"},"content":{"rendered":"\n<p><strong>Whether it\u2019s due to deadline pressure, traffic jams or long lines at the supermarket<\/strong>:<strong>\u00a0everyday life can sometimes grind you down. That&#8217;s why it is all the more important to allow yourself a break now and then.\u00a0The best spot: The Ammergau Alps<\/strong>.<\/p>\n\n\n\n<p>How about a change of scenery, far away from the hectic pace of everyday life? If you\u2019re dreaming of a rolling landscape with high mountains, deep lakes, wide valleys, lush meadows and thick forests, you might be ready for our hiking tip. The region of the\u00a0<em><a href=\"https:\/\/funkygermany.com\/en\/farm-stay-vacation-in-bavaria\/\">Allg\u00e4u<\/a><\/em>\u00a0is a perfect tonic for stressed-out city-dwellers.<\/p>\n\n\n\n<h2 class=\"wp-block-heading\">Ammergau Alps: Bavaria&#8217;s largest nature reserve<\/h2>\n\n\n\n<p>It is also the location of the idyllic resort town of <strong>Halblech im Allg\u00e4u<\/strong>. The region offers its guests numerous opportunities for an active holiday. About 200 kilometres of well signposted <strong>hiking trails<\/strong> invite you to discover the scenic beauty of the Allg\u00e4u and to recharge your batteries. Experienced <em>Kraxlers<\/em> (the Bavarian name for hikers) get their money&#8217;s worth here, as do families with children. In addition some routes are even suitable for baby strollers.\u00a0<\/p>\n\n\n\n<figure class=\"wp-block-image size-large\"><a href=\"https:\/\/funkygermany.com\/wp-content\/uploads\/2020\/07\/lake-landscape-ammergebirge-bavaria.jpg\"><img decoding=\"async\" width=\"1024\" height=\"683\" loading=\"lazy\" src=\"https:\/\/funkygermany.com\/wp-content\/uploads\/2020\/07\/lake-landscape-ammergebirge-bavaria-1024x683.jpg\" alt=\"Lakescape in front of the Ammergau Alps in Halblech in Allg\u00e4u\" class=\"wp-image-3694\" srcset=\"https:\/\/funkygermany.com\/wp-content\/uploads\/2020\/07\/lake-landscape-ammergebirge-bavaria-1024x683.jpg 1024w, https:\/\/funkygermany.com\/wp-content\/uploads\/2020\/07\/lake-landscape-ammergebirge-bavaria-300x200.jpg 300w, https:\/\/funkygermany.com\/wp-content\/uploads\/2020\/07\/lake-landscape-ammergebirge-bavaria-883x589.jpg 883w, https:\/\/funkygermany.com\/wp-content\/uploads\/2020\/07\/lake-landscape-ammergebirge-bavaria-1536x1024.jpg 1536w, https:\/\/funkygermany.com\/wp-content\/uploads\/2020\/07\/lake-landscape-ammergebirge-bavaria-500x333.jpg 500w, https:\/\/funkygermany.com\/wp-content\/uploads\/2020\/07\/lake-landscape-ammergebirge-bavaria-370x247.jpg 370w, https:\/\/funkygermany.com\/wp-content\/uploads\/2020\/07\/lake-landscape-ammergebirge-bavaria-770x513.jpg 770w, https:\/\/funkygermany.com\/wp-content\/uploads\/2020\/07\/lake-landscape-ammergebirge-bavaria-1155x770.jpg 1155w, https:\/\/funkygermany.com\/wp-content\/uploads\/2020\/07\/lake-landscape-ammergebirge-bavaria-293x195.jpg 293w, https:\/\/funkygermany.com\/wp-content\/uploads\/2020\/07\/lake-landscape-ammergebirge-bavaria-1400x934.jpg 1400w, https:\/\/funkygermany.com\/wp-content\/uploads\/2020\/07\/lake-landscape-ammergebirge-bavaria.jpg 1750w\" sizes=\"auto, (max-width: 1024px) 100vw, 1024px\" \/><noscript><img decoding=\"async\" width=\"1024\" height=\"683\" src=\"https:\/\/funkygermany.com\/wp-content\/uploads\/2020\/07\/lake-landscape-ammergebirge-bavaria-1024x683.jpg\" alt=\"Lakescape in front of the Ammergau Alps in Halblech in Allg\u00e4u\" class=\"wp-image-3694\" srcset=\"https:\/\/funkygermany.com\/wp-content\/uploads\/2020\/07\/lake-landscape-ammergebirge-bavaria-1024x683.jpg 1024w, https:\/\/funkygermany.com\/wp-content\/uploads\/2020\/07\/lake-landscape-ammergebirge-bavaria-300x200.jpg 300w, https:\/\/funkygermany.com\/wp-content\/uploads\/2020\/07\/lake-landscape-ammergebirge-bavaria-883x589.jpg 883w, https:\/\/funkygermany.com\/wp-content\/uploads\/2020\/07\/lake-landscape-ammergebirge-bavaria-1536x1024.jpg 1536w, https:\/\/funkygermany.com\/wp-content\/uploads\/2020\/07\/lake-landscape-ammergebirge-bavaria-500x333.jpg 500w, https:\/\/funkygermany.com\/wp-content\/uploads\/2020\/07\/lake-landscape-ammergebirge-bavaria-370x247.jpg 370w, https:\/\/funkygermany.com\/wp-content\/uploads\/2020\/07\/lake-landscape-ammergebirge-bavaria-770x513.jpg 770w, https:\/\/funkygermany.com\/wp-content\/uploads\/2020\/07\/lake-landscape-ammergebirge-bavaria-1155x770.jpg 1155w, https:\/\/funkygermany.com\/wp-content\/uploads\/2020\/07\/lake-landscape-ammergebirge-bavaria-293x195.jpg 293w, https:\/\/funkygermany.com\/wp-content\/uploads\/2020\/07\/lake-landscape-ammergebirge-bavaria-1400x934.jpg 1400w, https:\/\/funkygermany.com\/wp-content\/uploads\/2020\/07\/lake-landscape-ammergebirge-bavaria.jpg 1750w\" sizes=\"(max-width: 1024px) 100vw, 1024px\" \/><\/noscript><\/a><figcaption>G\u00e4steinformation Halblech\/ Reiner G\u00f6hlich<\/figcaption><\/figure>\n\n\n\n<h2 class=\"wp-block-heading\">The Easy Way to Buchenberg<\/h2>\n\n\n\n<p>There\u2019s always an easier option\u2026 Non-hikers can take a chair-lift up the\u00a0<em>Buchenberg<\/em>\u00a0mountain or a shuttle bus to the\u00a0<em>Kenzenh\u00fctte<\/em>\u00a0lodge and reach the peak with a minimum of effort. However most visitors prefer to lace up their hiking boots and get out their walking sticks. Whether from the wide valley or the lofty heights, the panoramic view of <strong>the Ammergau Alps around the\u00a0<em>Geiselstein<\/em>\u00a0mountain <\/strong>(dubbed the <em>Allg\u00e4uer Matterhorn<\/em>) is breathtaking.\u00a0<\/p>\n\n\n<div class=\"inline-post clearfix\"><div class=\"see-also byline\">See Also<\/div><div id=\"block-wrap-13516\" class=\"block-wrap-native block-wrap block-wrap-23 block-css-13516 block-wrap-classic columns__m--1 elements-design-1 block-ani block-skin-0 tipi-box block-wrap-thumbnail ppl-m-1 clearfix\" data-id=\"13516\" data-base=\"0\"><div class=\"tipi-row-inner-style clearfix\"><div class=\"tipi-row-inner-box contents sticky--wrap\"><div class=\"block block-23 clearfix\"><article class=\"tipi-xs-12 clearfix with-fi ani-base tipi-xs-typo split-1 split-design-1 loop-0 preview-thumbnail preview-23 elements-design-1 post-3403 post type-post status-publish format-standard has-post-thumbnail hentry category-bavaria category-hotels-en tag-bavaria tag-hotel-en tag-mountains tag-wellness-en\" style=\"--animation-order:0\"><div class=\"preview-mini-wrap clearfix\"><div class=\"mask\"><a href=\"https:\/\/funkygermany.com\/en\/wellness-hotel-garmisch-patenkirchen-graseck\/\" class=\"mask-img\"><img decoding=\"async\" width=\"100\" height=\"100\" src=\"https:\/\/funkygermany.com\/wp-content\/uploads\/2020\/06\/nature-bavaria-das-graseck-100x100.jpg\" class=\"attachment-thumbnail size-thumbnail zeen-lazy-load-base zeen-lazy-load  wp-post-image\" alt=\"Hotel Das Graseck from outside in the middle of beautiful green countryside\" srcset=\"https:\/\/funkygermany.com\/wp-content\/uploads\/2020\/06\/nature-bavaria-das-graseck-100x100.jpg 100w, https:\/\/funkygermany.com\/wp-content\/uploads\/2020\/06\/nature-bavaria-das-graseck-293x293.jpg 293w, https:\/\/funkygermany.com\/wp-content\/uploads\/2020\/06\/nature-bavaria-das-graseck-390x390.jpg 390w, https:\/\/funkygermany.com\/wp-content\/uploads\/2020\/06\/nature-bavaria-das-graseck-585x585.jpg 585w, https:\/\/funkygermany.com\/wp-content\/uploads\/2020\/06\/nature-bavaria-das-graseck-900x900.jpg 900w\" sizes=\"auto, (max-width: 100px) 100vw, 100px\" loading=\"lazy\" \/><noscript><img decoding=\"async\" width=\"100\" height=\"100\" src=\"https:\/\/funkygermany.com\/wp-content\/uploads\/2020\/06\/nature-bavaria-das-graseck-100x100.jpg\" class=\"attachment-thumbnail size-thumbnail zeen-lazy-load-base zeen-lazy-load  wp-post-image\" alt=\"Hotel Das Graseck from outside in the middle of beautiful green countryside\" srcset=\"https:\/\/funkygermany.com\/wp-content\/uploads\/2020\/06\/nature-bavaria-das-graseck-100x100.jpg 100w, https:\/\/funkygermany.com\/wp-content\/uploads\/2020\/06\/nature-bavaria-das-graseck-293x293.jpg 293w, https:\/\/funkygermany.com\/wp-content\/uploads\/2020\/06\/nature-bavaria-das-graseck-390x390.jpg 390w, https:\/\/funkygermany.com\/wp-content\/uploads\/2020\/06\/nature-bavaria-das-graseck-585x585.jpg 585w, https:\/\/funkygermany.com\/wp-content\/uploads\/2020\/06\/nature-bavaria-das-graseck-900x900.jpg 900w\" sizes=\"auto, (max-width: 100px) 100vw, 100px\" loading=\"lazy\" \/><\/noscript><\/a><\/div><div class=\"meta\"><div class=\"byline byline-2 byline-cats-design-1\"><div class=\"byline-part cats\"><a href=\"https:\/\/funkygermany.com\/en\/stay\/hotels-en\/\" class=\"cat\">Hotels<\/a><\/div><span class=\"byline-part separator separator-date\">&middot;<\/span><span class=\"byline-part date\"><time class=\"entry-date published dateCreated flipboard-date\" datetime=\"2020-06-25T17:41:19+02:00\">25. June 2020<\/time><\/span><\/div><div class=\"title-wrap\"><h3 class=\"title\"><a href=\"https:\/\/funkygermany.com\/en\/wellness-hotel-garmisch-patenkirchen-graseck\/\">Healthy Pleasures in Hotel &#8220;Graseck&#8221; in Bavaria<\/a><\/h3><\/div><\/div><\/div><\/article><\/div><\/div><\/div><\/div><\/div>\n\n\n<h2 class=\"wp-block-heading\">Ammergau&#8217;s Hotspots<\/h2>\n\n\n\n<p><strong>Just a stone\u2019s throw away is <a href=\"https:\/\/www.neuschwanstein.de\/englisch\/tourist\/index.htm\" target=\"_blank\" aria-label=\"undefined (opens in a new tab)\" rel=\"noreferrer noopener nofollow\">Neuschwanstein Castle<\/a><\/strong>, the fairytale residence commissioned by the Bavarian king, Ludwig II. It now is a favourite destination for countless tourists from all over the world. Alongside the appealing combination of mountains and lakes, Halblech and the two adjoining villages of Buching and Trauchgau also offer royal history and an immersion in Bavarian traditions.<\/p>\n\n\n\n<figure class=\"wp-block-image size-large\"><img decoding=\"async\" width=\"1024\" height=\"576\" loading=\"lazy\" src=\"https:\/\/funkygermany.com\/wp-content\/uploads\/2020\/07\/neuschwanstein-castle-bavaria-1-1024x576.jpg\" alt=\"Neuschwanstein Castle between colourful treetops\" class=\"wp-image-3692\" srcset=\"https:\/\/funkygermany.com\/wp-content\/uploads\/2020\/07\/neuschwanstein-castle-bavaria-1-1024x576.jpg 1024w, https:\/\/funkygermany.com\/wp-content\/uploads\/2020\/07\/neuschwanstein-castle-bavaria-1-300x169.jpg 300w, https:\/\/funkygermany.com\/wp-content\/uploads\/2020\/07\/neuschwanstein-castle-bavaria-1-883x496.jpg 883w, https:\/\/funkygermany.com\/wp-content\/uploads\/2020\/07\/neuschwanstein-castle-bavaria-1-1536x864.jpg 1536w, https:\/\/funkygermany.com\/wp-content\/uploads\/2020\/07\/neuschwanstein-castle-bavaria-1-500x281.jpg 500w, https:\/\/funkygermany.com\/wp-content\/uploads\/2020\/07\/neuschwanstein-castle-bavaria-1-293x165.jpg 293w, https:\/\/funkygermany.com\/wp-content\/uploads\/2020\/07\/neuschwanstein-castle-bavaria-1-770x433.jpg 770w, https:\/\/funkygermany.com\/wp-content\/uploads\/2020\/07\/neuschwanstein-castle-bavaria-1-1400x787.jpg 1400w, https:\/\/funkygermany.com\/wp-content\/uploads\/2020\/07\/neuschwanstein-castle-bavaria-1.jpg 1750w\" sizes=\"auto, (max-width: 1024px) 100vw, 1024px\" \/><noscript><img decoding=\"async\" width=\"1024\" height=\"576\" src=\"https:\/\/funkygermany.com\/wp-content\/uploads\/2020\/07\/neuschwanstein-castle-bavaria-1-1024x576.jpg\" alt=\"Neuschwanstein Castle between colourful treetops\" class=\"wp-image-3692\" srcset=\"https:\/\/funkygermany.com\/wp-content\/uploads\/2020\/07\/neuschwanstein-castle-bavaria-1-1024x576.jpg 1024w, https:\/\/funkygermany.com\/wp-content\/uploads\/2020\/07\/neuschwanstein-castle-bavaria-1-300x169.jpg 300w, https:\/\/funkygermany.com\/wp-content\/uploads\/2020\/07\/neuschwanstein-castle-bavaria-1-883x496.jpg 883w, https:\/\/funkygermany.com\/wp-content\/uploads\/2020\/07\/neuschwanstein-castle-bavaria-1-1536x864.jpg 1536w, https:\/\/funkygermany.com\/wp-content\/uploads\/2020\/07\/neuschwanstein-castle-bavaria-1-500x281.jpg 500w, https:\/\/funkygermany.com\/wp-content\/uploads\/2020\/07\/neuschwanstein-castle-bavaria-1-293x165.jpg 293w, https:\/\/funkygermany.com\/wp-content\/uploads\/2020\/07\/neuschwanstein-castle-bavaria-1-770x433.jpg 770w, https:\/\/funkygermany.com\/wp-content\/uploads\/2020\/07\/neuschwanstein-castle-bavaria-1-1400x787.jpg 1400w, https:\/\/funkygermany.com\/wp-content\/uploads\/2020\/07\/neuschwanstein-castle-bavaria-1.jpg 1750w\" sizes=\"(max-width: 1024px) 100vw, 1024px\" \/><\/noscript><figcaption>G\u00e4steinformation Halblech\/ Reiner G\u00f6hlich<\/figcaption><\/figure>\n\n\n\n<p>In addition the lakes\u00a0<em>Forggensee<\/em>,\u00a0<em>Illasbergsee<\/em>\u00a0and\u00a0<em>Hegratsrieder See<\/em>\u00a0are spectacular, and a rightly popular with photographers and Instagrammers. In other words water sports enthusiasts can also find plenty of options here, especially in the summer months, with swimming, sailing, canoeing and fishing all available. Or just sit on the shore and let your soul wander. Either way, a place in, on or next to the cooling water is a perfect spot to relax. However also worth a look, and not far from Halblech, is <strong>the famous\u00a0<em>Wieskirche<\/em>\u00a0church<\/strong>, with its lavish rococo interior. And don\u2019t forget the <strong>historic old town of F\u00fcssen<\/strong>.<\/p>\n","protected":false},"excerpt":{"rendered":"<p>The Ammergau Alps in Bavarian landscape are a beautiful part of the Allg\u00e4u. It&#8217;s a perfect tonic for stressed-out city-dwellers.<\/p>\n","protected":false},"author":3,"featured_media":3696,"comment_status":"closed","ping_status":"open","sticky":false,"template":"","format":"standard","meta":{"footnotes":""},"categories":[625,651],"tags":[659,700,698],"class_list":["post-5060","post","type-post","status-publish","format-standard","has-post-thumbnail","hentry","category-bavaria","category-hiking","tag-bavaria","tag-hiking","tag-south"],"yoast_head":"<!-- This site is optimized with the Yoast SEO Premium plugin v27.3 (Yoast SEO v27.3) - https:\/\/yoast.com\/product\/yoast-seo-premium-wordpress\/ -->\n<title>Ammergau Alps: Our Hiking Tip in Bavaria - funkyGERMANY<\/title>\n<meta name=\"description\" content=\"The Ammergau Alps in Bavarian landscape are a beautiful part of the Allg\u00e4u. It&#039;s a perfect tonic for stressed-out city-dwellers.\" \/>\n<meta name=\"robots\" content=\"index, follow, max-snippet:-1, max-image-preview:large, max-video-preview:-1\" \/>\n<link rel=\"canonical\" href=\"https:\/\/funkygermany.com\/en\/hiking-tip-the-ammergau-alps\/\" \/>\n<meta property=\"og:locale\" content=\"en_US\" \/>\n<meta property=\"og:type\" content=\"article\" \/>\n<meta property=\"og:title\" content=\"Hiking Tip: The Ammergau Alps\" \/>\n<meta property=\"og:description\" content=\"The Ammergau Alps in Bavarian landscape are a beautiful part of the Allg\u00e4u. It&#039;s a perfect tonic for stressed-out city-dwellers.\" \/>\n<meta property=\"og:url\" content=\"https:\/\/funkygermany.com\/en\/hiking-tip-the-ammergau-alps\/\" \/>\n<meta property=\"og:site_name\" content=\"funkyGERMANY\" \/>\n<meta property=\"article:publisher\" content=\"https:\/\/www.facebook.com\/funkyGERMANY\/\" \/>\n<meta property=\"article:published_time\" content=\"2020-08-18T06:03:00+00:00\" \/>\n<meta property=\"og:image\" content=\"https:\/\/funkygermany.com\/wp-content\/uploads\/2020\/07\/mountain-in-ammergebirge-bavaria.jpg\" \/>\n\t<meta property=\"og:image:width\" content=\"1750\" \/>\n\t<meta property=\"og:image:height\" content=\"1167\" \/>\n\t<meta property=\"og:image:type\" content=\"image\/jpeg\" \/>\n<meta name=\"author\" content=\"Jennifer Latuperisa-Andresen\" \/>\n<meta name=\"twitter:card\" content=\"summary_large_image\" \/>\n<meta name=\"twitter:creator\" content=\"@funky_germany\" \/>\n<meta name=\"twitter:site\" content=\"@funky_germany\" \/>\n<meta name=\"twitter:label1\" content=\"Written by\" \/>\n\t<meta name=\"twitter:data1\" content=\"Jennifer Latuperisa-Andresen\" \/>\n\t<meta name=\"twitter:label2\" content=\"Est. reading time\" \/>\n\t<meta name=\"twitter:data2\" content=\"2 minutes\" \/>\n<script type=\"application\/ld+json\" class=\"yoast-schema-graph\">{\"@context\":\"https:\\\/\\\/schema.org\",\"@graph\":[{\"@type\":\"Article\",\"@id\":\"https:\\\/\\\/funkygermany.com\\\/en\\\/hiking-tip-the-ammergau-alps\\\/#article\",\"isPartOf\":{\"@id\":\"https:\\\/\\\/funkygermany.com\\\/en\\\/hiking-tip-the-ammergau-alps\\\/\"},\"author\":{\"name\":\"Jennifer Latuperisa-Andresen\",\"@id\":\"https:\\\/\\\/funkygermany.com\\\/en\\\/#\\\/schema\\\/person\\\/926493d4087ea078bbb33cd8ec2f9437\"},\"headline\":\"Hiking Tip: The Ammergau Alps\",\"datePublished\":\"2020-08-18T06:03:00+00:00\",\"mainEntityOfPage\":{\"@id\":\"https:\\\/\\\/funkygermany.com\\\/en\\\/hiking-tip-the-ammergau-alps\\\/\"},\"wordCount\":452,\"publisher\":{\"@id\":\"https:\\\/\\\/funkygermany.com\\\/en\\\/#organization\"},\"image\":{\"@id\":\"https:\\\/\\\/funkygermany.com\\\/en\\\/hiking-tip-the-ammergau-alps\\\/#primaryimage\"},\"thumbnailUrl\":\"https:\\\/\\\/funkygermany.com\\\/wp-content\\\/uploads\\\/2020\\\/07\\\/mountain-in-ammergebirge-bavaria.jpg\",\"keywords\":[\"Bavaria\",\"Hiking\",\"South\"],\"articleSection\":[\"Bavaria\",\"Hiking\"],\"inLanguage\":\"en-US\"},{\"@type\":\"WebPage\",\"@id\":\"https:\\\/\\\/funkygermany.com\\\/en\\\/hiking-tip-the-ammergau-alps\\\/\",\"url\":\"https:\\\/\\\/funkygermany.com\\\/en\\\/hiking-tip-the-ammergau-alps\\\/\",\"name\":\"Ammergau Alps: Our Hiking Tip in Bavaria - funkyGERMANY\",\"isPartOf\":{\"@id\":\"https:\\\/\\\/funkygermany.com\\\/en\\\/#website\"},\"primaryImageOfPage\":{\"@id\":\"https:\\\/\\\/funkygermany.com\\\/en\\\/hiking-tip-the-ammergau-alps\\\/#primaryimage\"},\"image\":{\"@id\":\"https:\\\/\\\/funkygermany.com\\\/en\\\/hiking-tip-the-ammergau-alps\\\/#primaryimage\"},\"thumbnailUrl\":\"https:\\\/\\\/funkygermany.com\\\/wp-content\\\/uploads\\\/2020\\\/07\\\/mountain-in-ammergebirge-bavaria.jpg\",\"datePublished\":\"2020-08-18T06:03:00+00:00\",\"description\":\"The Ammergau Alps in Bavarian landscape are a beautiful part of the Allg\u00e4u. It's a perfect tonic for stressed-out city-dwellers.\",\"breadcrumb\":{\"@id\":\"https:\\\/\\\/funkygermany.com\\\/en\\\/hiking-tip-the-ammergau-alps\\\/#breadcrumb\"},\"inLanguage\":\"en-US\",\"potentialAction\":[{\"@type\":\"ReadAction\",\"target\":[\"https:\\\/\\\/funkygermany.com\\\/en\\\/hiking-tip-the-ammergau-alps\\\/\"]}]},{\"@type\":\"ImageObject\",\"inLanguage\":\"en-US\",\"@id\":\"https:\\\/\\\/funkygermany.com\\\/en\\\/hiking-tip-the-ammergau-alps\\\/#primaryimage\",\"url\":\"https:\\\/\\\/funkygermany.com\\\/wp-content\\\/uploads\\\/2020\\\/07\\\/mountain-in-ammergebirge-bavaria.jpg\",\"contentUrl\":\"https:\\\/\\\/funkygermany.com\\\/wp-content\\\/uploads\\\/2020\\\/07\\\/mountain-in-ammergebirge-bavaria.jpg\",\"width\":1750,\"height\":1167,\"caption\":\"G\u00e4steinformation Halblech\\\/ Reiner G\u00f6hlich\"},{\"@type\":\"BreadcrumbList\",\"@id\":\"https:\\\/\\\/funkygermany.com\\\/en\\\/hiking-tip-the-ammergau-alps\\\/#breadcrumb\",\"itemListElement\":[{\"@type\":\"ListItem\",\"position\":1,\"name\":\"Homepage\",\"item\":\"https:\\\/\\\/funkygermany.com\\\/en\\\/\"},{\"@type\":\"ListItem\",\"position\":2,\"name\":\"Hiking Tip: The Ammergau Alps\"}]},{\"@type\":\"WebSite\",\"@id\":\"https:\\\/\\\/funkygermany.com\\\/en\\\/#website\",\"url\":\"https:\\\/\\\/funkygermany.com\\\/en\\\/\",\"name\":\"funkyGERMANY\",\"description\":\"The Travel Site\",\"publisher\":{\"@id\":\"https:\\\/\\\/funkygermany.com\\\/en\\\/#organization\"},\"potentialAction\":[{\"@type\":\"SearchAction\",\"target\":{\"@type\":\"EntryPoint\",\"urlTemplate\":\"https:\\\/\\\/funkygermany.com\\\/en\\\/?s={search_term_string}\"},\"query-input\":{\"@type\":\"PropertyValueSpecification\",\"valueRequired\":true,\"valueName\":\"search_term_string\"}}],\"inLanguage\":\"en-US\"},{\"@type\":\"Organization\",\"@id\":\"https:\\\/\\\/funkygermany.com\\\/en\\\/#organization\",\"name\":\"funkyGERMANY\",\"url\":\"https:\\\/\\\/funkygermany.com\\\/en\\\/\",\"logo\":{\"@type\":\"ImageObject\",\"inLanguage\":\"en-US\",\"@id\":\"https:\\\/\\\/funkygermany.com\\\/en\\\/#\\\/schema\\\/logo\\\/image\\\/\",\"url\":\"\",\"contentUrl\":\"\",\"caption\":\"funkyGERMANY\"},\"image\":{\"@id\":\"https:\\\/\\\/funkygermany.com\\\/en\\\/#\\\/schema\\\/logo\\\/image\\\/\"},\"sameAs\":[\"https:\\\/\\\/www.facebook.com\\\/funkyGERMANY\\\/\",\"https:\\\/\\\/x.com\\\/funky_germany\",\"https:\\\/\\\/www.instagram.com\\\/funky.germany\\\/\"]},{\"@type\":\"Person\",\"@id\":\"https:\\\/\\\/funkygermany.com\\\/en\\\/#\\\/schema\\\/person\\\/926493d4087ea078bbb33cd8ec2f9437\",\"name\":\"Jennifer Latuperisa-Andresen\",\"image\":{\"@type\":\"ImageObject\",\"inLanguage\":\"en-US\",\"@id\":\"https:\\\/\\\/secure.gravatar.com\\\/avatar\\\/66db6e671d2a23803dcdbb3316e21c8bd0817077f3b672d0bc96484ecf9613bd?s=96&d=mm&r=g\",\"url\":\"https:\\\/\\\/secure.gravatar.com\\\/avatar\\\/66db6e671d2a23803dcdbb3316e21c8bd0817077f3b672d0bc96484ecf9613bd?s=96&d=mm&r=g\",\"contentUrl\":\"https:\\\/\\\/secure.gravatar.com\\\/avatar\\\/66db6e671d2a23803dcdbb3316e21c8bd0817077f3b672d0bc96484ecf9613bd?s=96&d=mm&r=g\",\"caption\":\"Jennifer Latuperisa-Andresen\"},\"description\":\"Jenny sch\u00e4tzt die majest\u00e4tische Kulisse der Alpen und liebt den rauen Norden. Ihre Wurzeln liegen im Ruhrgebiet, das sie als kulturell reizvoll empfindet. Sie hat als langj\u00e4hrige Chefredakteurin des Reisemagazins reisen EXCLUSIV viel von der Welt gesehen und findet es dennoch in ihrem heutigen Wohnort K\u00f6ln so sch\u00f6n lebensbejahend. Sie streift gerne durch Design-L\u00e4dchen, Flohm\u00e4rkte und Feinkostl\u00e4den. Unwiderstehlich findet sie Windbeutel mit Kirschen, Haselnusseis in der Waffel und einen Gin Tonic zum Sonnenuntergang. Alles instagrammable versteht sich.\",\"sameAs\":[\"https:\\\/\\\/www.instagram.com\\\/fraumuksch\\\/\"],\"url\":\"https:\\\/\\\/funkygermany.com\\\/en\\\/author\\\/jl_admin\\\/\"}]}<\/script>\n<!-- \/ Yoast SEO Premium plugin. -->","yoast_head_json":{"title":"Ammergau Alps: Our Hiking Tip in Bavaria - funkyGERMANY","description":"The Ammergau Alps in Bavarian landscape are a beautiful part of the Allg\u00e4u. It's a perfect tonic for stressed-out city-dwellers.","robots":{"index":"index","follow":"follow","max-snippet":"max-snippet:-1","max-image-preview":"max-image-preview:large","max-video-preview":"max-video-preview:-1"},"canonical":"https:\/\/funkygermany.com\/en\/hiking-tip-the-ammergau-alps\/","og_locale":"en_US","og_type":"article","og_title":"Hiking Tip: The Ammergau Alps","og_description":"The Ammergau Alps in Bavarian landscape are a beautiful part of the Allg\u00e4u. It's a perfect tonic for stressed-out city-dwellers.","og_url":"https:\/\/funkygermany.com\/en\/hiking-tip-the-ammergau-alps\/","og_site_name":"funkyGERMANY","article_publisher":"https:\/\/www.facebook.com\/funkyGERMANY\/","article_published_time":"2020-08-18T06:03:00+00:00","og_image":[{"width":1750,"height":1167,"url":"https:\/\/funkygermany.com\/wp-content\/uploads\/2020\/07\/mountain-in-ammergebirge-bavaria.jpg","type":"image\/jpeg"}],"author":"Jennifer Latuperisa-Andresen","twitter_card":"summary_large_image","twitter_creator":"@funky_germany","twitter_site":"@funky_germany","twitter_misc":{"Written by":"Jennifer Latuperisa-Andresen","Est. reading time":"2 minutes"},"schema":{"@context":"https:\/\/schema.org","@graph":[{"@type":"Article","@id":"https:\/\/funkygermany.com\/en\/hiking-tip-the-ammergau-alps\/#article","isPartOf":{"@id":"https:\/\/funkygermany.com\/en\/hiking-tip-the-ammergau-alps\/"},"author":{"name":"Jennifer Latuperisa-Andresen","@id":"https:\/\/funkygermany.com\/en\/#\/schema\/person\/926493d4087ea078bbb33cd8ec2f9437"},"headline":"Hiking Tip: The Ammergau Alps","datePublished":"2020-08-18T06:03:00+00:00","mainEntityOfPage":{"@id":"https:\/\/funkygermany.com\/en\/hiking-tip-the-ammergau-alps\/"},"wordCount":452,"publisher":{"@id":"https:\/\/funkygermany.com\/en\/#organization"},"image":{"@id":"https:\/\/funkygermany.com\/en\/hiking-tip-the-ammergau-alps\/#primaryimage"},"thumbnailUrl":"https:\/\/funkygermany.com\/wp-content\/uploads\/2020\/07\/mountain-in-ammergebirge-bavaria.jpg","keywords":["Bavaria","Hiking","South"],"articleSection":["Bavaria","Hiking"],"inLanguage":"en-US"},{"@type":"WebPage","@id":"https:\/\/funkygermany.com\/en\/hiking-tip-the-ammergau-alps\/","url":"https:\/\/funkygermany.com\/en\/hiking-tip-the-ammergau-alps\/","name":"Ammergau Alps: Our Hiking Tip in Bavaria - funkyGERMANY","isPartOf":{"@id":"https:\/\/funkygermany.com\/en\/#website"},"primaryImageOfPage":{"@id":"https:\/\/funkygermany.com\/en\/hiking-tip-the-ammergau-alps\/#primaryimage"},"image":{"@id":"https:\/\/funkygermany.com\/en\/hiking-tip-the-ammergau-alps\/#primaryimage"},"thumbnailUrl":"https:\/\/funkygermany.com\/wp-content\/uploads\/2020\/07\/mountain-in-ammergebirge-bavaria.jpg","datePublished":"2020-08-18T06:03:00+00:00","description":"The Ammergau Alps in Bavarian landscape are a beautiful part of the Allg\u00e4u. It's a perfect tonic for stressed-out city-dwellers.","breadcrumb":{"@id":"https:\/\/funkygermany.com\/en\/hiking-tip-the-ammergau-alps\/#breadcrumb"},"inLanguage":"en-US","potentialAction":[{"@type":"ReadAction","target":["https:\/\/funkygermany.com\/en\/hiking-tip-the-ammergau-alps\/"]}]},{"@type":"ImageObject","inLanguage":"en-US","@id":"https:\/\/funkygermany.com\/en\/hiking-tip-the-ammergau-alps\/#primaryimage","url":"https:\/\/funkygermany.com\/wp-content\/uploads\/2020\/07\/mountain-in-ammergebirge-bavaria.jpg","contentUrl":"https:\/\/funkygermany.com\/wp-content\/uploads\/2020\/07\/mountain-in-ammergebirge-bavaria.jpg","width":1750,"height":1167,"caption":"G\u00e4steinformation Halblech\/ Reiner G\u00f6hlich"},{"@type":"BreadcrumbList","@id":"https:\/\/funkygermany.com\/en\/hiking-tip-the-ammergau-alps\/#breadcrumb","itemListElement":[{"@type":"ListItem","position":1,"name":"Homepage","item":"https:\/\/funkygermany.com\/en\/"},{"@type":"ListItem","position":2,"name":"Hiking Tip: The Ammergau Alps"}]},{"@type":"WebSite","@id":"https:\/\/funkygermany.com\/en\/#website","url":"https:\/\/funkygermany.com\/en\/","name":"funkyGERMANY","description":"The Travel Site","publisher":{"@id":"https:\/\/funkygermany.com\/en\/#organization"},"potentialAction":[{"@type":"SearchAction","target":{"@type":"EntryPoint","urlTemplate":"https:\/\/funkygermany.com\/en\/?s={search_term_string}"},"query-input":{"@type":"PropertyValueSpecification","valueRequired":true,"valueName":"search_term_string"}}],"inLanguage":"en-US"},{"@type":"Organization","@id":"https:\/\/funkygermany.com\/en\/#organization","name":"funkyGERMANY","url":"https:\/\/funkygermany.com\/en\/","logo":{"@type":"ImageObject","inLanguage":"en-US","@id":"https:\/\/funkygermany.com\/en\/#\/schema\/logo\/image\/","url":"","contentUrl":"","caption":"funkyGERMANY"},"image":{"@id":"https:\/\/funkygermany.com\/en\/#\/schema\/logo\/image\/"},"sameAs":["https:\/\/www.facebook.com\/funkyGERMANY\/","https:\/\/x.com\/funky_germany","https:\/\/www.instagram.com\/funky.germany\/"]},{"@type":"Person","@id":"https:\/\/funkygermany.com\/en\/#\/schema\/person\/926493d4087ea078bbb33cd8ec2f9437","name":"Jennifer Latuperisa-Andresen","image":{"@type":"ImageObject","inLanguage":"en-US","@id":"https:\/\/secure.gravatar.com\/avatar\/66db6e671d2a23803dcdbb3316e21c8bd0817077f3b672d0bc96484ecf9613bd?s=96&d=mm&r=g","url":"https:\/\/secure.gravatar.com\/avatar\/66db6e671d2a23803dcdbb3316e21c8bd0817077f3b672d0bc96484ecf9613bd?s=96&d=mm&r=g","contentUrl":"https:\/\/secure.gravatar.com\/avatar\/66db6e671d2a23803dcdbb3316e21c8bd0817077f3b672d0bc96484ecf9613bd?s=96&d=mm&r=g","caption":"Jennifer Latuperisa-Andresen"},"description":"Jenny sch\u00e4tzt die majest\u00e4tische Kulisse der Alpen und liebt den rauen Norden. Ihre Wurzeln liegen im Ruhrgebiet, das sie als kulturell reizvoll empfindet. Sie hat als langj\u00e4hrige Chefredakteurin des Reisemagazins reisen EXCLUSIV viel von der Welt gesehen und findet es dennoch in ihrem heutigen Wohnort K\u00f6ln so sch\u00f6n lebensbejahend. Sie streift gerne durch Design-L\u00e4dchen, Flohm\u00e4rkte und Feinkostl\u00e4den. Unwiderstehlich findet sie Windbeutel mit Kirschen, Haselnusseis in der Waffel und einen Gin Tonic zum Sonnenuntergang. Alles instagrammable versteht sich.","sameAs":["https:\/\/www.instagram.com\/fraumuksch\/"],"url":"https:\/\/funkygermany.com\/en\/author\/jl_admin\/"}]}},"_links":{"self":[{"href":"https:\/\/funkygermany.com\/en\/wp-json\/wp\/v2\/posts\/5060","targetHints":{"allow":["GET"]}}],"collection":[{"href":"https:\/\/funkygermany.com\/en\/wp-json\/wp\/v2\/posts"}],"about":[{"href":"https:\/\/funkygermany.com\/en\/wp-json\/wp\/v2\/types\/post"}],"author":[{"embeddable":true,"href":"https:\/\/funkygermany.com\/en\/wp-json\/wp\/v2\/users\/3"}],"replies":[{"embeddable":true,"href":"https:\/\/funkygermany.com\/en\/wp-json\/wp\/v2\/comments?post=5060"}],"version-history":[{"count":4,"href":"https:\/\/funkygermany.com\/en\/wp-json\/wp\/v2\/posts\/5060\/revisions"}],"predecessor-version":[{"id":5072,"href":"https:\/\/funkygermany.com\/en\/wp-json\/wp\/v2\/posts\/5060\/revisions\/5072"}],"wp:featuredmedia":[{"embeddable":true,"href":"https:\/\/funkygermany.com\/en\/wp-json\/wp\/v2\/media\/3696"}],"wp:attachment":[{"href":"https:\/\/funkygermany.com\/en\/wp-json\/wp\/v2\/media?parent=5060"}],"wp:term":[{"taxonomy":"category","embeddable":true,"href":"https:\/\/funkygermany.com\/en\/wp-json\/wp\/v2\/categories?post=5060"},{"taxonomy":"post_tag","embeddable":true,"href":"https:\/\/funkygermany.com\/en\/wp-json\/wp\/v2\/tags?post=5060"}],"curies":[{"name":"wp","href":"https:\/\/api.w.org\/{rel}","templated":true}]}}