{"id":20986,"date":"2026-09-04T11:22:07","date_gmt":"2026-09-04T09:22:07","guid":{"rendered":"https:\/\/funkygermany.com\/?p=20986"},"modified":"2026-09-04T11:22:09","modified_gmt":"2026-09-04T09:22:09","slug":"oktoberfest-munich-what-to-know","status":"publish","type":"post","link":"https:\/\/funkygermany.com\/en\/oktoberfest-munich-what-to-know\/","title":{"rendered":"Oktoberfest 2026: Everything You Need to Know About the &#8220;Wiesn&#8221;"},"content":{"rendered":"\n<p class=\"wp-block-paragraph\"><strong>When the Oktoberfest comes around, all of Munich pulls on &#8220;Lederhosen&#8221; and &#8220;Dirndl&#8221;. In 2026 the fun runs from 19 September to 4 October. Here is everything worth knowing about Germany&#8217;s biggest &#8220;Volksfest&#8221;.<\/strong><\/p>\n\n\n\n<h2 id=\"h-seven-million-visitors-40-beer-tents-the-oktoberfest-in-numbers\" class=\"wp-block-heading\">Seven Million Visitors, 40 Beer Tents: The Oktoberfest in Numbers<\/h2>\n\n\n\n<p class=\"wp-block-paragraph\">With more than 7 million visitors (2023 figure), the Oktoberfest counts as the <strong>biggest &#8220;Volksfest&#8221;<\/strong> in Germany and possibly in the world. It all happens right in the middle of Munich, on a big open square called the &#8220;Theresienwiese&#8221;. Bavarian tradition, music, food and a great deal of beer are what it revolves around. Almost 40 beer tents go up on the &#8220;Theresienwiese&#8221;, and inside them the waitresses carry the beer to the tables in one-litre steins called a &#8220;Ma\u00df&#8221;, up to ten of them at once.<\/p>\n\n\n\n<figure class=\"wp-block-image size-large\"><a href=\"https:\/\/funkygermany.com\/wp-content\/uploads\/2026\/09\/two-women-in-dirndl-walking-past-a-fairground-ride-jan-saurer-muenchen-tourismus.jpg\"><img decoding=\"async\" width=\"1024\" height=\"683\" loading=\"lazy\" src=\"https:\/\/funkygermany.com\/wp-content\/uploads\/2026\/09\/two-women-in-dirndl-walking-past-a-fairground-ride-jan-saurer-muenchen-tourismus-1024x683.jpg\" alt=\"Two smiling women in dirndl walk across the fairground, with a chain carousel turning behind them.\" class=\"wp-image-20959\" srcset=\"https:\/\/funkygermany.com\/wp-content\/uploads\/2026\/09\/two-women-in-dirndl-walking-past-a-fairground-ride-jan-saurer-muenchen-tourismus-1024x683.jpg 1024w, https:\/\/funkygermany.com\/wp-content\/uploads\/2026\/09\/two-women-in-dirndl-walking-past-a-fairground-ride-jan-saurer-muenchen-tourismus-300x200.jpg 300w, https:\/\/funkygermany.com\/wp-content\/uploads\/2026\/09\/two-women-in-dirndl-walking-past-a-fairground-ride-jan-saurer-muenchen-tourismus-883x589.jpg 883w, https:\/\/funkygermany.com\/wp-content\/uploads\/2026\/09\/two-women-in-dirndl-walking-past-a-fairground-ride-jan-saurer-muenchen-tourismus-1536x1024.jpg 1536w, https:\/\/funkygermany.com\/wp-content\/uploads\/2026\/09\/two-women-in-dirndl-walking-past-a-fairground-ride-jan-saurer-muenchen-tourismus-1155x770.jpg 1155w, https:\/\/funkygermany.com\/wp-content\/uploads\/2026\/09\/two-women-in-dirndl-walking-past-a-fairground-ride-jan-saurer-muenchen-tourismus-370x247.jpg 370w, https:\/\/funkygermany.com\/wp-content\/uploads\/2026\/09\/two-women-in-dirndl-walking-past-a-fairground-ride-jan-saurer-muenchen-tourismus-770x513.jpg 770w, https:\/\/funkygermany.com\/wp-content\/uploads\/2026\/09\/two-women-in-dirndl-walking-past-a-fairground-ride-jan-saurer-muenchen-tourismus-293x195.jpg 293w, https:\/\/funkygermany.com\/wp-content\/uploads\/2026\/09\/two-women-in-dirndl-walking-past-a-fairground-ride-jan-saurer-muenchen-tourismus-1400x934.jpg 1400w, https:\/\/funkygermany.com\/wp-content\/uploads\/2026\/09\/two-women-in-dirndl-walking-past-a-fairground-ride-jan-saurer-muenchen-tourismus-1320x880.jpg 1320w, https:\/\/funkygermany.com\/wp-content\/uploads\/2026\/09\/two-women-in-dirndl-walking-past-a-fairground-ride-jan-saurer-muenchen-tourismus.jpg 1750w\" sizes=\"auto, (max-width: 1024px) 100vw, 1024px\" \/><noscript><img decoding=\"async\" width=\"1024\" height=\"683\" src=\"https:\/\/funkygermany.com\/wp-content\/uploads\/2026\/09\/two-women-in-dirndl-walking-past-a-fairground-ride-jan-saurer-muenchen-tourismus-1024x683.jpg\" alt=\"Two smiling women in dirndl walk across the fairground, with a chain carousel turning behind them.\" class=\"wp-image-20959\" srcset=\"https:\/\/funkygermany.com\/wp-content\/uploads\/2026\/09\/two-women-in-dirndl-walking-past-a-fairground-ride-jan-saurer-muenchen-tourismus-1024x683.jpg 1024w, https:\/\/funkygermany.com\/wp-content\/uploads\/2026\/09\/two-women-in-dirndl-walking-past-a-fairground-ride-jan-saurer-muenchen-tourismus-300x200.jpg 300w, https:\/\/funkygermany.com\/wp-content\/uploads\/2026\/09\/two-women-in-dirndl-walking-past-a-fairground-ride-jan-saurer-muenchen-tourismus-883x589.jpg 883w, https:\/\/funkygermany.com\/wp-content\/uploads\/2026\/09\/two-women-in-dirndl-walking-past-a-fairground-ride-jan-saurer-muenchen-tourismus-1536x1024.jpg 1536w, https:\/\/funkygermany.com\/wp-content\/uploads\/2026\/09\/two-women-in-dirndl-walking-past-a-fairground-ride-jan-saurer-muenchen-tourismus-1155x770.jpg 1155w, https:\/\/funkygermany.com\/wp-content\/uploads\/2026\/09\/two-women-in-dirndl-walking-past-a-fairground-ride-jan-saurer-muenchen-tourismus-370x247.jpg 370w, https:\/\/funkygermany.com\/wp-content\/uploads\/2026\/09\/two-women-in-dirndl-walking-past-a-fairground-ride-jan-saurer-muenchen-tourismus-770x513.jpg 770w, https:\/\/funkygermany.com\/wp-content\/uploads\/2026\/09\/two-women-in-dirndl-walking-past-a-fairground-ride-jan-saurer-muenchen-tourismus-293x195.jpg 293w, https:\/\/funkygermany.com\/wp-content\/uploads\/2026\/09\/two-women-in-dirndl-walking-past-a-fairground-ride-jan-saurer-muenchen-tourismus-1400x934.jpg 1400w, https:\/\/funkygermany.com\/wp-content\/uploads\/2026\/09\/two-women-in-dirndl-walking-past-a-fairground-ride-jan-saurer-muenchen-tourismus-1320x880.jpg 1320w, https:\/\/funkygermany.com\/wp-content\/uploads\/2026\/09\/two-women-in-dirndl-walking-past-a-fairground-ride-jan-saurer-muenchen-tourismus.jpg 1750w\" sizes=\"(max-width: 1024px) 100vw, 1024px\" \/><\/noscript><\/a><figcaption class=\"wp-element-caption\">Image: Jan Saurer \/ M\u00fcnchen Tourismus<\/figcaption><\/figure>\n\n\n\n<h2 class=\"wp-block-heading\">Free Entry, No Guaranteed Seat: Getting Into an Oktoberfest Tent<\/h2>\n\n\n\n<p class=\"wp-block-paragraph\">The Oktoberfest 2026 runs <strong>from 19 September to 4 October<\/strong>. On Saturdays, Sundays and on 3 October the &#8220;Theresienwiese&#8221; opens at 9 a.m., during the week at 10 a.m. <strong>Entry is free<\/strong>, hooray. (3 October is German Unity Day, a national public holiday, which is why it gets the weekend treatment.) &#8220;Lederhosen&#8221; and &#8220;Dirndl&#8221; are not compulsory, though the authentic feeling is hard to get without them.<\/p>\n\n\n\n<p class=\"wp-block-paragraph\">Anyone who wants a seat in one of the tents should either <strong>book ahead<\/strong>, especially at the weekend, or turn up on the grounds <strong>early<\/strong> and claim a spot. Most tents keep a number of tables free for guests without a reservation. Those tables go fast.<\/p>\n\n\n<div class=\"inline-post clearfix\"><div class=\"see-also byline\">See Also<\/div><div id=\"block-wrap-35530\" class=\"block-wrap-native block-wrap block-wrap-23 block-css-35530 block-wrap-classic columns__m--1 elements-design-1 block-ani block-skin-0 tipi-box block-wrap-thumbnail ppl-m-1 clearfix\" data-id=\"35530\" data-base=\"0\"><div class=\"tipi-row-inner-style clearfix\"><div class=\"tipi-row-inner-box contents sticky--wrap\"><div class=\"block block-23 clearfix\"><article class=\"tipi-xs-12 clearfix with-fi ani-base tipi-xs-typo split-1 split-design-1 loop-0 preview-thumbnail preview-23 elements-design-1 post-11623 post type-post status-publish format-standard has-post-thumbnail hentry category-culinary-travels tag-beer tag-culinary tag-tradition-en\" style=\"--animation-order:0\"><div class=\"preview-mini-wrap clearfix\"><div class=\"mask\"><a href=\"https:\/\/funkygermany.com\/en\/facts-about-german-beer\/\" class=\"mask-img\"><img decoding=\"async\" width=\"100\" height=\"100\" src=\"https:\/\/funkygermany.com\/wp-content\/uploads\/2022\/08\/german-beer-augustiner-glass-beer-garden-max-kratzer-unsplash-100x100.jpg\" class=\"attachment-thumbnail size-thumbnail zeen-lazy-load-base zeen-lazy-load  wp-post-image\" alt=\"A half full glass of beer with the logo of the Augustiner brewery on the side. It stands on a wooden table, in the background can be seen a beer garden\" srcset=\"https:\/\/funkygermany.com\/wp-content\/uploads\/2022\/08\/german-beer-augustiner-glass-beer-garden-max-kratzer-unsplash-100x100.jpg 100w, https:\/\/funkygermany.com\/wp-content\/uploads\/2022\/08\/german-beer-augustiner-glass-beer-garden-max-kratzer-unsplash-293x293.jpg 293w, https:\/\/funkygermany.com\/wp-content\/uploads\/2022\/08\/german-beer-augustiner-glass-beer-garden-max-kratzer-unsplash-390x390.jpg 390w, https:\/\/funkygermany.com\/wp-content\/uploads\/2022\/08\/german-beer-augustiner-glass-beer-garden-max-kratzer-unsplash-585x585.jpg 585w, https:\/\/funkygermany.com\/wp-content\/uploads\/2022\/08\/german-beer-augustiner-glass-beer-garden-max-kratzer-unsplash-900x900.jpg 900w\" sizes=\"auto, (max-width: 100px) 100vw, 100px\" loading=\"lazy\" \/><noscript><img decoding=\"async\" width=\"100\" height=\"100\" src=\"https:\/\/funkygermany.com\/wp-content\/uploads\/2022\/08\/german-beer-augustiner-glass-beer-garden-max-kratzer-unsplash-100x100.jpg\" class=\"attachment-thumbnail size-thumbnail zeen-lazy-load-base zeen-lazy-load  wp-post-image\" alt=\"A half full glass of beer with the logo of the Augustiner brewery on the side. It stands on a wooden table, in the background can be seen a beer garden\" srcset=\"https:\/\/funkygermany.com\/wp-content\/uploads\/2022\/08\/german-beer-augustiner-glass-beer-garden-max-kratzer-unsplash-100x100.jpg 100w, https:\/\/funkygermany.com\/wp-content\/uploads\/2022\/08\/german-beer-augustiner-glass-beer-garden-max-kratzer-unsplash-293x293.jpg 293w, https:\/\/funkygermany.com\/wp-content\/uploads\/2022\/08\/german-beer-augustiner-glass-beer-garden-max-kratzer-unsplash-390x390.jpg 390w, https:\/\/funkygermany.com\/wp-content\/uploads\/2022\/08\/german-beer-augustiner-glass-beer-garden-max-kratzer-unsplash-585x585.jpg 585w, https:\/\/funkygermany.com\/wp-content\/uploads\/2022\/08\/german-beer-augustiner-glass-beer-garden-max-kratzer-unsplash-900x900.jpg 900w\" sizes=\"auto, (max-width: 100px) 100vw, 100px\" loading=\"lazy\" \/><\/noscript><\/a><\/div><div class=\"meta\"><div class=\"byline byline-2 byline-cats-design-1\"><div class=\"byline-part cats\"><a href=\"https:\/\/funkygermany.com\/en\/food-en\/culinary-travels\/\" class=\"cat\">Culinary Travels<\/a><\/div><span class=\"byline-part separator separator-date\">&middot;<\/span><span class=\"byline-part date\"><time class=\"entry-date published dateCreated flipboard-date\" datetime=\"2025-07-04T09:03:00+02:00\">4. July 2025<\/time><\/span><\/div><div class=\"title-wrap\"><h3 class=\"title\"><a href=\"https:\/\/funkygermany.com\/en\/facts-about-german-beer\/\">Everything You Always Wanted to Know About German Beer\u00a0<\/a><\/h3><\/div><\/div><\/div><\/article><\/div><\/div><\/div><\/div><\/div>\n\n\n<h2 class=\"wp-block-heading\">Why the Oktoberfest Mostly Takes Place in September<\/h2>\n\n\n\n<p class=\"wp-block-paragraph\">If you do not know the festival, the calendar may make you rub your eyes: the longest part of the Oktoberfest happens in <strong>September<\/strong>. So where does the name come from? History has the answer.<\/p>\n\n\n\n<p class=\"wp-block-paragraph\">The very first Oktoberfest really was held in October. The occasion was the <strong>wedding of the Bavarian crown prince Ludwig and Princess Therese von Sachsen-Hildburghausen<\/strong> on 12 October 1810. A high point of the celebrations was a horse race on 17 October, held on a meadow outside the city gates that would carry the princess&#8217;s name from then on: the &#8220;Theresienwiese&#8221; (Therese&#8217;s meadow).<\/p>\n\n\n\n<figure class=\"wp-block-image size-large\"><a href=\"https:\/\/funkygermany.com\/wp-content\/uploads\/2026\/09\/illuminated-oktoberfest-grounds-with-ferris-wheel-at-night-tommy-loesch-muenchen-tourismus-1.jpg\"><img decoding=\"async\" width=\"1024\" height=\"641\" loading=\"lazy\" src=\"https:\/\/funkygermany.com\/wp-content\/uploads\/2026\/09\/illuminated-oktoberfest-grounds-with-ferris-wheel-at-night-tommy-loesch-muenchen-tourismus-1-1024x641.jpg\" alt=\"View across the illuminated Oktoberfest grounds at night, with the ferris wheel, carousels and festival tents.\" class=\"wp-image-20961\" srcset=\"https:\/\/funkygermany.com\/wp-content\/uploads\/2026\/09\/illuminated-oktoberfest-grounds-with-ferris-wheel-at-night-tommy-loesch-muenchen-tourismus-1-1024x641.jpg 1024w, https:\/\/funkygermany.com\/wp-content\/uploads\/2026\/09\/illuminated-oktoberfest-grounds-with-ferris-wheel-at-night-tommy-loesch-muenchen-tourismus-1-300x188.jpg 300w, https:\/\/funkygermany.com\/wp-content\/uploads\/2026\/09\/illuminated-oktoberfest-grounds-with-ferris-wheel-at-night-tommy-loesch-muenchen-tourismus-1-883x553.jpg 883w, https:\/\/funkygermany.com\/wp-content\/uploads\/2026\/09\/illuminated-oktoberfest-grounds-with-ferris-wheel-at-night-tommy-loesch-muenchen-tourismus-1-1536x962.jpg 1536w, https:\/\/funkygermany.com\/wp-content\/uploads\/2026\/09\/illuminated-oktoberfest-grounds-with-ferris-wheel-at-night-tommy-loesch-muenchen-tourismus-1-293x184.jpg 293w, https:\/\/funkygermany.com\/wp-content\/uploads\/2026\/09\/illuminated-oktoberfest-grounds-with-ferris-wheel-at-night-tommy-loesch-muenchen-tourismus-1-770x482.jpg 770w, https:\/\/funkygermany.com\/wp-content\/uploads\/2026\/09\/illuminated-oktoberfest-grounds-with-ferris-wheel-at-night-tommy-loesch-muenchen-tourismus-1-1400x877.jpg 1400w, https:\/\/funkygermany.com\/wp-content\/uploads\/2026\/09\/illuminated-oktoberfest-grounds-with-ferris-wheel-at-night-tommy-loesch-muenchen-tourismus-1-1320x827.jpg 1320w, https:\/\/funkygermany.com\/wp-content\/uploads\/2026\/09\/illuminated-oktoberfest-grounds-with-ferris-wheel-at-night-tommy-loesch-muenchen-tourismus-1.jpg 1750w\" sizes=\"auto, (max-width: 1024px) 100vw, 1024px\" \/><noscript><img decoding=\"async\" width=\"1024\" height=\"641\" src=\"https:\/\/funkygermany.com\/wp-content\/uploads\/2026\/09\/illuminated-oktoberfest-grounds-with-ferris-wheel-at-night-tommy-loesch-muenchen-tourismus-1-1024x641.jpg\" alt=\"View across the illuminated Oktoberfest grounds at night, with the ferris wheel, carousels and festival tents.\" class=\"wp-image-20961\" srcset=\"https:\/\/funkygermany.com\/wp-content\/uploads\/2026\/09\/illuminated-oktoberfest-grounds-with-ferris-wheel-at-night-tommy-loesch-muenchen-tourismus-1-1024x641.jpg 1024w, https:\/\/funkygermany.com\/wp-content\/uploads\/2026\/09\/illuminated-oktoberfest-grounds-with-ferris-wheel-at-night-tommy-loesch-muenchen-tourismus-1-300x188.jpg 300w, https:\/\/funkygermany.com\/wp-content\/uploads\/2026\/09\/illuminated-oktoberfest-grounds-with-ferris-wheel-at-night-tommy-loesch-muenchen-tourismus-1-883x553.jpg 883w, https:\/\/funkygermany.com\/wp-content\/uploads\/2026\/09\/illuminated-oktoberfest-grounds-with-ferris-wheel-at-night-tommy-loesch-muenchen-tourismus-1-1536x962.jpg 1536w, https:\/\/funkygermany.com\/wp-content\/uploads\/2026\/09\/illuminated-oktoberfest-grounds-with-ferris-wheel-at-night-tommy-loesch-muenchen-tourismus-1-293x184.jpg 293w, https:\/\/funkygermany.com\/wp-content\/uploads\/2026\/09\/illuminated-oktoberfest-grounds-with-ferris-wheel-at-night-tommy-loesch-muenchen-tourismus-1-770x482.jpg 770w, https:\/\/funkygermany.com\/wp-content\/uploads\/2026\/09\/illuminated-oktoberfest-grounds-with-ferris-wheel-at-night-tommy-loesch-muenchen-tourismus-1-1400x877.jpg 1400w, https:\/\/funkygermany.com\/wp-content\/uploads\/2026\/09\/illuminated-oktoberfest-grounds-with-ferris-wheel-at-night-tommy-loesch-muenchen-tourismus-1-1320x827.jpg 1320w, https:\/\/funkygermany.com\/wp-content\/uploads\/2026\/09\/illuminated-oktoberfest-grounds-with-ferris-wheel-at-night-tommy-loesch-muenchen-tourismus-1.jpg 1750w\" sizes=\"(max-width: 1024px) 100vw, 1024px\" \/><\/noscript><\/a><figcaption class=\"wp-element-caption\">Image: Tommy Loesch \/ M\u00fcnchen Tourismus<\/figcaption><\/figure>\n\n\n\n<p class=\"wp-block-paragraph\">The race proved so popular that it quickly became a fixture in the Munich calendar, and fairground rides, food stalls and beer stands were soon added. The festival also grew longer, and from 1872 it opened as early as September to make better use of the <strong>warm late-summer weather<\/strong>. Today it traditionally starts on the Saturday after 15 September and ends on the first weekend in October.<\/p>\n\n\n\n<h2 class=\"wp-block-heading\">From the Keg Tapping to the Gun Salute: The Fixed Dates of the Oktoberfest<\/h2>\n\n\n\n<p class=\"wp-block-paragraph\">The two-and-a-bit weeks of the Oktoberfest are packed with a varied programme, almost 40 beer tents and, of course, plenty of beer. Over the decades, though, a handful of moments have become impossible to imagine the festival without.<\/p>\n\n\n\n<h3 class=\"wp-block-heading\">The Parade of the Landlords and Breweries<\/h3>\n\n\n\n<p class=\"wp-block-paragraph\">The gates open at 9 a.m. on the first Oktoberfest Saturday and the first few thousand visitors pour onto the &#8220;Theresienwiese&#8221;, a fairly chaotic sight. From 10.45 a.m. things get considerably more orderly with the <strong>&#8220;Einzug der Wiesnwirte&#8221;<\/strong> (parade of the Oktoberfest landlords). Around 1,000 people who make the festival happen, among them landlords, waiting staff, musicians and showmen, march in a lavish procession from Sonnenstra\u00dfe onto the fairground.<\/p>\n\n\n\n<p class=\"wp-block-paragraph\">On show are the magnificent <strong>&#8220;Prachtgespanne&#8221;<\/strong> (ornate brewery horse teams) of the six Munich breweries that pour at the festival, along with the ceremonial carriages of the tents. Leading the procession is the <strong>&#8220;M\u00fcnchner Kindl&#8221;<\/strong> (the Munich child, the city&#8217;s emblem, always played by a young woman in a monk&#8217;s habit), embodied since 2026 by Sina Hochreiter. Also near the front: the <strong>mayor of Munich<\/strong>, Dominik Krause since May 2026.<\/p>\n\n\n\n<figure class=\"wp-block-image size-large\"><a href=\"https:\/\/funkygermany.com\/wp-content\/uploads\/2026\/09\/augustiner-braeu-brewery-wagon-in-the-oktoberfest-parade-elkafr-shutterstock.jpg\"><img decoding=\"async\" width=\"1024\" height=\"576\" loading=\"lazy\" src=\"https:\/\/funkygermany.com\/wp-content\/uploads\/2026\/09\/augustiner-braeu-brewery-wagon-in-the-oktoberfest-parade-elkafr-shutterstock-1024x576.jpg\" alt=\"A flower-decorated Augustiner-Br\u00e4u beer wagon in the Oktoberfest parade, accompanied by men in orange waistcoats.\" class=\"wp-image-20963\" srcset=\"https:\/\/funkygermany.com\/wp-content\/uploads\/2026\/09\/augustiner-braeu-brewery-wagon-in-the-oktoberfest-parade-elkafr-shutterstock-1024x576.jpg 1024w, https:\/\/funkygermany.com\/wp-content\/uploads\/2026\/09\/augustiner-braeu-brewery-wagon-in-the-oktoberfest-parade-elkafr-shutterstock-300x169.jpg 300w, https:\/\/funkygermany.com\/wp-content\/uploads\/2026\/09\/augustiner-braeu-brewery-wagon-in-the-oktoberfest-parade-elkafr-shutterstock-883x496.jpg 883w, https:\/\/funkygermany.com\/wp-content\/uploads\/2026\/09\/augustiner-braeu-brewery-wagon-in-the-oktoberfest-parade-elkafr-shutterstock-1536x864.jpg 1536w, https:\/\/funkygermany.com\/wp-content\/uploads\/2026\/09\/augustiner-braeu-brewery-wagon-in-the-oktoberfest-parade-elkafr-shutterstock-293x165.jpg 293w, https:\/\/funkygermany.com\/wp-content\/uploads\/2026\/09\/augustiner-braeu-brewery-wagon-in-the-oktoberfest-parade-elkafr-shutterstock-770x433.jpg 770w, https:\/\/funkygermany.com\/wp-content\/uploads\/2026\/09\/augustiner-braeu-brewery-wagon-in-the-oktoberfest-parade-elkafr-shutterstock-1400x787.jpg 1400w, https:\/\/funkygermany.com\/wp-content\/uploads\/2026\/09\/augustiner-braeu-brewery-wagon-in-the-oktoberfest-parade-elkafr-shutterstock-1320x742.jpg 1320w, https:\/\/funkygermany.com\/wp-content\/uploads\/2026\/09\/augustiner-braeu-brewery-wagon-in-the-oktoberfest-parade-elkafr-shutterstock.jpg 1750w\" sizes=\"auto, (max-width: 1024px) 100vw, 1024px\" \/><noscript><img decoding=\"async\" width=\"1024\" height=\"576\" src=\"https:\/\/funkygermany.com\/wp-content\/uploads\/2026\/09\/augustiner-braeu-brewery-wagon-in-the-oktoberfest-parade-elkafr-shutterstock-1024x576.jpg\" alt=\"A flower-decorated Augustiner-Br\u00e4u beer wagon in the Oktoberfest parade, accompanied by men in orange waistcoats.\" class=\"wp-image-20963\" srcset=\"https:\/\/funkygermany.com\/wp-content\/uploads\/2026\/09\/augustiner-braeu-brewery-wagon-in-the-oktoberfest-parade-elkafr-shutterstock-1024x576.jpg 1024w, https:\/\/funkygermany.com\/wp-content\/uploads\/2026\/09\/augustiner-braeu-brewery-wagon-in-the-oktoberfest-parade-elkafr-shutterstock-300x169.jpg 300w, https:\/\/funkygermany.com\/wp-content\/uploads\/2026\/09\/augustiner-braeu-brewery-wagon-in-the-oktoberfest-parade-elkafr-shutterstock-883x496.jpg 883w, https:\/\/funkygermany.com\/wp-content\/uploads\/2026\/09\/augustiner-braeu-brewery-wagon-in-the-oktoberfest-parade-elkafr-shutterstock-1536x864.jpg 1536w, https:\/\/funkygermany.com\/wp-content\/uploads\/2026\/09\/augustiner-braeu-brewery-wagon-in-the-oktoberfest-parade-elkafr-shutterstock-293x165.jpg 293w, https:\/\/funkygermany.com\/wp-content\/uploads\/2026\/09\/augustiner-braeu-brewery-wagon-in-the-oktoberfest-parade-elkafr-shutterstock-770x433.jpg 770w, https:\/\/funkygermany.com\/wp-content\/uploads\/2026\/09\/augustiner-braeu-brewery-wagon-in-the-oktoberfest-parade-elkafr-shutterstock-1400x787.jpg 1400w, https:\/\/funkygermany.com\/wp-content\/uploads\/2026\/09\/augustiner-braeu-brewery-wagon-in-the-oktoberfest-parade-elkafr-shutterstock-1320x742.jpg 1320w, https:\/\/funkygermany.com\/wp-content\/uploads\/2026\/09\/augustiner-braeu-brewery-wagon-in-the-oktoberfest-parade-elkafr-shutterstock.jpg 1750w\" sizes=\"(max-width: 1024px) 100vw, 1024px\" \/><\/noscript><\/a><figcaption class=\"wp-element-caption\">Image: ELKAFR \/ Shutterstock<\/figcaption><\/figure>\n\n\n\n<h3 class=\"wp-block-heading\">The Keg Tapping<\/h3>\n\n\n\n<p class=\"wp-block-paragraph\">The official opening of the Oktoberfest follows at 12 noon sharp. Tradition has it that the mayor of Munich drives the shiny brass tap into the first barrel with a few hammer blows, to loud applause, and gives the long-awaited starting signal with the words &#8220;<strong>O&#8217;zapft is! Auf eine friedliche Wiesn!<\/strong>&#8221; (&#8220;It&#8217;s tapped! Here&#8217;s to a peaceful Oktoberfest!&#8221;). Most tents have been open since 9 a.m., but beer may officially only be served from this moment. Before that, it is soft drinks only.<\/p>\n\n\n<div class=\"inline-post clearfix\"><div class=\"see-also byline\">See Also<\/div><div id=\"block-wrap-80859\" class=\"block-wrap-native block-wrap block-wrap-23 block-css-80859 block-wrap-classic columns__m--1 elements-design-1 block-ani block-skin-0 tipi-box block-wrap-thumbnail ppl-m-1 clearfix\" data-id=\"80859\" data-base=\"0\"><div class=\"tipi-row-inner-style clearfix\"><div class=\"tipi-row-inner-box contents sticky--wrap\"><div class=\"block block-23 clearfix\"><article class=\"tipi-xs-12 clearfix with-fi ani-base tipi-xs-typo split-1 split-design-1 loop-0 preview-thumbnail preview-23 elements-design-1 post-15225 post type-post status-publish format-standard has-post-thumbnail hentry category-inspirations category-munich category-sustainable tag-bavaria tag-culture tag-lifestyle-en tag-munich tag-south tag-sustainable\" style=\"--animation-order:0\"><div class=\"preview-mini-wrap clearfix\"><div class=\"mask\"><a href=\"https:\/\/funkygermany.com\/en\/munich-sustainable-tips\/\" class=\"mask-img\"><img decoding=\"async\" width=\"100\" height=\"100\" src=\"https:\/\/funkygermany.com\/wp-content\/uploads\/2024\/03\/muenchen-english-garden-dawn-c-allessuper-shutterstock-100x100.jpg\" class=\"attachment-thumbnail size-thumbnail zeen-lazy-load-base zeen-lazy-load  wp-post-image\" alt=\"Panoramic view of the English Garden in Munich at sunrise\" srcset=\"https:\/\/funkygermany.com\/wp-content\/uploads\/2024\/03\/muenchen-english-garden-dawn-c-allessuper-shutterstock-100x100.jpg 100w, https:\/\/funkygermany.com\/wp-content\/uploads\/2024\/03\/muenchen-english-garden-dawn-c-allessuper-shutterstock-293x293.jpg 293w, https:\/\/funkygermany.com\/wp-content\/uploads\/2024\/03\/muenchen-english-garden-dawn-c-allessuper-shutterstock-390x390.jpg 390w, https:\/\/funkygermany.com\/wp-content\/uploads\/2024\/03\/muenchen-english-garden-dawn-c-allessuper-shutterstock-585x585.jpg 585w, https:\/\/funkygermany.com\/wp-content\/uploads\/2024\/03\/muenchen-english-garden-dawn-c-allessuper-shutterstock-900x900.jpg 900w\" sizes=\"auto, (max-width: 100px) 100vw, 100px\" loading=\"lazy\" \/><noscript><img decoding=\"async\" width=\"100\" height=\"100\" src=\"https:\/\/funkygermany.com\/wp-content\/uploads\/2024\/03\/muenchen-english-garden-dawn-c-allessuper-shutterstock-100x100.jpg\" class=\"attachment-thumbnail size-thumbnail zeen-lazy-load-base zeen-lazy-load  wp-post-image\" alt=\"Panoramic view of the English Garden in Munich at sunrise\" srcset=\"https:\/\/funkygermany.com\/wp-content\/uploads\/2024\/03\/muenchen-english-garden-dawn-c-allessuper-shutterstock-100x100.jpg 100w, https:\/\/funkygermany.com\/wp-content\/uploads\/2024\/03\/muenchen-english-garden-dawn-c-allessuper-shutterstock-293x293.jpg 293w, https:\/\/funkygermany.com\/wp-content\/uploads\/2024\/03\/muenchen-english-garden-dawn-c-allessuper-shutterstock-390x390.jpg 390w, https:\/\/funkygermany.com\/wp-content\/uploads\/2024\/03\/muenchen-english-garden-dawn-c-allessuper-shutterstock-585x585.jpg 585w, https:\/\/funkygermany.com\/wp-content\/uploads\/2024\/03\/muenchen-english-garden-dawn-c-allessuper-shutterstock-900x900.jpg 900w\" sizes=\"auto, (max-width: 100px) 100vw, 100px\" loading=\"lazy\" \/><\/noscript><\/a><\/div><div class=\"meta\"><div class=\"byline byline-2 byline-cats-design-1\"><div class=\"byline-part cats\"><a href=\"https:\/\/funkygermany.com\/en\/cities\/munich\/\" class=\"cat\">Munich<\/a><\/div><span class=\"byline-part separator separator-date\">&middot;<\/span><span class=\"byline-part date\"><time class=\"entry-date published dateCreated flipboard-date\" datetime=\"2024-04-02T11:35:00+02:00\">2. April 2024<\/time><\/span><\/div><div class=\"title-wrap\"><h3 class=\"title\"><a href=\"https:\/\/funkygermany.com\/en\/munich-sustainable-tips\/\">Sustainable Munich: Discovering the Bavarian Capital with Fresh Eyes!<\/a><\/h3><\/div><\/div><\/div><\/article><\/div><\/div><\/div><\/div><\/div>\n\n\n<h3 class=\"wp-block-heading\">The Costume and Riflemen&#8217;s Parade<\/h3>\n\n\n\n<p class=\"wp-block-paragraph\">The following Sunday, the Oktoberfest and really the whole of Munich belong to what is probably the largest procession of the year: the <strong>&#8220;Trachten- und Sch\u00fctzenzug&#8221;<\/strong> (costume and riflemen&#8217;s parade). Around 8,000 participants in traditional dress and riflemen&#8217;s uniforms walk from the monument to King Maximilian II of Bavaria right through the city centre and onto the &#8220;Theresienwiese&#8221;. (&#8220;Sch\u00fctzen&#8221; are members of local shooting clubs, an old and very much alive village tradition in Germany.)<\/p>\n\n\n\n<p class=\"wp-block-paragraph\">None of this happens quietly. Numerous bands provide loud <strong>brass music<\/strong> along the way, and the individual groups bring elaborately decorated floats. Nor is the parade a purely Munich affair: groups and clubs from several German states and six European countries take part. This procession, too, is led by the &#8220;M\u00fcnchner Kindl&#8221; Sina Hochreiter, on horseback.<\/p>\n\n\n\n<figure class=\"wp-block-image size-large\"><a href=\"https:\/\/funkygermany.com\/wp-content\/uploads\/2026\/09\/traditional-costume-band-at-the-oktoberfest-opening-parade-jan-saurer-muenchen-tourismus.jpg\"><img decoding=\"async\" width=\"1024\" height=\"683\" loading=\"lazy\" src=\"https:\/\/funkygermany.com\/wp-content\/uploads\/2026\/09\/traditional-costume-band-at-the-oktoberfest-opening-parade-jan-saurer-muenchen-tourismus-1024x683.jpg\" alt=\"A band in red waistcoats and dirndls plays during the parade across the Theresienwiese, with flags and food stalls behind.\" class=\"wp-image-20965\" srcset=\"https:\/\/funkygermany.com\/wp-content\/uploads\/2026\/09\/traditional-costume-band-at-the-oktoberfest-opening-parade-jan-saurer-muenchen-tourismus-1024x683.jpg 1024w, https:\/\/funkygermany.com\/wp-content\/uploads\/2026\/09\/traditional-costume-band-at-the-oktoberfest-opening-parade-jan-saurer-muenchen-tourismus-300x200.jpg 300w, https:\/\/funkygermany.com\/wp-content\/uploads\/2026\/09\/traditional-costume-band-at-the-oktoberfest-opening-parade-jan-saurer-muenchen-tourismus-883x589.jpg 883w, https:\/\/funkygermany.com\/wp-content\/uploads\/2026\/09\/traditional-costume-band-at-the-oktoberfest-opening-parade-jan-saurer-muenchen-tourismus-1536x1024.jpg 1536w, https:\/\/funkygermany.com\/wp-content\/uploads\/2026\/09\/traditional-costume-band-at-the-oktoberfest-opening-parade-jan-saurer-muenchen-tourismus-1155x770.jpg 1155w, https:\/\/funkygermany.com\/wp-content\/uploads\/2026\/09\/traditional-costume-band-at-the-oktoberfest-opening-parade-jan-saurer-muenchen-tourismus-370x247.jpg 370w, https:\/\/funkygermany.com\/wp-content\/uploads\/2026\/09\/traditional-costume-band-at-the-oktoberfest-opening-parade-jan-saurer-muenchen-tourismus-770x513.jpg 770w, https:\/\/funkygermany.com\/wp-content\/uploads\/2026\/09\/traditional-costume-band-at-the-oktoberfest-opening-parade-jan-saurer-muenchen-tourismus-293x195.jpg 293w, https:\/\/funkygermany.com\/wp-content\/uploads\/2026\/09\/traditional-costume-band-at-the-oktoberfest-opening-parade-jan-saurer-muenchen-tourismus-1400x934.jpg 1400w, https:\/\/funkygermany.com\/wp-content\/uploads\/2026\/09\/traditional-costume-band-at-the-oktoberfest-opening-parade-jan-saurer-muenchen-tourismus-1320x880.jpg 1320w, https:\/\/funkygermany.com\/wp-content\/uploads\/2026\/09\/traditional-costume-band-at-the-oktoberfest-opening-parade-jan-saurer-muenchen-tourismus.jpg 1750w\" sizes=\"auto, (max-width: 1024px) 100vw, 1024px\" \/><noscript><img decoding=\"async\" width=\"1024\" height=\"683\" src=\"https:\/\/funkygermany.com\/wp-content\/uploads\/2026\/09\/traditional-costume-band-at-the-oktoberfest-opening-parade-jan-saurer-muenchen-tourismus-1024x683.jpg\" alt=\"A band in red waistcoats and dirndls plays during the parade across the Theresienwiese, with flags and food stalls behind.\" class=\"wp-image-20965\" srcset=\"https:\/\/funkygermany.com\/wp-content\/uploads\/2026\/09\/traditional-costume-band-at-the-oktoberfest-opening-parade-jan-saurer-muenchen-tourismus-1024x683.jpg 1024w, https:\/\/funkygermany.com\/wp-content\/uploads\/2026\/09\/traditional-costume-band-at-the-oktoberfest-opening-parade-jan-saurer-muenchen-tourismus-300x200.jpg 300w, https:\/\/funkygermany.com\/wp-content\/uploads\/2026\/09\/traditional-costume-band-at-the-oktoberfest-opening-parade-jan-saurer-muenchen-tourismus-883x589.jpg 883w, https:\/\/funkygermany.com\/wp-content\/uploads\/2026\/09\/traditional-costume-band-at-the-oktoberfest-opening-parade-jan-saurer-muenchen-tourismus-1536x1024.jpg 1536w, https:\/\/funkygermany.com\/wp-content\/uploads\/2026\/09\/traditional-costume-band-at-the-oktoberfest-opening-parade-jan-saurer-muenchen-tourismus-1155x770.jpg 1155w, https:\/\/funkygermany.com\/wp-content\/uploads\/2026\/09\/traditional-costume-band-at-the-oktoberfest-opening-parade-jan-saurer-muenchen-tourismus-370x247.jpg 370w, https:\/\/funkygermany.com\/wp-content\/uploads\/2026\/09\/traditional-costume-band-at-the-oktoberfest-opening-parade-jan-saurer-muenchen-tourismus-770x513.jpg 770w, https:\/\/funkygermany.com\/wp-content\/uploads\/2026\/09\/traditional-costume-band-at-the-oktoberfest-opening-parade-jan-saurer-muenchen-tourismus-293x195.jpg 293w, https:\/\/funkygermany.com\/wp-content\/uploads\/2026\/09\/traditional-costume-band-at-the-oktoberfest-opening-parade-jan-saurer-muenchen-tourismus-1400x934.jpg 1400w, https:\/\/funkygermany.com\/wp-content\/uploads\/2026\/09\/traditional-costume-band-at-the-oktoberfest-opening-parade-jan-saurer-muenchen-tourismus-1320x880.jpg 1320w, https:\/\/funkygermany.com\/wp-content\/uploads\/2026\/09\/traditional-costume-band-at-the-oktoberfest-opening-parade-jan-saurer-muenchen-tourismus.jpg 1750w\" sizes=\"(max-width: 1024px) 100vw, 1024px\" \/><\/noscript><\/a><figcaption class=\"wp-element-caption\">Image: Jan Saurer \/ M\u00fcnchen Tourismus<\/figcaption><\/figure>\n\n\n\n<h3 class=\"wp-block-heading\">The Open-Air Band Concert<\/h3>\n\n\n\n<p class=\"wp-block-paragraph\">The many Oktoberfest bands normally play in their own tents. There is one exception: on the second Sunday of the festival, 27 September in 2026, around 300 musicians come together at 11 a.m. for a joint performance in front of the <strong>&#8220;Bavaria&#8221;<\/strong> statue, the &#8220;Platzkonzert der Wiesn-Wirte&#8221; (open-air concert of the Oktoberfest landlords). Admission is free, so arriving early pays off. The best spots go quickly.<\/p>\n\n\n\n<h3 class=\"wp-block-heading\">The Gun Salute<\/h3>\n\n\n\n<p class=\"wp-block-paragraph\">On the first Sunday in October it is time to say goodbye. Tradition marks the last day of the Oktoberfest with the <strong>&#8220;B\u00f6llerschie\u00dfen&#8221;<\/strong> (ceremonial gun salute) at the &#8220;Bavaria&#8221; statue. Around 60 marksmen in traditional dress line up on the steps below the statue and fire salutes into the air at 12 noon. The tents, however, keep going well into the evening.<\/p>\n\n\n\n<figure class=\"wp-block-image size-large\"><a href=\"https:\/\/funkygermany.com\/wp-content\/uploads\/2026\/09\/gun-salute-in-front-of-the-bavaria-statue-on-the-theresienwiese-robert-haas-muenchen-tourismus.jpg\"><img decoding=\"async\" width=\"1024\" height=\"685\" loading=\"lazy\" src=\"https:\/\/funkygermany.com\/wp-content\/uploads\/2026\/09\/gun-salute-in-front-of-the-bavaria-statue-on-the-theresienwiese-robert-haas-muenchen-tourismus-1024x685.jpg\" alt=\"Marksmen fire a gun salute in front of the Bavaria statue and the Hall of Fame, with thick white smoke rising over the square.\" class=\"wp-image-20967\" srcset=\"https:\/\/funkygermany.com\/wp-content\/uploads\/2026\/09\/gun-salute-in-front-of-the-bavaria-statue-on-the-theresienwiese-robert-haas-muenchen-tourismus-1024x685.jpg 1024w, https:\/\/funkygermany.com\/wp-content\/uploads\/2026\/09\/gun-salute-in-front-of-the-bavaria-statue-on-the-theresienwiese-robert-haas-muenchen-tourismus-300x201.jpg 300w, https:\/\/funkygermany.com\/wp-content\/uploads\/2026\/09\/gun-salute-in-front-of-the-bavaria-statue-on-the-theresienwiese-robert-haas-muenchen-tourismus-883x591.jpg 883w, https:\/\/funkygermany.com\/wp-content\/uploads\/2026\/09\/gun-salute-in-front-of-the-bavaria-statue-on-the-theresienwiese-robert-haas-muenchen-tourismus-1536x1028.jpg 1536w, https:\/\/funkygermany.com\/wp-content\/uploads\/2026\/09\/gun-salute-in-front-of-the-bavaria-statue-on-the-theresienwiese-robert-haas-muenchen-tourismus-370x247.jpg 370w, https:\/\/funkygermany.com\/wp-content\/uploads\/2026\/09\/gun-salute-in-front-of-the-bavaria-statue-on-the-theresienwiese-robert-haas-muenchen-tourismus-293x196.jpg 293w, https:\/\/funkygermany.com\/wp-content\/uploads\/2026\/09\/gun-salute-in-front-of-the-bavaria-statue-on-the-theresienwiese-robert-haas-muenchen-tourismus-770x515.jpg 770w, https:\/\/funkygermany.com\/wp-content\/uploads\/2026\/09\/gun-salute-in-front-of-the-bavaria-statue-on-the-theresienwiese-robert-haas-muenchen-tourismus-1400x937.jpg 1400w, https:\/\/funkygermany.com\/wp-content\/uploads\/2026\/09\/gun-salute-in-front-of-the-bavaria-statue-on-the-theresienwiese-robert-haas-muenchen-tourismus-1320x883.jpg 1320w, https:\/\/funkygermany.com\/wp-content\/uploads\/2026\/09\/gun-salute-in-front-of-the-bavaria-statue-on-the-theresienwiese-robert-haas-muenchen-tourismus.jpg 1750w\" sizes=\"auto, (max-width: 1024px) 100vw, 1024px\" \/><noscript><img decoding=\"async\" width=\"1024\" height=\"685\" src=\"https:\/\/funkygermany.com\/wp-content\/uploads\/2026\/09\/gun-salute-in-front-of-the-bavaria-statue-on-the-theresienwiese-robert-haas-muenchen-tourismus-1024x685.jpg\" alt=\"Marksmen fire a gun salute in front of the Bavaria statue and the Hall of Fame, with thick white smoke rising over the square.\" class=\"wp-image-20967\" srcset=\"https:\/\/funkygermany.com\/wp-content\/uploads\/2026\/09\/gun-salute-in-front-of-the-bavaria-statue-on-the-theresienwiese-robert-haas-muenchen-tourismus-1024x685.jpg 1024w, https:\/\/funkygermany.com\/wp-content\/uploads\/2026\/09\/gun-salute-in-front-of-the-bavaria-statue-on-the-theresienwiese-robert-haas-muenchen-tourismus-300x201.jpg 300w, https:\/\/funkygermany.com\/wp-content\/uploads\/2026\/09\/gun-salute-in-front-of-the-bavaria-statue-on-the-theresienwiese-robert-haas-muenchen-tourismus-883x591.jpg 883w, https:\/\/funkygermany.com\/wp-content\/uploads\/2026\/09\/gun-salute-in-front-of-the-bavaria-statue-on-the-theresienwiese-robert-haas-muenchen-tourismus-1536x1028.jpg 1536w, https:\/\/funkygermany.com\/wp-content\/uploads\/2026\/09\/gun-salute-in-front-of-the-bavaria-statue-on-the-theresienwiese-robert-haas-muenchen-tourismus-370x247.jpg 370w, https:\/\/funkygermany.com\/wp-content\/uploads\/2026\/09\/gun-salute-in-front-of-the-bavaria-statue-on-the-theresienwiese-robert-haas-muenchen-tourismus-293x196.jpg 293w, https:\/\/funkygermany.com\/wp-content\/uploads\/2026\/09\/gun-salute-in-front-of-the-bavaria-statue-on-the-theresienwiese-robert-haas-muenchen-tourismus-770x515.jpg 770w, https:\/\/funkygermany.com\/wp-content\/uploads\/2026\/09\/gun-salute-in-front-of-the-bavaria-statue-on-the-theresienwiese-robert-haas-muenchen-tourismus-1400x937.jpg 1400w, https:\/\/funkygermany.com\/wp-content\/uploads\/2026\/09\/gun-salute-in-front-of-the-bavaria-statue-on-the-theresienwiese-robert-haas-muenchen-tourismus-1320x883.jpg 1320w, https:\/\/funkygermany.com\/wp-content\/uploads\/2026\/09\/gun-salute-in-front-of-the-bavaria-statue-on-the-theresienwiese-robert-haas-muenchen-tourismus.jpg 1750w\" sizes=\"(max-width: 1024px) 100vw, 1024px\" \/><\/noscript><\/a><figcaption class=\"wp-element-caption\">Image: Robert Haas \/ M\u00fcnchen Tourismus<\/figcaption><\/figure>\n\n\n\n<h2 class=\"wp-block-heading\">The Oktoberfest Rides in 2026: From &#8220;Toboggan&#8221; to &#8220;Chaos-Pendel&#8221;<\/h2>\n\n\n\n<p class=\"wp-block-paragraph\">The Oktoberfest would be no &#8220;Volksfest&#8221; without dozens of <strong>fairground rides<\/strong>, ranging from long-standing classics to thoroughly modern adrenaline machines. Simply throwing yourself into the middle of it is always a good idea, but here are a few highlights.<\/p>\n\n\n\n<p class=\"wp-block-paragraph\">For the traditionalists there is the <strong>&#8220;Toboggan&#8221;<\/strong>: a conveyor belt drags you several metres up a ramp, at least if you manage to stay upright. Plenty of visitors end up on the floor faster than they can blink, especially after a beer or two. Once you make it to the top, more or less elegantly, the slide back down is a much gentler reward.<\/p>\n\n\n\n<figure class=\"wp-block-image size-large\"><a href=\"https:\/\/funkygermany.com\/wp-content\/uploads\/2026\/09\/man-in-lederhosen-at-the-bottom-of-the-toboggan-slide-jan-saurer-muenchen-tourismus.jpg\"><img decoding=\"async\" width=\"683\" height=\"1024\" loading=\"lazy\" src=\"https:\/\/funkygermany.com\/wp-content\/uploads\/2026\/09\/man-in-lederhosen-at-the-bottom-of-the-toboggan-slide-jan-saurer-muenchen-tourismus-683x1024.jpg\" alt=\"A man in lederhosen lies at the bottom of the Toboggan slide while a staff member offers him a hand.\" class=\"wp-image-20969\" srcset=\"https:\/\/funkygermany.com\/wp-content\/uploads\/2026\/09\/man-in-lederhosen-at-the-bottom-of-the-toboggan-slide-jan-saurer-muenchen-tourismus-683x1024.jpg 683w, https:\/\/funkygermany.com\/wp-content\/uploads\/2026\/09\/man-in-lederhosen-at-the-bottom-of-the-toboggan-slide-jan-saurer-muenchen-tourismus-200x300.jpg 200w, https:\/\/funkygermany.com\/wp-content\/uploads\/2026\/09\/man-in-lederhosen-at-the-bottom-of-the-toboggan-slide-jan-saurer-muenchen-tourismus-883x1324.jpg 883w, https:\/\/funkygermany.com\/wp-content\/uploads\/2026\/09\/man-in-lederhosen-at-the-bottom-of-the-toboggan-slide-jan-saurer-muenchen-tourismus-1024x1536.jpg 1024w, https:\/\/funkygermany.com\/wp-content\/uploads\/2026\/09\/man-in-lederhosen-at-the-bottom-of-the-toboggan-slide-jan-saurer-muenchen-tourismus-293x439.jpg 293w, https:\/\/funkygermany.com\/wp-content\/uploads\/2026\/09\/man-in-lederhosen-at-the-bottom-of-the-toboggan-slide-jan-saurer-muenchen-tourismus-770x1155.jpg 770w, https:\/\/funkygermany.com\/wp-content\/uploads\/2026\/09\/man-in-lederhosen-at-the-bottom-of-the-toboggan-slide-jan-saurer-muenchen-tourismus.jpg 1167w\" sizes=\"auto, (max-width: 683px) 100vw, 683px\" \/><noscript><img decoding=\"async\" width=\"683\" height=\"1024\" src=\"https:\/\/funkygermany.com\/wp-content\/uploads\/2026\/09\/man-in-lederhosen-at-the-bottom-of-the-toboggan-slide-jan-saurer-muenchen-tourismus-683x1024.jpg\" alt=\"A man in lederhosen lies at the bottom of the Toboggan slide while a staff member offers him a hand.\" class=\"wp-image-20969\" srcset=\"https:\/\/funkygermany.com\/wp-content\/uploads\/2026\/09\/man-in-lederhosen-at-the-bottom-of-the-toboggan-slide-jan-saurer-muenchen-tourismus-683x1024.jpg 683w, https:\/\/funkygermany.com\/wp-content\/uploads\/2026\/09\/man-in-lederhosen-at-the-bottom-of-the-toboggan-slide-jan-saurer-muenchen-tourismus-200x300.jpg 200w, https:\/\/funkygermany.com\/wp-content\/uploads\/2026\/09\/man-in-lederhosen-at-the-bottom-of-the-toboggan-slide-jan-saurer-muenchen-tourismus-883x1324.jpg 883w, https:\/\/funkygermany.com\/wp-content\/uploads\/2026\/09\/man-in-lederhosen-at-the-bottom-of-the-toboggan-slide-jan-saurer-muenchen-tourismus-1024x1536.jpg 1024w, https:\/\/funkygermany.com\/wp-content\/uploads\/2026\/09\/man-in-lederhosen-at-the-bottom-of-the-toboggan-slide-jan-saurer-muenchen-tourismus-293x439.jpg 293w, https:\/\/funkygermany.com\/wp-content\/uploads\/2026\/09\/man-in-lederhosen-at-the-bottom-of-the-toboggan-slide-jan-saurer-muenchen-tourismus-770x1155.jpg 770w, https:\/\/funkygermany.com\/wp-content\/uploads\/2026\/09\/man-in-lederhosen-at-the-bottom-of-the-toboggan-slide-jan-saurer-muenchen-tourismus.jpg 1167w\" sizes=\"(max-width: 683px) 100vw, 683px\" \/><\/noscript><\/a><figcaption class=\"wp-element-caption\">Image: Jan Saurer \/ M\u00fcnchen Tourismus<\/figcaption><\/figure>\n\n\n\n<p class=\"wp-block-paragraph\">New to the ride line-up in 2026 is the <strong>&#8220;Chaos-Pendel&#8221;<\/strong> (chaos pendulum). Passengers need a strong stomach, because the giant metal arm swings its occupants around three axes at the same time. Also new is the ride &#8220;<strong>Shake and Roll<\/strong>&#8220;, where the cabins rock and spin on a huge disc that turns in circles at considerable speed.<\/p>\n\n\n\n<p class=\"wp-block-paragraph\">If that is too much adrenaline, the &#8220;<strong>Oide Wiesn<\/strong>&#8221; (Bavarian for &#8220;old Oktoberfest&#8221;) is the place to go. This area in the south of the &#8220;Theresienwiese&#8221; was set up in 2010 for the festival&#8217;s 200th anniversary and has been a fixture ever since. <strong>Tradition and old customs<\/strong> are the focus here. The historic rides are gentler, the music more analogue, the clothing more authentic. Just the thing for anyone who wants to slow down a little inside the big festival bustle.<\/p>\n\n\n\n<figure class=\"wp-block-image size-large\"><a href=\"https:\/\/funkygermany.com\/wp-content\/uploads\/2026\/09\/folk-dancing-in-a-beer-tent-at-the-oide-wiesn-frank-bauer-muenchen-tourismus.jpg\"><img decoding=\"async\" width=\"1024\" height=\"681\" loading=\"lazy\" src=\"https:\/\/funkygermany.com\/wp-content\/uploads\/2026\/09\/folk-dancing-in-a-beer-tent-at-the-oide-wiesn-frank-bauer-muenchen-tourismus-1024x681.jpg\" alt=\"Couples in lederhosen and dirndl turn on the dance floor of a beer tent at the Oide Wiesn.\" class=\"wp-image-20971\" srcset=\"https:\/\/funkygermany.com\/wp-content\/uploads\/2026\/09\/folk-dancing-in-a-beer-tent-at-the-oide-wiesn-frank-bauer-muenchen-tourismus-1024x681.jpg 1024w, https:\/\/funkygermany.com\/wp-content\/uploads\/2026\/09\/folk-dancing-in-a-beer-tent-at-the-oide-wiesn-frank-bauer-muenchen-tourismus-300x200.jpg 300w, https:\/\/funkygermany.com\/wp-content\/uploads\/2026\/09\/folk-dancing-in-a-beer-tent-at-the-oide-wiesn-frank-bauer-muenchen-tourismus-883x587.jpg 883w, https:\/\/funkygermany.com\/wp-content\/uploads\/2026\/09\/folk-dancing-in-a-beer-tent-at-the-oide-wiesn-frank-bauer-muenchen-tourismus-1536x1022.jpg 1536w, https:\/\/funkygermany.com\/wp-content\/uploads\/2026\/09\/folk-dancing-in-a-beer-tent-at-the-oide-wiesn-frank-bauer-muenchen-tourismus-370x247.jpg 370w, https:\/\/funkygermany.com\/wp-content\/uploads\/2026\/09\/folk-dancing-in-a-beer-tent-at-the-oide-wiesn-frank-bauer-muenchen-tourismus-770x512.jpg 770w, https:\/\/funkygermany.com\/wp-content\/uploads\/2026\/09\/folk-dancing-in-a-beer-tent-at-the-oide-wiesn-frank-bauer-muenchen-tourismus-293x195.jpg 293w, https:\/\/funkygermany.com\/wp-content\/uploads\/2026\/09\/folk-dancing-in-a-beer-tent-at-the-oide-wiesn-frank-bauer-muenchen-tourismus-1400x931.jpg 1400w, https:\/\/funkygermany.com\/wp-content\/uploads\/2026\/09\/folk-dancing-in-a-beer-tent-at-the-oide-wiesn-frank-bauer-muenchen-tourismus-1320x878.jpg 1320w, https:\/\/funkygermany.com\/wp-content\/uploads\/2026\/09\/folk-dancing-in-a-beer-tent-at-the-oide-wiesn-frank-bauer-muenchen-tourismus.jpg 1750w\" sizes=\"auto, (max-width: 1024px) 100vw, 1024px\" \/><noscript><img decoding=\"async\" width=\"1024\" height=\"681\" src=\"https:\/\/funkygermany.com\/wp-content\/uploads\/2026\/09\/folk-dancing-in-a-beer-tent-at-the-oide-wiesn-frank-bauer-muenchen-tourismus-1024x681.jpg\" alt=\"Couples in lederhosen and dirndl turn on the dance floor of a beer tent at the Oide Wiesn.\" class=\"wp-image-20971\" srcset=\"https:\/\/funkygermany.com\/wp-content\/uploads\/2026\/09\/folk-dancing-in-a-beer-tent-at-the-oide-wiesn-frank-bauer-muenchen-tourismus-1024x681.jpg 1024w, https:\/\/funkygermany.com\/wp-content\/uploads\/2026\/09\/folk-dancing-in-a-beer-tent-at-the-oide-wiesn-frank-bauer-muenchen-tourismus-300x200.jpg 300w, https:\/\/funkygermany.com\/wp-content\/uploads\/2026\/09\/folk-dancing-in-a-beer-tent-at-the-oide-wiesn-frank-bauer-muenchen-tourismus-883x587.jpg 883w, https:\/\/funkygermany.com\/wp-content\/uploads\/2026\/09\/folk-dancing-in-a-beer-tent-at-the-oide-wiesn-frank-bauer-muenchen-tourismus-1536x1022.jpg 1536w, https:\/\/funkygermany.com\/wp-content\/uploads\/2026\/09\/folk-dancing-in-a-beer-tent-at-the-oide-wiesn-frank-bauer-muenchen-tourismus-370x247.jpg 370w, https:\/\/funkygermany.com\/wp-content\/uploads\/2026\/09\/folk-dancing-in-a-beer-tent-at-the-oide-wiesn-frank-bauer-muenchen-tourismus-770x512.jpg 770w, https:\/\/funkygermany.com\/wp-content\/uploads\/2026\/09\/folk-dancing-in-a-beer-tent-at-the-oide-wiesn-frank-bauer-muenchen-tourismus-293x195.jpg 293w, https:\/\/funkygermany.com\/wp-content\/uploads\/2026\/09\/folk-dancing-in-a-beer-tent-at-the-oide-wiesn-frank-bauer-muenchen-tourismus-1400x931.jpg 1400w, https:\/\/funkygermany.com\/wp-content\/uploads\/2026\/09\/folk-dancing-in-a-beer-tent-at-the-oide-wiesn-frank-bauer-muenchen-tourismus-1320x878.jpg 1320w, https:\/\/funkygermany.com\/wp-content\/uploads\/2026\/09\/folk-dancing-in-a-beer-tent-at-the-oide-wiesn-frank-bauer-muenchen-tourismus.jpg 1750w\" sizes=\"(max-width: 1024px) 100vw, 1024px\" \/><\/noscript><\/a><figcaption class=\"wp-element-caption\">Image: Frank Bauer \/ M\u00fcnchen Tourismus<\/figcaption><\/figure>\n\n\n\n<h2 class=\"wp-block-heading\">Beer Prices 2026: What a &#8220;Ma\u00df&#8221; Costs at the Oktoberfest This Year<\/h2>\n\n\n\n<p class=\"wp-block-paragraph\">Down to business: what does a &#8220;Ma\u00df&#8221; cost? According to the city portal muenchen.de, visitors in 2026 can expect beer prices between 14.80 and 15.90 euros per litre. Each tent sets its own price.<\/p>\n\n\n<div class=\"inline-post clearfix\"><div class=\"see-also byline\">See Also<\/div><div id=\"block-wrap-36487\" class=\"block-wrap-native block-wrap block-wrap-23 block-css-36487 block-wrap-classic columns__m--1 elements-design-1 block-ani block-skin-0 tipi-box block-wrap-thumbnail ppl-m-1 clearfix\" data-id=\"36487\" data-base=\"0\"><div class=\"tipi-row-inner-style clearfix\"><div class=\"tipi-row-inner-box contents sticky--wrap\"><div class=\"block block-23 clearfix\"><article class=\"tipi-xs-12 clearfix with-fi ani-base tipi-xs-typo split-1 split-design-1 loop-0 preview-thumbnail preview-23 elements-design-1 post-15769 post type-post status-publish format-standard has-post-thumbnail hentry category-food-en category-inspirations tag-food-en tag-highlight-en\" style=\"--animation-order:0\"><div class=\"preview-mini-wrap clearfix\"><div class=\"mask\"><a href=\"https:\/\/funkygermany.com\/en\/german-specialties\/\" class=\"mask-img\"><img decoding=\"async\" width=\"100\" height=\"100\" src=\"https:\/\/funkygermany.com\/wp-content\/uploads\/2024\/07\/woman-food-table-c-Drazen-Zigic-shutterstock-100x100.jpg\" class=\"attachment-thumbnail size-thumbnail zeen-lazy-load-base zeen-lazy-load  wp-post-image\" alt=\"Eine Frau isst an einem gedeckten Tisch genussvoll von einem Eiscreme-Sandwich ab\" srcset=\"https:\/\/funkygermany.com\/wp-content\/uploads\/2024\/07\/woman-food-table-c-Drazen-Zigic-shutterstock-100x100.jpg 100w, https:\/\/funkygermany.com\/wp-content\/uploads\/2024\/07\/woman-food-table-c-Drazen-Zigic-shutterstock-293x293.jpg 293w, https:\/\/funkygermany.com\/wp-content\/uploads\/2024\/07\/woman-food-table-c-Drazen-Zigic-shutterstock-390x390.jpg 390w, https:\/\/funkygermany.com\/wp-content\/uploads\/2024\/07\/woman-food-table-c-Drazen-Zigic-shutterstock-585x585.jpg 585w, https:\/\/funkygermany.com\/wp-content\/uploads\/2024\/07\/woman-food-table-c-Drazen-Zigic-shutterstock-900x900.jpg 900w\" sizes=\"auto, (max-width: 100px) 100vw, 100px\" loading=\"lazy\" \/><noscript><img decoding=\"async\" width=\"100\" height=\"100\" src=\"https:\/\/funkygermany.com\/wp-content\/uploads\/2024\/07\/woman-food-table-c-Drazen-Zigic-shutterstock-100x100.jpg\" class=\"attachment-thumbnail size-thumbnail zeen-lazy-load-base zeen-lazy-load  wp-post-image\" alt=\"Eine Frau isst an einem gedeckten Tisch genussvoll von einem Eiscreme-Sandwich ab\" srcset=\"https:\/\/funkygermany.com\/wp-content\/uploads\/2024\/07\/woman-food-table-c-Drazen-Zigic-shutterstock-100x100.jpg 100w, https:\/\/funkygermany.com\/wp-content\/uploads\/2024\/07\/woman-food-table-c-Drazen-Zigic-shutterstock-293x293.jpg 293w, https:\/\/funkygermany.com\/wp-content\/uploads\/2024\/07\/woman-food-table-c-Drazen-Zigic-shutterstock-390x390.jpg 390w, https:\/\/funkygermany.com\/wp-content\/uploads\/2024\/07\/woman-food-table-c-Drazen-Zigic-shutterstock-585x585.jpg 585w, https:\/\/funkygermany.com\/wp-content\/uploads\/2024\/07\/woman-food-table-c-Drazen-Zigic-shutterstock-900x900.jpg 900w\" sizes=\"auto, (max-width: 100px) 100vw, 100px\" loading=\"lazy\" \/><\/noscript><\/a><\/div><div class=\"meta\"><div class=\"byline byline-2 byline-cats-design-1\"><div class=\"byline-part cats\"><a href=\"https:\/\/funkygermany.com\/en\/food-en\/\" class=\"cat\">Food<\/a><\/div><span class=\"byline-part separator separator-date\">&middot;<\/span><span class=\"byline-part date\"><time class=\"entry-date published dateCreated flipboard-date\" datetime=\"2024-07-09T10:01:03+02:00\">9. July 2024<\/time><\/span><\/div><div class=\"title-wrap\"><h3 class=\"title\"><a href=\"https:\/\/funkygermany.com\/en\/german-specialties\/\">Four German specialties that taste better than they look<\/a><\/h3><\/div><\/div><\/div><\/article><\/div><\/div><\/div><\/div><\/div>\n\n\n<p class=\"wp-block-paragraph\">Only <strong>beer from Munich breweries<\/strong> is poured, six of them: Augustiner, Hacker-Pschorr, L\u00f6wenbr\u00e4u, Paulaner, Spaten and the state-owned Hofbr\u00e4uhaus. Between six and seven million litres go through the taps each year, which averages out at &#8220;only&#8221; one litre per visitor.<\/p>\n\n\n\n<figure class=\"wp-block-image size-large\"><a href=\"https:\/\/funkygermany.com\/wp-content\/uploads\/2026\/09\/men-in-traditional-dress-toasting-with-beer-steins-jan-saurer-muenchen-tourismus.jpg\"><img decoding=\"async\" width=\"1024\" height=\"683\" loading=\"lazy\" src=\"https:\/\/funkygermany.com\/wp-content\/uploads\/2026\/09\/men-in-traditional-dress-toasting-with-beer-steins-jan-saurer-muenchen-tourismus-1024x683.jpg\" alt=\"Men in felt hats and traditional jackets raise stoneware beer steins together at a wooden table.\" class=\"wp-image-20973\" srcset=\"https:\/\/funkygermany.com\/wp-content\/uploads\/2026\/09\/men-in-traditional-dress-toasting-with-beer-steins-jan-saurer-muenchen-tourismus-1024x683.jpg 1024w, https:\/\/funkygermany.com\/wp-content\/uploads\/2026\/09\/men-in-traditional-dress-toasting-with-beer-steins-jan-saurer-muenchen-tourismus-300x200.jpg 300w, https:\/\/funkygermany.com\/wp-content\/uploads\/2026\/09\/men-in-traditional-dress-toasting-with-beer-steins-jan-saurer-muenchen-tourismus-883x589.jpg 883w, https:\/\/funkygermany.com\/wp-content\/uploads\/2026\/09\/men-in-traditional-dress-toasting-with-beer-steins-jan-saurer-muenchen-tourismus-1536x1024.jpg 1536w, https:\/\/funkygermany.com\/wp-content\/uploads\/2026\/09\/men-in-traditional-dress-toasting-with-beer-steins-jan-saurer-muenchen-tourismus-1155x770.jpg 1155w, https:\/\/funkygermany.com\/wp-content\/uploads\/2026\/09\/men-in-traditional-dress-toasting-with-beer-steins-jan-saurer-muenchen-tourismus-370x247.jpg 370w, https:\/\/funkygermany.com\/wp-content\/uploads\/2026\/09\/men-in-traditional-dress-toasting-with-beer-steins-jan-saurer-muenchen-tourismus-770x513.jpg 770w, https:\/\/funkygermany.com\/wp-content\/uploads\/2026\/09\/men-in-traditional-dress-toasting-with-beer-steins-jan-saurer-muenchen-tourismus-293x195.jpg 293w, https:\/\/funkygermany.com\/wp-content\/uploads\/2026\/09\/men-in-traditional-dress-toasting-with-beer-steins-jan-saurer-muenchen-tourismus-1400x934.jpg 1400w, https:\/\/funkygermany.com\/wp-content\/uploads\/2026\/09\/men-in-traditional-dress-toasting-with-beer-steins-jan-saurer-muenchen-tourismus-1320x880.jpg 1320w, https:\/\/funkygermany.com\/wp-content\/uploads\/2026\/09\/men-in-traditional-dress-toasting-with-beer-steins-jan-saurer-muenchen-tourismus.jpg 1750w\" sizes=\"auto, (max-width: 1024px) 100vw, 1024px\" \/><noscript><img decoding=\"async\" width=\"1024\" height=\"683\" src=\"https:\/\/funkygermany.com\/wp-content\/uploads\/2026\/09\/men-in-traditional-dress-toasting-with-beer-steins-jan-saurer-muenchen-tourismus-1024x683.jpg\" alt=\"Men in felt hats and traditional jackets raise stoneware beer steins together at a wooden table.\" class=\"wp-image-20973\" srcset=\"https:\/\/funkygermany.com\/wp-content\/uploads\/2026\/09\/men-in-traditional-dress-toasting-with-beer-steins-jan-saurer-muenchen-tourismus-1024x683.jpg 1024w, https:\/\/funkygermany.com\/wp-content\/uploads\/2026\/09\/men-in-traditional-dress-toasting-with-beer-steins-jan-saurer-muenchen-tourismus-300x200.jpg 300w, https:\/\/funkygermany.com\/wp-content\/uploads\/2026\/09\/men-in-traditional-dress-toasting-with-beer-steins-jan-saurer-muenchen-tourismus-883x589.jpg 883w, https:\/\/funkygermany.com\/wp-content\/uploads\/2026\/09\/men-in-traditional-dress-toasting-with-beer-steins-jan-saurer-muenchen-tourismus-1536x1024.jpg 1536w, https:\/\/funkygermany.com\/wp-content\/uploads\/2026\/09\/men-in-traditional-dress-toasting-with-beer-steins-jan-saurer-muenchen-tourismus-1155x770.jpg 1155w, https:\/\/funkygermany.com\/wp-content\/uploads\/2026\/09\/men-in-traditional-dress-toasting-with-beer-steins-jan-saurer-muenchen-tourismus-370x247.jpg 370w, https:\/\/funkygermany.com\/wp-content\/uploads\/2026\/09\/men-in-traditional-dress-toasting-with-beer-steins-jan-saurer-muenchen-tourismus-770x513.jpg 770w, https:\/\/funkygermany.com\/wp-content\/uploads\/2026\/09\/men-in-traditional-dress-toasting-with-beer-steins-jan-saurer-muenchen-tourismus-293x195.jpg 293w, https:\/\/funkygermany.com\/wp-content\/uploads\/2026\/09\/men-in-traditional-dress-toasting-with-beer-steins-jan-saurer-muenchen-tourismus-1400x934.jpg 1400w, https:\/\/funkygermany.com\/wp-content\/uploads\/2026\/09\/men-in-traditional-dress-toasting-with-beer-steins-jan-saurer-muenchen-tourismus-1320x880.jpg 1320w, https:\/\/funkygermany.com\/wp-content\/uploads\/2026\/09\/men-in-traditional-dress-toasting-with-beer-steins-jan-saurer-muenchen-tourismus.jpg 1750w\" sizes=\"(max-width: 1024px) 100vw, 1024px\" \/><\/noscript><\/a><figcaption class=\"wp-element-caption\">Image: Jan Saurer \/ M\u00fcnchen Tourismus<\/figcaption><\/figure>\n\n\n\n<h2 class=\"wp-block-heading\">The Oktoberfest Rules: What You Can and Cannot Bring<\/h2>\n\n\n\n<p class=\"wp-block-paragraph\">Wherever this many people come together to celebrate, a few <strong>ground rules<\/strong> apply.<\/p>\n\n\n\n<ul class=\"wp-block-list\">\n<li><strong>Rucksacks<\/strong> and <strong>larger bags<\/strong> are not allowed on the grounds. Only bags with a maximum volume of three litres and maximum dimensions of 20 cm x 15 cm x 10 cm may be brought in.<\/li>\n\n\n\n<li><strong>Spray cans<\/strong> with harmful contents, corrosive or staining substances, objects that could be used as <strong>weapons<\/strong> and <strong>glass bottles<\/strong> have no place in your luggage.<\/li>\n\n\n\n<li><strong>Prams<\/strong> are not allowed on the grounds on Saturdays, on the public holiday on 3 October, and every day after 6 p.m.<\/li>\n\n\n\n<li><strong>Bicycles, scooters, skateboards<\/strong> and similar equipment may not be brought onto the grounds, let alone used there.<\/li>\n\n\n\n<li><strong>Animals<\/strong> are not permitted at the Oktoberfest (assistance dogs excepted).<\/li>\n<\/ul>\n\n\n\n<p class=\"wp-block-paragraph\">One more thing: the Oktoberfest website has a visitor barometer showing how busy the grounds are expected to be and how busy they actually are. Useful for anyone hoping for a relatively relaxed Oktoberfest experience. In 2025 the entrances were closed twice because the grounds were full, the first time in the festival&#8217;s history. Avoid Saturdays if you possibly can.<\/p>\n\n\n\n<figure class=\"wp-block-image size-large\"><a href=\"https:\/\/funkygermany.com\/wp-content\/uploads\/2026\/09\/gingerbread-hearts-with-oktoberfest-greetings-at-a-stall-tommy-loesch-muenchen-tourismus.jpg\"><img decoding=\"async\" width=\"1024\" height=\"683\" loading=\"lazy\" src=\"https:\/\/funkygermany.com\/wp-content\/uploads\/2026\/09\/gingerbread-hearts-with-oktoberfest-greetings-at-a-stall-tommy-loesch-muenchen-tourismus-1024x683.jpg\" alt=\"Gingerbread hearts iced with Oktoberfest greetings hang side by side at a stall.\" class=\"wp-image-20975\" srcset=\"https:\/\/funkygermany.com\/wp-content\/uploads\/2026\/09\/gingerbread-hearts-with-oktoberfest-greetings-at-a-stall-tommy-loesch-muenchen-tourismus-1024x683.jpg 1024w, https:\/\/funkygermany.com\/wp-content\/uploads\/2026\/09\/gingerbread-hearts-with-oktoberfest-greetings-at-a-stall-tommy-loesch-muenchen-tourismus-300x200.jpg 300w, https:\/\/funkygermany.com\/wp-content\/uploads\/2026\/09\/gingerbread-hearts-with-oktoberfest-greetings-at-a-stall-tommy-loesch-muenchen-tourismus-883x589.jpg 883w, https:\/\/funkygermany.com\/wp-content\/uploads\/2026\/09\/gingerbread-hearts-with-oktoberfest-greetings-at-a-stall-tommy-loesch-muenchen-tourismus-1536x1024.jpg 1536w, https:\/\/funkygermany.com\/wp-content\/uploads\/2026\/09\/gingerbread-hearts-with-oktoberfest-greetings-at-a-stall-tommy-loesch-muenchen-tourismus-1155x770.jpg 1155w, https:\/\/funkygermany.com\/wp-content\/uploads\/2026\/09\/gingerbread-hearts-with-oktoberfest-greetings-at-a-stall-tommy-loesch-muenchen-tourismus-370x247.jpg 370w, https:\/\/funkygermany.com\/wp-content\/uploads\/2026\/09\/gingerbread-hearts-with-oktoberfest-greetings-at-a-stall-tommy-loesch-muenchen-tourismus-770x513.jpg 770w, https:\/\/funkygermany.com\/wp-content\/uploads\/2026\/09\/gingerbread-hearts-with-oktoberfest-greetings-at-a-stall-tommy-loesch-muenchen-tourismus-293x195.jpg 293w, https:\/\/funkygermany.com\/wp-content\/uploads\/2026\/09\/gingerbread-hearts-with-oktoberfest-greetings-at-a-stall-tommy-loesch-muenchen-tourismus-1400x934.jpg 1400w, https:\/\/funkygermany.com\/wp-content\/uploads\/2026\/09\/gingerbread-hearts-with-oktoberfest-greetings-at-a-stall-tommy-loesch-muenchen-tourismus-1320x880.jpg 1320w, https:\/\/funkygermany.com\/wp-content\/uploads\/2026\/09\/gingerbread-hearts-with-oktoberfest-greetings-at-a-stall-tommy-loesch-muenchen-tourismus.jpg 1750w\" sizes=\"auto, (max-width: 1024px) 100vw, 1024px\" \/><noscript><img decoding=\"async\" width=\"1024\" height=\"683\" src=\"https:\/\/funkygermany.com\/wp-content\/uploads\/2026\/09\/gingerbread-hearts-with-oktoberfest-greetings-at-a-stall-tommy-loesch-muenchen-tourismus-1024x683.jpg\" alt=\"Gingerbread hearts iced with Oktoberfest greetings hang side by side at a stall.\" class=\"wp-image-20975\" srcset=\"https:\/\/funkygermany.com\/wp-content\/uploads\/2026\/09\/gingerbread-hearts-with-oktoberfest-greetings-at-a-stall-tommy-loesch-muenchen-tourismus-1024x683.jpg 1024w, https:\/\/funkygermany.com\/wp-content\/uploads\/2026\/09\/gingerbread-hearts-with-oktoberfest-greetings-at-a-stall-tommy-loesch-muenchen-tourismus-300x200.jpg 300w, https:\/\/funkygermany.com\/wp-content\/uploads\/2026\/09\/gingerbread-hearts-with-oktoberfest-greetings-at-a-stall-tommy-loesch-muenchen-tourismus-883x589.jpg 883w, https:\/\/funkygermany.com\/wp-content\/uploads\/2026\/09\/gingerbread-hearts-with-oktoberfest-greetings-at-a-stall-tommy-loesch-muenchen-tourismus-1536x1024.jpg 1536w, https:\/\/funkygermany.com\/wp-content\/uploads\/2026\/09\/gingerbread-hearts-with-oktoberfest-greetings-at-a-stall-tommy-loesch-muenchen-tourismus-1155x770.jpg 1155w, https:\/\/funkygermany.com\/wp-content\/uploads\/2026\/09\/gingerbread-hearts-with-oktoberfest-greetings-at-a-stall-tommy-loesch-muenchen-tourismus-370x247.jpg 370w, https:\/\/funkygermany.com\/wp-content\/uploads\/2026\/09\/gingerbread-hearts-with-oktoberfest-greetings-at-a-stall-tommy-loesch-muenchen-tourismus-770x513.jpg 770w, https:\/\/funkygermany.com\/wp-content\/uploads\/2026\/09\/gingerbread-hearts-with-oktoberfest-greetings-at-a-stall-tommy-loesch-muenchen-tourismus-293x195.jpg 293w, https:\/\/funkygermany.com\/wp-content\/uploads\/2026\/09\/gingerbread-hearts-with-oktoberfest-greetings-at-a-stall-tommy-loesch-muenchen-tourismus-1400x934.jpg 1400w, https:\/\/funkygermany.com\/wp-content\/uploads\/2026\/09\/gingerbread-hearts-with-oktoberfest-greetings-at-a-stall-tommy-loesch-muenchen-tourismus-1320x880.jpg 1320w, https:\/\/funkygermany.com\/wp-content\/uploads\/2026\/09\/gingerbread-hearts-with-oktoberfest-greetings-at-a-stall-tommy-loesch-muenchen-tourismus.jpg 1750w\" sizes=\"(max-width: 1024px) 100vw, 1024px\" \/><\/noscript><\/a><figcaption class=\"wp-element-caption\">Foto: Tommy Loesch \/ M\u00fcnchen Tourismus<\/figcaption><\/figure>\n\n\n\n<p class=\"wp-block-paragraph\">And as at any &#8220;Volksfest&#8221;, and really everywhere else: be <strong>nice<\/strong> to the people around you, do not insult anyone, do not crowd anyone or push them into situations they did not ask for. And maybe stop drinking one &#8220;Ma\u00df&#8221; earlier than planned. There is always tomorrow.<\/p>\n\n\n\n<p class=\"has-cyan-bluish-gray-background-color has-background wp-block-paragraph\">\ud83d\udc49 More information about the Oktoberfest at <a href=\"https:\/\/www.oktoberfest.de\/\" target=\"_blank\" rel=\"noreferrer noopener\">https:\/\/www.oktoberfest.de\/en<\/a>.<\/p>\n\n\n\n<div style=\"background: #ffd700; border: 1px solid #c8b89a; border-radius: 12px; padding: clamp(1rem, 4vw, 1.75rem) clamp(1rem, 5vw, 2rem); margin: 2rem 0; box-sizing: border-box; width: 100%;\">\n  <h2 style=\"font-size: 13px; font-weight: 600; letter-spacing: 0.08em; text-transform: uppercase; color: #8b6e4e; margin: 0 0 1.25rem; padding-bottom: 0.75rem; border-bottom: 1px solid #ddd0bc;\">Frequently Asked Questions about Oktoberfest<\/h2>\n\n  <div style=\"padding: 1rem 0; border-bottom: 0.5px solid #ddd0bc;\">\n    <p style=\"font-size: clamp(15px, 2vw, 17px); font-weight: 600; color: #111; margin: 0 0 0.5rem; line-height: 1.4;\">When does Oktoberfest take place?<\/p>\n    <p style=\"font-size: clamp(14px, 1.8vw, 16px); color: #222; line-height: 1.7; margin: 0;\">It runs annually from mid-September to early October in Munich. Most of the festival falls in September, with only the first October weekend included.<\/p>\n  <\/div>\n\n  <div style=\"padding: 1rem 0; border-bottom: 0.5px solid #ddd0bc;\">\n    <p style=\"font-size: clamp(15px, 2vw, 17px); font-weight: 600; color: #111; margin: 0 0 0.5rem; line-height: 1.4;\">What is the best way to get to Oktoberfest?<\/p>\n    <p style=\"font-size: clamp(14px, 1.8vw, 16px); color: #222; line-height: 1.7; margin: 0;\">Take the U-Bahn (lines U4, U5) or S-Bahn to Hauptbahnhof, then walk. Parking is scarce and expensive, so public transport is strongly recommended.<\/p>\n  <\/div>\n\n  <div style=\"padding: 1rem 0;\">\n    <p style=\"font-size: clamp(15px, 2vw, 17px); font-weight: 600; color: #111; margin: 0 0 0.5rem; line-height: 1.4;\">Are there family-friendly areas at Oktoberfest?<\/p>\n    <p style=\"font-size: clamp(14px, 1.8vw, 16px); color: #222; line-height: 1.7; margin: 0;\">Yes, especially in the mornings and during the first week. Many tents have quieter hours, and there are plenty of rides and attractions for children.<\/p>\n  <\/div>\n<\/div>\n\n<script type=\"application\/ld+json\">\n{\n  \"@context\": \"https:\/\/schema.org\",\n  \"@type\": \"FAQPage\",\n  \"mainEntity\": [\n    {\n      \"@type\": \"Question\",\n      \"name\": \"When does Oktoberfest take place?\",\n      \"acceptedAnswer\": {\n        \"@type\": \"Answer\",\n        \"text\": \"It runs annually from mid-September to early October in Munich. Most of the festival falls in September, with only the first October weekend included.\"\n      }\n    },\n    {\n      \"@type\": \"Question\",\n      \"name\": \"What is the best way to get to Oktoberfest?\",\n      \"acceptedAnswer\": {\n        \"@type\": \"Answer\",\n        \"text\": \"Take the U-Bahn (lines U4, U5) or S-Bahn to Hauptbahnhof, then walk. Parking is scarce and expensive, so public transport is strongly recommended.\"\n      }\n    },\n    {\n      \"@type\": \"Question\",\n      \"name\": \"Are there family-friendly areas at Oktoberfest?\",\n      \"acceptedAnswer\": {\n        \"@type\": \"Answer\",\n        \"text\": \"Yes, especially in the mornings and during the first week. Many tents have quieter hours, and there are plenty of rides and attractions for children.\"\n      }\n    }\n  ]\n}\n<\/script>\n","protected":false},"excerpt":{"rendered":"<p>Dates, keg tapping, beer prices, rules: all the key info on the Oktoberfest 2026, running from 19 September to 4 October.<\/p>\n","protected":false},"author":10,"featured_media":20987,"comment_status":"closed","ping_status":"open","sticky":false,"template":"","format":"standard","meta":{"footnotes":""},"categories":[646],"tags":[664,679,699],"class_list":["post-20986","post","type-post","status-publish","format-standard","has-post-thumbnail","hentry","category-munich","tag-event-en","tag-munich","tag-tradition-en"],"yoast_head":"<!-- This site is optimized with the Yoast SEO Premium plugin v28.4 (Yoast SEO v28.4) - https:\/\/yoast.com\/product\/yoast-seo-premium-wordpress\/ -->\n<title>Oktoberfest 2026: Dates, Beer Prices and All the Info - funkyGERMANY<\/title>\n<meta name=\"description\" content=\"Dates, keg tapping, beer prices, rules: all the key info on the Oktoberfest 2026, running from 19 September to 4 October.\" \/>\n<meta name=\"robots\" content=\"index, follow, max-snippet:-1, max-image-preview:large, max-video-preview:-1\" \/>\n<link rel=\"canonical\" href=\"https:\/\/funkygermany.com\/en\/oktoberfest-munich-what-to-know\/\" \/>\n<meta property=\"og:locale\" content=\"en_US\" \/>\n<meta property=\"og:type\" content=\"article\" \/>\n<meta property=\"og:title\" content=\"Oktoberfest 2026: Everything You Need to Know About the &quot;Wiesn&quot;\" \/>\n<meta property=\"og:description\" content=\"Dates, keg tapping, beer prices, rules: all the key info on the Oktoberfest 2026, running from 19 September to 4 October.\" \/>\n<meta property=\"og:url\" content=\"https:\/\/funkygermany.com\/en\/oktoberfest-munich-what-to-know\/\" \/>\n<meta property=\"og:site_name\" content=\"funkyGERMANY\" \/>\n<meta property=\"article:publisher\" content=\"https:\/\/www.facebook.com\/funkyGERMANY\/\" \/>\n<meta property=\"article:published_time\" content=\"2026-09-04T09:22:07+00:00\" \/>\n<meta property=\"article:modified_time\" content=\"2026-09-04T09:22:09+00:00\" \/>\n<meta property=\"og:image\" content=\"https:\/\/funkygermany.com\/wp-content\/uploads\/2026\/09\/brass-band-playing-in-a-crowded-beer-tent-at-oktoberfest-jan-saurer-muenchen-tourismus.jpg\" \/>\n\t<meta property=\"og:image:width\" content=\"1750\" \/>\n\t<meta property=\"og:image:height\" content=\"1168\" \/>\n\t<meta property=\"og:image:type\" content=\"image\/jpeg\" \/>\n<meta name=\"author\" content=\"Konrad Bender\" \/>\n<meta name=\"twitter:card\" content=\"summary_large_image\" \/>\n<meta name=\"twitter:creator\" content=\"@funky_germany\" \/>\n<meta name=\"twitter:site\" content=\"@funky_germany\" \/>\n<meta name=\"twitter:label1\" content=\"Written by\" \/>\n\t<meta name=\"twitter:data1\" content=\"Konrad Bender\" \/>\n\t<meta name=\"twitter:label2\" content=\"Est. reading time\" \/>\n\t<meta name=\"twitter:data2\" content=\"12 minutes\" \/>\n<script type=\"application\/ld+json\" class=\"yoast-schema-graph\">{\"@context\":\"https:\\\/\\\/schema.org\",\"@graph\":[{\"@type\":\"Article\",\"@id\":\"https:\\\/\\\/funkygermany.com\\\/en\\\/oktoberfest-munich-what-to-know\\\/#article\",\"isPartOf\":{\"@id\":\"https:\\\/\\\/funkygermany.com\\\/en\\\/oktoberfest-munich-what-to-know\\\/\"},\"author\":{\"name\":\"Konrad Bender\",\"@id\":\"https:\\\/\\\/funkygermany.com\\\/en\\\/#\\\/schema\\\/person\\\/f81b7afdf2e893ded488c675b14e4ab9\"},\"headline\":\"Oktoberfest 2026: Everything You Need to Know About the &#8220;Wiesn&#8221;\",\"datePublished\":\"2026-09-04T09:22:07+00:00\",\"dateModified\":\"2026-09-04T09:22:09+00:00\",\"mainEntityOfPage\":{\"@id\":\"https:\\\/\\\/funkygermany.com\\\/en\\\/oktoberfest-munich-what-to-know\\\/\"},\"wordCount\":1707,\"publisher\":{\"@id\":\"https:\\\/\\\/funkygermany.com\\\/en\\\/#organization\"},\"image\":{\"@id\":\"https:\\\/\\\/funkygermany.com\\\/en\\\/oktoberfest-munich-what-to-know\\\/#primaryimage\"},\"thumbnailUrl\":\"https:\\\/\\\/funkygermany.com\\\/wp-content\\\/uploads\\\/2026\\\/09\\\/brass-band-playing-in-a-crowded-beer-tent-at-oktoberfest-jan-saurer-muenchen-tourismus.jpg\",\"keywords\":[\"Event\",\"Munich\",\"Tradition\"],\"articleSection\":[\"Munich\"],\"inLanguage\":\"en-US\"},{\"@type\":\"WebPage\",\"@id\":\"https:\\\/\\\/funkygermany.com\\\/en\\\/oktoberfest-munich-what-to-know\\\/\",\"url\":\"https:\\\/\\\/funkygermany.com\\\/en\\\/oktoberfest-munich-what-to-know\\\/\",\"name\":\"Oktoberfest 2026: Dates, Beer Prices and All the Info - funkyGERMANY\",\"isPartOf\":{\"@id\":\"https:\\\/\\\/funkygermany.com\\\/en\\\/#website\"},\"primaryImageOfPage\":{\"@id\":\"https:\\\/\\\/funkygermany.com\\\/en\\\/oktoberfest-munich-what-to-know\\\/#primaryimage\"},\"image\":{\"@id\":\"https:\\\/\\\/funkygermany.com\\\/en\\\/oktoberfest-munich-what-to-know\\\/#primaryimage\"},\"thumbnailUrl\":\"https:\\\/\\\/funkygermany.com\\\/wp-content\\\/uploads\\\/2026\\\/09\\\/brass-band-playing-in-a-crowded-beer-tent-at-oktoberfest-jan-saurer-muenchen-tourismus.jpg\",\"datePublished\":\"2026-09-04T09:22:07+00:00\",\"dateModified\":\"2026-09-04T09:22:09+00:00\",\"description\":\"Dates, keg tapping, beer prices, rules: all the key info on the Oktoberfest 2026, running from 19 September to 4 October.\",\"breadcrumb\":{\"@id\":\"https:\\\/\\\/funkygermany.com\\\/en\\\/oktoberfest-munich-what-to-know\\\/#breadcrumb\"},\"inLanguage\":\"en-US\",\"potentialAction\":[{\"@type\":\"ReadAction\",\"target\":[\"https:\\\/\\\/funkygermany.com\\\/en\\\/oktoberfest-munich-what-to-know\\\/\"]}]},{\"@type\":\"ImageObject\",\"inLanguage\":\"en-US\",\"@id\":\"https:\\\/\\\/funkygermany.com\\\/en\\\/oktoberfest-munich-what-to-know\\\/#primaryimage\",\"url\":\"https:\\\/\\\/funkygermany.com\\\/wp-content\\\/uploads\\\/2026\\\/09\\\/brass-band-playing-in-a-crowded-beer-tent-at-oktoberfest-jan-saurer-muenchen-tourismus.jpg\",\"contentUrl\":\"https:\\\/\\\/funkygermany.com\\\/wp-content\\\/uploads\\\/2026\\\/09\\\/brass-band-playing-in-a-crowded-beer-tent-at-oktoberfest-jan-saurer-muenchen-tourismus.jpg\",\"width\":1750,\"height\":1168,\"caption\":\"Image: Jan Saurer \\\/ M\u00fcnchen Tourismus\"},{\"@type\":\"BreadcrumbList\",\"@id\":\"https:\\\/\\\/funkygermany.com\\\/en\\\/oktoberfest-munich-what-to-know\\\/#breadcrumb\",\"itemListElement\":[{\"@type\":\"ListItem\",\"position\":1,\"name\":\"Homepage\",\"item\":\"https:\\\/\\\/funkygermany.com\\\/en\\\/\"},{\"@type\":\"ListItem\",\"position\":2,\"name\":\"Oktoberfest 2026: Everything You Need to Know About the &#8222;Wiesn&#8220;\"}]},{\"@type\":\"WebSite\",\"@id\":\"https:\\\/\\\/funkygermany.com\\\/en\\\/#website\",\"url\":\"https:\\\/\\\/funkygermany.com\\\/en\\\/\",\"name\":\"funkyGERMANY\",\"description\":\"The Travel Site\",\"publisher\":{\"@id\":\"https:\\\/\\\/funkygermany.com\\\/en\\\/#organization\"},\"potentialAction\":[{\"@type\":\"SearchAction\",\"target\":{\"@type\":\"EntryPoint\",\"urlTemplate\":\"https:\\\/\\\/funkygermany.com\\\/en\\\/?s={search_term_string}\"},\"query-input\":{\"@type\":\"PropertyValueSpecification\",\"valueRequired\":true,\"valueName\":\"search_term_string\"}}],\"inLanguage\":\"en-US\"},{\"@type\":\"Organization\",\"@id\":\"https:\\\/\\\/funkygermany.com\\\/en\\\/#organization\",\"name\":\"funkyGERMANY\",\"url\":\"https:\\\/\\\/funkygermany.com\\\/en\\\/\",\"logo\":{\"@type\":\"ImageObject\",\"inLanguage\":\"en-US\",\"@id\":\"https:\\\/\\\/funkygermany.com\\\/en\\\/#\\\/schema\\\/logo\\\/image\\\/\",\"url\":\"\",\"contentUrl\":\"\",\"caption\":\"funkyGERMANY\"},\"image\":{\"@id\":\"https:\\\/\\\/funkygermany.com\\\/en\\\/#\\\/schema\\\/logo\\\/image\\\/\"},\"sameAs\":[\"https:\\\/\\\/www.facebook.com\\\/funkyGERMANY\\\/\",\"https:\\\/\\\/x.com\\\/funky_germany\",\"https:\\\/\\\/www.instagram.com\\\/funky.germany\\\/\"]},{\"@type\":\"Person\",\"@id\":\"https:\\\/\\\/funkygermany.com\\\/en\\\/#\\\/schema\\\/person\\\/f81b7afdf2e893ded488c675b14e4ab9\",\"name\":\"Konrad Bender\",\"image\":{\"@type\":\"ImageObject\",\"inLanguage\":\"en-US\",\"@id\":\"https:\\\/\\\/secure.gravatar.com\\\/avatar\\\/23b3770cab9ffa7229f737140560ffbdbbc31e87f47597d1e37137060660d1f2?s=96&d=mm&r=g\",\"url\":\"https:\\\/\\\/secure.gravatar.com\\\/avatar\\\/23b3770cab9ffa7229f737140560ffbdbbc31e87f47597d1e37137060660d1f2?s=96&d=mm&r=g\",\"contentUrl\":\"https:\\\/\\\/secure.gravatar.com\\\/avatar\\\/23b3770cab9ffa7229f737140560ffbdbbc31e87f47597d1e37137060660d1f2?s=96&d=mm&r=g\",\"caption\":\"Konrad Bender\"},\"description\":\"Konrad l\u00e4sst sich gerne \u00fcberraschen. Seine Reisen f\u00fchren den Exil-Sauerl\u00e4nder an Orte, die auf den Reisepl\u00e4nen vieler Menschen vielleicht nicht ganz oben stehen und doch viel zu bieten haben. Ein besonderes Augenmerk legt der Hobbyhistoriker dabei auf Kultur und Geschichte, erkundet aber auch f\u00fcr sein Leben gern Naturkathedralen und Gastrotempel gleicherma\u00dfen.\",\"url\":\"https:\\\/\\\/funkygermany.com\\\/en\\\/author\\\/konrad-bender\\\/\"}]}<\/script>\n<!-- \/ Yoast SEO Premium plugin. -->","yoast_head_json":{"title":"Oktoberfest 2026: Dates, Beer Prices and All the Info - funkyGERMANY","description":"Dates, keg tapping, beer prices, rules: all the key info on the Oktoberfest 2026, running from 19 September to 4 October.","robots":{"index":"index","follow":"follow","max-snippet":"max-snippet:-1","max-image-preview":"max-image-preview:large","max-video-preview":"max-video-preview:-1"},"canonical":"https:\/\/funkygermany.com\/en\/oktoberfest-munich-what-to-know\/","og_locale":"en_US","og_type":"article","og_title":"Oktoberfest 2026: Everything You Need to Know About the \"Wiesn\"","og_description":"Dates, keg tapping, beer prices, rules: all the key info on the Oktoberfest 2026, running from 19 September to 4 October.","og_url":"https:\/\/funkygermany.com\/en\/oktoberfest-munich-what-to-know\/","og_site_name":"funkyGERMANY","article_publisher":"https:\/\/www.facebook.com\/funkyGERMANY\/","article_published_time":"2026-09-04T09:22:07+00:00","article_modified_time":"2026-09-04T09:22:09+00:00","og_image":[{"width":1750,"height":1168,"url":"https:\/\/funkygermany.com\/wp-content\/uploads\/2026\/09\/brass-band-playing-in-a-crowded-beer-tent-at-oktoberfest-jan-saurer-muenchen-tourismus.jpg","type":"image\/jpeg"}],"author":"Konrad Bender","twitter_card":"summary_large_image","twitter_creator":"@funky_germany","twitter_site":"@funky_germany","twitter_misc":{"Written by":"Konrad Bender","Est. reading time":"12 minutes"},"schema":{"@context":"https:\/\/schema.org","@graph":[{"@type":"Article","@id":"https:\/\/funkygermany.com\/en\/oktoberfest-munich-what-to-know\/#article","isPartOf":{"@id":"https:\/\/funkygermany.com\/en\/oktoberfest-munich-what-to-know\/"},"author":{"name":"Konrad Bender","@id":"https:\/\/funkygermany.com\/en\/#\/schema\/person\/f81b7afdf2e893ded488c675b14e4ab9"},"headline":"Oktoberfest 2026: Everything You Need to Know About the &#8220;Wiesn&#8221;","datePublished":"2026-09-04T09:22:07+00:00","dateModified":"2026-09-04T09:22:09+00:00","mainEntityOfPage":{"@id":"https:\/\/funkygermany.com\/en\/oktoberfest-munich-what-to-know\/"},"wordCount":1707,"publisher":{"@id":"https:\/\/funkygermany.com\/en\/#organization"},"image":{"@id":"https:\/\/funkygermany.com\/en\/oktoberfest-munich-what-to-know\/#primaryimage"},"thumbnailUrl":"https:\/\/funkygermany.com\/wp-content\/uploads\/2026\/09\/brass-band-playing-in-a-crowded-beer-tent-at-oktoberfest-jan-saurer-muenchen-tourismus.jpg","keywords":["Event","Munich","Tradition"],"articleSection":["Munich"],"inLanguage":"en-US"},{"@type":"WebPage","@id":"https:\/\/funkygermany.com\/en\/oktoberfest-munich-what-to-know\/","url":"https:\/\/funkygermany.com\/en\/oktoberfest-munich-what-to-know\/","name":"Oktoberfest 2026: Dates, Beer Prices and All the Info - funkyGERMANY","isPartOf":{"@id":"https:\/\/funkygermany.com\/en\/#website"},"primaryImageOfPage":{"@id":"https:\/\/funkygermany.com\/en\/oktoberfest-munich-what-to-know\/#primaryimage"},"image":{"@id":"https:\/\/funkygermany.com\/en\/oktoberfest-munich-what-to-know\/#primaryimage"},"thumbnailUrl":"https:\/\/funkygermany.com\/wp-content\/uploads\/2026\/09\/brass-band-playing-in-a-crowded-beer-tent-at-oktoberfest-jan-saurer-muenchen-tourismus.jpg","datePublished":"2026-09-04T09:22:07+00:00","dateModified":"2026-09-04T09:22:09+00:00","description":"Dates, keg tapping, beer prices, rules: all the key info on the Oktoberfest 2026, running from 19 September to 4 October.","breadcrumb":{"@id":"https:\/\/funkygermany.com\/en\/oktoberfest-munich-what-to-know\/#breadcrumb"},"inLanguage":"en-US","potentialAction":[{"@type":"ReadAction","target":["https:\/\/funkygermany.com\/en\/oktoberfest-munich-what-to-know\/"]}]},{"@type":"ImageObject","inLanguage":"en-US","@id":"https:\/\/funkygermany.com\/en\/oktoberfest-munich-what-to-know\/#primaryimage","url":"https:\/\/funkygermany.com\/wp-content\/uploads\/2026\/09\/brass-band-playing-in-a-crowded-beer-tent-at-oktoberfest-jan-saurer-muenchen-tourismus.jpg","contentUrl":"https:\/\/funkygermany.com\/wp-content\/uploads\/2026\/09\/brass-band-playing-in-a-crowded-beer-tent-at-oktoberfest-jan-saurer-muenchen-tourismus.jpg","width":1750,"height":1168,"caption":"Image: Jan Saurer \/ M\u00fcnchen Tourismus"},{"@type":"BreadcrumbList","@id":"https:\/\/funkygermany.com\/en\/oktoberfest-munich-what-to-know\/#breadcrumb","itemListElement":[{"@type":"ListItem","position":1,"name":"Homepage","item":"https:\/\/funkygermany.com\/en\/"},{"@type":"ListItem","position":2,"name":"Oktoberfest 2026: Everything You Need to Know About the &#8222;Wiesn&#8220;"}]},{"@type":"WebSite","@id":"https:\/\/funkygermany.com\/en\/#website","url":"https:\/\/funkygermany.com\/en\/","name":"funkyGERMANY","description":"The Travel Site","publisher":{"@id":"https:\/\/funkygermany.com\/en\/#organization"},"potentialAction":[{"@type":"SearchAction","target":{"@type":"EntryPoint","urlTemplate":"https:\/\/funkygermany.com\/en\/?s={search_term_string}"},"query-input":{"@type":"PropertyValueSpecification","valueRequired":true,"valueName":"search_term_string"}}],"inLanguage":"en-US"},{"@type":"Organization","@id":"https:\/\/funkygermany.com\/en\/#organization","name":"funkyGERMANY","url":"https:\/\/funkygermany.com\/en\/","logo":{"@type":"ImageObject","inLanguage":"en-US","@id":"https:\/\/funkygermany.com\/en\/#\/schema\/logo\/image\/","url":"","contentUrl":"","caption":"funkyGERMANY"},"image":{"@id":"https:\/\/funkygermany.com\/en\/#\/schema\/logo\/image\/"},"sameAs":["https:\/\/www.facebook.com\/funkyGERMANY\/","https:\/\/x.com\/funky_germany","https:\/\/www.instagram.com\/funky.germany\/"]},{"@type":"Person","@id":"https:\/\/funkygermany.com\/en\/#\/schema\/person\/f81b7afdf2e893ded488c675b14e4ab9","name":"Konrad Bender","image":{"@type":"ImageObject","inLanguage":"en-US","@id":"https:\/\/secure.gravatar.com\/avatar\/23b3770cab9ffa7229f737140560ffbdbbc31e87f47597d1e37137060660d1f2?s=96&d=mm&r=g","url":"https:\/\/secure.gravatar.com\/avatar\/23b3770cab9ffa7229f737140560ffbdbbc31e87f47597d1e37137060660d1f2?s=96&d=mm&r=g","contentUrl":"https:\/\/secure.gravatar.com\/avatar\/23b3770cab9ffa7229f737140560ffbdbbc31e87f47597d1e37137060660d1f2?s=96&d=mm&r=g","caption":"Konrad Bender"},"description":"Konrad l\u00e4sst sich gerne \u00fcberraschen. Seine Reisen f\u00fchren den Exil-Sauerl\u00e4nder an Orte, die auf den Reisepl\u00e4nen vieler Menschen vielleicht nicht ganz oben stehen und doch viel zu bieten haben. Ein besonderes Augenmerk legt der Hobbyhistoriker dabei auf Kultur und Geschichte, erkundet aber auch f\u00fcr sein Leben gern Naturkathedralen und Gastrotempel gleicherma\u00dfen.","url":"https:\/\/funkygermany.com\/en\/author\/konrad-bender\/"}]}},"_links":{"self":[{"href":"https:\/\/funkygermany.com\/en\/wp-json\/wp\/v2\/posts\/20986","targetHints":{"allow":["GET"]}}],"collection":[{"href":"https:\/\/funkygermany.com\/en\/wp-json\/wp\/v2\/posts"}],"about":[{"href":"https:\/\/funkygermany.com\/en\/wp-json\/wp\/v2\/types\/post"}],"author":[{"embeddable":true,"href":"https:\/\/funkygermany.com\/en\/wp-json\/wp\/v2\/users\/10"}],"replies":[{"embeddable":true,"href":"https:\/\/funkygermany.com\/en\/wp-json\/wp\/v2\/comments?post=20986"}],"version-history":[{"count":1,"href":"https:\/\/funkygermany.com\/en\/wp-json\/wp\/v2\/posts\/20986\/revisions"}],"predecessor-version":[{"id":20989,"href":"https:\/\/funkygermany.com\/en\/wp-json\/wp\/v2\/posts\/20986\/revisions\/20989"}],"wp:featuredmedia":[{"embeddable":true,"href":"https:\/\/funkygermany.com\/en\/wp-json\/wp\/v2\/media\/20987"}],"wp:attachment":[{"href":"https:\/\/funkygermany.com\/en\/wp-json\/wp\/v2\/media?parent=20986"}],"wp:term":[{"taxonomy":"category","embeddable":true,"href":"https:\/\/funkygermany.com\/en\/wp-json\/wp\/v2\/categories?post=20986"},{"taxonomy":"post_tag","embeddable":true,"href":"https:\/\/funkygermany.com\/en\/wp-json\/wp\/v2\/tags?post=20986"}],"curies":[{"name":"wp","href":"https:\/\/api.w.org\/{rel}","templated":true}]}}