{"id":19155,"date":"2025-10-22T16:11:05","date_gmt":"2025-10-22T14:11:05","guid":{"rendered":"https:\/\/funkygermany.com\/?p=19155"},"modified":"2025-10-22T16:11:08","modified_gmt":"2025-10-22T14:11:08","slug":"new-exhibition-berlin-nature","status":"publish","type":"post","link":"https:\/\/funkygermany.com\/en\/new-exhibition-berlin-nature\/","title":{"rendered":"If You Like Forests, You&#8217;ll Love This New Exhibition in Berlin"},"content":{"rendered":"\n<p><strong>Germans and the forest\u2014a love story? A new exhibition at the Deutsches Historisches Museum in Berlin will explore this question starting in November. We know what it&#8217;s all about.<\/strong><\/p>\n\n\n\n<p>A new exhibition at the <strong>Deutsches Historisches Museum <\/strong>(DHM) in Berlin, opening on November 14, 2025, will focus on nature in German history. It will span 800 years of history, going back to the nun and abbess Hildegard von Bingen. Whose name, by the way, is still known today in Germany and associated with herbal medicine.<\/p>\n\n\n\n<p>But the medieval botanist is just one of five sections into which the exhibition \u201c<strong>Nature and German History. Faith \u2013 Biology \u2013 Power<\/strong>\u201d is divided. Her idea that people can encounter a divine power in nature is the basis for a tradition that continues to this day. And it is explored further in the following sections.<\/p>\n\n\n\n<h2 class=\"wp-block-heading\" id=\"h-nature-and-history-at-a-glance\">Nature and History at a Glance<\/h2>\n\n\n\n<p>Other prominent figures appear in the exhibition in the form of Johannes Kepler, Ernst Haeckel, Otto von Bismarck, and Friedrich Fr\u00f6bel. The focus is always on the question of how Germans viewed and tried to understand nature. Why, for example, did the relationship between Hildegard von Bingen&#8217;s divine nature change to the contrast between <strong>nature and industrialization <\/strong>in the 19th century? The exhibition also explores the question of how the National Socialists incorporated their understanding of nature into their constructed mythology and committed the worst crimes on the basis of a believed \u201cnatural\u201d order.<\/p>\n\n\n\n<figure class=\"wp-block-gallery has-nested-images columns-default is-cropped wp-block-gallery-1 is-layout-flex wp-block-gallery-is-layout-flex\">\n<figure class=\"wp-block-image size-large\"><a href=\"https:\/\/funkygermany.com\/wp-content\/uploads\/2025\/10\/hildegard-von-bingen-cosmic-egg-c-dhm.jpg\"><img decoding=\"async\" width=\"776\" height=\"1024\" loading=\"lazy\" data-id=\"19016\" src=\"https:\/\/funkygermany.com\/wp-content\/uploads\/2025\/10\/hildegard-von-bingen-cosmic-egg-c-dhm-776x1024.jpg\" alt=\"Medieval book printing; the focus is on an oval shape whose edge appears to consist of flames. Inside is a kind of starry sky, with several blowing heads symbolizing the winds. Right in the center is a blue circle containing several trees and the sea.\" class=\"wp-image-19016\" srcset=\"https:\/\/funkygermany.com\/wp-content\/uploads\/2025\/10\/hildegard-von-bingen-cosmic-egg-c-dhm-776x1024.jpg 776w, https:\/\/funkygermany.com\/wp-content\/uploads\/2025\/10\/hildegard-von-bingen-cosmic-egg-c-dhm-227x300.jpg 227w, https:\/\/funkygermany.com\/wp-content\/uploads\/2025\/10\/hildegard-von-bingen-cosmic-egg-c-dhm-883x1164.jpg 883w, https:\/\/funkygermany.com\/wp-content\/uploads\/2025\/10\/hildegard-von-bingen-cosmic-egg-c-dhm-1165x1536.jpg 1165w, https:\/\/funkygermany.com\/wp-content\/uploads\/2025\/10\/hildegard-von-bingen-cosmic-egg-c-dhm-293x386.jpg 293w, https:\/\/funkygermany.com\/wp-content\/uploads\/2025\/10\/hildegard-von-bingen-cosmic-egg-c-dhm-770x1015.jpg 770w, https:\/\/funkygermany.com\/wp-content\/uploads\/2025\/10\/hildegard-von-bingen-cosmic-egg-c-dhm-1320x1741.jpg 1320w, https:\/\/funkygermany.com\/wp-content\/uploads\/2025\/10\/hildegard-von-bingen-cosmic-egg-c-dhm.jpg 1327w\" sizes=\"auto, (max-width: 776px) 100vw, 776px\" \/><noscript><img decoding=\"async\" width=\"776\" height=\"1024\" data-id=\"19016\" src=\"https:\/\/funkygermany.com\/wp-content\/uploads\/2025\/10\/hildegard-von-bingen-cosmic-egg-c-dhm-776x1024.jpg\" alt=\"Medieval book printing; the focus is on an oval shape whose edge appears to consist of flames. Inside is a kind of starry sky, with several blowing heads symbolizing the winds. Right in the center is a blue circle containing several trees and the sea.\" class=\"wp-image-19016\" srcset=\"https:\/\/funkygermany.com\/wp-content\/uploads\/2025\/10\/hildegard-von-bingen-cosmic-egg-c-dhm-776x1024.jpg 776w, https:\/\/funkygermany.com\/wp-content\/uploads\/2025\/10\/hildegard-von-bingen-cosmic-egg-c-dhm-227x300.jpg 227w, https:\/\/funkygermany.com\/wp-content\/uploads\/2025\/10\/hildegard-von-bingen-cosmic-egg-c-dhm-883x1164.jpg 883w, https:\/\/funkygermany.com\/wp-content\/uploads\/2025\/10\/hildegard-von-bingen-cosmic-egg-c-dhm-1165x1536.jpg 1165w, https:\/\/funkygermany.com\/wp-content\/uploads\/2025\/10\/hildegard-von-bingen-cosmic-egg-c-dhm-293x386.jpg 293w, https:\/\/funkygermany.com\/wp-content\/uploads\/2025\/10\/hildegard-von-bingen-cosmic-egg-c-dhm-770x1015.jpg 770w, https:\/\/funkygermany.com\/wp-content\/uploads\/2025\/10\/hildegard-von-bingen-cosmic-egg-c-dhm-1320x1741.jpg 1320w, https:\/\/funkygermany.com\/wp-content\/uploads\/2025\/10\/hildegard-von-bingen-cosmic-egg-c-dhm.jpg 1327w\" sizes=\"(max-width: 776px) 100vw, 776px\" \/><\/noscript><\/a><figcaption class=\"wp-element-caption\">The World Egg by Hildegard von Bingen, around 1175 | Image: DHM<\/figcaption><\/figure>\n\n\n\n<figure class=\"wp-block-image size-large\"><a href=\"https:\/\/funkygermany.com\/wp-content\/uploads\/2025\/10\/putsche-potatoes-c-dhm.jpg\"><img decoding=\"async\" width=\"806\" height=\"1024\" loading=\"lazy\" data-id=\"19018\" src=\"https:\/\/funkygermany.com\/wp-content\/uploads\/2025\/10\/putsche-potatoes-c-dhm-806x1024.jpg\" alt=\"Scientific color illustration of six different potatoes from a book. Headline: \u201cEarly potatoes\u201d; the paper is slightly yellowed, the labeling is done by hand.\" class=\"wp-image-19018\" srcset=\"https:\/\/funkygermany.com\/wp-content\/uploads\/2025\/10\/putsche-potatoes-c-dhm-806x1024.jpg 806w, https:\/\/funkygermany.com\/wp-content\/uploads\/2025\/10\/putsche-potatoes-c-dhm-236x300.jpg 236w, https:\/\/funkygermany.com\/wp-content\/uploads\/2025\/10\/putsche-potatoes-c-dhm-883x1121.jpg 883w, https:\/\/funkygermany.com\/wp-content\/uploads\/2025\/10\/putsche-potatoes-c-dhm-1209x1536.jpg 1209w, https:\/\/funkygermany.com\/wp-content\/uploads\/2025\/10\/putsche-potatoes-c-dhm-293x372.jpg 293w, https:\/\/funkygermany.com\/wp-content\/uploads\/2025\/10\/putsche-potatoes-c-dhm-770x978.jpg 770w, https:\/\/funkygermany.com\/wp-content\/uploads\/2025\/10\/putsche-potatoes-c-dhm-1320x1676.jpg 1320w, https:\/\/funkygermany.com\/wp-content\/uploads\/2025\/10\/putsche-potatoes-c-dhm.jpg 1378w\" sizes=\"auto, (max-width: 806px) 100vw, 806px\" \/><noscript><img decoding=\"async\" width=\"806\" height=\"1024\" data-id=\"19018\" src=\"https:\/\/funkygermany.com\/wp-content\/uploads\/2025\/10\/putsche-potatoes-c-dhm-806x1024.jpg\" alt=\"Scientific color illustration of six different potatoes from a book. Headline: \u201cEarly potatoes\u201d; the paper is slightly yellowed, the labeling is done by hand.\" class=\"wp-image-19018\" srcset=\"https:\/\/funkygermany.com\/wp-content\/uploads\/2025\/10\/putsche-potatoes-c-dhm-806x1024.jpg 806w, https:\/\/funkygermany.com\/wp-content\/uploads\/2025\/10\/putsche-potatoes-c-dhm-236x300.jpg 236w, https:\/\/funkygermany.com\/wp-content\/uploads\/2025\/10\/putsche-potatoes-c-dhm-883x1121.jpg 883w, https:\/\/funkygermany.com\/wp-content\/uploads\/2025\/10\/putsche-potatoes-c-dhm-1209x1536.jpg 1209w, https:\/\/funkygermany.com\/wp-content\/uploads\/2025\/10\/putsche-potatoes-c-dhm-293x372.jpg 293w, https:\/\/funkygermany.com\/wp-content\/uploads\/2025\/10\/putsche-potatoes-c-dhm-770x978.jpg 770w, https:\/\/funkygermany.com\/wp-content\/uploads\/2025\/10\/putsche-potatoes-c-dhm-1320x1676.jpg 1320w, https:\/\/funkygermany.com\/wp-content\/uploads\/2025\/10\/putsche-potatoes-c-dhm.jpg 1378w\" sizes=\"(max-width: 806px) 100vw, 806px\" \/><\/noscript><\/a><figcaption class=\"wp-element-caption\">Page from \u201cVersuch einer Monographie der Kartoffeln\u201d by Carl Wilhelm Ernst | Image: DHM<\/figcaption><\/figure>\n<\/figure>\n\n\n\n<p>Finally, the exhibition concludes with the <strong>environmental movement <\/strong>of the 1970s, which was triggered by increasing pollution of nature and the decline of natural habitats for plants and animals. Demonstrations against nuclear power plants, a dedicated environmental protection department in the Federal Ministry of the Interior, the sustainability debate. All of these issues are still relevant today.<\/p>\n\n\n\n<h2 class=\"wp-block-heading\">What Else Do You Need To Know<\/h2>\n\n\n\n<p>Visitors to the DHM can learn about these topics through some <strong>250 exhibits<\/strong>. Ranging from paintings and maps to models and specimens to films and video interviews. And don&#8217;t worry, there&#8217;s no lecture-style teaching here. Interactive and multisensory stations ensure that the topic can be explored with almost all the senses, for example at a <strong>herb smelling station<\/strong>. For young guests, there is a special children&#8217;s trail through the exhibition, which is also largely inclusive and barrier-free. We are already looking forward to the opening and are gathering inspiration on a walk in the woods until then.<\/p>\n\n\n\n<p class=\"has-cyan-bluish-gray-background-color has-background\"><strong>What? <\/strong>Exhibition: \u201cNature and German History: Faith, Biology, Power\u201d<br><strong>When? <\/strong>November 14, 2025 \u2013 June 7, 2026<br><strong>Where? <\/strong>Deutsches Historisches Museum, Berlin<br><strong>Admission? <\/strong>\u20ac7 (reduced \u20ac3)<br><strong>Website: <\/strong><a href=\"http:\/\/www.dhm.de\/en\" target=\"_blank\" rel=\"noreferrer noopener\">www.dhm.de\/en<\/a><\/p>\n","protected":false},"excerpt":{"rendered":"<p>How do Germans feel about nature? A new exhibition in Berlin will explore this question starting in November 2025.<\/p>\n","protected":false},"author":10,"featured_media":19156,"comment_status":"closed","ping_status":"open","sticky":false,"template":"","format":"standard","meta":{"footnotes":""},"categories":[626],"tags":[1899,2333],"class_list":["post-19155","post","type-post","status-publish","format-standard","has-post-thumbnail","hentry","category-berlin-regions","tag-berlin-en","tag-culture"],"yoast_head":"<!-- This site is optimized with the Yoast SEO Premium plugin v27.3 (Yoast SEO v27.3) - https:\/\/yoast.com\/product\/yoast-seo-premium-wordpress\/ -->\n<title>If You Like Forests, You&#039;ll Love This New Exhibition in Berlin - funkyGERMANY<\/title>\n<meta name=\"description\" content=\"How do Germans feel about nature? A new exhibition in Berlin will explore this question starting in November 2025.\" \/>\n<meta name=\"robots\" content=\"index, follow, max-snippet:-1, max-image-preview:large, max-video-preview:-1\" \/>\n<link rel=\"canonical\" href=\"https:\/\/funkygermany.com\/en\/new-exhibition-berlin-nature\/\" \/>\n<meta property=\"og:locale\" content=\"en_US\" \/>\n<meta property=\"og:type\" content=\"article\" \/>\n<meta property=\"og:title\" content=\"If You Like Forests, You&#039;ll Love This New Exhibition in Berlin\" \/>\n<meta property=\"og:description\" content=\"How do Germans feel about nature? A new exhibition in Berlin will explore this question starting in November 2025.\" \/>\n<meta property=\"og:url\" content=\"https:\/\/funkygermany.com\/en\/new-exhibition-berlin-nature\/\" \/>\n<meta property=\"og:site_name\" content=\"funkyGERMANY\" \/>\n<meta property=\"article:publisher\" content=\"https:\/\/www.facebook.com\/funkyGERMANY\/\" \/>\n<meta property=\"article:published_time\" content=\"2025-10-22T14:11:05+00:00\" \/>\n<meta property=\"article:modified_time\" content=\"2025-10-22T14:11:08+00:00\" \/>\n<meta property=\"og:image\" content=\"https:\/\/funkygermany.com\/wp-content\/uploads\/2025\/10\/forest-mountains-fog-sky-c-paul-summers-unsplash.webp\" \/>\n\t<meta property=\"og:image:width\" content=\"2000\" \/>\n\t<meta property=\"og:image:height\" content=\"1333\" \/>\n\t<meta property=\"og:image:type\" content=\"image\/webp\" \/>\n<meta name=\"author\" content=\"Konrad Bender\" \/>\n<meta name=\"twitter:card\" content=\"summary_large_image\" \/>\n<meta name=\"twitter:creator\" content=\"@funky_germany\" \/>\n<meta name=\"twitter:site\" content=\"@funky_germany\" \/>\n<meta name=\"twitter:label1\" content=\"Written by\" \/>\n\t<meta name=\"twitter:data1\" content=\"Konrad Bender\" \/>\n\t<meta name=\"twitter:label2\" content=\"Est. reading time\" \/>\n\t<meta name=\"twitter:data2\" content=\"4 minutes\" \/>\n<script type=\"application\/ld+json\" class=\"yoast-schema-graph\">{\"@context\":\"https:\\\/\\\/schema.org\",\"@graph\":[{\"@type\":\"Article\",\"@id\":\"https:\\\/\\\/funkygermany.com\\\/en\\\/new-exhibition-berlin-nature\\\/#article\",\"isPartOf\":{\"@id\":\"https:\\\/\\\/funkygermany.com\\\/en\\\/new-exhibition-berlin-nature\\\/\"},\"author\":{\"name\":\"Konrad Bender\",\"@id\":\"https:\\\/\\\/funkygermany.com\\\/en\\\/#\\\/schema\\\/person\\\/f81b7afdf2e893ded488c675b14e4ab9\"},\"headline\":\"If You Like Forests, You&#8217;ll Love This New Exhibition in Berlin\",\"datePublished\":\"2025-10-22T14:11:05+00:00\",\"dateModified\":\"2025-10-22T14:11:08+00:00\",\"mainEntityOfPage\":{\"@id\":\"https:\\\/\\\/funkygermany.com\\\/en\\\/new-exhibition-berlin-nature\\\/\"},\"wordCount\":462,\"publisher\":{\"@id\":\"https:\\\/\\\/funkygermany.com\\\/en\\\/#organization\"},\"image\":{\"@id\":\"https:\\\/\\\/funkygermany.com\\\/en\\\/new-exhibition-berlin-nature\\\/#primaryimage\"},\"thumbnailUrl\":\"https:\\\/\\\/funkygermany.com\\\/wp-content\\\/uploads\\\/2025\\\/10\\\/forest-mountains-fog-sky-c-paul-summers-unsplash.webp\",\"keywords\":[\"Berlin\",\"Culture\"],\"articleSection\":[\"Berlin\"],\"inLanguage\":\"en-US\"},{\"@type\":\"WebPage\",\"@id\":\"https:\\\/\\\/funkygermany.com\\\/en\\\/new-exhibition-berlin-nature\\\/\",\"url\":\"https:\\\/\\\/funkygermany.com\\\/en\\\/new-exhibition-berlin-nature\\\/\",\"name\":\"If You Like Forests, You'll Love This New Exhibition in Berlin - funkyGERMANY\",\"isPartOf\":{\"@id\":\"https:\\\/\\\/funkygermany.com\\\/en\\\/#website\"},\"primaryImageOfPage\":{\"@id\":\"https:\\\/\\\/funkygermany.com\\\/en\\\/new-exhibition-berlin-nature\\\/#primaryimage\"},\"image\":{\"@id\":\"https:\\\/\\\/funkygermany.com\\\/en\\\/new-exhibition-berlin-nature\\\/#primaryimage\"},\"thumbnailUrl\":\"https:\\\/\\\/funkygermany.com\\\/wp-content\\\/uploads\\\/2025\\\/10\\\/forest-mountains-fog-sky-c-paul-summers-unsplash.webp\",\"datePublished\":\"2025-10-22T14:11:05+00:00\",\"dateModified\":\"2025-10-22T14:11:08+00:00\",\"description\":\"How do Germans feel about nature? A new exhibition in Berlin will explore this question starting in November 2025.\",\"breadcrumb\":{\"@id\":\"https:\\\/\\\/funkygermany.com\\\/en\\\/new-exhibition-berlin-nature\\\/#breadcrumb\"},\"inLanguage\":\"en-US\",\"potentialAction\":[{\"@type\":\"ReadAction\",\"target\":[\"https:\\\/\\\/funkygermany.com\\\/en\\\/new-exhibition-berlin-nature\\\/\"]}]},{\"@type\":\"ImageObject\",\"inLanguage\":\"en-US\",\"@id\":\"https:\\\/\\\/funkygermany.com\\\/en\\\/new-exhibition-berlin-nature\\\/#primaryimage\",\"url\":\"https:\\\/\\\/funkygermany.com\\\/wp-content\\\/uploads\\\/2025\\\/10\\\/forest-mountains-fog-sky-c-paul-summers-unsplash.webp\",\"contentUrl\":\"https:\\\/\\\/funkygermany.com\\\/wp-content\\\/uploads\\\/2025\\\/10\\\/forest-mountains-fog-sky-c-paul-summers-unsplash.webp\",\"width\":2000,\"height\":1333,\"caption\":\"Image: Paul Summers\"},{\"@type\":\"BreadcrumbList\",\"@id\":\"https:\\\/\\\/funkygermany.com\\\/en\\\/new-exhibition-berlin-nature\\\/#breadcrumb\",\"itemListElement\":[{\"@type\":\"ListItem\",\"position\":1,\"name\":\"Homepage\",\"item\":\"https:\\\/\\\/funkygermany.com\\\/en\\\/\"},{\"@type\":\"ListItem\",\"position\":2,\"name\":\"If You Like Forests, You&#8217;ll Love This New Exhibition in Berlin\"}]},{\"@type\":\"WebSite\",\"@id\":\"https:\\\/\\\/funkygermany.com\\\/en\\\/#website\",\"url\":\"https:\\\/\\\/funkygermany.com\\\/en\\\/\",\"name\":\"funkyGERMANY\",\"description\":\"The Travel Site\",\"publisher\":{\"@id\":\"https:\\\/\\\/funkygermany.com\\\/en\\\/#organization\"},\"potentialAction\":[{\"@type\":\"SearchAction\",\"target\":{\"@type\":\"EntryPoint\",\"urlTemplate\":\"https:\\\/\\\/funkygermany.com\\\/en\\\/?s={search_term_string}\"},\"query-input\":{\"@type\":\"PropertyValueSpecification\",\"valueRequired\":true,\"valueName\":\"search_term_string\"}}],\"inLanguage\":\"en-US\"},{\"@type\":\"Organization\",\"@id\":\"https:\\\/\\\/funkygermany.com\\\/en\\\/#organization\",\"name\":\"funkyGERMANY\",\"url\":\"https:\\\/\\\/funkygermany.com\\\/en\\\/\",\"logo\":{\"@type\":\"ImageObject\",\"inLanguage\":\"en-US\",\"@id\":\"https:\\\/\\\/funkygermany.com\\\/en\\\/#\\\/schema\\\/logo\\\/image\\\/\",\"url\":\"\",\"contentUrl\":\"\",\"caption\":\"funkyGERMANY\"},\"image\":{\"@id\":\"https:\\\/\\\/funkygermany.com\\\/en\\\/#\\\/schema\\\/logo\\\/image\\\/\"},\"sameAs\":[\"https:\\\/\\\/www.facebook.com\\\/funkyGERMANY\\\/\",\"https:\\\/\\\/x.com\\\/funky_germany\",\"https:\\\/\\\/www.instagram.com\\\/funky.germany\\\/\"]},{\"@type\":\"Person\",\"@id\":\"https:\\\/\\\/funkygermany.com\\\/en\\\/#\\\/schema\\\/person\\\/f81b7afdf2e893ded488c675b14e4ab9\",\"name\":\"Konrad Bender\",\"image\":{\"@type\":\"ImageObject\",\"inLanguage\":\"en-US\",\"@id\":\"https:\\\/\\\/secure.gravatar.com\\\/avatar\\\/23b3770cab9ffa7229f737140560ffbdbbc31e87f47597d1e37137060660d1f2?s=96&d=mm&r=g\",\"url\":\"https:\\\/\\\/secure.gravatar.com\\\/avatar\\\/23b3770cab9ffa7229f737140560ffbdbbc31e87f47597d1e37137060660d1f2?s=96&d=mm&r=g\",\"contentUrl\":\"https:\\\/\\\/secure.gravatar.com\\\/avatar\\\/23b3770cab9ffa7229f737140560ffbdbbc31e87f47597d1e37137060660d1f2?s=96&d=mm&r=g\",\"caption\":\"Konrad Bender\"},\"description\":\"Konrad l\u00e4sst sich gerne \u00fcberraschen. Seine Reisen f\u00fchren den Exil-Sauerl\u00e4nder an Orte, die auf den Reisepl\u00e4nen vieler Menschen vielleicht nicht ganz oben stehen und doch viel zu bieten haben. Ein besonderes Augenmerk legt der Hobbyhistoriker dabei auf Kultur und Geschichte, erkundet aber auch f\u00fcr sein Leben gern Naturkathedralen und Gastrotempel gleicherma\u00dfen.\",\"url\":\"https:\\\/\\\/funkygermany.com\\\/en\\\/author\\\/konrad-bender\\\/\"}]}<\/script>\n<!-- \/ Yoast SEO Premium plugin. -->","yoast_head_json":{"title":"If You Like Forests, You'll Love This New Exhibition in Berlin - funkyGERMANY","description":"How do Germans feel about nature? A new exhibition in Berlin will explore this question starting in November 2025.","robots":{"index":"index","follow":"follow","max-snippet":"max-snippet:-1","max-image-preview":"max-image-preview:large","max-video-preview":"max-video-preview:-1"},"canonical":"https:\/\/funkygermany.com\/en\/new-exhibition-berlin-nature\/","og_locale":"en_US","og_type":"article","og_title":"If You Like Forests, You'll Love This New Exhibition in Berlin","og_description":"How do Germans feel about nature? A new exhibition in Berlin will explore this question starting in November 2025.","og_url":"https:\/\/funkygermany.com\/en\/new-exhibition-berlin-nature\/","og_site_name":"funkyGERMANY","article_publisher":"https:\/\/www.facebook.com\/funkyGERMANY\/","article_published_time":"2025-10-22T14:11:05+00:00","article_modified_time":"2025-10-22T14:11:08+00:00","og_image":[{"width":2000,"height":1333,"url":"https:\/\/funkygermany.com\/wp-content\/uploads\/2025\/10\/forest-mountains-fog-sky-c-paul-summers-unsplash.webp","type":"image\/webp"}],"author":"Konrad Bender","twitter_card":"summary_large_image","twitter_creator":"@funky_germany","twitter_site":"@funky_germany","twitter_misc":{"Written by":"Konrad Bender","Est. reading time":"4 minutes"},"schema":{"@context":"https:\/\/schema.org","@graph":[{"@type":"Article","@id":"https:\/\/funkygermany.com\/en\/new-exhibition-berlin-nature\/#article","isPartOf":{"@id":"https:\/\/funkygermany.com\/en\/new-exhibition-berlin-nature\/"},"author":{"name":"Konrad Bender","@id":"https:\/\/funkygermany.com\/en\/#\/schema\/person\/f81b7afdf2e893ded488c675b14e4ab9"},"headline":"If You Like Forests, You&#8217;ll Love This New Exhibition in Berlin","datePublished":"2025-10-22T14:11:05+00:00","dateModified":"2025-10-22T14:11:08+00:00","mainEntityOfPage":{"@id":"https:\/\/funkygermany.com\/en\/new-exhibition-berlin-nature\/"},"wordCount":462,"publisher":{"@id":"https:\/\/funkygermany.com\/en\/#organization"},"image":{"@id":"https:\/\/funkygermany.com\/en\/new-exhibition-berlin-nature\/#primaryimage"},"thumbnailUrl":"https:\/\/funkygermany.com\/wp-content\/uploads\/2025\/10\/forest-mountains-fog-sky-c-paul-summers-unsplash.webp","keywords":["Berlin","Culture"],"articleSection":["Berlin"],"inLanguage":"en-US"},{"@type":"WebPage","@id":"https:\/\/funkygermany.com\/en\/new-exhibition-berlin-nature\/","url":"https:\/\/funkygermany.com\/en\/new-exhibition-berlin-nature\/","name":"If You Like Forests, You'll Love This New Exhibition in Berlin - funkyGERMANY","isPartOf":{"@id":"https:\/\/funkygermany.com\/en\/#website"},"primaryImageOfPage":{"@id":"https:\/\/funkygermany.com\/en\/new-exhibition-berlin-nature\/#primaryimage"},"image":{"@id":"https:\/\/funkygermany.com\/en\/new-exhibition-berlin-nature\/#primaryimage"},"thumbnailUrl":"https:\/\/funkygermany.com\/wp-content\/uploads\/2025\/10\/forest-mountains-fog-sky-c-paul-summers-unsplash.webp","datePublished":"2025-10-22T14:11:05+00:00","dateModified":"2025-10-22T14:11:08+00:00","description":"How do Germans feel about nature? A new exhibition in Berlin will explore this question starting in November 2025.","breadcrumb":{"@id":"https:\/\/funkygermany.com\/en\/new-exhibition-berlin-nature\/#breadcrumb"},"inLanguage":"en-US","potentialAction":[{"@type":"ReadAction","target":["https:\/\/funkygermany.com\/en\/new-exhibition-berlin-nature\/"]}]},{"@type":"ImageObject","inLanguage":"en-US","@id":"https:\/\/funkygermany.com\/en\/new-exhibition-berlin-nature\/#primaryimage","url":"https:\/\/funkygermany.com\/wp-content\/uploads\/2025\/10\/forest-mountains-fog-sky-c-paul-summers-unsplash.webp","contentUrl":"https:\/\/funkygermany.com\/wp-content\/uploads\/2025\/10\/forest-mountains-fog-sky-c-paul-summers-unsplash.webp","width":2000,"height":1333,"caption":"Image: Paul Summers"},{"@type":"BreadcrumbList","@id":"https:\/\/funkygermany.com\/en\/new-exhibition-berlin-nature\/#breadcrumb","itemListElement":[{"@type":"ListItem","position":1,"name":"Homepage","item":"https:\/\/funkygermany.com\/en\/"},{"@type":"ListItem","position":2,"name":"If You Like Forests, You&#8217;ll Love This New Exhibition in Berlin"}]},{"@type":"WebSite","@id":"https:\/\/funkygermany.com\/en\/#website","url":"https:\/\/funkygermany.com\/en\/","name":"funkyGERMANY","description":"The Travel Site","publisher":{"@id":"https:\/\/funkygermany.com\/en\/#organization"},"potentialAction":[{"@type":"SearchAction","target":{"@type":"EntryPoint","urlTemplate":"https:\/\/funkygermany.com\/en\/?s={search_term_string}"},"query-input":{"@type":"PropertyValueSpecification","valueRequired":true,"valueName":"search_term_string"}}],"inLanguage":"en-US"},{"@type":"Organization","@id":"https:\/\/funkygermany.com\/en\/#organization","name":"funkyGERMANY","url":"https:\/\/funkygermany.com\/en\/","logo":{"@type":"ImageObject","inLanguage":"en-US","@id":"https:\/\/funkygermany.com\/en\/#\/schema\/logo\/image\/","url":"","contentUrl":"","caption":"funkyGERMANY"},"image":{"@id":"https:\/\/funkygermany.com\/en\/#\/schema\/logo\/image\/"},"sameAs":["https:\/\/www.facebook.com\/funkyGERMANY\/","https:\/\/x.com\/funky_germany","https:\/\/www.instagram.com\/funky.germany\/"]},{"@type":"Person","@id":"https:\/\/funkygermany.com\/en\/#\/schema\/person\/f81b7afdf2e893ded488c675b14e4ab9","name":"Konrad Bender","image":{"@type":"ImageObject","inLanguage":"en-US","@id":"https:\/\/secure.gravatar.com\/avatar\/23b3770cab9ffa7229f737140560ffbdbbc31e87f47597d1e37137060660d1f2?s=96&d=mm&r=g","url":"https:\/\/secure.gravatar.com\/avatar\/23b3770cab9ffa7229f737140560ffbdbbc31e87f47597d1e37137060660d1f2?s=96&d=mm&r=g","contentUrl":"https:\/\/secure.gravatar.com\/avatar\/23b3770cab9ffa7229f737140560ffbdbbc31e87f47597d1e37137060660d1f2?s=96&d=mm&r=g","caption":"Konrad Bender"},"description":"Konrad l\u00e4sst sich gerne \u00fcberraschen. Seine Reisen f\u00fchren den Exil-Sauerl\u00e4nder an Orte, die auf den Reisepl\u00e4nen vieler Menschen vielleicht nicht ganz oben stehen und doch viel zu bieten haben. Ein besonderes Augenmerk legt der Hobbyhistoriker dabei auf Kultur und Geschichte, erkundet aber auch f\u00fcr sein Leben gern Naturkathedralen und Gastrotempel gleicherma\u00dfen.","url":"https:\/\/funkygermany.com\/en\/author\/konrad-bender\/"}]}},"_links":{"self":[{"href":"https:\/\/funkygermany.com\/en\/wp-json\/wp\/v2\/posts\/19155","targetHints":{"allow":["GET"]}}],"collection":[{"href":"https:\/\/funkygermany.com\/en\/wp-json\/wp\/v2\/posts"}],"about":[{"href":"https:\/\/funkygermany.com\/en\/wp-json\/wp\/v2\/types\/post"}],"author":[{"embeddable":true,"href":"https:\/\/funkygermany.com\/en\/wp-json\/wp\/v2\/users\/10"}],"replies":[{"embeddable":true,"href":"https:\/\/funkygermany.com\/en\/wp-json\/wp\/v2\/comments?post=19155"}],"version-history":[{"count":1,"href":"https:\/\/funkygermany.com\/en\/wp-json\/wp\/v2\/posts\/19155\/revisions"}],"predecessor-version":[{"id":19158,"href":"https:\/\/funkygermany.com\/en\/wp-json\/wp\/v2\/posts\/19155\/revisions\/19158"}],"wp:featuredmedia":[{"embeddable":true,"href":"https:\/\/funkygermany.com\/en\/wp-json\/wp\/v2\/media\/19156"}],"wp:attachment":[{"href":"https:\/\/funkygermany.com\/en\/wp-json\/wp\/v2\/media?parent=19155"}],"wp:term":[{"taxonomy":"category","embeddable":true,"href":"https:\/\/funkygermany.com\/en\/wp-json\/wp\/v2\/categories?post=19155"},{"taxonomy":"post_tag","embeddable":true,"href":"https:\/\/funkygermany.com\/en\/wp-json\/wp\/v2\/tags?post=19155"}],"curies":[{"name":"wp","href":"https:\/\/api.w.org\/{rel}","templated":true}]}}