{"id":18946,"date":"2025-09-16T08:35:00","date_gmt":"2025-09-16T06:35:00","guid":{"rendered":"https:\/\/funkygermany.com\/?p=18946"},"modified":"2025-09-15T16:36:23","modified_gmt":"2025-09-15T14:36:23","slug":"bike-trails-germany","status":"publish","type":"post","link":"https:\/\/funkygermany.com\/en\/bike-trails-germany\/","title":{"rendered":"Ride Along on These Bike Trails in Germany"},"content":{"rendered":"\n<p><strong>Lying around on vacation isn&#8217;t your thing? Then these three destinations in Germany are the best bike trails for you. Relaxed paths and challenging trails meet high peaks, spectacular views, and picturesque old towns in these places. And there are sights to see too!<\/strong><\/p>\n\n\n\n<h2 class=\"wp-block-heading\" id=\"h-on-two-wheels-through-paradise-pfronten-in-the-allgau\">On Two Wheels Through Paradise: Pfronten in the Allg\u00e4u<\/h2>\n\n\n\n<p>No matter the season, the mountains are still calling! Instead of on two boards, sports enthusiasts conquer the slopes in snow-free seasons on two wheels. For example, in <strong>Pfronten <\/strong>in the Allg\u00e4u region. Designated mountain bike trails lead along breathtaking panoramas, green valleys, and picturesque landscapes. Time and again, rustic mountain huts invite you to take a break in the sun.<\/p>\n\n\n\n<figure class=\"wp-block-image size-large\"><a href=\"https:\/\/funkygermany.com\/wp-content\/uploads\/2025\/09\/pfronten-mtb-allgaeu-sky-view-c-pfronten-tourismus.jpg\"><img decoding=\"async\" width=\"1024\" height=\"683\" loading=\"lazy\" src=\"https:\/\/funkygermany.com\/wp-content\/uploads\/2025\/09\/pfronten-mtb-allgaeu-sky-view-c-pfronten-tourismus-1024x683.jpg\" alt=\"Four people in cycling gear are sitting on a green mountainside, looking down into the wooded valley. Their bikes are lying in the grass beside them.\" class=\"wp-image-18385\" srcset=\"https:\/\/funkygermany.com\/wp-content\/uploads\/2025\/09\/pfronten-mtb-allgaeu-sky-view-c-pfronten-tourismus-1024x683.jpg 1024w, https:\/\/funkygermany.com\/wp-content\/uploads\/2025\/09\/pfronten-mtb-allgaeu-sky-view-c-pfronten-tourismus-300x200.jpg 300w, https:\/\/funkygermany.com\/wp-content\/uploads\/2025\/09\/pfronten-mtb-allgaeu-sky-view-c-pfronten-tourismus-883x589.jpg 883w, https:\/\/funkygermany.com\/wp-content\/uploads\/2025\/09\/pfronten-mtb-allgaeu-sky-view-c-pfronten-tourismus-1536x1024.jpg 1536w, https:\/\/funkygermany.com\/wp-content\/uploads\/2025\/09\/pfronten-mtb-allgaeu-sky-view-c-pfronten-tourismus-1155x770.jpg 1155w, https:\/\/funkygermany.com\/wp-content\/uploads\/2025\/09\/pfronten-mtb-allgaeu-sky-view-c-pfronten-tourismus-370x247.jpg 370w, https:\/\/funkygermany.com\/wp-content\/uploads\/2025\/09\/pfronten-mtb-allgaeu-sky-view-c-pfronten-tourismus-770x513.jpg 770w, https:\/\/funkygermany.com\/wp-content\/uploads\/2025\/09\/pfronten-mtb-allgaeu-sky-view-c-pfronten-tourismus-293x195.jpg 293w, https:\/\/funkygermany.com\/wp-content\/uploads\/2025\/09\/pfronten-mtb-allgaeu-sky-view-c-pfronten-tourismus-1400x934.jpg 1400w, https:\/\/funkygermany.com\/wp-content\/uploads\/2025\/09\/pfronten-mtb-allgaeu-sky-view-c-pfronten-tourismus-1320x880.jpg 1320w, https:\/\/funkygermany.com\/wp-content\/uploads\/2025\/09\/pfronten-mtb-allgaeu-sky-view-c-pfronten-tourismus.jpg 1750w\" sizes=\"auto, (max-width: 1024px) 100vw, 1024px\" \/><noscript><img decoding=\"async\" width=\"1024\" height=\"683\" src=\"https:\/\/funkygermany.com\/wp-content\/uploads\/2025\/09\/pfronten-mtb-allgaeu-sky-view-c-pfronten-tourismus-1024x683.jpg\" alt=\"Four people in cycling gear are sitting on a green mountainside, looking down into the wooded valley. Their bikes are lying in the grass beside them.\" class=\"wp-image-18385\" srcset=\"https:\/\/funkygermany.com\/wp-content\/uploads\/2025\/09\/pfronten-mtb-allgaeu-sky-view-c-pfronten-tourismus-1024x683.jpg 1024w, https:\/\/funkygermany.com\/wp-content\/uploads\/2025\/09\/pfronten-mtb-allgaeu-sky-view-c-pfronten-tourismus-300x200.jpg 300w, https:\/\/funkygermany.com\/wp-content\/uploads\/2025\/09\/pfronten-mtb-allgaeu-sky-view-c-pfronten-tourismus-883x589.jpg 883w, https:\/\/funkygermany.com\/wp-content\/uploads\/2025\/09\/pfronten-mtb-allgaeu-sky-view-c-pfronten-tourismus-1536x1024.jpg 1536w, https:\/\/funkygermany.com\/wp-content\/uploads\/2025\/09\/pfronten-mtb-allgaeu-sky-view-c-pfronten-tourismus-1155x770.jpg 1155w, https:\/\/funkygermany.com\/wp-content\/uploads\/2025\/09\/pfronten-mtb-allgaeu-sky-view-c-pfronten-tourismus-370x247.jpg 370w, https:\/\/funkygermany.com\/wp-content\/uploads\/2025\/09\/pfronten-mtb-allgaeu-sky-view-c-pfronten-tourismus-770x513.jpg 770w, https:\/\/funkygermany.com\/wp-content\/uploads\/2025\/09\/pfronten-mtb-allgaeu-sky-view-c-pfronten-tourismus-293x195.jpg 293w, https:\/\/funkygermany.com\/wp-content\/uploads\/2025\/09\/pfronten-mtb-allgaeu-sky-view-c-pfronten-tourismus-1400x934.jpg 1400w, https:\/\/funkygermany.com\/wp-content\/uploads\/2025\/09\/pfronten-mtb-allgaeu-sky-view-c-pfronten-tourismus-1320x880.jpg 1320w, https:\/\/funkygermany.com\/wp-content\/uploads\/2025\/09\/pfronten-mtb-allgaeu-sky-view-c-pfronten-tourismus.jpg 1750w\" sizes=\"(max-width: 1024px) 100vw, 1024px\" \/><\/noscript><\/a><figcaption class=\"wp-element-caption\">Image: Pfronten Tourismus<\/figcaption><\/figure>\n\n\n\n<p>Particularly ambitious cyclists choose the MTB marathon route (<a href=\"https:\/\/mtb-marathon-pfronten.de\/\" target=\"_blank\" rel=\"noreferrer noopener\">this way for the website<\/a>). The seven-hour tour starts at the valley station on Breitenberg and leads 50 kilometers through the mountain landscape of Pfronten. A little too much of a good thing? Of course, the ride can also be divided into several sections, such as the twelve-kilometer route from Himmelreich to B\u00e4renmoosalpe.<\/p>\n\n\n\n<figure class=\"wp-block-image size-large\"><a href=\"https:\/\/funkygermany.com\/wp-content\/uploads\/2025\/09\/mtb-marathon-c-pfronten-tourismus.jpg\"><img decoding=\"async\" width=\"1024\" height=\"683\" loading=\"lazy\" src=\"https:\/\/funkygermany.com\/wp-content\/uploads\/2025\/09\/mtb-marathon-c-pfronten-tourismus-1024x683.jpg\" alt=\"Numerous cyclists ride side by side and one behind the other from right to left on a route fenced off by barriers. Start numbers are attached to their handlebars. Behind the cyclists, an inflatable blue arch with the inscription \u201cAllg\u00e4u\u201d spans the route. Blue sky above the scene.\" class=\"wp-image-18387\" srcset=\"https:\/\/funkygermany.com\/wp-content\/uploads\/2025\/09\/mtb-marathon-c-pfronten-tourismus-1024x683.jpg 1024w, https:\/\/funkygermany.com\/wp-content\/uploads\/2025\/09\/mtb-marathon-c-pfronten-tourismus-300x200.jpg 300w, https:\/\/funkygermany.com\/wp-content\/uploads\/2025\/09\/mtb-marathon-c-pfronten-tourismus-883x589.jpg 883w, https:\/\/funkygermany.com\/wp-content\/uploads\/2025\/09\/mtb-marathon-c-pfronten-tourismus-1536x1024.jpg 1536w, https:\/\/funkygermany.com\/wp-content\/uploads\/2025\/09\/mtb-marathon-c-pfronten-tourismus-1155x770.jpg 1155w, https:\/\/funkygermany.com\/wp-content\/uploads\/2025\/09\/mtb-marathon-c-pfronten-tourismus-370x247.jpg 370w, https:\/\/funkygermany.com\/wp-content\/uploads\/2025\/09\/mtb-marathon-c-pfronten-tourismus-770x513.jpg 770w, https:\/\/funkygermany.com\/wp-content\/uploads\/2025\/09\/mtb-marathon-c-pfronten-tourismus-293x195.jpg 293w, https:\/\/funkygermany.com\/wp-content\/uploads\/2025\/09\/mtb-marathon-c-pfronten-tourismus-1400x934.jpg 1400w, https:\/\/funkygermany.com\/wp-content\/uploads\/2025\/09\/mtb-marathon-c-pfronten-tourismus-1320x880.jpg 1320w, https:\/\/funkygermany.com\/wp-content\/uploads\/2025\/09\/mtb-marathon-c-pfronten-tourismus.jpg 1750w\" sizes=\"auto, (max-width: 1024px) 100vw, 1024px\" \/><noscript><img decoding=\"async\" width=\"1024\" height=\"683\" src=\"https:\/\/funkygermany.com\/wp-content\/uploads\/2025\/09\/mtb-marathon-c-pfronten-tourismus-1024x683.jpg\" alt=\"Numerous cyclists ride side by side and one behind the other from right to left on a route fenced off by barriers. Start numbers are attached to their handlebars. Behind the cyclists, an inflatable blue arch with the inscription \u201cAllg\u00e4u\u201d spans the route. Blue sky above the scene.\" class=\"wp-image-18387\" srcset=\"https:\/\/funkygermany.com\/wp-content\/uploads\/2025\/09\/mtb-marathon-c-pfronten-tourismus-1024x683.jpg 1024w, https:\/\/funkygermany.com\/wp-content\/uploads\/2025\/09\/mtb-marathon-c-pfronten-tourismus-300x200.jpg 300w, https:\/\/funkygermany.com\/wp-content\/uploads\/2025\/09\/mtb-marathon-c-pfronten-tourismus-883x589.jpg 883w, https:\/\/funkygermany.com\/wp-content\/uploads\/2025\/09\/mtb-marathon-c-pfronten-tourismus-1536x1024.jpg 1536w, https:\/\/funkygermany.com\/wp-content\/uploads\/2025\/09\/mtb-marathon-c-pfronten-tourismus-1155x770.jpg 1155w, https:\/\/funkygermany.com\/wp-content\/uploads\/2025\/09\/mtb-marathon-c-pfronten-tourismus-370x247.jpg 370w, https:\/\/funkygermany.com\/wp-content\/uploads\/2025\/09\/mtb-marathon-c-pfronten-tourismus-770x513.jpg 770w, https:\/\/funkygermany.com\/wp-content\/uploads\/2025\/09\/mtb-marathon-c-pfronten-tourismus-293x195.jpg 293w, https:\/\/funkygermany.com\/wp-content\/uploads\/2025\/09\/mtb-marathon-c-pfronten-tourismus-1400x934.jpg 1400w, https:\/\/funkygermany.com\/wp-content\/uploads\/2025\/09\/mtb-marathon-c-pfronten-tourismus-1320x880.jpg 1320w, https:\/\/funkygermany.com\/wp-content\/uploads\/2025\/09\/mtb-marathon-c-pfronten-tourismus.jpg 1750w\" sizes=\"(max-width: 1024px) 100vw, 1024px\" \/><\/noscript><\/a><figcaption class=\"wp-element-caption\">Image: Pfronten Tourismus<\/figcaption><\/figure>\n\n\n\n<h2 class=\"wp-block-heading\">Happiness on Two Wheels: Albstadt in the Swabian Alb<\/h2>\n\n\n\n<p>Whether you&#8217;re an adrenaline junkie, a novice cyclist, or a leisurely bike tourist, <strong>Albstadt <\/strong>is an absolute paradise for sports enthusiasts. An extensive network of trails totaling 90 kilometers offers plenty of variety. While relaxed cyclists enjoy cozy rest stops and picturesque viewpoints, off-road riders choose the &#8220;Cube Rocks&#8221;. The fast-paced circuit in the south of Albstadt thrills with challenging single trails.\u00a0But beginners, children, and teens also get their money&#8217;s worth! A new running circuit with three trails and different ground conditions is perfect for trying out new techniques and learning new skills.<\/p>\n\n\n\n<figure class=\"wp-block-image size-large\"><a href=\"https:\/\/funkygermany.com\/wp-content\/uploads\/2025\/09\/mtb-jumo-autumn-c-albstadt-tourismus.jpg\"><img decoding=\"async\" width=\"1024\" height=\"576\" loading=\"lazy\" src=\"https:\/\/funkygermany.com\/wp-content\/uploads\/2025\/09\/mtb-jumo-autumn-c-albstadt-tourismus-1024x576.jpg\" alt=\"A person in bright cycling gear with a helmet and glasses jumps up on a mountain bike toward the camera, the handlebars pulled to the side. Behind them is a green and yellow forest.\" class=\"wp-image-18389\" srcset=\"https:\/\/funkygermany.com\/wp-content\/uploads\/2025\/09\/mtb-jumo-autumn-c-albstadt-tourismus-1024x576.jpg 1024w, https:\/\/funkygermany.com\/wp-content\/uploads\/2025\/09\/mtb-jumo-autumn-c-albstadt-tourismus-300x169.jpg 300w, https:\/\/funkygermany.com\/wp-content\/uploads\/2025\/09\/mtb-jumo-autumn-c-albstadt-tourismus-883x496.jpg 883w, https:\/\/funkygermany.com\/wp-content\/uploads\/2025\/09\/mtb-jumo-autumn-c-albstadt-tourismus-1536x864.jpg 1536w, https:\/\/funkygermany.com\/wp-content\/uploads\/2025\/09\/mtb-jumo-autumn-c-albstadt-tourismus-293x165.jpg 293w, https:\/\/funkygermany.com\/wp-content\/uploads\/2025\/09\/mtb-jumo-autumn-c-albstadt-tourismus-770x433.jpg 770w, https:\/\/funkygermany.com\/wp-content\/uploads\/2025\/09\/mtb-jumo-autumn-c-albstadt-tourismus-1400x787.jpg 1400w, https:\/\/funkygermany.com\/wp-content\/uploads\/2025\/09\/mtb-jumo-autumn-c-albstadt-tourismus-1320x742.jpg 1320w, https:\/\/funkygermany.com\/wp-content\/uploads\/2025\/09\/mtb-jumo-autumn-c-albstadt-tourismus.jpg 1750w\" sizes=\"auto, (max-width: 1024px) 100vw, 1024px\" \/><noscript><img decoding=\"async\" width=\"1024\" height=\"576\" src=\"https:\/\/funkygermany.com\/wp-content\/uploads\/2025\/09\/mtb-jumo-autumn-c-albstadt-tourismus-1024x576.jpg\" alt=\"A person in bright cycling gear with a helmet and glasses jumps up on a mountain bike toward the camera, the handlebars pulled to the side. Behind them is a green and yellow forest.\" class=\"wp-image-18389\" srcset=\"https:\/\/funkygermany.com\/wp-content\/uploads\/2025\/09\/mtb-jumo-autumn-c-albstadt-tourismus-1024x576.jpg 1024w, https:\/\/funkygermany.com\/wp-content\/uploads\/2025\/09\/mtb-jumo-autumn-c-albstadt-tourismus-300x169.jpg 300w, https:\/\/funkygermany.com\/wp-content\/uploads\/2025\/09\/mtb-jumo-autumn-c-albstadt-tourismus-883x496.jpg 883w, https:\/\/funkygermany.com\/wp-content\/uploads\/2025\/09\/mtb-jumo-autumn-c-albstadt-tourismus-1536x864.jpg 1536w, https:\/\/funkygermany.com\/wp-content\/uploads\/2025\/09\/mtb-jumo-autumn-c-albstadt-tourismus-293x165.jpg 293w, https:\/\/funkygermany.com\/wp-content\/uploads\/2025\/09\/mtb-jumo-autumn-c-albstadt-tourismus-770x433.jpg 770w, https:\/\/funkygermany.com\/wp-content\/uploads\/2025\/09\/mtb-jumo-autumn-c-albstadt-tourismus-1400x787.jpg 1400w, https:\/\/funkygermany.com\/wp-content\/uploads\/2025\/09\/mtb-jumo-autumn-c-albstadt-tourismus-1320x742.jpg 1320w, https:\/\/funkygermany.com\/wp-content\/uploads\/2025\/09\/mtb-jumo-autumn-c-albstadt-tourismus.jpg 1750w\" sizes=\"(max-width: 1024px) 100vw, 1024px\" \/><\/noscript><\/a><figcaption class=\"wp-element-caption\">Image: Albstadt Tourismus<\/figcaption><\/figure>\n\n\n\n<h2 class=\"wp-block-heading\" id=\"h-extreme-experience-on-two-wheels-fichtel-mountains\">Extreme Experience on Two Wheels: Fichtel Mountains<\/h2>\n\n\n\n<p>The 270-kilometer &#8220;Eger Cycle Route&#8221; along the Czech border requires endurance. It starts at the 1,051-meter-high Schneeberg in the <strong>Fichtel Mountains<\/strong>. The route leads from the source of the Eger to the mouth of the river. Along the way, cyclists discover the extensive floodplain landscape in Wunsiedel and take a break in the beautiful spa town of Wei\u00dfenstadt. A stroll through the picturesque old town with its cozy inns and caf\u00e9s provides new energy. A refreshing dip in Lake Wei\u00dfenstadt provides cooling relief. The route continues through narrow valleys and wild nature to Roslau. Cyclists are rewarded with the Zw\u00f6lfgipfelblick viewpoint.<\/p>\n\n\n\n<figure class=\"wp-block-image size-large\"><a href=\"https:\/\/funkygermany.com\/wp-content\/uploads\/2025\/09\/fichtel-mountains-panorama-c-tourismuszentrale-fichtelgebirge-.jpg\"><img decoding=\"async\" width=\"1024\" height=\"683\" loading=\"lazy\" src=\"https:\/\/funkygermany.com\/wp-content\/uploads\/2025\/09\/fichtel-mountains-panorama-c-tourismuszentrale-fichtelgebirge--1024x683.jpg\" alt=\"Bird's-eye view of a low mountain range. In the foreground is a dense coniferous forest, in the middle of which a river (the Eger) can be seen; next to it runs a newly paved bike path. Behind the forest are pastures and scattered trees, and far in the background rise the wooded slopes of the Fichtelgebirge mountains.\" class=\"wp-image-18391\" srcset=\"https:\/\/funkygermany.com\/wp-content\/uploads\/2025\/09\/fichtel-mountains-panorama-c-tourismuszentrale-fichtelgebirge--1024x683.jpg 1024w, https:\/\/funkygermany.com\/wp-content\/uploads\/2025\/09\/fichtel-mountains-panorama-c-tourismuszentrale-fichtelgebirge--300x200.jpg 300w, https:\/\/funkygermany.com\/wp-content\/uploads\/2025\/09\/fichtel-mountains-panorama-c-tourismuszentrale-fichtelgebirge--883x589.jpg 883w, https:\/\/funkygermany.com\/wp-content\/uploads\/2025\/09\/fichtel-mountains-panorama-c-tourismuszentrale-fichtelgebirge--1536x1024.jpg 1536w, https:\/\/funkygermany.com\/wp-content\/uploads\/2025\/09\/fichtel-mountains-panorama-c-tourismuszentrale-fichtelgebirge--1155x770.jpg 1155w, https:\/\/funkygermany.com\/wp-content\/uploads\/2025\/09\/fichtel-mountains-panorama-c-tourismuszentrale-fichtelgebirge--370x247.jpg 370w, https:\/\/funkygermany.com\/wp-content\/uploads\/2025\/09\/fichtel-mountains-panorama-c-tourismuszentrale-fichtelgebirge--770x513.jpg 770w, https:\/\/funkygermany.com\/wp-content\/uploads\/2025\/09\/fichtel-mountains-panorama-c-tourismuszentrale-fichtelgebirge--293x195.jpg 293w, https:\/\/funkygermany.com\/wp-content\/uploads\/2025\/09\/fichtel-mountains-panorama-c-tourismuszentrale-fichtelgebirge--1400x934.jpg 1400w, https:\/\/funkygermany.com\/wp-content\/uploads\/2025\/09\/fichtel-mountains-panorama-c-tourismuszentrale-fichtelgebirge--1320x880.jpg 1320w, https:\/\/funkygermany.com\/wp-content\/uploads\/2025\/09\/fichtel-mountains-panorama-c-tourismuszentrale-fichtelgebirge-.jpg 1750w\" sizes=\"auto, (max-width: 1024px) 100vw, 1024px\" \/><noscript><img decoding=\"async\" width=\"1024\" height=\"683\" src=\"https:\/\/funkygermany.com\/wp-content\/uploads\/2025\/09\/fichtel-mountains-panorama-c-tourismuszentrale-fichtelgebirge--1024x683.jpg\" alt=\"Bird's-eye view of a low mountain range. In the foreground is a dense coniferous forest, in the middle of which a river (the Eger) can be seen; next to it runs a newly paved bike path. Behind the forest are pastures and scattered trees, and far in the background rise the wooded slopes of the Fichtelgebirge mountains.\" class=\"wp-image-18391\" srcset=\"https:\/\/funkygermany.com\/wp-content\/uploads\/2025\/09\/fichtel-mountains-panorama-c-tourismuszentrale-fichtelgebirge--1024x683.jpg 1024w, https:\/\/funkygermany.com\/wp-content\/uploads\/2025\/09\/fichtel-mountains-panorama-c-tourismuszentrale-fichtelgebirge--300x200.jpg 300w, https:\/\/funkygermany.com\/wp-content\/uploads\/2025\/09\/fichtel-mountains-panorama-c-tourismuszentrale-fichtelgebirge--883x589.jpg 883w, https:\/\/funkygermany.com\/wp-content\/uploads\/2025\/09\/fichtel-mountains-panorama-c-tourismuszentrale-fichtelgebirge--1536x1024.jpg 1536w, https:\/\/funkygermany.com\/wp-content\/uploads\/2025\/09\/fichtel-mountains-panorama-c-tourismuszentrale-fichtelgebirge--1155x770.jpg 1155w, https:\/\/funkygermany.com\/wp-content\/uploads\/2025\/09\/fichtel-mountains-panorama-c-tourismuszentrale-fichtelgebirge--370x247.jpg 370w, https:\/\/funkygermany.com\/wp-content\/uploads\/2025\/09\/fichtel-mountains-panorama-c-tourismuszentrale-fichtelgebirge--770x513.jpg 770w, https:\/\/funkygermany.com\/wp-content\/uploads\/2025\/09\/fichtel-mountains-panorama-c-tourismuszentrale-fichtelgebirge--293x195.jpg 293w, https:\/\/funkygermany.com\/wp-content\/uploads\/2025\/09\/fichtel-mountains-panorama-c-tourismuszentrale-fichtelgebirge--1400x934.jpg 1400w, https:\/\/funkygermany.com\/wp-content\/uploads\/2025\/09\/fichtel-mountains-panorama-c-tourismuszentrale-fichtelgebirge--1320x880.jpg 1320w, https:\/\/funkygermany.com\/wp-content\/uploads\/2025\/09\/fichtel-mountains-panorama-c-tourismuszentrale-fichtelgebirge-.jpg 1750w\" sizes=\"(max-width: 1024px) 100vw, 1024px\" \/><\/noscript><\/a><figcaption class=\"wp-element-caption\">Image: Tourismuszentrale Fichtelgebirge<\/figcaption><\/figure>\n\n\n\n<p>Then it&#8217;s time for some culture! The next stage features old hammer mills, Hohenberg Castle, and the &#8220;Porzellanikon&#8221;. The museum shows the history of porcelain in the Fichtel Mountains. Finally, we leave Germany and reach Czechia. Here, the &#8220;Eger Cycle Route&#8221; merges with the &#8220;Oh\u0159e Cycle Route&#8221; and leads to historic Karlovy Vary. The spa town is the ideal place to relax a little and reminisce about the trip.<\/p>\n","protected":false},"excerpt":{"rendered":"<p>While the Germans like to walk a lot, this doesn&#8217;t mean that there are no bike trails in Germany. On the contrary, as these trails show.<\/p>\n","protected":false},"author":8,"featured_media":18947,"comment_status":"closed","ping_status":"open","sticky":false,"template":"","format":"standard","meta":{"footnotes":""},"categories":[649],"tags":[665,673],"class_list":["post-18946","post","type-post","status-publish","format-standard","has-post-thumbnail","hentry","category-biking","tag-bike","tag-highlight-en"],"yoast_head":"<!-- This site is optimized with the Yoast SEO Premium plugin v27.3 (Yoast SEO v27.3) - https:\/\/yoast.com\/product\/yoast-seo-premium-wordpress\/ -->\n<title>Ride Along on These Bike Trails in Germany - funkyGERMANY<\/title>\n<meta name=\"description\" content=\"While the Germans like to walk a lot, this doesn&#039;t mean that there are no bike trails in Germany. On the contrary, as these trails show.\" \/>\n<meta name=\"robots\" content=\"index, follow, max-snippet:-1, max-image-preview:large, max-video-preview:-1\" \/>\n<link rel=\"canonical\" href=\"https:\/\/funkygermany.com\/en\/bike-trails-germany\/\" \/>\n<meta property=\"og:locale\" content=\"en_US\" \/>\n<meta property=\"og:type\" content=\"article\" \/>\n<meta property=\"og:title\" content=\"Ride Along on These Bike Trails in Germany\" \/>\n<meta property=\"og:description\" content=\"While the Germans like to walk a lot, this doesn&#039;t mean that there are no bike trails in Germany. On the contrary, as these trails show.\" \/>\n<meta property=\"og:url\" content=\"https:\/\/funkygermany.com\/en\/bike-trails-germany\/\" \/>\n<meta property=\"og:site_name\" content=\"funkyGERMANY\" \/>\n<meta property=\"article:publisher\" content=\"https:\/\/www.facebook.com\/funkyGERMANY\/\" \/>\n<meta property=\"article:published_time\" content=\"2025-09-16T06:35:00+00:00\" \/>\n<meta property=\"og:image\" content=\"https:\/\/funkygermany.com\/wp-content\/uploads\/2025\/09\/pfronten-bikes-mtb-allgaeu-bavaria-c-pfronten-tourismus.jpg\" \/>\n\t<meta property=\"og:image:width\" content=\"1750\" \/>\n\t<meta property=\"og:image:height\" content=\"1167\" \/>\n\t<meta property=\"og:image:type\" content=\"image\/jpeg\" \/>\n<meta name=\"author\" content=\"Redaktion\" \/>\n<meta name=\"twitter:card\" content=\"summary_large_image\" \/>\n<meta name=\"twitter:creator\" content=\"@funky_germany\" \/>\n<meta name=\"twitter:site\" content=\"@funky_germany\" \/>\n<meta name=\"twitter:label1\" content=\"Written by\" \/>\n\t<meta name=\"twitter:data1\" content=\"Redaktion\" \/>\n\t<meta name=\"twitter:label2\" content=\"Est. reading time\" \/>\n\t<meta name=\"twitter:data2\" content=\"4 minutes\" \/>\n<script type=\"application\/ld+json\" class=\"yoast-schema-graph\">{\"@context\":\"https:\\\/\\\/schema.org\",\"@graph\":[{\"@type\":\"Article\",\"@id\":\"https:\\\/\\\/funkygermany.com\\\/en\\\/bike-trails-germany\\\/#article\",\"isPartOf\":{\"@id\":\"https:\\\/\\\/funkygermany.com\\\/en\\\/bike-trails-germany\\\/\"},\"author\":{\"name\":\"Redaktion\",\"@id\":\"https:\\\/\\\/funkygermany.com\\\/en\\\/#\\\/schema\\\/person\\\/6a875aa6b9119e2a9788eb66654ade70\"},\"headline\":\"Ride Along on These Bike Trails in Germany\",\"datePublished\":\"2025-09-16T06:35:00+00:00\",\"mainEntityOfPage\":{\"@id\":\"https:\\\/\\\/funkygermany.com\\\/en\\\/bike-trails-germany\\\/\"},\"wordCount\":485,\"publisher\":{\"@id\":\"https:\\\/\\\/funkygermany.com\\\/en\\\/#organization\"},\"image\":{\"@id\":\"https:\\\/\\\/funkygermany.com\\\/en\\\/bike-trails-germany\\\/#primaryimage\"},\"thumbnailUrl\":\"https:\\\/\\\/funkygermany.com\\\/wp-content\\\/uploads\\\/2025\\\/09\\\/pfronten-bikes-mtb-allgaeu-bavaria-c-pfronten-tourismus.jpg\",\"keywords\":[\"Bike\",\"Highlight\"],\"articleSection\":[\"Biking\"],\"inLanguage\":\"en-US\"},{\"@type\":\"WebPage\",\"@id\":\"https:\\\/\\\/funkygermany.com\\\/en\\\/bike-trails-germany\\\/\",\"url\":\"https:\\\/\\\/funkygermany.com\\\/en\\\/bike-trails-germany\\\/\",\"name\":\"Ride Along on These Bike Trails in Germany - funkyGERMANY\",\"isPartOf\":{\"@id\":\"https:\\\/\\\/funkygermany.com\\\/en\\\/#website\"},\"primaryImageOfPage\":{\"@id\":\"https:\\\/\\\/funkygermany.com\\\/en\\\/bike-trails-germany\\\/#primaryimage\"},\"image\":{\"@id\":\"https:\\\/\\\/funkygermany.com\\\/en\\\/bike-trails-germany\\\/#primaryimage\"},\"thumbnailUrl\":\"https:\\\/\\\/funkygermany.com\\\/wp-content\\\/uploads\\\/2025\\\/09\\\/pfronten-bikes-mtb-allgaeu-bavaria-c-pfronten-tourismus.jpg\",\"datePublished\":\"2025-09-16T06:35:00+00:00\",\"description\":\"While the Germans like to walk a lot, this doesn't mean that there are no bike trails in Germany. On the contrary, as these trails show.\",\"breadcrumb\":{\"@id\":\"https:\\\/\\\/funkygermany.com\\\/en\\\/bike-trails-germany\\\/#breadcrumb\"},\"inLanguage\":\"en-US\",\"potentialAction\":[{\"@type\":\"ReadAction\",\"target\":[\"https:\\\/\\\/funkygermany.com\\\/en\\\/bike-trails-germany\\\/\"]}]},{\"@type\":\"ImageObject\",\"inLanguage\":\"en-US\",\"@id\":\"https:\\\/\\\/funkygermany.com\\\/en\\\/bike-trails-germany\\\/#primaryimage\",\"url\":\"https:\\\/\\\/funkygermany.com\\\/wp-content\\\/uploads\\\/2025\\\/09\\\/pfronten-bikes-mtb-allgaeu-bavaria-c-pfronten-tourismus.jpg\",\"contentUrl\":\"https:\\\/\\\/funkygermany.com\\\/wp-content\\\/uploads\\\/2025\\\/09\\\/pfronten-bikes-mtb-allgaeu-bavaria-c-pfronten-tourismus.jpg\",\"width\":1750,\"height\":1167,\"caption\":\"Image: Pfronten Tourismus\"},{\"@type\":\"BreadcrumbList\",\"@id\":\"https:\\\/\\\/funkygermany.com\\\/en\\\/bike-trails-germany\\\/#breadcrumb\",\"itemListElement\":[{\"@type\":\"ListItem\",\"position\":1,\"name\":\"Homepage\",\"item\":\"https:\\\/\\\/funkygermany.com\\\/en\\\/\"},{\"@type\":\"ListItem\",\"position\":2,\"name\":\"Ride Along on These Bike Trails in Germany\"}]},{\"@type\":\"WebSite\",\"@id\":\"https:\\\/\\\/funkygermany.com\\\/en\\\/#website\",\"url\":\"https:\\\/\\\/funkygermany.com\\\/en\\\/\",\"name\":\"funkyGERMANY\",\"description\":\"The Travel Site\",\"publisher\":{\"@id\":\"https:\\\/\\\/funkygermany.com\\\/en\\\/#organization\"},\"potentialAction\":[{\"@type\":\"SearchAction\",\"target\":{\"@type\":\"EntryPoint\",\"urlTemplate\":\"https:\\\/\\\/funkygermany.com\\\/en\\\/?s={search_term_string}\"},\"query-input\":{\"@type\":\"PropertyValueSpecification\",\"valueRequired\":true,\"valueName\":\"search_term_string\"}}],\"inLanguage\":\"en-US\"},{\"@type\":\"Organization\",\"@id\":\"https:\\\/\\\/funkygermany.com\\\/en\\\/#organization\",\"name\":\"funkyGERMANY\",\"url\":\"https:\\\/\\\/funkygermany.com\\\/en\\\/\",\"logo\":{\"@type\":\"ImageObject\",\"inLanguage\":\"en-US\",\"@id\":\"https:\\\/\\\/funkygermany.com\\\/en\\\/#\\\/schema\\\/logo\\\/image\\\/\",\"url\":\"\",\"contentUrl\":\"\",\"caption\":\"funkyGERMANY\"},\"image\":{\"@id\":\"https:\\\/\\\/funkygermany.com\\\/en\\\/#\\\/schema\\\/logo\\\/image\\\/\"},\"sameAs\":[\"https:\\\/\\\/www.facebook.com\\\/funkyGERMANY\\\/\",\"https:\\\/\\\/x.com\\\/funky_germany\",\"https:\\\/\\\/www.instagram.com\\\/funky.germany\\\/\"]},{\"@type\":\"Person\",\"@id\":\"https:\\\/\\\/funkygermany.com\\\/en\\\/#\\\/schema\\\/person\\\/6a875aa6b9119e2a9788eb66654ade70\",\"name\":\"Redaktion\",\"image\":{\"@type\":\"ImageObject\",\"inLanguage\":\"en-US\",\"@id\":\"https:\\\/\\\/secure.gravatar.com\\\/avatar\\\/c19a2fa63289817b0421909878e5f3d2ea9d22f1c2ebcc922b54c87011ac3114?s=96&d=mm&r=g\",\"url\":\"https:\\\/\\\/secure.gravatar.com\\\/avatar\\\/c19a2fa63289817b0421909878e5f3d2ea9d22f1c2ebcc922b54c87011ac3114?s=96&d=mm&r=g\",\"contentUrl\":\"https:\\\/\\\/secure.gravatar.com\\\/avatar\\\/c19a2fa63289817b0421909878e5f3d2ea9d22f1c2ebcc922b54c87011ac3114?s=96&d=mm&r=g\",\"caption\":\"Redaktion\"},\"url\":\"https:\\\/\\\/funkygermany.com\\\/en\\\/author\\\/redaktion\\\/\"}]}<\/script>\n<!-- \/ Yoast SEO Premium plugin. -->","yoast_head_json":{"title":"Ride Along on These Bike Trails in Germany - funkyGERMANY","description":"While the Germans like to walk a lot, this doesn't mean that there are no bike trails in Germany. On the contrary, as these trails show.","robots":{"index":"index","follow":"follow","max-snippet":"max-snippet:-1","max-image-preview":"max-image-preview:large","max-video-preview":"max-video-preview:-1"},"canonical":"https:\/\/funkygermany.com\/en\/bike-trails-germany\/","og_locale":"en_US","og_type":"article","og_title":"Ride Along on These Bike Trails in Germany","og_description":"While the Germans like to walk a lot, this doesn't mean that there are no bike trails in Germany. On the contrary, as these trails show.","og_url":"https:\/\/funkygermany.com\/en\/bike-trails-germany\/","og_site_name":"funkyGERMANY","article_publisher":"https:\/\/www.facebook.com\/funkyGERMANY\/","article_published_time":"2025-09-16T06:35:00+00:00","og_image":[{"width":1750,"height":1167,"url":"https:\/\/funkygermany.com\/wp-content\/uploads\/2025\/09\/pfronten-bikes-mtb-allgaeu-bavaria-c-pfronten-tourismus.jpg","type":"image\/jpeg"}],"author":"Redaktion","twitter_card":"summary_large_image","twitter_creator":"@funky_germany","twitter_site":"@funky_germany","twitter_misc":{"Written by":"Redaktion","Est. reading time":"4 minutes"},"schema":{"@context":"https:\/\/schema.org","@graph":[{"@type":"Article","@id":"https:\/\/funkygermany.com\/en\/bike-trails-germany\/#article","isPartOf":{"@id":"https:\/\/funkygermany.com\/en\/bike-trails-germany\/"},"author":{"name":"Redaktion","@id":"https:\/\/funkygermany.com\/en\/#\/schema\/person\/6a875aa6b9119e2a9788eb66654ade70"},"headline":"Ride Along on These Bike Trails in Germany","datePublished":"2025-09-16T06:35:00+00:00","mainEntityOfPage":{"@id":"https:\/\/funkygermany.com\/en\/bike-trails-germany\/"},"wordCount":485,"publisher":{"@id":"https:\/\/funkygermany.com\/en\/#organization"},"image":{"@id":"https:\/\/funkygermany.com\/en\/bike-trails-germany\/#primaryimage"},"thumbnailUrl":"https:\/\/funkygermany.com\/wp-content\/uploads\/2025\/09\/pfronten-bikes-mtb-allgaeu-bavaria-c-pfronten-tourismus.jpg","keywords":["Bike","Highlight"],"articleSection":["Biking"],"inLanguage":"en-US"},{"@type":"WebPage","@id":"https:\/\/funkygermany.com\/en\/bike-trails-germany\/","url":"https:\/\/funkygermany.com\/en\/bike-trails-germany\/","name":"Ride Along on These Bike Trails in Germany - funkyGERMANY","isPartOf":{"@id":"https:\/\/funkygermany.com\/en\/#website"},"primaryImageOfPage":{"@id":"https:\/\/funkygermany.com\/en\/bike-trails-germany\/#primaryimage"},"image":{"@id":"https:\/\/funkygermany.com\/en\/bike-trails-germany\/#primaryimage"},"thumbnailUrl":"https:\/\/funkygermany.com\/wp-content\/uploads\/2025\/09\/pfronten-bikes-mtb-allgaeu-bavaria-c-pfronten-tourismus.jpg","datePublished":"2025-09-16T06:35:00+00:00","description":"While the Germans like to walk a lot, this doesn't mean that there are no bike trails in Germany. On the contrary, as these trails show.","breadcrumb":{"@id":"https:\/\/funkygermany.com\/en\/bike-trails-germany\/#breadcrumb"},"inLanguage":"en-US","potentialAction":[{"@type":"ReadAction","target":["https:\/\/funkygermany.com\/en\/bike-trails-germany\/"]}]},{"@type":"ImageObject","inLanguage":"en-US","@id":"https:\/\/funkygermany.com\/en\/bike-trails-germany\/#primaryimage","url":"https:\/\/funkygermany.com\/wp-content\/uploads\/2025\/09\/pfronten-bikes-mtb-allgaeu-bavaria-c-pfronten-tourismus.jpg","contentUrl":"https:\/\/funkygermany.com\/wp-content\/uploads\/2025\/09\/pfronten-bikes-mtb-allgaeu-bavaria-c-pfronten-tourismus.jpg","width":1750,"height":1167,"caption":"Image: Pfronten Tourismus"},{"@type":"BreadcrumbList","@id":"https:\/\/funkygermany.com\/en\/bike-trails-germany\/#breadcrumb","itemListElement":[{"@type":"ListItem","position":1,"name":"Homepage","item":"https:\/\/funkygermany.com\/en\/"},{"@type":"ListItem","position":2,"name":"Ride Along on These Bike Trails in Germany"}]},{"@type":"WebSite","@id":"https:\/\/funkygermany.com\/en\/#website","url":"https:\/\/funkygermany.com\/en\/","name":"funkyGERMANY","description":"The Travel Site","publisher":{"@id":"https:\/\/funkygermany.com\/en\/#organization"},"potentialAction":[{"@type":"SearchAction","target":{"@type":"EntryPoint","urlTemplate":"https:\/\/funkygermany.com\/en\/?s={search_term_string}"},"query-input":{"@type":"PropertyValueSpecification","valueRequired":true,"valueName":"search_term_string"}}],"inLanguage":"en-US"},{"@type":"Organization","@id":"https:\/\/funkygermany.com\/en\/#organization","name":"funkyGERMANY","url":"https:\/\/funkygermany.com\/en\/","logo":{"@type":"ImageObject","inLanguage":"en-US","@id":"https:\/\/funkygermany.com\/en\/#\/schema\/logo\/image\/","url":"","contentUrl":"","caption":"funkyGERMANY"},"image":{"@id":"https:\/\/funkygermany.com\/en\/#\/schema\/logo\/image\/"},"sameAs":["https:\/\/www.facebook.com\/funkyGERMANY\/","https:\/\/x.com\/funky_germany","https:\/\/www.instagram.com\/funky.germany\/"]},{"@type":"Person","@id":"https:\/\/funkygermany.com\/en\/#\/schema\/person\/6a875aa6b9119e2a9788eb66654ade70","name":"Redaktion","image":{"@type":"ImageObject","inLanguage":"en-US","@id":"https:\/\/secure.gravatar.com\/avatar\/c19a2fa63289817b0421909878e5f3d2ea9d22f1c2ebcc922b54c87011ac3114?s=96&d=mm&r=g","url":"https:\/\/secure.gravatar.com\/avatar\/c19a2fa63289817b0421909878e5f3d2ea9d22f1c2ebcc922b54c87011ac3114?s=96&d=mm&r=g","contentUrl":"https:\/\/secure.gravatar.com\/avatar\/c19a2fa63289817b0421909878e5f3d2ea9d22f1c2ebcc922b54c87011ac3114?s=96&d=mm&r=g","caption":"Redaktion"},"url":"https:\/\/funkygermany.com\/en\/author\/redaktion\/"}]}},"_links":{"self":[{"href":"https:\/\/funkygermany.com\/en\/wp-json\/wp\/v2\/posts\/18946","targetHints":{"allow":["GET"]}}],"collection":[{"href":"https:\/\/funkygermany.com\/en\/wp-json\/wp\/v2\/posts"}],"about":[{"href":"https:\/\/funkygermany.com\/en\/wp-json\/wp\/v2\/types\/post"}],"author":[{"embeddable":true,"href":"https:\/\/funkygermany.com\/en\/wp-json\/wp\/v2\/users\/8"}],"replies":[{"embeddable":true,"href":"https:\/\/funkygermany.com\/en\/wp-json\/wp\/v2\/comments?post=18946"}],"version-history":[{"count":2,"href":"https:\/\/funkygermany.com\/en\/wp-json\/wp\/v2\/posts\/18946\/revisions"}],"predecessor-version":[{"id":18950,"href":"https:\/\/funkygermany.com\/en\/wp-json\/wp\/v2\/posts\/18946\/revisions\/18950"}],"wp:featuredmedia":[{"embeddable":true,"href":"https:\/\/funkygermany.com\/en\/wp-json\/wp\/v2\/media\/18947"}],"wp:attachment":[{"href":"https:\/\/funkygermany.com\/en\/wp-json\/wp\/v2\/media?parent=18946"}],"wp:term":[{"taxonomy":"category","embeddable":true,"href":"https:\/\/funkygermany.com\/en\/wp-json\/wp\/v2\/categories?post=18946"},{"taxonomy":"post_tag","embeddable":true,"href":"https:\/\/funkygermany.com\/en\/wp-json\/wp\/v2\/tags?post=18946"}],"curies":[{"name":"wp","href":"https:\/\/api.w.org\/{rel}","templated":true}]}}