{"id":18526,"date":"2025-07-21T16:26:25","date_gmt":"2025-07-21T14:26:25","guid":{"rendered":"https:\/\/funkygermany.com\/?p=18526"},"modified":"2025-07-21T16:26:27","modified_gmt":"2025-07-21T14:26:27","slug":"bavaria-castles-unesco","status":"publish","type":"post","link":"https:\/\/funkygermany.com\/en\/bavaria-castles-unesco\/","title":{"rendered":"Officially Fairytale: King Ludwig\u2019s Castles Are Now UNESCO World Heritage"},"content":{"rendered":"\n<p><strong>You always knew these places were special. The turrets, the gold, the swans, the mountain drama. And now it\u2019s official: King Ludwig II\u2019s fantasy castles in Bavaria have been knighted by UNESCO. The world has spoken; these dreamscapes of Bavarian extravagance are no longer just postcard material, they\u2019re a cultural treasure.<\/strong><\/p>\n\n\n\n<p>Welcome to the whimsical world of Ludwig. Where architectural ambition met royal solitude, and the results make Versailles look like it tried too hard.<\/p>\n\n\n\n<h2 class=\"wp-block-heading\" id=\"h-what-s-the-big-deal\">What\u2019s the Big Deal?<\/h2>\n\n\n\n<p>As of July 2025, the castles of Neuschwanstein, Herrenchiemsee, Linderhof, and Schachen are officially designated as <strong>UNESCO World Heritage Sites<\/strong>. Bavaria has been lobbying for this for over 25 years, and finally, the crown jewels of kitsch-meets-genius have received their seal of cultural approval.<\/p>\n\n\n\n<p>UNESCO praises the &#8220;outstanding example of a building type that illustrates a significant stage in human history.&#8221; Translation: these castles are <strong>bonkers in the best possible way<\/strong>.<\/p>\n\n\n\n<h2 class=\"wp-block-heading\" id=\"h-neuschwanstein-the-og-fairytale\">Neuschwanstein: The OG Fairytale<\/h2>\n\n\n\n<p>You\u2019ve seen it on puzzles, Disney logos, and maybe even in your dreams. Neuschwanstein Castle, perched dramatically above the <strong>Allg\u00e4u<\/strong>, is the world\u2019s most photographed castle for a reason. Built with Medieval flair and 19th-century plumbing (yes, it had central heating), it\u2019s the ultimate example of Romantic escapism.<\/p>\n\n\n\n<figure class=\"wp-block-image size-large\"><a href=\"https:\/\/funkygermany.com\/wp-content\/uploads\/2025\/03\/neuschwanstein-castle-panorama-c-wirestock-creators-shutterstock.jpg\"><img decoding=\"async\" width=\"1024\" height=\"682\" loading=\"lazy\" src=\"https:\/\/funkygermany.com\/wp-content\/uploads\/2025\/03\/neuschwanstein-castle-panorama-c-wirestock-creators-shutterstock-1024x682.jpg\" alt=\"A drone shot of Neuschwanstein Castle. Behind the castle, a valley lies in the morning fog.\" class=\"wp-image-17420\" srcset=\"https:\/\/funkygermany.com\/wp-content\/uploads\/2025\/03\/neuschwanstein-castle-panorama-c-wirestock-creators-shutterstock-1024x682.jpg 1024w, https:\/\/funkygermany.com\/wp-content\/uploads\/2025\/03\/neuschwanstein-castle-panorama-c-wirestock-creators-shutterstock-300x200.jpg 300w, https:\/\/funkygermany.com\/wp-content\/uploads\/2025\/03\/neuschwanstein-castle-panorama-c-wirestock-creators-shutterstock-883x588.jpg 883w, https:\/\/funkygermany.com\/wp-content\/uploads\/2025\/03\/neuschwanstein-castle-panorama-c-wirestock-creators-shutterstock-1536x1023.jpg 1536w, https:\/\/funkygermany.com\/wp-content\/uploads\/2025\/03\/neuschwanstein-castle-panorama-c-wirestock-creators-shutterstock-1155x770.jpg 1155w, https:\/\/funkygermany.com\/wp-content\/uploads\/2025\/03\/neuschwanstein-castle-panorama-c-wirestock-creators-shutterstock-370x247.jpg 370w, https:\/\/funkygermany.com\/wp-content\/uploads\/2025\/03\/neuschwanstein-castle-panorama-c-wirestock-creators-shutterstock-770x513.jpg 770w, https:\/\/funkygermany.com\/wp-content\/uploads\/2025\/03\/neuschwanstein-castle-panorama-c-wirestock-creators-shutterstock-293x195.jpg 293w, https:\/\/funkygermany.com\/wp-content\/uploads\/2025\/03\/neuschwanstein-castle-panorama-c-wirestock-creators-shutterstock-1400x933.jpg 1400w, https:\/\/funkygermany.com\/wp-content\/uploads\/2025\/03\/neuschwanstein-castle-panorama-c-wirestock-creators-shutterstock.jpg 1750w\" sizes=\"auto, (max-width: 1024px) 100vw, 1024px\" \/><noscript><img decoding=\"async\" width=\"1024\" height=\"682\" src=\"https:\/\/funkygermany.com\/wp-content\/uploads\/2025\/03\/neuschwanstein-castle-panorama-c-wirestock-creators-shutterstock-1024x682.jpg\" alt=\"A drone shot of Neuschwanstein Castle. Behind the castle, a valley lies in the morning fog.\" class=\"wp-image-17420\" srcset=\"https:\/\/funkygermany.com\/wp-content\/uploads\/2025\/03\/neuschwanstein-castle-panorama-c-wirestock-creators-shutterstock-1024x682.jpg 1024w, https:\/\/funkygermany.com\/wp-content\/uploads\/2025\/03\/neuschwanstein-castle-panorama-c-wirestock-creators-shutterstock-300x200.jpg 300w, https:\/\/funkygermany.com\/wp-content\/uploads\/2025\/03\/neuschwanstein-castle-panorama-c-wirestock-creators-shutterstock-883x588.jpg 883w, https:\/\/funkygermany.com\/wp-content\/uploads\/2025\/03\/neuschwanstein-castle-panorama-c-wirestock-creators-shutterstock-1536x1023.jpg 1536w, https:\/\/funkygermany.com\/wp-content\/uploads\/2025\/03\/neuschwanstein-castle-panorama-c-wirestock-creators-shutterstock-1155x770.jpg 1155w, https:\/\/funkygermany.com\/wp-content\/uploads\/2025\/03\/neuschwanstein-castle-panorama-c-wirestock-creators-shutterstock-370x247.jpg 370w, https:\/\/funkygermany.com\/wp-content\/uploads\/2025\/03\/neuschwanstein-castle-panorama-c-wirestock-creators-shutterstock-770x513.jpg 770w, https:\/\/funkygermany.com\/wp-content\/uploads\/2025\/03\/neuschwanstein-castle-panorama-c-wirestock-creators-shutterstock-293x195.jpg 293w, https:\/\/funkygermany.com\/wp-content\/uploads\/2025\/03\/neuschwanstein-castle-panorama-c-wirestock-creators-shutterstock-1400x933.jpg 1400w, https:\/\/funkygermany.com\/wp-content\/uploads\/2025\/03\/neuschwanstein-castle-panorama-c-wirestock-creators-shutterstock.jpg 1750w\" sizes=\"(max-width: 1024px) 100vw, 1024px\" \/><\/noscript><\/a><figcaption class=\"wp-element-caption\">Image: Wirestock Creators \/ shutterstock<\/figcaption><\/figure>\n\n\n\n<p>Ludwig II spent only a handful of nights there before his untimely death, but hey, dying mid-construction is kind of on-brand for tragic visionaries.<\/p>\n\n\n\n<p class=\"has-cyan-bluish-gray-background-color has-background\"><a href=\"https:\/\/www.neuschwanstein.de\/englisch\/tourist\/index.htm\" target=\"_blank\" rel=\"noreferrer noopener\">This way to the official website<\/a>.<\/p>\n\n\n\n<h2 class=\"wp-block-heading\" id=\"h-herrenchiemsee-bavarian-versailles-baby\">Herrenchiemsee: Bavarian Versailles, Baby<\/h2>\n\n\n\n<p>On an island in <strong>Lake Chiemsee <\/strong>floats Herrenchiemsee, Ludwig\u2019s not-so-subtle tribute to Louis XIV. It\u2019s got golden halls, gardens for days, and mirrors that would make Versailles sweat. It\u2019s more about fantasy than function, but when you\u2019ve got royal delusions and a love of French bling, who needs a budget?<\/p>\n\n\n\n<p class=\"has-cyan-bluish-gray-background-color has-background\"><a href=\"https:\/\/www.herrenchiemsee.de\/englisch\/tourist\/index.htm\" target=\"_blank\" rel=\"noreferrer noopener\">This way to the official website<\/a>.<\/p>\n\n\n\n<figure class=\"wp-block-image size-large\"><a href=\"https:\/\/funkygermany.com\/wp-content\/uploads\/2025\/07\/bavaria-herrenchiemsee-palace-panorama-c-saiko3p-shutterstock.jpg\"><img decoding=\"async\" width=\"1024\" height=\"683\" loading=\"lazy\" src=\"https:\/\/funkygermany.com\/wp-content\/uploads\/2025\/07\/bavaria-herrenchiemsee-palace-panorama-c-saiko3p-shutterstock-1024x683.jpg\" alt=\"Aerial shot of a castle with a long park in front and behind of it. To the left and right of the park is a thick forest, the whole area is on an half-island inside of a lake. Far in the background on the other side of the lake lay the alps.\" class=\"wp-image-18527\" srcset=\"https:\/\/funkygermany.com\/wp-content\/uploads\/2025\/07\/bavaria-herrenchiemsee-palace-panorama-c-saiko3p-shutterstock-1024x683.jpg 1024w, https:\/\/funkygermany.com\/wp-content\/uploads\/2025\/07\/bavaria-herrenchiemsee-palace-panorama-c-saiko3p-shutterstock-300x200.jpg 300w, https:\/\/funkygermany.com\/wp-content\/uploads\/2025\/07\/bavaria-herrenchiemsee-palace-panorama-c-saiko3p-shutterstock-883x589.jpg 883w, https:\/\/funkygermany.com\/wp-content\/uploads\/2025\/07\/bavaria-herrenchiemsee-palace-panorama-c-saiko3p-shutterstock-1536x1024.jpg 1536w, https:\/\/funkygermany.com\/wp-content\/uploads\/2025\/07\/bavaria-herrenchiemsee-palace-panorama-c-saiko3p-shutterstock-1155x770.jpg 1155w, https:\/\/funkygermany.com\/wp-content\/uploads\/2025\/07\/bavaria-herrenchiemsee-palace-panorama-c-saiko3p-shutterstock-370x247.jpg 370w, https:\/\/funkygermany.com\/wp-content\/uploads\/2025\/07\/bavaria-herrenchiemsee-palace-panorama-c-saiko3p-shutterstock-770x513.jpg 770w, https:\/\/funkygermany.com\/wp-content\/uploads\/2025\/07\/bavaria-herrenchiemsee-palace-panorama-c-saiko3p-shutterstock-293x195.jpg 293w, https:\/\/funkygermany.com\/wp-content\/uploads\/2025\/07\/bavaria-herrenchiemsee-palace-panorama-c-saiko3p-shutterstock-1400x934.jpg 1400w, https:\/\/funkygermany.com\/wp-content\/uploads\/2025\/07\/bavaria-herrenchiemsee-palace-panorama-c-saiko3p-shutterstock-1320x880.jpg 1320w, https:\/\/funkygermany.com\/wp-content\/uploads\/2025\/07\/bavaria-herrenchiemsee-palace-panorama-c-saiko3p-shutterstock.jpg 1750w\" sizes=\"auto, (max-width: 1024px) 100vw, 1024px\" \/><noscript><img decoding=\"async\" width=\"1024\" height=\"683\" src=\"https:\/\/funkygermany.com\/wp-content\/uploads\/2025\/07\/bavaria-herrenchiemsee-palace-panorama-c-saiko3p-shutterstock-1024x683.jpg\" alt=\"Aerial shot of a castle with a long park in front and behind of it. To the left and right of the park is a thick forest, the whole area is on an half-island inside of a lake. Far in the background on the other side of the lake lay the alps.\" class=\"wp-image-18527\" srcset=\"https:\/\/funkygermany.com\/wp-content\/uploads\/2025\/07\/bavaria-herrenchiemsee-palace-panorama-c-saiko3p-shutterstock-1024x683.jpg 1024w, https:\/\/funkygermany.com\/wp-content\/uploads\/2025\/07\/bavaria-herrenchiemsee-palace-panorama-c-saiko3p-shutterstock-300x200.jpg 300w, https:\/\/funkygermany.com\/wp-content\/uploads\/2025\/07\/bavaria-herrenchiemsee-palace-panorama-c-saiko3p-shutterstock-883x589.jpg 883w, https:\/\/funkygermany.com\/wp-content\/uploads\/2025\/07\/bavaria-herrenchiemsee-palace-panorama-c-saiko3p-shutterstock-1536x1024.jpg 1536w, https:\/\/funkygermany.com\/wp-content\/uploads\/2025\/07\/bavaria-herrenchiemsee-palace-panorama-c-saiko3p-shutterstock-1155x770.jpg 1155w, https:\/\/funkygermany.com\/wp-content\/uploads\/2025\/07\/bavaria-herrenchiemsee-palace-panorama-c-saiko3p-shutterstock-370x247.jpg 370w, https:\/\/funkygermany.com\/wp-content\/uploads\/2025\/07\/bavaria-herrenchiemsee-palace-panorama-c-saiko3p-shutterstock-770x513.jpg 770w, https:\/\/funkygermany.com\/wp-content\/uploads\/2025\/07\/bavaria-herrenchiemsee-palace-panorama-c-saiko3p-shutterstock-293x195.jpg 293w, https:\/\/funkygermany.com\/wp-content\/uploads\/2025\/07\/bavaria-herrenchiemsee-palace-panorama-c-saiko3p-shutterstock-1400x934.jpg 1400w, https:\/\/funkygermany.com\/wp-content\/uploads\/2025\/07\/bavaria-herrenchiemsee-palace-panorama-c-saiko3p-shutterstock-1320x880.jpg 1320w, https:\/\/funkygermany.com\/wp-content\/uploads\/2025\/07\/bavaria-herrenchiemsee-palace-panorama-c-saiko3p-shutterstock.jpg 1750w\" sizes=\"(max-width: 1024px) 100vw, 1024px\" \/><\/noscript><\/a><figcaption class=\"wp-element-caption\">Image: saiko3p \/ shutterstock<\/figcaption><\/figure>\n\n\n\n<h2 class=\"wp-block-heading\" id=\"h-linderhof-the-one-he-lived-in\">Linderhof: The One He Lived In<\/h2>\n\n\n\n<p>Linderhof is the smallest of the four but packs a punch: ornate interiors, a grotto straight out of a mermaid\u2019s diary, and enough parkland to wander through your ennui. This was Ludwig\u2019s happy place\u2014a full-on escape into <strong>Wagnerian dreams and candlelit isolation<\/strong>.<\/p>\n\n\n\n<p class=\"has-cyan-bluish-gray-background-color has-background\"><a href=\"https:\/\/www.schlosslinderhof.de\/englisch\/tourist\/index.htm\" target=\"_blank\" rel=\"noreferrer noopener\">This way to the official website<\/a>.<\/p>\n\n\n\n<figure class=\"wp-block-image size-large\"><a href=\"https:\/\/funkygermany.com\/wp-content\/uploads\/2025\/07\/bavaria-linderhof-castle-c-cinematographer-shutterstock.jpg\"><img decoding=\"async\" width=\"1024\" height=\"683\" loading=\"lazy\" src=\"https:\/\/funkygermany.com\/wp-content\/uploads\/2025\/07\/bavaria-linderhof-castle-c-cinematographer-shutterstock-1024x683.jpg\" alt=\"A small, white palaca building in a symmetric, accurate garden. In front of the main entrance is a rectangular pool with a golden statue in the middle. Left and right are some rectangular shrubberies. Behind the palace lays a mountain, it's slope covered by a dense forest.\" class=\"wp-image-18529\" srcset=\"https:\/\/funkygermany.com\/wp-content\/uploads\/2025\/07\/bavaria-linderhof-castle-c-cinematographer-shutterstock-1024x683.jpg 1024w, https:\/\/funkygermany.com\/wp-content\/uploads\/2025\/07\/bavaria-linderhof-castle-c-cinematographer-shutterstock-300x200.jpg 300w, https:\/\/funkygermany.com\/wp-content\/uploads\/2025\/07\/bavaria-linderhof-castle-c-cinematographer-shutterstock-883x589.jpg 883w, https:\/\/funkygermany.com\/wp-content\/uploads\/2025\/07\/bavaria-linderhof-castle-c-cinematographer-shutterstock-1536x1024.jpg 1536w, https:\/\/funkygermany.com\/wp-content\/uploads\/2025\/07\/bavaria-linderhof-castle-c-cinematographer-shutterstock-1155x770.jpg 1155w, https:\/\/funkygermany.com\/wp-content\/uploads\/2025\/07\/bavaria-linderhof-castle-c-cinematographer-shutterstock-370x247.jpg 370w, https:\/\/funkygermany.com\/wp-content\/uploads\/2025\/07\/bavaria-linderhof-castle-c-cinematographer-shutterstock-770x513.jpg 770w, https:\/\/funkygermany.com\/wp-content\/uploads\/2025\/07\/bavaria-linderhof-castle-c-cinematographer-shutterstock-293x195.jpg 293w, https:\/\/funkygermany.com\/wp-content\/uploads\/2025\/07\/bavaria-linderhof-castle-c-cinematographer-shutterstock-1400x934.jpg 1400w, https:\/\/funkygermany.com\/wp-content\/uploads\/2025\/07\/bavaria-linderhof-castle-c-cinematographer-shutterstock-1320x880.jpg 1320w, https:\/\/funkygermany.com\/wp-content\/uploads\/2025\/07\/bavaria-linderhof-castle-c-cinematographer-shutterstock.jpg 1750w\" sizes=\"auto, (max-width: 1024px) 100vw, 1024px\" \/><noscript><img decoding=\"async\" width=\"1024\" height=\"683\" src=\"https:\/\/funkygermany.com\/wp-content\/uploads\/2025\/07\/bavaria-linderhof-castle-c-cinematographer-shutterstock-1024x683.jpg\" alt=\"A small, white palaca building in a symmetric, accurate garden. In front of the main entrance is a rectangular pool with a golden statue in the middle. Left and right are some rectangular shrubberies. Behind the palace lays a mountain, it's slope covered by a dense forest.\" class=\"wp-image-18529\" srcset=\"https:\/\/funkygermany.com\/wp-content\/uploads\/2025\/07\/bavaria-linderhof-castle-c-cinematographer-shutterstock-1024x683.jpg 1024w, https:\/\/funkygermany.com\/wp-content\/uploads\/2025\/07\/bavaria-linderhof-castle-c-cinematographer-shutterstock-300x200.jpg 300w, https:\/\/funkygermany.com\/wp-content\/uploads\/2025\/07\/bavaria-linderhof-castle-c-cinematographer-shutterstock-883x589.jpg 883w, https:\/\/funkygermany.com\/wp-content\/uploads\/2025\/07\/bavaria-linderhof-castle-c-cinematographer-shutterstock-1536x1024.jpg 1536w, https:\/\/funkygermany.com\/wp-content\/uploads\/2025\/07\/bavaria-linderhof-castle-c-cinematographer-shutterstock-1155x770.jpg 1155w, https:\/\/funkygermany.com\/wp-content\/uploads\/2025\/07\/bavaria-linderhof-castle-c-cinematographer-shutterstock-370x247.jpg 370w, https:\/\/funkygermany.com\/wp-content\/uploads\/2025\/07\/bavaria-linderhof-castle-c-cinematographer-shutterstock-770x513.jpg 770w, https:\/\/funkygermany.com\/wp-content\/uploads\/2025\/07\/bavaria-linderhof-castle-c-cinematographer-shutterstock-293x195.jpg 293w, https:\/\/funkygermany.com\/wp-content\/uploads\/2025\/07\/bavaria-linderhof-castle-c-cinematographer-shutterstock-1400x934.jpg 1400w, https:\/\/funkygermany.com\/wp-content\/uploads\/2025\/07\/bavaria-linderhof-castle-c-cinematographer-shutterstock-1320x880.jpg 1320w, https:\/\/funkygermany.com\/wp-content\/uploads\/2025\/07\/bavaria-linderhof-castle-c-cinematographer-shutterstock.jpg 1750w\" sizes=\"(max-width: 1024px) 100vw, 1024px\" \/><\/noscript><\/a><figcaption class=\"wp-element-caption\">Image: cinematographer \/ shutterstock<\/figcaption><\/figure>\n\n\n\n<h2 class=\"wp-block-heading\" id=\"h-the-schachen-chalet-unexpected-plot-twist\">The Schachen Chalet: Unexpected Plot Twist<\/h2>\n\n\n\n<p>Way up in the <strong>Wetterstein mountains <\/strong>sits a wooden hut, at least from the outside. Inside? It\u2019s a riot of Orientalism: silk-covered walls, golden lanterns, and a Turkish Hall fit for a sultan. Imagine hiking through alpine wilderness only to enter an Arabian Nights fever dream.<\/p>\n\n\n\n<p class=\"has-cyan-bluish-gray-background-color has-background\"><a href=\"https:\/\/www.schloesser.bayern.de\/englisch\/palace\/objects\/schachen.htm\" target=\"_blank\" rel=\"noreferrer noopener\">This way to the official website<\/a>.<\/p>\n\n\n\n<figure class=\"wp-block-image size-large\"><a href=\"https:\/\/funkygermany.com\/wp-content\/uploads\/2025\/07\/bavaria-schachen-kings-house-unesco-c-asvolas-shutterstock.jpg\"><img decoding=\"async\" width=\"1024\" height=\"681\" loading=\"lazy\" src=\"https:\/\/funkygermany.com\/wp-content\/uploads\/2025\/07\/bavaria-schachen-kings-house-unesco-c-asvolas-shutterstock-1024x681.jpg\" alt=\"Two houses on a cliff in the Alps; on the right there is only a roof visible with the rest of the house covered by trees and bushes. On the right is a wooden house with two stories. It looks like a typical alpine hut, it's front towards the valley. To the right of the cliff, a stoney mountain rises to the sky which is coloured a bright yellow by the setting sun\" class=\"wp-image-18531\" srcset=\"https:\/\/funkygermany.com\/wp-content\/uploads\/2025\/07\/bavaria-schachen-kings-house-unesco-c-asvolas-shutterstock-1024x681.jpg 1024w, https:\/\/funkygermany.com\/wp-content\/uploads\/2025\/07\/bavaria-schachen-kings-house-unesco-c-asvolas-shutterstock-300x200.jpg 300w, https:\/\/funkygermany.com\/wp-content\/uploads\/2025\/07\/bavaria-schachen-kings-house-unesco-c-asvolas-shutterstock-883x587.jpg 883w, https:\/\/funkygermany.com\/wp-content\/uploads\/2025\/07\/bavaria-schachen-kings-house-unesco-c-asvolas-shutterstock-1536x1022.jpg 1536w, https:\/\/funkygermany.com\/wp-content\/uploads\/2025\/07\/bavaria-schachen-kings-house-unesco-c-asvolas-shutterstock-370x247.jpg 370w, https:\/\/funkygermany.com\/wp-content\/uploads\/2025\/07\/bavaria-schachen-kings-house-unesco-c-asvolas-shutterstock-770x512.jpg 770w, https:\/\/funkygermany.com\/wp-content\/uploads\/2025\/07\/bavaria-schachen-kings-house-unesco-c-asvolas-shutterstock-293x195.jpg 293w, https:\/\/funkygermany.com\/wp-content\/uploads\/2025\/07\/bavaria-schachen-kings-house-unesco-c-asvolas-shutterstock-1400x931.jpg 1400w, https:\/\/funkygermany.com\/wp-content\/uploads\/2025\/07\/bavaria-schachen-kings-house-unesco-c-asvolas-shutterstock-1320x878.jpg 1320w, https:\/\/funkygermany.com\/wp-content\/uploads\/2025\/07\/bavaria-schachen-kings-house-unesco-c-asvolas-shutterstock.jpg 1750w\" sizes=\"auto, (max-width: 1024px) 100vw, 1024px\" \/><noscript><img decoding=\"async\" width=\"1024\" height=\"681\" src=\"https:\/\/funkygermany.com\/wp-content\/uploads\/2025\/07\/bavaria-schachen-kings-house-unesco-c-asvolas-shutterstock-1024x681.jpg\" alt=\"Two houses on a cliff in the Alps; on the right there is only a roof visible with the rest of the house covered by trees and bushes. On the right is a wooden house with two stories. It looks like a typical alpine hut, it's front towards the valley. To the right of the cliff, a stoney mountain rises to the sky which is coloured a bright yellow by the setting sun\" class=\"wp-image-18531\" srcset=\"https:\/\/funkygermany.com\/wp-content\/uploads\/2025\/07\/bavaria-schachen-kings-house-unesco-c-asvolas-shutterstock-1024x681.jpg 1024w, https:\/\/funkygermany.com\/wp-content\/uploads\/2025\/07\/bavaria-schachen-kings-house-unesco-c-asvolas-shutterstock-300x200.jpg 300w, https:\/\/funkygermany.com\/wp-content\/uploads\/2025\/07\/bavaria-schachen-kings-house-unesco-c-asvolas-shutterstock-883x587.jpg 883w, https:\/\/funkygermany.com\/wp-content\/uploads\/2025\/07\/bavaria-schachen-kings-house-unesco-c-asvolas-shutterstock-1536x1022.jpg 1536w, https:\/\/funkygermany.com\/wp-content\/uploads\/2025\/07\/bavaria-schachen-kings-house-unesco-c-asvolas-shutterstock-370x247.jpg 370w, https:\/\/funkygermany.com\/wp-content\/uploads\/2025\/07\/bavaria-schachen-kings-house-unesco-c-asvolas-shutterstock-770x512.jpg 770w, https:\/\/funkygermany.com\/wp-content\/uploads\/2025\/07\/bavaria-schachen-kings-house-unesco-c-asvolas-shutterstock-293x195.jpg 293w, https:\/\/funkygermany.com\/wp-content\/uploads\/2025\/07\/bavaria-schachen-kings-house-unesco-c-asvolas-shutterstock-1400x931.jpg 1400w, https:\/\/funkygermany.com\/wp-content\/uploads\/2025\/07\/bavaria-schachen-kings-house-unesco-c-asvolas-shutterstock-1320x878.jpg 1320w, https:\/\/funkygermany.com\/wp-content\/uploads\/2025\/07\/bavaria-schachen-kings-house-unesco-c-asvolas-shutterstock.jpg 1750w\" sizes=\"(max-width: 1024px) 100vw, 1024px\" \/><\/noscript><\/a><figcaption class=\"wp-element-caption\">Image: Asvolas \/ shutterstock<\/figcaption><\/figure>\n\n\n\n<h2 class=\"wp-block-heading\" id=\"h-why-unesco-now\">Why UNESCO Now?<\/h2>\n\n\n\n<p>Apart from the architectural dazzle and sheer commitment to dream-castle reality, the UNESCO nod also celebrates conservation efforts and the cultural legacy of Ludwig\u2019s genius and madness hybrid. More than 1.7 million visitors already flock to the sites each year, most of them to Neuschwanstein. However, with great fame comes great responsibility. Bavaria now has to juggle preservation and tourism with even more finesse.<\/p>\n\n\n<div class=\"inline-post clearfix\"><div class=\"see-also byline\">See Also<\/div><div id=\"block-wrap-30706\" class=\"block-wrap-native block-wrap block-wrap-23 block-css-30706 block-wrap-classic columns__m--1 elements-design-1 block-ani block-skin-0 tipi-box block-wrap-thumbnail ppl-m-1 clearfix\" data-id=\"30706\" data-base=\"0\"><div class=\"tipi-row-inner-style clearfix\"><div class=\"tipi-row-inner-box contents sticky--wrap\"><div class=\"block block-23 clearfix\"><article class=\"tipi-xs-12 clearfix with-fi ani-base tipi-xs-typo split-1 split-design-1 loop-0 preview-thumbnail preview-23 elements-design-1 post-17516 post type-post status-publish format-standard has-post-thumbnail hentry category-inspirations tag-architecture tag-culture tag-highlight-en\" style=\"--animation-order:0\"><div class=\"preview-mini-wrap clearfix\"><div class=\"mask\"><a href=\"https:\/\/funkygermany.com\/en\/castles-palaces-germany\/\" class=\"mask-img\"><img decoding=\"async\" width=\"100\" height=\"100\" src=\"https:\/\/funkygermany.com\/wp-content\/uploads\/2025\/03\/charlottenburg-palace-berlin-park-c-jan-willem-van-hofwegen-shutterstock-100x100.jpg\" class=\"attachment-thumbnail size-thumbnail zeen-lazy-load-base zeen-lazy-load  wp-post-image\" alt=\"Charlottenburg Palace in Berlin, seen from the garden\" srcset=\"https:\/\/funkygermany.com\/wp-content\/uploads\/2025\/03\/charlottenburg-palace-berlin-park-c-jan-willem-van-hofwegen-shutterstock-100x100.jpg 100w, https:\/\/funkygermany.com\/wp-content\/uploads\/2025\/03\/charlottenburg-palace-berlin-park-c-jan-willem-van-hofwegen-shutterstock-293x293.jpg 293w, https:\/\/funkygermany.com\/wp-content\/uploads\/2025\/03\/charlottenburg-palace-berlin-park-c-jan-willem-van-hofwegen-shutterstock-390x390.jpg 390w, https:\/\/funkygermany.com\/wp-content\/uploads\/2025\/03\/charlottenburg-palace-berlin-park-c-jan-willem-van-hofwegen-shutterstock-585x585.jpg 585w, https:\/\/funkygermany.com\/wp-content\/uploads\/2025\/03\/charlottenburg-palace-berlin-park-c-jan-willem-van-hofwegen-shutterstock-900x900.jpg 900w\" sizes=\"auto, (max-width: 100px) 100vw, 100px\" loading=\"lazy\" \/><noscript><img decoding=\"async\" width=\"100\" height=\"100\" src=\"https:\/\/funkygermany.com\/wp-content\/uploads\/2025\/03\/charlottenburg-palace-berlin-park-c-jan-willem-van-hofwegen-shutterstock-100x100.jpg\" class=\"attachment-thumbnail size-thumbnail zeen-lazy-load-base zeen-lazy-load  wp-post-image\" alt=\"Charlottenburg Palace in Berlin, seen from the garden\" srcset=\"https:\/\/funkygermany.com\/wp-content\/uploads\/2025\/03\/charlottenburg-palace-berlin-park-c-jan-willem-van-hofwegen-shutterstock-100x100.jpg 100w, https:\/\/funkygermany.com\/wp-content\/uploads\/2025\/03\/charlottenburg-palace-berlin-park-c-jan-willem-van-hofwegen-shutterstock-293x293.jpg 293w, https:\/\/funkygermany.com\/wp-content\/uploads\/2025\/03\/charlottenburg-palace-berlin-park-c-jan-willem-van-hofwegen-shutterstock-390x390.jpg 390w, https:\/\/funkygermany.com\/wp-content\/uploads\/2025\/03\/charlottenburg-palace-berlin-park-c-jan-willem-van-hofwegen-shutterstock-585x585.jpg 585w, https:\/\/funkygermany.com\/wp-content\/uploads\/2025\/03\/charlottenburg-palace-berlin-park-c-jan-willem-van-hofwegen-shutterstock-900x900.jpg 900w\" sizes=\"auto, (max-width: 100px) 100vw, 100px\" loading=\"lazy\" \/><\/noscript><\/a><\/div><div class=\"meta\"><div class=\"byline byline-2 byline-cats-design-1\"><div class=\"byline-part cats\"><a href=\"https:\/\/funkygermany.com\/en\/inspirations\/\" class=\"cat\">Inspirations<\/a><\/div><span class=\"byline-part separator separator-date\">&middot;<\/span><span class=\"byline-part date\"><time class=\"entry-date published dateCreated flipboard-date\" datetime=\"2025-03-25T08:22:00+01:00\">25. March 2025<\/time><\/span><\/div><div class=\"title-wrap\"><h3 class=\"title\"><a href=\"https:\/\/funkygermany.com\/en\/castles-palaces-germany\/\">9 Wonderful Castles in Germany<\/a><\/h3><\/div><\/div><\/div><\/article><\/div><\/div><\/div><\/div><\/div>\n\n\n<h2 class=\"wp-block-heading\" id=\"h-ludwig-ii-the-ultimate-vibe-curator\">Ludwig II: The Ultimate Vibe Curator<\/h2>\n\n\n\n<p>Part king, part recluse, part interior design maximalist, Ludwig II ruled Bavaria from 1864 to 1886 and left behind a legacy of unfiltered imagination. He wasn\u2019t into politics. He was into Wagner, fairy tales, and mirrors. Lots of mirrors. His castles weren\u2019t about power. They were about escaping it.<\/p>\n\n\n\n<h2 class=\"wp-block-heading\" id=\"h-so-should-you-go\">So, Should You Go?<\/h2>\n\n\n\n<p>Absolutely. Because now, when you post that selfie in front of Neuschwanstein, you can add &#8220;UNESCO World Heritage Site&#8221; to your caption. And that, dear traveler, is influencer gold.<\/p>\n","protected":false},"excerpt":{"rendered":"<p>Four castles in Bavaria were recently added to the list of the UNESCO World Heritage Sites. Here&#8217;s what you need to know.<\/p>\n","protected":false},"author":3,"featured_media":18533,"comment_status":"closed","ping_status":"open","sticky":false,"template":"","format":"standard","meta":{"footnotes":""},"categories":[625],"tags":[659,2333,698],"class_list":["post-18526","post","type-post","status-publish","format-standard","has-post-thumbnail","hentry","category-bavaria","tag-bavaria","tag-culture","tag-south"],"yoast_head":"<!-- This site is optimized with the Yoast SEO Premium plugin v27.3 (Yoast SEO v27.3) - https:\/\/yoast.com\/product\/yoast-seo-premium-wordpress\/ -->\n<title>These Castles in Bavaria are now Part of the World Heritage - funkyGERMANY<\/title>\n<meta name=\"description\" content=\"Four castles in Bavaria were recently added to the list of the UNESCO World Heritage Sites. Here&#039;s what you need to know.\" \/>\n<meta name=\"robots\" content=\"index, follow, max-snippet:-1, max-image-preview:large, max-video-preview:-1\" \/>\n<link rel=\"canonical\" href=\"https:\/\/funkygermany.com\/en\/bavaria-castles-unesco\/\" \/>\n<meta property=\"og:locale\" content=\"en_US\" \/>\n<meta property=\"og:type\" content=\"article\" \/>\n<meta property=\"og:title\" content=\"Officially Fairytale: King Ludwig\u2019s Castles Are Now UNESCO World Heritage\" \/>\n<meta property=\"og:description\" content=\"Four castles in Bavaria were recently added to the list of the UNESCO World Heritage Sites. Here&#039;s what you need to know.\" \/>\n<meta property=\"og:url\" content=\"https:\/\/funkygermany.com\/en\/bavaria-castles-unesco\/\" \/>\n<meta property=\"og:site_name\" content=\"funkyGERMANY\" \/>\n<meta property=\"article:publisher\" content=\"https:\/\/www.facebook.com\/funkyGERMANY\/\" \/>\n<meta property=\"article:published_time\" content=\"2025-07-21T14:26:25+00:00\" \/>\n<meta property=\"article:modified_time\" content=\"2025-07-21T14:26:27+00:00\" \/>\n<meta property=\"og:image\" content=\"https:\/\/funkygermany.com\/wp-content\/uploads\/2025\/07\/bavaria-neuschwanstein-castle-unesco-c-daliu-shutterstock.jpg\" \/>\n\t<meta property=\"og:image:width\" content=\"2000\" \/>\n\t<meta property=\"og:image:height\" content=\"1121\" \/>\n\t<meta property=\"og:image:type\" content=\"image\/jpeg\" \/>\n<meta name=\"author\" content=\"Jennifer Latuperisa-Andresen\" \/>\n<meta name=\"twitter:card\" content=\"summary_large_image\" \/>\n<meta name=\"twitter:creator\" content=\"@funky_germany\" \/>\n<meta name=\"twitter:site\" content=\"@funky_germany\" \/>\n<meta name=\"twitter:label1\" content=\"Written by\" \/>\n\t<meta name=\"twitter:data1\" content=\"Jennifer Latuperisa-Andresen\" \/>\n\t<meta name=\"twitter:label2\" content=\"Est. reading time\" \/>\n\t<meta name=\"twitter:data2\" content=\"5 minutes\" \/>\n<script type=\"application\/ld+json\" class=\"yoast-schema-graph\">{\"@context\":\"https:\\\/\\\/schema.org\",\"@graph\":[{\"@type\":\"Article\",\"@id\":\"https:\\\/\\\/funkygermany.com\\\/en\\\/bavaria-castles-unesco\\\/#article\",\"isPartOf\":{\"@id\":\"https:\\\/\\\/funkygermany.com\\\/en\\\/bavaria-castles-unesco\\\/\"},\"author\":{\"name\":\"Jennifer Latuperisa-Andresen\",\"@id\":\"https:\\\/\\\/funkygermany.com\\\/en\\\/#\\\/schema\\\/person\\\/926493d4087ea078bbb33cd8ec2f9437\"},\"headline\":\"Officially Fairytale: King Ludwig\u2019s Castles Are Now UNESCO World Heritage\",\"datePublished\":\"2025-07-21T14:26:25+00:00\",\"dateModified\":\"2025-07-21T14:26:27+00:00\",\"mainEntityOfPage\":{\"@id\":\"https:\\\/\\\/funkygermany.com\\\/en\\\/bavaria-castles-unesco\\\/\"},\"wordCount\":598,\"publisher\":{\"@id\":\"https:\\\/\\\/funkygermany.com\\\/en\\\/#organization\"},\"image\":{\"@id\":\"https:\\\/\\\/funkygermany.com\\\/en\\\/bavaria-castles-unesco\\\/#primaryimage\"},\"thumbnailUrl\":\"https:\\\/\\\/funkygermany.com\\\/wp-content\\\/uploads\\\/2025\\\/07\\\/bavaria-neuschwanstein-castle-unesco-c-daliu-shutterstock.jpg\",\"keywords\":[\"Bavaria\",\"Culture\",\"South\"],\"articleSection\":[\"Bavaria\"],\"inLanguage\":\"en-US\"},{\"@type\":\"WebPage\",\"@id\":\"https:\\\/\\\/funkygermany.com\\\/en\\\/bavaria-castles-unesco\\\/\",\"url\":\"https:\\\/\\\/funkygermany.com\\\/en\\\/bavaria-castles-unesco\\\/\",\"name\":\"These Castles in Bavaria are now Part of the World Heritage - funkyGERMANY\",\"isPartOf\":{\"@id\":\"https:\\\/\\\/funkygermany.com\\\/en\\\/#website\"},\"primaryImageOfPage\":{\"@id\":\"https:\\\/\\\/funkygermany.com\\\/en\\\/bavaria-castles-unesco\\\/#primaryimage\"},\"image\":{\"@id\":\"https:\\\/\\\/funkygermany.com\\\/en\\\/bavaria-castles-unesco\\\/#primaryimage\"},\"thumbnailUrl\":\"https:\\\/\\\/funkygermany.com\\\/wp-content\\\/uploads\\\/2025\\\/07\\\/bavaria-neuschwanstein-castle-unesco-c-daliu-shutterstock.jpg\",\"datePublished\":\"2025-07-21T14:26:25+00:00\",\"dateModified\":\"2025-07-21T14:26:27+00:00\",\"description\":\"Four castles in Bavaria were recently added to the list of the UNESCO World Heritage Sites. Here's what you need to know.\",\"breadcrumb\":{\"@id\":\"https:\\\/\\\/funkygermany.com\\\/en\\\/bavaria-castles-unesco\\\/#breadcrumb\"},\"inLanguage\":\"en-US\",\"potentialAction\":[{\"@type\":\"ReadAction\",\"target\":[\"https:\\\/\\\/funkygermany.com\\\/en\\\/bavaria-castles-unesco\\\/\"]}]},{\"@type\":\"ImageObject\",\"inLanguage\":\"en-US\",\"@id\":\"https:\\\/\\\/funkygermany.com\\\/en\\\/bavaria-castles-unesco\\\/#primaryimage\",\"url\":\"https:\\\/\\\/funkygermany.com\\\/wp-content\\\/uploads\\\/2025\\\/07\\\/bavaria-neuschwanstein-castle-unesco-c-daliu-shutterstock.jpg\",\"contentUrl\":\"https:\\\/\\\/funkygermany.com\\\/wp-content\\\/uploads\\\/2025\\\/07\\\/bavaria-neuschwanstein-castle-unesco-c-daliu-shutterstock.jpg\",\"width\":2000,\"height\":1121,\"caption\":\"Neuschwanstein Castle | DaLiu \\\/ shutterstock\"},{\"@type\":\"BreadcrumbList\",\"@id\":\"https:\\\/\\\/funkygermany.com\\\/en\\\/bavaria-castles-unesco\\\/#breadcrumb\",\"itemListElement\":[{\"@type\":\"ListItem\",\"position\":1,\"name\":\"Homepage\",\"item\":\"https:\\\/\\\/funkygermany.com\\\/en\\\/\"},{\"@type\":\"ListItem\",\"position\":2,\"name\":\"Officially Fairytale: King Ludwig\u2019s Castles Are Now UNESCO World Heritage\"}]},{\"@type\":\"WebSite\",\"@id\":\"https:\\\/\\\/funkygermany.com\\\/en\\\/#website\",\"url\":\"https:\\\/\\\/funkygermany.com\\\/en\\\/\",\"name\":\"funkyGERMANY\",\"description\":\"The Travel Site\",\"publisher\":{\"@id\":\"https:\\\/\\\/funkygermany.com\\\/en\\\/#organization\"},\"potentialAction\":[{\"@type\":\"SearchAction\",\"target\":{\"@type\":\"EntryPoint\",\"urlTemplate\":\"https:\\\/\\\/funkygermany.com\\\/en\\\/?s={search_term_string}\"},\"query-input\":{\"@type\":\"PropertyValueSpecification\",\"valueRequired\":true,\"valueName\":\"search_term_string\"}}],\"inLanguage\":\"en-US\"},{\"@type\":\"Organization\",\"@id\":\"https:\\\/\\\/funkygermany.com\\\/en\\\/#organization\",\"name\":\"funkyGERMANY\",\"url\":\"https:\\\/\\\/funkygermany.com\\\/en\\\/\",\"logo\":{\"@type\":\"ImageObject\",\"inLanguage\":\"en-US\",\"@id\":\"https:\\\/\\\/funkygermany.com\\\/en\\\/#\\\/schema\\\/logo\\\/image\\\/\",\"url\":\"\",\"contentUrl\":\"\",\"caption\":\"funkyGERMANY\"},\"image\":{\"@id\":\"https:\\\/\\\/funkygermany.com\\\/en\\\/#\\\/schema\\\/logo\\\/image\\\/\"},\"sameAs\":[\"https:\\\/\\\/www.facebook.com\\\/funkyGERMANY\\\/\",\"https:\\\/\\\/x.com\\\/funky_germany\",\"https:\\\/\\\/www.instagram.com\\\/funky.germany\\\/\"]},{\"@type\":\"Person\",\"@id\":\"https:\\\/\\\/funkygermany.com\\\/en\\\/#\\\/schema\\\/person\\\/926493d4087ea078bbb33cd8ec2f9437\",\"name\":\"Jennifer Latuperisa-Andresen\",\"image\":{\"@type\":\"ImageObject\",\"inLanguage\":\"en-US\",\"@id\":\"https:\\\/\\\/secure.gravatar.com\\\/avatar\\\/66db6e671d2a23803dcdbb3316e21c8bd0817077f3b672d0bc96484ecf9613bd?s=96&d=mm&r=g\",\"url\":\"https:\\\/\\\/secure.gravatar.com\\\/avatar\\\/66db6e671d2a23803dcdbb3316e21c8bd0817077f3b672d0bc96484ecf9613bd?s=96&d=mm&r=g\",\"contentUrl\":\"https:\\\/\\\/secure.gravatar.com\\\/avatar\\\/66db6e671d2a23803dcdbb3316e21c8bd0817077f3b672d0bc96484ecf9613bd?s=96&d=mm&r=g\",\"caption\":\"Jennifer Latuperisa-Andresen\"},\"description\":\"Jenny sch\u00e4tzt die majest\u00e4tische Kulisse der Alpen und liebt den rauen Norden. Ihre Wurzeln liegen im Ruhrgebiet, das sie als kulturell reizvoll empfindet. Sie hat als langj\u00e4hrige Chefredakteurin des Reisemagazins reisen EXCLUSIV viel von der Welt gesehen und findet es dennoch in ihrem heutigen Wohnort K\u00f6ln so sch\u00f6n lebensbejahend. Sie streift gerne durch Design-L\u00e4dchen, Flohm\u00e4rkte und Feinkostl\u00e4den. Unwiderstehlich findet sie Windbeutel mit Kirschen, Haselnusseis in der Waffel und einen Gin Tonic zum Sonnenuntergang. Alles instagrammable versteht sich.\",\"sameAs\":[\"https:\\\/\\\/www.instagram.com\\\/fraumuksch\\\/\"],\"url\":\"https:\\\/\\\/funkygermany.com\\\/en\\\/author\\\/jl_admin\\\/\"}]}<\/script>\n<!-- \/ Yoast SEO Premium plugin. -->","yoast_head_json":{"title":"These Castles in Bavaria are now Part of the World Heritage - funkyGERMANY","description":"Four castles in Bavaria were recently added to the list of the UNESCO World Heritage Sites. Here's what you need to know.","robots":{"index":"index","follow":"follow","max-snippet":"max-snippet:-1","max-image-preview":"max-image-preview:large","max-video-preview":"max-video-preview:-1"},"canonical":"https:\/\/funkygermany.com\/en\/bavaria-castles-unesco\/","og_locale":"en_US","og_type":"article","og_title":"Officially Fairytale: King Ludwig\u2019s Castles Are Now UNESCO World Heritage","og_description":"Four castles in Bavaria were recently added to the list of the UNESCO World Heritage Sites. Here's what you need to know.","og_url":"https:\/\/funkygermany.com\/en\/bavaria-castles-unesco\/","og_site_name":"funkyGERMANY","article_publisher":"https:\/\/www.facebook.com\/funkyGERMANY\/","article_published_time":"2025-07-21T14:26:25+00:00","article_modified_time":"2025-07-21T14:26:27+00:00","og_image":[{"width":2000,"height":1121,"url":"https:\/\/funkygermany.com\/wp-content\/uploads\/2025\/07\/bavaria-neuschwanstein-castle-unesco-c-daliu-shutterstock.jpg","type":"image\/jpeg"}],"author":"Jennifer Latuperisa-Andresen","twitter_card":"summary_large_image","twitter_creator":"@funky_germany","twitter_site":"@funky_germany","twitter_misc":{"Written by":"Jennifer Latuperisa-Andresen","Est. reading time":"5 minutes"},"schema":{"@context":"https:\/\/schema.org","@graph":[{"@type":"Article","@id":"https:\/\/funkygermany.com\/en\/bavaria-castles-unesco\/#article","isPartOf":{"@id":"https:\/\/funkygermany.com\/en\/bavaria-castles-unesco\/"},"author":{"name":"Jennifer Latuperisa-Andresen","@id":"https:\/\/funkygermany.com\/en\/#\/schema\/person\/926493d4087ea078bbb33cd8ec2f9437"},"headline":"Officially Fairytale: King Ludwig\u2019s Castles Are Now UNESCO World Heritage","datePublished":"2025-07-21T14:26:25+00:00","dateModified":"2025-07-21T14:26:27+00:00","mainEntityOfPage":{"@id":"https:\/\/funkygermany.com\/en\/bavaria-castles-unesco\/"},"wordCount":598,"publisher":{"@id":"https:\/\/funkygermany.com\/en\/#organization"},"image":{"@id":"https:\/\/funkygermany.com\/en\/bavaria-castles-unesco\/#primaryimage"},"thumbnailUrl":"https:\/\/funkygermany.com\/wp-content\/uploads\/2025\/07\/bavaria-neuschwanstein-castle-unesco-c-daliu-shutterstock.jpg","keywords":["Bavaria","Culture","South"],"articleSection":["Bavaria"],"inLanguage":"en-US"},{"@type":"WebPage","@id":"https:\/\/funkygermany.com\/en\/bavaria-castles-unesco\/","url":"https:\/\/funkygermany.com\/en\/bavaria-castles-unesco\/","name":"These Castles in Bavaria are now Part of the World Heritage - funkyGERMANY","isPartOf":{"@id":"https:\/\/funkygermany.com\/en\/#website"},"primaryImageOfPage":{"@id":"https:\/\/funkygermany.com\/en\/bavaria-castles-unesco\/#primaryimage"},"image":{"@id":"https:\/\/funkygermany.com\/en\/bavaria-castles-unesco\/#primaryimage"},"thumbnailUrl":"https:\/\/funkygermany.com\/wp-content\/uploads\/2025\/07\/bavaria-neuschwanstein-castle-unesco-c-daliu-shutterstock.jpg","datePublished":"2025-07-21T14:26:25+00:00","dateModified":"2025-07-21T14:26:27+00:00","description":"Four castles in Bavaria were recently added to the list of the UNESCO World Heritage Sites. Here's what you need to know.","breadcrumb":{"@id":"https:\/\/funkygermany.com\/en\/bavaria-castles-unesco\/#breadcrumb"},"inLanguage":"en-US","potentialAction":[{"@type":"ReadAction","target":["https:\/\/funkygermany.com\/en\/bavaria-castles-unesco\/"]}]},{"@type":"ImageObject","inLanguage":"en-US","@id":"https:\/\/funkygermany.com\/en\/bavaria-castles-unesco\/#primaryimage","url":"https:\/\/funkygermany.com\/wp-content\/uploads\/2025\/07\/bavaria-neuschwanstein-castle-unesco-c-daliu-shutterstock.jpg","contentUrl":"https:\/\/funkygermany.com\/wp-content\/uploads\/2025\/07\/bavaria-neuschwanstein-castle-unesco-c-daliu-shutterstock.jpg","width":2000,"height":1121,"caption":"Neuschwanstein Castle | DaLiu \/ shutterstock"},{"@type":"BreadcrumbList","@id":"https:\/\/funkygermany.com\/en\/bavaria-castles-unesco\/#breadcrumb","itemListElement":[{"@type":"ListItem","position":1,"name":"Homepage","item":"https:\/\/funkygermany.com\/en\/"},{"@type":"ListItem","position":2,"name":"Officially Fairytale: King Ludwig\u2019s Castles Are Now UNESCO World Heritage"}]},{"@type":"WebSite","@id":"https:\/\/funkygermany.com\/en\/#website","url":"https:\/\/funkygermany.com\/en\/","name":"funkyGERMANY","description":"The Travel Site","publisher":{"@id":"https:\/\/funkygermany.com\/en\/#organization"},"potentialAction":[{"@type":"SearchAction","target":{"@type":"EntryPoint","urlTemplate":"https:\/\/funkygermany.com\/en\/?s={search_term_string}"},"query-input":{"@type":"PropertyValueSpecification","valueRequired":true,"valueName":"search_term_string"}}],"inLanguage":"en-US"},{"@type":"Organization","@id":"https:\/\/funkygermany.com\/en\/#organization","name":"funkyGERMANY","url":"https:\/\/funkygermany.com\/en\/","logo":{"@type":"ImageObject","inLanguage":"en-US","@id":"https:\/\/funkygermany.com\/en\/#\/schema\/logo\/image\/","url":"","contentUrl":"","caption":"funkyGERMANY"},"image":{"@id":"https:\/\/funkygermany.com\/en\/#\/schema\/logo\/image\/"},"sameAs":["https:\/\/www.facebook.com\/funkyGERMANY\/","https:\/\/x.com\/funky_germany","https:\/\/www.instagram.com\/funky.germany\/"]},{"@type":"Person","@id":"https:\/\/funkygermany.com\/en\/#\/schema\/person\/926493d4087ea078bbb33cd8ec2f9437","name":"Jennifer Latuperisa-Andresen","image":{"@type":"ImageObject","inLanguage":"en-US","@id":"https:\/\/secure.gravatar.com\/avatar\/66db6e671d2a23803dcdbb3316e21c8bd0817077f3b672d0bc96484ecf9613bd?s=96&d=mm&r=g","url":"https:\/\/secure.gravatar.com\/avatar\/66db6e671d2a23803dcdbb3316e21c8bd0817077f3b672d0bc96484ecf9613bd?s=96&d=mm&r=g","contentUrl":"https:\/\/secure.gravatar.com\/avatar\/66db6e671d2a23803dcdbb3316e21c8bd0817077f3b672d0bc96484ecf9613bd?s=96&d=mm&r=g","caption":"Jennifer Latuperisa-Andresen"},"description":"Jenny sch\u00e4tzt die majest\u00e4tische Kulisse der Alpen und liebt den rauen Norden. Ihre Wurzeln liegen im Ruhrgebiet, das sie als kulturell reizvoll empfindet. Sie hat als langj\u00e4hrige Chefredakteurin des Reisemagazins reisen EXCLUSIV viel von der Welt gesehen und findet es dennoch in ihrem heutigen Wohnort K\u00f6ln so sch\u00f6n lebensbejahend. Sie streift gerne durch Design-L\u00e4dchen, Flohm\u00e4rkte und Feinkostl\u00e4den. Unwiderstehlich findet sie Windbeutel mit Kirschen, Haselnusseis in der Waffel und einen Gin Tonic zum Sonnenuntergang. Alles instagrammable versteht sich.","sameAs":["https:\/\/www.instagram.com\/fraumuksch\/"],"url":"https:\/\/funkygermany.com\/en\/author\/jl_admin\/"}]}},"_links":{"self":[{"href":"https:\/\/funkygermany.com\/en\/wp-json\/wp\/v2\/posts\/18526","targetHints":{"allow":["GET"]}}],"collection":[{"href":"https:\/\/funkygermany.com\/en\/wp-json\/wp\/v2\/posts"}],"about":[{"href":"https:\/\/funkygermany.com\/en\/wp-json\/wp\/v2\/types\/post"}],"author":[{"embeddable":true,"href":"https:\/\/funkygermany.com\/en\/wp-json\/wp\/v2\/users\/3"}],"replies":[{"embeddable":true,"href":"https:\/\/funkygermany.com\/en\/wp-json\/wp\/v2\/comments?post=18526"}],"version-history":[{"count":1,"href":"https:\/\/funkygermany.com\/en\/wp-json\/wp\/v2\/posts\/18526\/revisions"}],"predecessor-version":[{"id":18535,"href":"https:\/\/funkygermany.com\/en\/wp-json\/wp\/v2\/posts\/18526\/revisions\/18535"}],"wp:featuredmedia":[{"embeddable":true,"href":"https:\/\/funkygermany.com\/en\/wp-json\/wp\/v2\/media\/18533"}],"wp:attachment":[{"href":"https:\/\/funkygermany.com\/en\/wp-json\/wp\/v2\/media?parent=18526"}],"wp:term":[{"taxonomy":"category","embeddable":true,"href":"https:\/\/funkygermany.com\/en\/wp-json\/wp\/v2\/categories?post=18526"},{"taxonomy":"post_tag","embeddable":true,"href":"https:\/\/funkygermany.com\/en\/wp-json\/wp\/v2\/tags?post=18526"}],"curies":[{"name":"wp","href":"https:\/\/api.w.org\/{rel}","templated":true}]}}