{"id":18146,"date":"2025-06-06T10:56:02","date_gmt":"2025-06-06T08:56:02","guid":{"rendered":"https:\/\/funkygermany.com\/?p=18146"},"modified":"2025-06-06T10:56:04","modified_gmt":"2025-06-06T08:56:04","slug":"surfing-freiburg","status":"publish","type":"post","link":"https:\/\/funkygermany.com\/en\/surfing-freiburg\/","title":{"rendered":"Wavy Fun in Freiburg"},"content":{"rendered":"\n<p><strong>A piece of the Pacific Ocean is rolling into southern Germany. Where bicycles normally whiz by and streams babble, people are now surfing to their hearts&#8217; content. The first \u201ccitywave\u201d has been splashing around in Freiburg since May. Location: not the coast, but the grounds of irie surf \u2013 right in the middle of the tri-state area, surrounded by the trade fair grounds, the university, and a soccer stadium.<\/strong><\/p>\n\n\n\n<h2 class=\"wp-block-heading\" id=\"h-nine-meters-of-waves-zero-swell\">Nine meters of waves, zero swell<\/h2>\n\n\n\n<p>The new surfing facility conjures up a nine-meter-wide wave on dry land \u2013 smooth, controlled, almost too perfect. Beginners glide gently into wet bliss, while advanced surfers skillfully throw themselves into the water. The whole thing works at the touch of a button: The \u201c<a href=\"http:\/\/www.iriesurf.de\/\" target=\"_blank\" rel=\"noreferrer noopener\">citywave<\/a>\u201d in <strong>Freiburg <\/strong>is not a wild force of nature, but a precisely constructed playground for water lovers.<\/p>\n\n\n\n<h2 class=\"wp-block-heading\" id=\"h-surfing-snacking-chilling\">Surfing, snacking, chilling<\/h2>\n\n\n\n<p>But where there&#8217;s surfing, the right scenery is a must. Around the wave, a little paradise is emerging for feet in the sand and faces in the sun: <strong>food trucks <\/strong>roll up, flat whites flow in the <strong>caf\u00e9<\/strong>, and the occasional <strong>concert <\/strong>creates waves beyond the water. Spectators won&#8217;t get bored \u2013 and surfers will be hungry afterwards. It&#8217;s a winning formula!<\/p>\n\n\n\n<figure class=\"wp-block-image size-large\"><a href=\"https:\/\/funkygermany.com\/wp-content\/uploads\/2025\/06\/citywave-freiburg-2-c-iriesurf-jan-vogt.jpg\"><img decoding=\"async\" width=\"1024\" height=\"681\" loading=\"lazy\" src=\"https:\/\/funkygermany.com\/wp-content\/uploads\/2025\/06\/citywave-freiburg-2-c-iriesurf-jan-vogt-1024x681.jpg\" alt=\"A person surfs on an artificial wave at Citywave Freiburg.\" class=\"wp-image-17963\" srcset=\"https:\/\/funkygermany.com\/wp-content\/uploads\/2025\/06\/citywave-freiburg-2-c-iriesurf-jan-vogt-1024x681.jpg 1024w, https:\/\/funkygermany.com\/wp-content\/uploads\/2025\/06\/citywave-freiburg-2-c-iriesurf-jan-vogt-300x200.jpg 300w, https:\/\/funkygermany.com\/wp-content\/uploads\/2025\/06\/citywave-freiburg-2-c-iriesurf-jan-vogt-883x587.jpg 883w, https:\/\/funkygermany.com\/wp-content\/uploads\/2025\/06\/citywave-freiburg-2-c-iriesurf-jan-vogt-1536x1022.jpg 1536w, https:\/\/funkygermany.com\/wp-content\/uploads\/2025\/06\/citywave-freiburg-2-c-iriesurf-jan-vogt-370x247.jpg 370w, https:\/\/funkygermany.com\/wp-content\/uploads\/2025\/06\/citywave-freiburg-2-c-iriesurf-jan-vogt-770x512.jpg 770w, https:\/\/funkygermany.com\/wp-content\/uploads\/2025\/06\/citywave-freiburg-2-c-iriesurf-jan-vogt-293x195.jpg 293w, https:\/\/funkygermany.com\/wp-content\/uploads\/2025\/06\/citywave-freiburg-2-c-iriesurf-jan-vogt-1400x931.jpg 1400w, https:\/\/funkygermany.com\/wp-content\/uploads\/2025\/06\/citywave-freiburg-2-c-iriesurf-jan-vogt.jpg 1750w\" sizes=\"auto, (max-width: 1024px) 100vw, 1024px\" \/><noscript><img decoding=\"async\" width=\"1024\" height=\"681\" src=\"https:\/\/funkygermany.com\/wp-content\/uploads\/2025\/06\/citywave-freiburg-2-c-iriesurf-jan-vogt-1024x681.jpg\" alt=\"A person surfs on an artificial wave at Citywave Freiburg.\" class=\"wp-image-17963\" srcset=\"https:\/\/funkygermany.com\/wp-content\/uploads\/2025\/06\/citywave-freiburg-2-c-iriesurf-jan-vogt-1024x681.jpg 1024w, https:\/\/funkygermany.com\/wp-content\/uploads\/2025\/06\/citywave-freiburg-2-c-iriesurf-jan-vogt-300x200.jpg 300w, https:\/\/funkygermany.com\/wp-content\/uploads\/2025\/06\/citywave-freiburg-2-c-iriesurf-jan-vogt-883x587.jpg 883w, https:\/\/funkygermany.com\/wp-content\/uploads\/2025\/06\/citywave-freiburg-2-c-iriesurf-jan-vogt-1536x1022.jpg 1536w, https:\/\/funkygermany.com\/wp-content\/uploads\/2025\/06\/citywave-freiburg-2-c-iriesurf-jan-vogt-370x247.jpg 370w, https:\/\/funkygermany.com\/wp-content\/uploads\/2025\/06\/citywave-freiburg-2-c-iriesurf-jan-vogt-770x512.jpg 770w, https:\/\/funkygermany.com\/wp-content\/uploads\/2025\/06\/citywave-freiburg-2-c-iriesurf-jan-vogt-293x195.jpg 293w, https:\/\/funkygermany.com\/wp-content\/uploads\/2025\/06\/citywave-freiburg-2-c-iriesurf-jan-vogt-1400x931.jpg 1400w, https:\/\/funkygermany.com\/wp-content\/uploads\/2025\/06\/citywave-freiburg-2-c-iriesurf-jan-vogt.jpg 1750w\" sizes=\"(max-width: 1024px) 100vw, 1024px\" \/><\/noscript><\/a><figcaption class=\"wp-element-caption\">Image: Jan Vogt<\/figcaption><\/figure>\n\n\n\n<p>Surf slots can be booked in small <strong>groups<\/strong>. Sessions cost between 44 and 55 euros. It&#8217;s worth jumping in several times, as multi-visit tickets are cheaper.<\/p>\n\n\n\n<h2 class=\"wp-block-heading\" id=\"h-more-than-just-a-paddling-pool\">More than just a paddling pool<\/h2>\n\n\n\n<p>Behind \u201ccitywave\u201d is high-tech from <strong>Munich<\/strong>, developed by two engineers with a penchant for the perfect wave. What began in the city on the Isar is now spreading worldwide, from the US to Japan. Freiburg is not only getting a new attraction, but also a piece of surf culture with a social heart: the <strong>Soulflow e.V.<\/strong> association is getting disadvantaged young people on boards and bringing movement into rigid lives.<\/p>\n","protected":false},"excerpt":{"rendered":"<p>Water lovers take note: Freiburg im Breisgau recently opened Citywave, an artificial wave for surfing. We know what it can do.<\/p>\n","protected":false},"author":3,"featured_media":18147,"comment_status":"closed","ping_status":"open","sticky":false,"template":"","format":"standard","meta":{"footnotes":""},"categories":[624],"tags":[2336,698],"class_list":["post-18146","post","type-post","status-publish","format-standard","has-post-thumbnail","hentry","category-baden-wuerttemberg","tag-baden-wuerttemberg","tag-south"],"yoast_head":"<!-- This site is optimized with the Yoast SEO Premium plugin v27.3 (Yoast SEO v27.3) - https:\/\/yoast.com\/product\/yoast-seo-premium-wordpress\/ -->\n<title>Citywave in Freiburg: This is the new surfing facility - funkyGERMANY<\/title>\n<meta name=\"description\" content=\"Water lovers take note: Freiburg im Breisgau recently opened Citywave, an artificial wave for surfing. We know what it can do.\" \/>\n<meta name=\"robots\" content=\"index, follow, max-snippet:-1, max-image-preview:large, max-video-preview:-1\" \/>\n<link rel=\"canonical\" href=\"https:\/\/funkygermany.com\/en\/surfing-freiburg\/\" \/>\n<meta property=\"og:locale\" content=\"en_US\" \/>\n<meta property=\"og:type\" content=\"article\" \/>\n<meta property=\"og:title\" content=\"Wavy Fun in Freiburg\" \/>\n<meta property=\"og:description\" content=\"Water lovers take note: Freiburg im Breisgau recently opened Citywave, an artificial wave for surfing. We know what it can do.\" \/>\n<meta property=\"og:url\" content=\"https:\/\/funkygermany.com\/en\/surfing-freiburg\/\" \/>\n<meta property=\"og:site_name\" content=\"funkyGERMANY\" \/>\n<meta property=\"article:publisher\" content=\"https:\/\/www.facebook.com\/funkyGERMANY\/\" \/>\n<meta property=\"article:published_time\" content=\"2025-06-06T08:56:02+00:00\" \/>\n<meta property=\"article:modified_time\" content=\"2025-06-06T08:56:04+00:00\" \/>\n<meta property=\"og:image\" content=\"https:\/\/funkygermany.com\/wp-content\/uploads\/2025\/06\/citywave-freiburg-c-iriesurf-jan-vogt.jpg\" \/>\n\t<meta property=\"og:image:width\" content=\"1750\" \/>\n\t<meta property=\"og:image:height\" content=\"1164\" \/>\n\t<meta property=\"og:image:type\" content=\"image\/jpeg\" \/>\n<meta name=\"author\" content=\"Jennifer Latuperisa-Andresen\" \/>\n<meta name=\"twitter:card\" content=\"summary_large_image\" \/>\n<meta name=\"twitter:creator\" content=\"@funky_germany\" \/>\n<meta name=\"twitter:site\" content=\"@funky_germany\" \/>\n<meta name=\"twitter:label1\" content=\"Written by\" \/>\n\t<meta name=\"twitter:data1\" content=\"Jennifer Latuperisa-Andresen\" \/>\n\t<meta name=\"twitter:label2\" content=\"Est. reading time\" \/>\n\t<meta name=\"twitter:data2\" content=\"3 minutes\" \/>\n<script type=\"application\/ld+json\" class=\"yoast-schema-graph\">{\"@context\":\"https:\\\/\\\/schema.org\",\"@graph\":[{\"@type\":\"Article\",\"@id\":\"https:\\\/\\\/funkygermany.com\\\/en\\\/surfing-freiburg\\\/#article\",\"isPartOf\":{\"@id\":\"https:\\\/\\\/funkygermany.com\\\/en\\\/surfing-freiburg\\\/\"},\"author\":{\"name\":\"Jennifer Latuperisa-Andresen\",\"@id\":\"https:\\\/\\\/funkygermany.com\\\/en\\\/#\\\/schema\\\/person\\\/926493d4087ea078bbb33cd8ec2f9437\"},\"headline\":\"Wavy Fun in Freiburg\",\"datePublished\":\"2025-06-06T08:56:02+00:00\",\"dateModified\":\"2025-06-06T08:56:04+00:00\",\"mainEntityOfPage\":{\"@id\":\"https:\\\/\\\/funkygermany.com\\\/en\\\/surfing-freiburg\\\/\"},\"wordCount\":311,\"publisher\":{\"@id\":\"https:\\\/\\\/funkygermany.com\\\/en\\\/#organization\"},\"image\":{\"@id\":\"https:\\\/\\\/funkygermany.com\\\/en\\\/surfing-freiburg\\\/#primaryimage\"},\"thumbnailUrl\":\"https:\\\/\\\/funkygermany.com\\\/wp-content\\\/uploads\\\/2025\\\/06\\\/citywave-freiburg-c-iriesurf-jan-vogt.jpg\",\"keywords\":[\"Baden-Wuerttemberg\",\"South\"],\"articleSection\":[\"Baden-Wuerttemberg\"],\"inLanguage\":\"en-US\"},{\"@type\":\"WebPage\",\"@id\":\"https:\\\/\\\/funkygermany.com\\\/en\\\/surfing-freiburg\\\/\",\"url\":\"https:\\\/\\\/funkygermany.com\\\/en\\\/surfing-freiburg\\\/\",\"name\":\"Citywave in Freiburg: This is the new surfing facility - funkyGERMANY\",\"isPartOf\":{\"@id\":\"https:\\\/\\\/funkygermany.com\\\/en\\\/#website\"},\"primaryImageOfPage\":{\"@id\":\"https:\\\/\\\/funkygermany.com\\\/en\\\/surfing-freiburg\\\/#primaryimage\"},\"image\":{\"@id\":\"https:\\\/\\\/funkygermany.com\\\/en\\\/surfing-freiburg\\\/#primaryimage\"},\"thumbnailUrl\":\"https:\\\/\\\/funkygermany.com\\\/wp-content\\\/uploads\\\/2025\\\/06\\\/citywave-freiburg-c-iriesurf-jan-vogt.jpg\",\"datePublished\":\"2025-06-06T08:56:02+00:00\",\"dateModified\":\"2025-06-06T08:56:04+00:00\",\"description\":\"Water lovers take note: Freiburg im Breisgau recently opened Citywave, an artificial wave for surfing. We know what it can do.\",\"breadcrumb\":{\"@id\":\"https:\\\/\\\/funkygermany.com\\\/en\\\/surfing-freiburg\\\/#breadcrumb\"},\"inLanguage\":\"en-US\",\"potentialAction\":[{\"@type\":\"ReadAction\",\"target\":[\"https:\\\/\\\/funkygermany.com\\\/en\\\/surfing-freiburg\\\/\"]}]},{\"@type\":\"ImageObject\",\"inLanguage\":\"en-US\",\"@id\":\"https:\\\/\\\/funkygermany.com\\\/en\\\/surfing-freiburg\\\/#primaryimage\",\"url\":\"https:\\\/\\\/funkygermany.com\\\/wp-content\\\/uploads\\\/2025\\\/06\\\/citywave-freiburg-c-iriesurf-jan-vogt.jpg\",\"contentUrl\":\"https:\\\/\\\/funkygermany.com\\\/wp-content\\\/uploads\\\/2025\\\/06\\\/citywave-freiburg-c-iriesurf-jan-vogt.jpg\",\"width\":1750,\"height\":1164,\"caption\":\"Image: Jan Vogt\"},{\"@type\":\"BreadcrumbList\",\"@id\":\"https:\\\/\\\/funkygermany.com\\\/en\\\/surfing-freiburg\\\/#breadcrumb\",\"itemListElement\":[{\"@type\":\"ListItem\",\"position\":1,\"name\":\"Homepage\",\"item\":\"https:\\\/\\\/funkygermany.com\\\/en\\\/\"},{\"@type\":\"ListItem\",\"position\":2,\"name\":\"Wavy Fun in Freiburg\"}]},{\"@type\":\"WebSite\",\"@id\":\"https:\\\/\\\/funkygermany.com\\\/en\\\/#website\",\"url\":\"https:\\\/\\\/funkygermany.com\\\/en\\\/\",\"name\":\"funkyGERMANY\",\"description\":\"The Travel Site\",\"publisher\":{\"@id\":\"https:\\\/\\\/funkygermany.com\\\/en\\\/#organization\"},\"potentialAction\":[{\"@type\":\"SearchAction\",\"target\":{\"@type\":\"EntryPoint\",\"urlTemplate\":\"https:\\\/\\\/funkygermany.com\\\/en\\\/?s={search_term_string}\"},\"query-input\":{\"@type\":\"PropertyValueSpecification\",\"valueRequired\":true,\"valueName\":\"search_term_string\"}}],\"inLanguage\":\"en-US\"},{\"@type\":\"Organization\",\"@id\":\"https:\\\/\\\/funkygermany.com\\\/en\\\/#organization\",\"name\":\"funkyGERMANY\",\"url\":\"https:\\\/\\\/funkygermany.com\\\/en\\\/\",\"logo\":{\"@type\":\"ImageObject\",\"inLanguage\":\"en-US\",\"@id\":\"https:\\\/\\\/funkygermany.com\\\/en\\\/#\\\/schema\\\/logo\\\/image\\\/\",\"url\":\"\",\"contentUrl\":\"\",\"caption\":\"funkyGERMANY\"},\"image\":{\"@id\":\"https:\\\/\\\/funkygermany.com\\\/en\\\/#\\\/schema\\\/logo\\\/image\\\/\"},\"sameAs\":[\"https:\\\/\\\/www.facebook.com\\\/funkyGERMANY\\\/\",\"https:\\\/\\\/x.com\\\/funky_germany\",\"https:\\\/\\\/www.instagram.com\\\/funky.germany\\\/\"]},{\"@type\":\"Person\",\"@id\":\"https:\\\/\\\/funkygermany.com\\\/en\\\/#\\\/schema\\\/person\\\/926493d4087ea078bbb33cd8ec2f9437\",\"name\":\"Jennifer Latuperisa-Andresen\",\"image\":{\"@type\":\"ImageObject\",\"inLanguage\":\"en-US\",\"@id\":\"https:\\\/\\\/secure.gravatar.com\\\/avatar\\\/66db6e671d2a23803dcdbb3316e21c8bd0817077f3b672d0bc96484ecf9613bd?s=96&d=mm&r=g\",\"url\":\"https:\\\/\\\/secure.gravatar.com\\\/avatar\\\/66db6e671d2a23803dcdbb3316e21c8bd0817077f3b672d0bc96484ecf9613bd?s=96&d=mm&r=g\",\"contentUrl\":\"https:\\\/\\\/secure.gravatar.com\\\/avatar\\\/66db6e671d2a23803dcdbb3316e21c8bd0817077f3b672d0bc96484ecf9613bd?s=96&d=mm&r=g\",\"caption\":\"Jennifer Latuperisa-Andresen\"},\"description\":\"Jenny sch\u00e4tzt die majest\u00e4tische Kulisse der Alpen und liebt den rauen Norden. Ihre Wurzeln liegen im Ruhrgebiet, das sie als kulturell reizvoll empfindet. Sie hat als langj\u00e4hrige Chefredakteurin des Reisemagazins reisen EXCLUSIV viel von der Welt gesehen und findet es dennoch in ihrem heutigen Wohnort K\u00f6ln so sch\u00f6n lebensbejahend. Sie streift gerne durch Design-L\u00e4dchen, Flohm\u00e4rkte und Feinkostl\u00e4den. Unwiderstehlich findet sie Windbeutel mit Kirschen, Haselnusseis in der Waffel und einen Gin Tonic zum Sonnenuntergang. Alles instagrammable versteht sich.\",\"sameAs\":[\"https:\\\/\\\/www.instagram.com\\\/fraumuksch\\\/\"],\"url\":\"https:\\\/\\\/funkygermany.com\\\/en\\\/author\\\/jl_admin\\\/\"}]}<\/script>\n<!-- \/ Yoast SEO Premium plugin. -->","yoast_head_json":{"title":"Citywave in Freiburg: This is the new surfing facility - funkyGERMANY","description":"Water lovers take note: Freiburg im Breisgau recently opened Citywave, an artificial wave for surfing. We know what it can do.","robots":{"index":"index","follow":"follow","max-snippet":"max-snippet:-1","max-image-preview":"max-image-preview:large","max-video-preview":"max-video-preview:-1"},"canonical":"https:\/\/funkygermany.com\/en\/surfing-freiburg\/","og_locale":"en_US","og_type":"article","og_title":"Wavy Fun in Freiburg","og_description":"Water lovers take note: Freiburg im Breisgau recently opened Citywave, an artificial wave for surfing. We know what it can do.","og_url":"https:\/\/funkygermany.com\/en\/surfing-freiburg\/","og_site_name":"funkyGERMANY","article_publisher":"https:\/\/www.facebook.com\/funkyGERMANY\/","article_published_time":"2025-06-06T08:56:02+00:00","article_modified_time":"2025-06-06T08:56:04+00:00","og_image":[{"width":1750,"height":1164,"url":"https:\/\/funkygermany.com\/wp-content\/uploads\/2025\/06\/citywave-freiburg-c-iriesurf-jan-vogt.jpg","type":"image\/jpeg"}],"author":"Jennifer Latuperisa-Andresen","twitter_card":"summary_large_image","twitter_creator":"@funky_germany","twitter_site":"@funky_germany","twitter_misc":{"Written by":"Jennifer Latuperisa-Andresen","Est. reading time":"3 minutes"},"schema":{"@context":"https:\/\/schema.org","@graph":[{"@type":"Article","@id":"https:\/\/funkygermany.com\/en\/surfing-freiburg\/#article","isPartOf":{"@id":"https:\/\/funkygermany.com\/en\/surfing-freiburg\/"},"author":{"name":"Jennifer Latuperisa-Andresen","@id":"https:\/\/funkygermany.com\/en\/#\/schema\/person\/926493d4087ea078bbb33cd8ec2f9437"},"headline":"Wavy Fun in Freiburg","datePublished":"2025-06-06T08:56:02+00:00","dateModified":"2025-06-06T08:56:04+00:00","mainEntityOfPage":{"@id":"https:\/\/funkygermany.com\/en\/surfing-freiburg\/"},"wordCount":311,"publisher":{"@id":"https:\/\/funkygermany.com\/en\/#organization"},"image":{"@id":"https:\/\/funkygermany.com\/en\/surfing-freiburg\/#primaryimage"},"thumbnailUrl":"https:\/\/funkygermany.com\/wp-content\/uploads\/2025\/06\/citywave-freiburg-c-iriesurf-jan-vogt.jpg","keywords":["Baden-Wuerttemberg","South"],"articleSection":["Baden-Wuerttemberg"],"inLanguage":"en-US"},{"@type":"WebPage","@id":"https:\/\/funkygermany.com\/en\/surfing-freiburg\/","url":"https:\/\/funkygermany.com\/en\/surfing-freiburg\/","name":"Citywave in Freiburg: This is the new surfing facility - funkyGERMANY","isPartOf":{"@id":"https:\/\/funkygermany.com\/en\/#website"},"primaryImageOfPage":{"@id":"https:\/\/funkygermany.com\/en\/surfing-freiburg\/#primaryimage"},"image":{"@id":"https:\/\/funkygermany.com\/en\/surfing-freiburg\/#primaryimage"},"thumbnailUrl":"https:\/\/funkygermany.com\/wp-content\/uploads\/2025\/06\/citywave-freiburg-c-iriesurf-jan-vogt.jpg","datePublished":"2025-06-06T08:56:02+00:00","dateModified":"2025-06-06T08:56:04+00:00","description":"Water lovers take note: Freiburg im Breisgau recently opened Citywave, an artificial wave for surfing. We know what it can do.","breadcrumb":{"@id":"https:\/\/funkygermany.com\/en\/surfing-freiburg\/#breadcrumb"},"inLanguage":"en-US","potentialAction":[{"@type":"ReadAction","target":["https:\/\/funkygermany.com\/en\/surfing-freiburg\/"]}]},{"@type":"ImageObject","inLanguage":"en-US","@id":"https:\/\/funkygermany.com\/en\/surfing-freiburg\/#primaryimage","url":"https:\/\/funkygermany.com\/wp-content\/uploads\/2025\/06\/citywave-freiburg-c-iriesurf-jan-vogt.jpg","contentUrl":"https:\/\/funkygermany.com\/wp-content\/uploads\/2025\/06\/citywave-freiburg-c-iriesurf-jan-vogt.jpg","width":1750,"height":1164,"caption":"Image: Jan Vogt"},{"@type":"BreadcrumbList","@id":"https:\/\/funkygermany.com\/en\/surfing-freiburg\/#breadcrumb","itemListElement":[{"@type":"ListItem","position":1,"name":"Homepage","item":"https:\/\/funkygermany.com\/en\/"},{"@type":"ListItem","position":2,"name":"Wavy Fun in Freiburg"}]},{"@type":"WebSite","@id":"https:\/\/funkygermany.com\/en\/#website","url":"https:\/\/funkygermany.com\/en\/","name":"funkyGERMANY","description":"The Travel Site","publisher":{"@id":"https:\/\/funkygermany.com\/en\/#organization"},"potentialAction":[{"@type":"SearchAction","target":{"@type":"EntryPoint","urlTemplate":"https:\/\/funkygermany.com\/en\/?s={search_term_string}"},"query-input":{"@type":"PropertyValueSpecification","valueRequired":true,"valueName":"search_term_string"}}],"inLanguage":"en-US"},{"@type":"Organization","@id":"https:\/\/funkygermany.com\/en\/#organization","name":"funkyGERMANY","url":"https:\/\/funkygermany.com\/en\/","logo":{"@type":"ImageObject","inLanguage":"en-US","@id":"https:\/\/funkygermany.com\/en\/#\/schema\/logo\/image\/","url":"","contentUrl":"","caption":"funkyGERMANY"},"image":{"@id":"https:\/\/funkygermany.com\/en\/#\/schema\/logo\/image\/"},"sameAs":["https:\/\/www.facebook.com\/funkyGERMANY\/","https:\/\/x.com\/funky_germany","https:\/\/www.instagram.com\/funky.germany\/"]},{"@type":"Person","@id":"https:\/\/funkygermany.com\/en\/#\/schema\/person\/926493d4087ea078bbb33cd8ec2f9437","name":"Jennifer Latuperisa-Andresen","image":{"@type":"ImageObject","inLanguage":"en-US","@id":"https:\/\/secure.gravatar.com\/avatar\/66db6e671d2a23803dcdbb3316e21c8bd0817077f3b672d0bc96484ecf9613bd?s=96&d=mm&r=g","url":"https:\/\/secure.gravatar.com\/avatar\/66db6e671d2a23803dcdbb3316e21c8bd0817077f3b672d0bc96484ecf9613bd?s=96&d=mm&r=g","contentUrl":"https:\/\/secure.gravatar.com\/avatar\/66db6e671d2a23803dcdbb3316e21c8bd0817077f3b672d0bc96484ecf9613bd?s=96&d=mm&r=g","caption":"Jennifer Latuperisa-Andresen"},"description":"Jenny sch\u00e4tzt die majest\u00e4tische Kulisse der Alpen und liebt den rauen Norden. Ihre Wurzeln liegen im Ruhrgebiet, das sie als kulturell reizvoll empfindet. Sie hat als langj\u00e4hrige Chefredakteurin des Reisemagazins reisen EXCLUSIV viel von der Welt gesehen und findet es dennoch in ihrem heutigen Wohnort K\u00f6ln so sch\u00f6n lebensbejahend. Sie streift gerne durch Design-L\u00e4dchen, Flohm\u00e4rkte und Feinkostl\u00e4den. Unwiderstehlich findet sie Windbeutel mit Kirschen, Haselnusseis in der Waffel und einen Gin Tonic zum Sonnenuntergang. Alles instagrammable versteht sich.","sameAs":["https:\/\/www.instagram.com\/fraumuksch\/"],"url":"https:\/\/funkygermany.com\/en\/author\/jl_admin\/"}]}},"_links":{"self":[{"href":"https:\/\/funkygermany.com\/en\/wp-json\/wp\/v2\/posts\/18146","targetHints":{"allow":["GET"]}}],"collection":[{"href":"https:\/\/funkygermany.com\/en\/wp-json\/wp\/v2\/posts"}],"about":[{"href":"https:\/\/funkygermany.com\/en\/wp-json\/wp\/v2\/types\/post"}],"author":[{"embeddable":true,"href":"https:\/\/funkygermany.com\/en\/wp-json\/wp\/v2\/users\/3"}],"replies":[{"embeddable":true,"href":"https:\/\/funkygermany.com\/en\/wp-json\/wp\/v2\/comments?post=18146"}],"version-history":[{"count":1,"href":"https:\/\/funkygermany.com\/en\/wp-json\/wp\/v2\/posts\/18146\/revisions"}],"predecessor-version":[{"id":18149,"href":"https:\/\/funkygermany.com\/en\/wp-json\/wp\/v2\/posts\/18146\/revisions\/18149"}],"wp:featuredmedia":[{"embeddable":true,"href":"https:\/\/funkygermany.com\/en\/wp-json\/wp\/v2\/media\/18147"}],"wp:attachment":[{"href":"https:\/\/funkygermany.com\/en\/wp-json\/wp\/v2\/media?parent=18146"}],"wp:term":[{"taxonomy":"category","embeddable":true,"href":"https:\/\/funkygermany.com\/en\/wp-json\/wp\/v2\/categories?post=18146"},{"taxonomy":"post_tag","embeddable":true,"href":"https:\/\/funkygermany.com\/en\/wp-json\/wp\/v2\/tags?post=18146"}],"curies":[{"name":"wp","href":"https:\/\/api.w.org\/{rel}","templated":true}]}}