{"id":17970,"date":"2025-05-16T10:02:00","date_gmt":"2025-05-16T08:02:00","guid":{"rendered":"https:\/\/funkygermany.com\/?p=17970"},"modified":"2025-05-13T17:02:47","modified_gmt":"2025-05-13T15:02:47","slug":"kerb-hall-berlin","status":"publish","type":"post","link":"https:\/\/funkygermany.com\/en\/kerb-hall-berlin\/","title":{"rendered":"Food Hall Reloaded: Potsdamer Platz Becomes a Street Food Hotspot"},"content":{"rendered":"\n<p><strong>You can now get a taste of London on Potsdamer Platz in Berlin. KERB, the cult street food community from London, moved there in May 2025. Here&#8217;s what you can expect.<\/strong><\/p>\n\n\n\n<p>Food halls are all the rage worldwide \u2013 as uncomplicated meeting places offering dishes from all over the world, often in the atmosphere of shopping centers with neon signs and plastic trays. But what happens when the whole thing is turned upside down? When the concept is urban, cosmopolitan, and casual \u2013 with <strong>top-quality street food<\/strong>, hand-picked and curated, and a far cry from the uniform fare of food courts?<\/p>\n\n\n\n<figure class=\"wp-block-image size-large\"><a href=\"https:\/\/funkygermany.com\/wp-content\/uploads\/2025\/05\/street-food-c-richard-melick-unsplash-1.jpg\"><img decoding=\"async\" width=\"1024\" height=\"683\" loading=\"lazy\" src=\"https:\/\/funkygermany.com\/wp-content\/uploads\/2025\/05\/street-food-c-richard-melick-unsplash-1-1024x683.jpg\" alt=\"A counter with four portions of fries in bags on it\" class=\"wp-image-17947\" srcset=\"https:\/\/funkygermany.com\/wp-content\/uploads\/2025\/05\/street-food-c-richard-melick-unsplash-1-1024x683.jpg 1024w, https:\/\/funkygermany.com\/wp-content\/uploads\/2025\/05\/street-food-c-richard-melick-unsplash-1-300x200.jpg 300w, https:\/\/funkygermany.com\/wp-content\/uploads\/2025\/05\/street-food-c-richard-melick-unsplash-1-883x589.jpg 883w, https:\/\/funkygermany.com\/wp-content\/uploads\/2025\/05\/street-food-c-richard-melick-unsplash-1-1536x1024.jpg 1536w, https:\/\/funkygermany.com\/wp-content\/uploads\/2025\/05\/street-food-c-richard-melick-unsplash-1-1155x770.jpg 1155w, https:\/\/funkygermany.com\/wp-content\/uploads\/2025\/05\/street-food-c-richard-melick-unsplash-1-370x247.jpg 370w, https:\/\/funkygermany.com\/wp-content\/uploads\/2025\/05\/street-food-c-richard-melick-unsplash-1-770x513.jpg 770w, https:\/\/funkygermany.com\/wp-content\/uploads\/2025\/05\/street-food-c-richard-melick-unsplash-1-293x195.jpg 293w, https:\/\/funkygermany.com\/wp-content\/uploads\/2025\/05\/street-food-c-richard-melick-unsplash-1-1400x934.jpg 1400w, https:\/\/funkygermany.com\/wp-content\/uploads\/2025\/05\/street-food-c-richard-melick-unsplash-1.jpg 1750w\" sizes=\"auto, (max-width: 1024px) 100vw, 1024px\" \/><noscript><img decoding=\"async\" width=\"1024\" height=\"683\" src=\"https:\/\/funkygermany.com\/wp-content\/uploads\/2025\/05\/street-food-c-richard-melick-unsplash-1-1024x683.jpg\" alt=\"A counter with four portions of fries in bags on it\" class=\"wp-image-17947\" srcset=\"https:\/\/funkygermany.com\/wp-content\/uploads\/2025\/05\/street-food-c-richard-melick-unsplash-1-1024x683.jpg 1024w, https:\/\/funkygermany.com\/wp-content\/uploads\/2025\/05\/street-food-c-richard-melick-unsplash-1-300x200.jpg 300w, https:\/\/funkygermany.com\/wp-content\/uploads\/2025\/05\/street-food-c-richard-melick-unsplash-1-883x589.jpg 883w, https:\/\/funkygermany.com\/wp-content\/uploads\/2025\/05\/street-food-c-richard-melick-unsplash-1-1536x1024.jpg 1536w, https:\/\/funkygermany.com\/wp-content\/uploads\/2025\/05\/street-food-c-richard-melick-unsplash-1-1155x770.jpg 1155w, https:\/\/funkygermany.com\/wp-content\/uploads\/2025\/05\/street-food-c-richard-melick-unsplash-1-370x247.jpg 370w, https:\/\/funkygermany.com\/wp-content\/uploads\/2025\/05\/street-food-c-richard-melick-unsplash-1-770x513.jpg 770w, https:\/\/funkygermany.com\/wp-content\/uploads\/2025\/05\/street-food-c-richard-melick-unsplash-1-293x195.jpg 293w, https:\/\/funkygermany.com\/wp-content\/uploads\/2025\/05\/street-food-c-richard-melick-unsplash-1-1400x934.jpg 1400w, https:\/\/funkygermany.com\/wp-content\/uploads\/2025\/05\/street-food-c-richard-melick-unsplash-1.jpg 1750w\" sizes=\"(max-width: 1024px) 100vw, 1024px\" \/><\/noscript><\/a><figcaption class=\"wp-element-caption\">Image: Richard Melick<\/figcaption><\/figure>\n\n\n\n<h2 class=\"wp-block-heading\" id=\"h-kerb-in-berlin-since-may\">KERB in Berlin since May<\/h2>\n\n\n\n<p>The result is something like what opened in <strong>Berlin <\/strong>in May 2025: a new world of culinary delights on <strong>Potsdamer Platz <\/strong>that sounds more like London or Brooklyn than bratwurst with mustard.<\/p>\n\n\n\n<p>In the hallowed halls of the former cinema on Potsdamer Platz, popcorn is no longer being munched, but hearty feasts are being enjoyed. <a href=\"https:\/\/kerbberlin.de\/\" target=\"_blank\" rel=\"noreferrer noopener\">KERB<\/a>, the cult street food community from London, is moving in. And not just anywhere, but in a 2,200 square meter space spread over two floors, with twelve vendors and plenty of creative fare for urban foodies. It&#8217;s open daily from noon, with cooking until 10 p.m.<\/p>\n\n\n\n<p>The new food hall is like a culinary adventure playground for anyone who wants to try international flavors. And if you think it&#8217;s just the usual burger-pizza-bowl combo, think again. Three of the first concepts already make it clear: this is about flavor with character.<\/p>\n\n\n\n<figure class=\"wp-block-gallery has-nested-images columns-default is-cropped wp-block-gallery-1 is-layout-flex wp-block-gallery-is-layout-flex\">\n<figure class=\"wp-block-image size-large\"><a href=\"https:\/\/funkygermany.com\/wp-content\/uploads\/2025\/05\/kerb-berlin-outdoor-rendering.jpg\"><img decoding=\"async\" width=\"1024\" height=\"576\" loading=\"lazy\" data-id=\"17943\" src=\"https:\/\/funkygermany.com\/wp-content\/uploads\/2025\/05\/kerb-berlin-outdoor-rendering-1024x576.jpg\" alt=\"The Kerb Foodhall in Berlin from the outside\" class=\"wp-image-17943\" srcset=\"https:\/\/funkygermany.com\/wp-content\/uploads\/2025\/05\/kerb-berlin-outdoor-rendering-1024x576.jpg 1024w, https:\/\/funkygermany.com\/wp-content\/uploads\/2025\/05\/kerb-berlin-outdoor-rendering-300x169.jpg 300w, https:\/\/funkygermany.com\/wp-content\/uploads\/2025\/05\/kerb-berlin-outdoor-rendering-883x496.jpg 883w, https:\/\/funkygermany.com\/wp-content\/uploads\/2025\/05\/kerb-berlin-outdoor-rendering-1536x864.jpg 1536w, https:\/\/funkygermany.com\/wp-content\/uploads\/2025\/05\/kerb-berlin-outdoor-rendering-293x165.jpg 293w, https:\/\/funkygermany.com\/wp-content\/uploads\/2025\/05\/kerb-berlin-outdoor-rendering-770x433.jpg 770w, https:\/\/funkygermany.com\/wp-content\/uploads\/2025\/05\/kerb-berlin-outdoor-rendering-1400x787.jpg 1400w, https:\/\/funkygermany.com\/wp-content\/uploads\/2025\/05\/kerb-berlin-outdoor-rendering.jpg 1750w\" sizes=\"auto, (max-width: 1024px) 100vw, 1024px\" \/><noscript><img decoding=\"async\" width=\"1024\" height=\"576\" data-id=\"17943\" src=\"https:\/\/funkygermany.com\/wp-content\/uploads\/2025\/05\/kerb-berlin-outdoor-rendering-1024x576.jpg\" alt=\"The Kerb Foodhall in Berlin from the outside\" class=\"wp-image-17943\" srcset=\"https:\/\/funkygermany.com\/wp-content\/uploads\/2025\/05\/kerb-berlin-outdoor-rendering-1024x576.jpg 1024w, https:\/\/funkygermany.com\/wp-content\/uploads\/2025\/05\/kerb-berlin-outdoor-rendering-300x169.jpg 300w, https:\/\/funkygermany.com\/wp-content\/uploads\/2025\/05\/kerb-berlin-outdoor-rendering-883x496.jpg 883w, https:\/\/funkygermany.com\/wp-content\/uploads\/2025\/05\/kerb-berlin-outdoor-rendering-1536x864.jpg 1536w, https:\/\/funkygermany.com\/wp-content\/uploads\/2025\/05\/kerb-berlin-outdoor-rendering-293x165.jpg 293w, https:\/\/funkygermany.com\/wp-content\/uploads\/2025\/05\/kerb-berlin-outdoor-rendering-770x433.jpg 770w, https:\/\/funkygermany.com\/wp-content\/uploads\/2025\/05\/kerb-berlin-outdoor-rendering-1400x787.jpg 1400w, https:\/\/funkygermany.com\/wp-content\/uploads\/2025\/05\/kerb-berlin-outdoor-rendering.jpg 1750w\" sizes=\"(max-width: 1024px) 100vw, 1024px\" \/><\/noscript><\/a><figcaption class=\"wp-element-caption\">Image: KERB Berlin<\/figcaption><\/figure>\n\n\n\n<figure class=\"wp-block-image size-large\"><a href=\"https:\/\/funkygermany.com\/wp-content\/uploads\/2025\/05\/kerb-berlin-indoor-rendering.jpg\"><img decoding=\"async\" width=\"1024\" height=\"576\" loading=\"lazy\" data-id=\"17945\" src=\"https:\/\/funkygermany.com\/wp-content\/uploads\/2025\/05\/kerb-berlin-indoor-rendering-1024x576.jpg\" alt=\"The Kerb Foodhall in Berlin from the inside\" class=\"wp-image-17945\" srcset=\"https:\/\/funkygermany.com\/wp-content\/uploads\/2025\/05\/kerb-berlin-indoor-rendering-1024x576.jpg 1024w, https:\/\/funkygermany.com\/wp-content\/uploads\/2025\/05\/kerb-berlin-indoor-rendering-300x169.jpg 300w, https:\/\/funkygermany.com\/wp-content\/uploads\/2025\/05\/kerb-berlin-indoor-rendering-883x496.jpg 883w, https:\/\/funkygermany.com\/wp-content\/uploads\/2025\/05\/kerb-berlin-indoor-rendering-1536x864.jpg 1536w, https:\/\/funkygermany.com\/wp-content\/uploads\/2025\/05\/kerb-berlin-indoor-rendering-293x165.jpg 293w, https:\/\/funkygermany.com\/wp-content\/uploads\/2025\/05\/kerb-berlin-indoor-rendering-770x433.jpg 770w, https:\/\/funkygermany.com\/wp-content\/uploads\/2025\/05\/kerb-berlin-indoor-rendering-1400x787.jpg 1400w, https:\/\/funkygermany.com\/wp-content\/uploads\/2025\/05\/kerb-berlin-indoor-rendering.jpg 1750w\" sizes=\"auto, (max-width: 1024px) 100vw, 1024px\" \/><noscript><img decoding=\"async\" width=\"1024\" height=\"576\" data-id=\"17945\" src=\"https:\/\/funkygermany.com\/wp-content\/uploads\/2025\/05\/kerb-berlin-indoor-rendering-1024x576.jpg\" alt=\"The Kerb Foodhall in Berlin from the inside\" class=\"wp-image-17945\" srcset=\"https:\/\/funkygermany.com\/wp-content\/uploads\/2025\/05\/kerb-berlin-indoor-rendering-1024x576.jpg 1024w, https:\/\/funkygermany.com\/wp-content\/uploads\/2025\/05\/kerb-berlin-indoor-rendering-300x169.jpg 300w, https:\/\/funkygermany.com\/wp-content\/uploads\/2025\/05\/kerb-berlin-indoor-rendering-883x496.jpg 883w, https:\/\/funkygermany.com\/wp-content\/uploads\/2025\/05\/kerb-berlin-indoor-rendering-1536x864.jpg 1536w, https:\/\/funkygermany.com\/wp-content\/uploads\/2025\/05\/kerb-berlin-indoor-rendering-293x165.jpg 293w, https:\/\/funkygermany.com\/wp-content\/uploads\/2025\/05\/kerb-berlin-indoor-rendering-770x433.jpg 770w, https:\/\/funkygermany.com\/wp-content\/uploads\/2025\/05\/kerb-berlin-indoor-rendering-1400x787.jpg 1400w, https:\/\/funkygermany.com\/wp-content\/uploads\/2025\/05\/kerb-berlin-indoor-rendering.jpg 1750w\" sizes=\"(max-width: 1024px) 100vw, 1024px\" \/><\/noscript><\/a><figcaption class=\"wp-element-caption\">Image: KERB Berlin<\/figcaption><\/figure>\n<\/figure>\n\n\n\n<h2 class=\"wp-block-heading\">The first three concepts<\/h2>\n\n\n\n<p><strong><a href=\"https:\/\/kerbberlin.de\/kitchens\/butter-bronsons\/\" target=\"_blank\" rel=\"noreferrer noopener\">Butter Bronsons<\/a> <\/strong>\u2013 Berlin market veteran with a knack for buttermilk fried chicken burgers in fluffy brioche buns. After years on the road at events, they&#8217;ve finally settled down \u2013 with everything fried, juicy, and spicy.<\/p>\n\n\n\n<p><a href=\"https:\/\/kerbberlin.de\/kitchens\/pick-cheese\/\"><strong>Pick &amp; Cheese<\/strong><\/a> \u2013 Cheese on a conveyor belt? Sounds absurd, but it works great. Here, cheese platters with chutney, bread, fruit, and dips circulate on the conveyor belt, accompanied by matching wine. An experience somewhere between a break with convention and a delicatessen \u2013 wonderfully quirky, wonderfully delicious.<\/p>\n\n\n\n<p><strong><a href=\"https:\/\/kerbberlin.de\/kitchens\/jian-bing-town\/\">Jian Bing Town<\/a> <\/strong>\u2013 China&#8217;s breakfast star comes to Berlin: Jianbing cr\u00eapes made from mung bean batter, filled with everything your heart and stomach could desire. Crispy wheat chips meet sweet bean paste, sprouts, and spring onions. Once you&#8217;ve tried it, you&#8217;ll never want toast again.<\/p>\n\n\n<div class=\"inline-post clearfix\"><div class=\"see-also byline\">See Also<\/div><div id=\"block-wrap-92538\" class=\"block-wrap-native block-wrap block-wrap-23 block-css-92538 block-wrap-classic columns__m--1 elements-design-1 block-ani block-skin-0 tipi-box block-wrap-thumbnail ppl-m-1 clearfix\" data-id=\"92538\" data-base=\"0\"><div class=\"tipi-row-inner-style clearfix\"><div class=\"tipi-row-inner-box contents sticky--wrap\"><div class=\"block block-23 clearfix\"><article class=\"tipi-xs-12 clearfix with-fi ani-base tipi-xs-typo split-1 split-design-1 loop-0 preview-thumbnail preview-23 elements-design-1 post-17764 post type-post status-publish format-standard has-post-thumbnail hentry category-berlin-cities category-restaurants tag-berlin-en tag-culinary tag-east tag-food-en tag-restaurant-en\" style=\"--animation-order:0\"><div class=\"preview-mini-wrap clearfix\"><div class=\"mask\"><a href=\"https:\/\/funkygermany.com\/en\/sahoi-club-berlin-izakaya\/\" class=\"mask-img\"><img decoding=\"async\" width=\"100\" height=\"100\" src=\"https:\/\/funkygermany.com\/wp-content\/uploads\/2025\/04\/sahoi-club-berlin-soft-shell-crab-1-100x100.jpg\" class=\"attachment-thumbnail size-thumbnail zeen-lazy-load-base zeen-lazy-load  wp-post-image\" alt=\"A dish at the Sahoi Club in Berlin\" srcset=\"https:\/\/funkygermany.com\/wp-content\/uploads\/2025\/04\/sahoi-club-berlin-soft-shell-crab-1-100x100.jpg 100w, https:\/\/funkygermany.com\/wp-content\/uploads\/2025\/04\/sahoi-club-berlin-soft-shell-crab-1-293x293.jpg 293w, https:\/\/funkygermany.com\/wp-content\/uploads\/2025\/04\/sahoi-club-berlin-soft-shell-crab-1-390x390.jpg 390w, https:\/\/funkygermany.com\/wp-content\/uploads\/2025\/04\/sahoi-club-berlin-soft-shell-crab-1-585x585.jpg 585w, https:\/\/funkygermany.com\/wp-content\/uploads\/2025\/04\/sahoi-club-berlin-soft-shell-crab-1-900x900.jpg 900w\" sizes=\"auto, (max-width: 100px) 100vw, 100px\" loading=\"lazy\" \/><noscript><img decoding=\"async\" width=\"100\" height=\"100\" src=\"https:\/\/funkygermany.com\/wp-content\/uploads\/2025\/04\/sahoi-club-berlin-soft-shell-crab-1-100x100.jpg\" class=\"attachment-thumbnail size-thumbnail zeen-lazy-load-base zeen-lazy-load  wp-post-image\" alt=\"A dish at the Sahoi Club in Berlin\" srcset=\"https:\/\/funkygermany.com\/wp-content\/uploads\/2025\/04\/sahoi-club-berlin-soft-shell-crab-1-100x100.jpg 100w, https:\/\/funkygermany.com\/wp-content\/uploads\/2025\/04\/sahoi-club-berlin-soft-shell-crab-1-293x293.jpg 293w, https:\/\/funkygermany.com\/wp-content\/uploads\/2025\/04\/sahoi-club-berlin-soft-shell-crab-1-390x390.jpg 390w, https:\/\/funkygermany.com\/wp-content\/uploads\/2025\/04\/sahoi-club-berlin-soft-shell-crab-1-585x585.jpg 585w, https:\/\/funkygermany.com\/wp-content\/uploads\/2025\/04\/sahoi-club-berlin-soft-shell-crab-1-900x900.jpg 900w\" sizes=\"auto, (max-width: 100px) 100vw, 100px\" loading=\"lazy\" \/><\/noscript><\/a><\/div><div class=\"meta\"><div class=\"byline byline-2 byline-cats-design-1\"><div class=\"byline-part cats\"><a href=\"https:\/\/funkygermany.com\/en\/food-en\/restaurants\/\" class=\"cat\">Restaurants<\/a><\/div><span class=\"byline-part separator separator-date\">&middot;<\/span><span class=\"byline-part date\"><time class=\"entry-date published dateCreated flipboard-date\" datetime=\"2025-04-18T09:23:00+02:00\">18. April 2025<\/time><\/span><\/div><div class=\"title-wrap\"><h3 class=\"title\"><a href=\"https:\/\/funkygermany.com\/en\/sahoi-club-berlin-izakaya\/\">Japanese Delicacies at Sahoi Club Berlin<\/a><\/h3><\/div><\/div><\/div><\/article><\/div><\/div><\/div><\/div><\/div>","protected":false},"excerpt":{"rendered":"<p>Delicious street food just like in London: KERB Berlin has become a real institution at Potsdamer Platz. We know what tastes good.<\/p>\n","protected":false},"author":3,"featured_media":17971,"comment_status":"closed","ping_status":"open","sticky":false,"template":"","format":"standard","meta":{"footnotes":""},"categories":[641],"tags":[1899,686,669],"class_list":["post-17970","post","type-post","status-publish","format-standard","has-post-thumbnail","hentry","category-berlin-cities","tag-berlin-en","tag-east","tag-food-en"],"yoast_head":"<!-- This site is optimized with the Yoast SEO Premium plugin v27.3 (Yoast SEO v27.3) - https:\/\/yoast.com\/product\/yoast-seo-premium-wordpress\/ -->\n<title>Kerb Brings First Class Street Food to Berlin - funkyGERMANY<\/title>\n<meta name=\"description\" content=\"Delicious street food just like in London: KERB Berlin has become a real institution at Potsdamer Platz. We know what tastes good.\" \/>\n<meta name=\"robots\" content=\"index, follow, max-snippet:-1, max-image-preview:large, max-video-preview:-1\" \/>\n<link rel=\"canonical\" href=\"https:\/\/funkygermany.com\/en\/kerb-hall-berlin\/\" \/>\n<meta property=\"og:locale\" content=\"en_US\" \/>\n<meta property=\"og:type\" content=\"article\" \/>\n<meta property=\"og:title\" content=\"Food Hall Reloaded: Potsdamer Platz Becomes a Street Food Hotspot\" \/>\n<meta property=\"og:description\" content=\"Delicious street food just like in London: KERB Berlin has become a real institution at Potsdamer Platz. We know what tastes good.\" \/>\n<meta property=\"og:url\" content=\"https:\/\/funkygermany.com\/en\/kerb-hall-berlin\/\" \/>\n<meta property=\"og:site_name\" content=\"funkyGERMANY\" \/>\n<meta property=\"article:publisher\" content=\"https:\/\/www.facebook.com\/funkyGERMANY\/\" \/>\n<meta property=\"article:published_time\" content=\"2025-05-16T08:02:00+00:00\" \/>\n<meta property=\"og:image\" content=\"https:\/\/funkygermany.com\/wp-content\/uploads\/2025\/05\/street-food-c-ambitious-studio-rick-barrett-unsplash-1.jpg\" \/>\n\t<meta property=\"og:image:width\" content=\"1750\" \/>\n\t<meta property=\"og:image:height\" content=\"1167\" \/>\n\t<meta property=\"og:image:type\" content=\"image\/jpeg\" \/>\n<meta name=\"author\" content=\"Jennifer Latuperisa-Andresen\" \/>\n<meta name=\"twitter:card\" content=\"summary_large_image\" \/>\n<meta name=\"twitter:creator\" content=\"@funky_germany\" \/>\n<meta name=\"twitter:site\" content=\"@funky_germany\" \/>\n<meta name=\"twitter:label1\" content=\"Written by\" \/>\n\t<meta name=\"twitter:data1\" content=\"Jennifer Latuperisa-Andresen\" \/>\n\t<meta name=\"twitter:label2\" content=\"Est. reading time\" \/>\n\t<meta name=\"twitter:data2\" content=\"3 minutes\" \/>\n<script type=\"application\/ld+json\" class=\"yoast-schema-graph\">{\"@context\":\"https:\\\/\\\/schema.org\",\"@graph\":[{\"@type\":\"Article\",\"@id\":\"https:\\\/\\\/funkygermany.com\\\/en\\\/kerb-hall-berlin\\\/#article\",\"isPartOf\":{\"@id\":\"https:\\\/\\\/funkygermany.com\\\/en\\\/kerb-hall-berlin\\\/\"},\"author\":{\"name\":\"Jennifer Latuperisa-Andresen\",\"@id\":\"https:\\\/\\\/funkygermany.com\\\/en\\\/#\\\/schema\\\/person\\\/926493d4087ea078bbb33cd8ec2f9437\"},\"headline\":\"Food Hall Reloaded: Potsdamer Platz Becomes a Street Food Hotspot\",\"datePublished\":\"2025-05-16T08:02:00+00:00\",\"mainEntityOfPage\":{\"@id\":\"https:\\\/\\\/funkygermany.com\\\/en\\\/kerb-hall-berlin\\\/\"},\"wordCount\":405,\"publisher\":{\"@id\":\"https:\\\/\\\/funkygermany.com\\\/en\\\/#organization\"},\"image\":{\"@id\":\"https:\\\/\\\/funkygermany.com\\\/en\\\/kerb-hall-berlin\\\/#primaryimage\"},\"thumbnailUrl\":\"https:\\\/\\\/funkygermany.com\\\/wp-content\\\/uploads\\\/2025\\\/05\\\/street-food-c-ambitious-studio-rick-barrett-unsplash-1.jpg\",\"keywords\":[\"Berlin\",\"East\",\"Food\"],\"articleSection\":[\"Berlin\"],\"inLanguage\":\"en-US\"},{\"@type\":\"WebPage\",\"@id\":\"https:\\\/\\\/funkygermany.com\\\/en\\\/kerb-hall-berlin\\\/\",\"url\":\"https:\\\/\\\/funkygermany.com\\\/en\\\/kerb-hall-berlin\\\/\",\"name\":\"Kerb Brings First Class Street Food to Berlin - funkyGERMANY\",\"isPartOf\":{\"@id\":\"https:\\\/\\\/funkygermany.com\\\/en\\\/#website\"},\"primaryImageOfPage\":{\"@id\":\"https:\\\/\\\/funkygermany.com\\\/en\\\/kerb-hall-berlin\\\/#primaryimage\"},\"image\":{\"@id\":\"https:\\\/\\\/funkygermany.com\\\/en\\\/kerb-hall-berlin\\\/#primaryimage\"},\"thumbnailUrl\":\"https:\\\/\\\/funkygermany.com\\\/wp-content\\\/uploads\\\/2025\\\/05\\\/street-food-c-ambitious-studio-rick-barrett-unsplash-1.jpg\",\"datePublished\":\"2025-05-16T08:02:00+00:00\",\"description\":\"Delicious street food just like in London: KERB Berlin has become a real institution at Potsdamer Platz. We know what tastes good.\",\"breadcrumb\":{\"@id\":\"https:\\\/\\\/funkygermany.com\\\/en\\\/kerb-hall-berlin\\\/#breadcrumb\"},\"inLanguage\":\"en-US\",\"potentialAction\":[{\"@type\":\"ReadAction\",\"target\":[\"https:\\\/\\\/funkygermany.com\\\/en\\\/kerb-hall-berlin\\\/\"]}]},{\"@type\":\"ImageObject\",\"inLanguage\":\"en-US\",\"@id\":\"https:\\\/\\\/funkygermany.com\\\/en\\\/kerb-hall-berlin\\\/#primaryimage\",\"url\":\"https:\\\/\\\/funkygermany.com\\\/wp-content\\\/uploads\\\/2025\\\/05\\\/street-food-c-ambitious-studio-rick-barrett-unsplash-1.jpg\",\"contentUrl\":\"https:\\\/\\\/funkygermany.com\\\/wp-content\\\/uploads\\\/2025\\\/05\\\/street-food-c-ambitious-studio-rick-barrett-unsplash-1.jpg\",\"width\":1750,\"height\":1167,\"caption\":\"Image: Ambitious Studio \\\/ Rick Barrett\"},{\"@type\":\"BreadcrumbList\",\"@id\":\"https:\\\/\\\/funkygermany.com\\\/en\\\/kerb-hall-berlin\\\/#breadcrumb\",\"itemListElement\":[{\"@type\":\"ListItem\",\"position\":1,\"name\":\"Homepage\",\"item\":\"https:\\\/\\\/funkygermany.com\\\/en\\\/\"},{\"@type\":\"ListItem\",\"position\":2,\"name\":\"Food Hall Reloaded: Potsdamer Platz Becomes a Street Food Hotspot\"}]},{\"@type\":\"WebSite\",\"@id\":\"https:\\\/\\\/funkygermany.com\\\/en\\\/#website\",\"url\":\"https:\\\/\\\/funkygermany.com\\\/en\\\/\",\"name\":\"funkyGERMANY\",\"description\":\"The Travel Site\",\"publisher\":{\"@id\":\"https:\\\/\\\/funkygermany.com\\\/en\\\/#organization\"},\"potentialAction\":[{\"@type\":\"SearchAction\",\"target\":{\"@type\":\"EntryPoint\",\"urlTemplate\":\"https:\\\/\\\/funkygermany.com\\\/en\\\/?s={search_term_string}\"},\"query-input\":{\"@type\":\"PropertyValueSpecification\",\"valueRequired\":true,\"valueName\":\"search_term_string\"}}],\"inLanguage\":\"en-US\"},{\"@type\":\"Organization\",\"@id\":\"https:\\\/\\\/funkygermany.com\\\/en\\\/#organization\",\"name\":\"funkyGERMANY\",\"url\":\"https:\\\/\\\/funkygermany.com\\\/en\\\/\",\"logo\":{\"@type\":\"ImageObject\",\"inLanguage\":\"en-US\",\"@id\":\"https:\\\/\\\/funkygermany.com\\\/en\\\/#\\\/schema\\\/logo\\\/image\\\/\",\"url\":\"\",\"contentUrl\":\"\",\"caption\":\"funkyGERMANY\"},\"image\":{\"@id\":\"https:\\\/\\\/funkygermany.com\\\/en\\\/#\\\/schema\\\/logo\\\/image\\\/\"},\"sameAs\":[\"https:\\\/\\\/www.facebook.com\\\/funkyGERMANY\\\/\",\"https:\\\/\\\/x.com\\\/funky_germany\",\"https:\\\/\\\/www.instagram.com\\\/funky.germany\\\/\"]},{\"@type\":\"Person\",\"@id\":\"https:\\\/\\\/funkygermany.com\\\/en\\\/#\\\/schema\\\/person\\\/926493d4087ea078bbb33cd8ec2f9437\",\"name\":\"Jennifer Latuperisa-Andresen\",\"image\":{\"@type\":\"ImageObject\",\"inLanguage\":\"en-US\",\"@id\":\"https:\\\/\\\/secure.gravatar.com\\\/avatar\\\/66db6e671d2a23803dcdbb3316e21c8bd0817077f3b672d0bc96484ecf9613bd?s=96&d=mm&r=g\",\"url\":\"https:\\\/\\\/secure.gravatar.com\\\/avatar\\\/66db6e671d2a23803dcdbb3316e21c8bd0817077f3b672d0bc96484ecf9613bd?s=96&d=mm&r=g\",\"contentUrl\":\"https:\\\/\\\/secure.gravatar.com\\\/avatar\\\/66db6e671d2a23803dcdbb3316e21c8bd0817077f3b672d0bc96484ecf9613bd?s=96&d=mm&r=g\",\"caption\":\"Jennifer Latuperisa-Andresen\"},\"description\":\"Jenny sch\u00e4tzt die majest\u00e4tische Kulisse der Alpen und liebt den rauen Norden. Ihre Wurzeln liegen im Ruhrgebiet, das sie als kulturell reizvoll empfindet. Sie hat als langj\u00e4hrige Chefredakteurin des Reisemagazins reisen EXCLUSIV viel von der Welt gesehen und findet es dennoch in ihrem heutigen Wohnort K\u00f6ln so sch\u00f6n lebensbejahend. Sie streift gerne durch Design-L\u00e4dchen, Flohm\u00e4rkte und Feinkostl\u00e4den. Unwiderstehlich findet sie Windbeutel mit Kirschen, Haselnusseis in der Waffel und einen Gin Tonic zum Sonnenuntergang. Alles instagrammable versteht sich.\",\"sameAs\":[\"https:\\\/\\\/www.instagram.com\\\/fraumuksch\\\/\"],\"url\":\"https:\\\/\\\/funkygermany.com\\\/en\\\/author\\\/jl_admin\\\/\"}]}<\/script>\n<!-- \/ Yoast SEO Premium plugin. -->","yoast_head_json":{"title":"Kerb Brings First Class Street Food to Berlin - funkyGERMANY","description":"Delicious street food just like in London: KERB Berlin has become a real institution at Potsdamer Platz. We know what tastes good.","robots":{"index":"index","follow":"follow","max-snippet":"max-snippet:-1","max-image-preview":"max-image-preview:large","max-video-preview":"max-video-preview:-1"},"canonical":"https:\/\/funkygermany.com\/en\/kerb-hall-berlin\/","og_locale":"en_US","og_type":"article","og_title":"Food Hall Reloaded: Potsdamer Platz Becomes a Street Food Hotspot","og_description":"Delicious street food just like in London: KERB Berlin has become a real institution at Potsdamer Platz. We know what tastes good.","og_url":"https:\/\/funkygermany.com\/en\/kerb-hall-berlin\/","og_site_name":"funkyGERMANY","article_publisher":"https:\/\/www.facebook.com\/funkyGERMANY\/","article_published_time":"2025-05-16T08:02:00+00:00","og_image":[{"width":1750,"height":1167,"url":"https:\/\/funkygermany.com\/wp-content\/uploads\/2025\/05\/street-food-c-ambitious-studio-rick-barrett-unsplash-1.jpg","type":"image\/jpeg"}],"author":"Jennifer Latuperisa-Andresen","twitter_card":"summary_large_image","twitter_creator":"@funky_germany","twitter_site":"@funky_germany","twitter_misc":{"Written by":"Jennifer Latuperisa-Andresen","Est. reading time":"3 minutes"},"schema":{"@context":"https:\/\/schema.org","@graph":[{"@type":"Article","@id":"https:\/\/funkygermany.com\/en\/kerb-hall-berlin\/#article","isPartOf":{"@id":"https:\/\/funkygermany.com\/en\/kerb-hall-berlin\/"},"author":{"name":"Jennifer Latuperisa-Andresen","@id":"https:\/\/funkygermany.com\/en\/#\/schema\/person\/926493d4087ea078bbb33cd8ec2f9437"},"headline":"Food Hall Reloaded: Potsdamer Platz Becomes a Street Food Hotspot","datePublished":"2025-05-16T08:02:00+00:00","mainEntityOfPage":{"@id":"https:\/\/funkygermany.com\/en\/kerb-hall-berlin\/"},"wordCount":405,"publisher":{"@id":"https:\/\/funkygermany.com\/en\/#organization"},"image":{"@id":"https:\/\/funkygermany.com\/en\/kerb-hall-berlin\/#primaryimage"},"thumbnailUrl":"https:\/\/funkygermany.com\/wp-content\/uploads\/2025\/05\/street-food-c-ambitious-studio-rick-barrett-unsplash-1.jpg","keywords":["Berlin","East","Food"],"articleSection":["Berlin"],"inLanguage":"en-US"},{"@type":"WebPage","@id":"https:\/\/funkygermany.com\/en\/kerb-hall-berlin\/","url":"https:\/\/funkygermany.com\/en\/kerb-hall-berlin\/","name":"Kerb Brings First Class Street Food to Berlin - funkyGERMANY","isPartOf":{"@id":"https:\/\/funkygermany.com\/en\/#website"},"primaryImageOfPage":{"@id":"https:\/\/funkygermany.com\/en\/kerb-hall-berlin\/#primaryimage"},"image":{"@id":"https:\/\/funkygermany.com\/en\/kerb-hall-berlin\/#primaryimage"},"thumbnailUrl":"https:\/\/funkygermany.com\/wp-content\/uploads\/2025\/05\/street-food-c-ambitious-studio-rick-barrett-unsplash-1.jpg","datePublished":"2025-05-16T08:02:00+00:00","description":"Delicious street food just like in London: KERB Berlin has become a real institution at Potsdamer Platz. We know what tastes good.","breadcrumb":{"@id":"https:\/\/funkygermany.com\/en\/kerb-hall-berlin\/#breadcrumb"},"inLanguage":"en-US","potentialAction":[{"@type":"ReadAction","target":["https:\/\/funkygermany.com\/en\/kerb-hall-berlin\/"]}]},{"@type":"ImageObject","inLanguage":"en-US","@id":"https:\/\/funkygermany.com\/en\/kerb-hall-berlin\/#primaryimage","url":"https:\/\/funkygermany.com\/wp-content\/uploads\/2025\/05\/street-food-c-ambitious-studio-rick-barrett-unsplash-1.jpg","contentUrl":"https:\/\/funkygermany.com\/wp-content\/uploads\/2025\/05\/street-food-c-ambitious-studio-rick-barrett-unsplash-1.jpg","width":1750,"height":1167,"caption":"Image: Ambitious Studio \/ Rick Barrett"},{"@type":"BreadcrumbList","@id":"https:\/\/funkygermany.com\/en\/kerb-hall-berlin\/#breadcrumb","itemListElement":[{"@type":"ListItem","position":1,"name":"Homepage","item":"https:\/\/funkygermany.com\/en\/"},{"@type":"ListItem","position":2,"name":"Food Hall Reloaded: Potsdamer Platz Becomes a Street Food Hotspot"}]},{"@type":"WebSite","@id":"https:\/\/funkygermany.com\/en\/#website","url":"https:\/\/funkygermany.com\/en\/","name":"funkyGERMANY","description":"The Travel Site","publisher":{"@id":"https:\/\/funkygermany.com\/en\/#organization"},"potentialAction":[{"@type":"SearchAction","target":{"@type":"EntryPoint","urlTemplate":"https:\/\/funkygermany.com\/en\/?s={search_term_string}"},"query-input":{"@type":"PropertyValueSpecification","valueRequired":true,"valueName":"search_term_string"}}],"inLanguage":"en-US"},{"@type":"Organization","@id":"https:\/\/funkygermany.com\/en\/#organization","name":"funkyGERMANY","url":"https:\/\/funkygermany.com\/en\/","logo":{"@type":"ImageObject","inLanguage":"en-US","@id":"https:\/\/funkygermany.com\/en\/#\/schema\/logo\/image\/","url":"","contentUrl":"","caption":"funkyGERMANY"},"image":{"@id":"https:\/\/funkygermany.com\/en\/#\/schema\/logo\/image\/"},"sameAs":["https:\/\/www.facebook.com\/funkyGERMANY\/","https:\/\/x.com\/funky_germany","https:\/\/www.instagram.com\/funky.germany\/"]},{"@type":"Person","@id":"https:\/\/funkygermany.com\/en\/#\/schema\/person\/926493d4087ea078bbb33cd8ec2f9437","name":"Jennifer Latuperisa-Andresen","image":{"@type":"ImageObject","inLanguage":"en-US","@id":"https:\/\/secure.gravatar.com\/avatar\/66db6e671d2a23803dcdbb3316e21c8bd0817077f3b672d0bc96484ecf9613bd?s=96&d=mm&r=g","url":"https:\/\/secure.gravatar.com\/avatar\/66db6e671d2a23803dcdbb3316e21c8bd0817077f3b672d0bc96484ecf9613bd?s=96&d=mm&r=g","contentUrl":"https:\/\/secure.gravatar.com\/avatar\/66db6e671d2a23803dcdbb3316e21c8bd0817077f3b672d0bc96484ecf9613bd?s=96&d=mm&r=g","caption":"Jennifer Latuperisa-Andresen"},"description":"Jenny sch\u00e4tzt die majest\u00e4tische Kulisse der Alpen und liebt den rauen Norden. Ihre Wurzeln liegen im Ruhrgebiet, das sie als kulturell reizvoll empfindet. Sie hat als langj\u00e4hrige Chefredakteurin des Reisemagazins reisen EXCLUSIV viel von der Welt gesehen und findet es dennoch in ihrem heutigen Wohnort K\u00f6ln so sch\u00f6n lebensbejahend. Sie streift gerne durch Design-L\u00e4dchen, Flohm\u00e4rkte und Feinkostl\u00e4den. Unwiderstehlich findet sie Windbeutel mit Kirschen, Haselnusseis in der Waffel und einen Gin Tonic zum Sonnenuntergang. Alles instagrammable versteht sich.","sameAs":["https:\/\/www.instagram.com\/fraumuksch\/"],"url":"https:\/\/funkygermany.com\/en\/author\/jl_admin\/"}]}},"_links":{"self":[{"href":"https:\/\/funkygermany.com\/en\/wp-json\/wp\/v2\/posts\/17970","targetHints":{"allow":["GET"]}}],"collection":[{"href":"https:\/\/funkygermany.com\/en\/wp-json\/wp\/v2\/posts"}],"about":[{"href":"https:\/\/funkygermany.com\/en\/wp-json\/wp\/v2\/types\/post"}],"author":[{"embeddable":true,"href":"https:\/\/funkygermany.com\/en\/wp-json\/wp\/v2\/users\/3"}],"replies":[{"embeddable":true,"href":"https:\/\/funkygermany.com\/en\/wp-json\/wp\/v2\/comments?post=17970"}],"version-history":[{"count":1,"href":"https:\/\/funkygermany.com\/en\/wp-json\/wp\/v2\/posts\/17970\/revisions"}],"predecessor-version":[{"id":17973,"href":"https:\/\/funkygermany.com\/en\/wp-json\/wp\/v2\/posts\/17970\/revisions\/17973"}],"wp:featuredmedia":[{"embeddable":true,"href":"https:\/\/funkygermany.com\/en\/wp-json\/wp\/v2\/media\/17971"}],"wp:attachment":[{"href":"https:\/\/funkygermany.com\/en\/wp-json\/wp\/v2\/media?parent=17970"}],"wp:term":[{"taxonomy":"category","embeddable":true,"href":"https:\/\/funkygermany.com\/en\/wp-json\/wp\/v2\/categories?post=17970"},{"taxonomy":"post_tag","embeddable":true,"href":"https:\/\/funkygermany.com\/en\/wp-json\/wp\/v2\/tags?post=17970"}],"curies":[{"name":"wp","href":"https:\/\/api.w.org\/{rel}","templated":true}]}}