{"id":16670,"date":"2024-11-05T12:34:15","date_gmt":"2024-11-05T11:34:15","guid":{"rendered":"https:\/\/funkygermany.com\/?p=16670"},"modified":"2024-11-05T12:34:17","modified_gmt":"2024-11-05T11:34:17","slug":"special-christmas-markets-germany","status":"publish","type":"post","link":"https:\/\/funkygermany.com\/en\/special-christmas-markets-germany\/","title":{"rendered":"5 must-visit Christmas markets in Germany"},"content":{"rendered":"\n<p><strong>It won&#8217;t be long before we are back in the middle of the festive season. And that means: people will be strolling to their heart&#8217;s content. To make sure you don&#8217;t get bored, we have looked for some very special Christmas markets in Germany. Ho ho ho!<\/strong><\/p>\n\n\n\n<h2 class=\"wp-block-heading\" id=\"h-dog-christmas-market-at-gertrudenhof-hurth\">Dog Christmas market at Gertrudenhof | H\u00fcrth<\/h2>\n\n\n\n<p>There are many things we love about Christmas markets. It&#8217;s bustling, there are intense smells everywhere and, of course, mulled wine is a must. However, all of this can also be quite overwhelming for our dearest friend. That&#8217;s why a <a href=\"https:\/\/erlebnisbauernhof-gertrudenhof.de\/hoffeste-auf-dem-bauernmarktgelaende\/\" target=\"_blank\" rel=\"noreferrer noopener\">dog Christmas market<\/a> has been held at Gertrudenhof in <strong>H\u00fcrth <\/strong>for several years. Whether you are looking for chic dog bowls, a dog photo booth or an information stand on animal welfare \u2013 if it has something to do with dogs, you will find it at the market. And of course, not only four-legged friends but also two-legged ones will enjoy delicious snacks and warm drinks. So, in case it hasn&#8217;t been made clear yet: dogs (on a leash) are expressly welcome!<\/p>\n\n\n\n<p class=\"has-cyan-bluish-gray-background-color has-background\"><strong>08.-10.11.2024, Dog Christmas Market, Gertrudenhof, H\u00fcrth<\/strong><\/p>\n\n\n\n<figure class=\"wp-block-image size-large\"><a href=\"https:\/\/funkygermany.com\/wp-content\/uploads\/2024\/11\/dogs-christmas-c-karsten-winegeart-unsplash.jpg\"><img decoding=\"async\" width=\"1024\" height=\"684\" loading=\"lazy\" src=\"https:\/\/funkygermany.com\/wp-content\/uploads\/2024\/11\/dogs-christmas-c-karsten-winegeart-unsplash-1024x684.jpg\" alt=\"Two dogs in Christmas costumes in front of a red background\" class=\"wp-image-16582\" srcset=\"https:\/\/funkygermany.com\/wp-content\/uploads\/2024\/11\/dogs-christmas-c-karsten-winegeart-unsplash-1024x684.jpg 1024w, https:\/\/funkygermany.com\/wp-content\/uploads\/2024\/11\/dogs-christmas-c-karsten-winegeart-unsplash-300x200.jpg 300w, https:\/\/funkygermany.com\/wp-content\/uploads\/2024\/11\/dogs-christmas-c-karsten-winegeart-unsplash-883x590.jpg 883w, https:\/\/funkygermany.com\/wp-content\/uploads\/2024\/11\/dogs-christmas-c-karsten-winegeart-unsplash-1536x1026.jpg 1536w, https:\/\/funkygermany.com\/wp-content\/uploads\/2024\/11\/dogs-christmas-c-karsten-winegeart-unsplash-1155x770.jpg 1155w, https:\/\/funkygermany.com\/wp-content\/uploads\/2024\/11\/dogs-christmas-c-karsten-winegeart-unsplash-370x247.jpg 370w, https:\/\/funkygermany.com\/wp-content\/uploads\/2024\/11\/dogs-christmas-c-karsten-winegeart-unsplash-770x514.jpg 770w, https:\/\/funkygermany.com\/wp-content\/uploads\/2024\/11\/dogs-christmas-c-karsten-winegeart-unsplash-293x196.jpg 293w, https:\/\/funkygermany.com\/wp-content\/uploads\/2024\/11\/dogs-christmas-c-karsten-winegeart-unsplash-1400x935.jpg 1400w, https:\/\/funkygermany.com\/wp-content\/uploads\/2024\/11\/dogs-christmas-c-karsten-winegeart-unsplash.jpg 1750w\" sizes=\"auto, (max-width: 1024px) 100vw, 1024px\" \/><noscript><img decoding=\"async\" width=\"1024\" height=\"684\" src=\"https:\/\/funkygermany.com\/wp-content\/uploads\/2024\/11\/dogs-christmas-c-karsten-winegeart-unsplash-1024x684.jpg\" alt=\"Two dogs in Christmas costumes in front of a red background\" class=\"wp-image-16582\" srcset=\"https:\/\/funkygermany.com\/wp-content\/uploads\/2024\/11\/dogs-christmas-c-karsten-winegeart-unsplash-1024x684.jpg 1024w, https:\/\/funkygermany.com\/wp-content\/uploads\/2024\/11\/dogs-christmas-c-karsten-winegeart-unsplash-300x200.jpg 300w, https:\/\/funkygermany.com\/wp-content\/uploads\/2024\/11\/dogs-christmas-c-karsten-winegeart-unsplash-883x590.jpg 883w, https:\/\/funkygermany.com\/wp-content\/uploads\/2024\/11\/dogs-christmas-c-karsten-winegeart-unsplash-1536x1026.jpg 1536w, https:\/\/funkygermany.com\/wp-content\/uploads\/2024\/11\/dogs-christmas-c-karsten-winegeart-unsplash-1155x770.jpg 1155w, https:\/\/funkygermany.com\/wp-content\/uploads\/2024\/11\/dogs-christmas-c-karsten-winegeart-unsplash-370x247.jpg 370w, https:\/\/funkygermany.com\/wp-content\/uploads\/2024\/11\/dogs-christmas-c-karsten-winegeart-unsplash-770x514.jpg 770w, https:\/\/funkygermany.com\/wp-content\/uploads\/2024\/11\/dogs-christmas-c-karsten-winegeart-unsplash-293x196.jpg 293w, https:\/\/funkygermany.com\/wp-content\/uploads\/2024\/11\/dogs-christmas-c-karsten-winegeart-unsplash-1400x935.jpg 1400w, https:\/\/funkygermany.com\/wp-content\/uploads\/2024\/11\/dogs-christmas-c-karsten-winegeart-unsplash.jpg 1750w\" sizes=\"(max-width: 1024px) 100vw, 1024px\" \/><\/noscript><\/a><figcaption class=\"wp-element-caption\">Karsten Winegeart \/ unsplash<\/figcaption><\/figure>\n\n\n\n<h2 class=\"wp-block-heading\">The Alpaca Christmas Market | B\u00fchlerzell<\/h2>\n\n\n\n<p>Don&#8217;t worry, it&#8217;s still fluffy in this list. Because in <strong>B\u00fchlerzell <\/strong>there is simply a Christmas market on an alpaca farm!? On the first weekend of Advent, the <a href=\"https:\/\/b\u00fchlertal-alpakas.de\/de\/Weihnachtstage\/\" target=\"_blank\" rel=\"noreferrer noopener\">B\u00fchlertal Alpakas<\/a> farm opens its doors and the South American ungulates get into the Christmas spirit. The Christmas market has everything you would expect: delicious punch, a great Christmas atmosphere and cute arts and crafts. And of course, alpacas! You can even catch a glimpse of them behind the stable door. There are even guided hikes to the alpaca pastures on the program. So, we&#8217;re practically on our way.<\/p>\n\n\n\n<p class=\"has-cyan-bluish-gray-background-color has-background\"><strong>30.11.-1.12.2024, Alpaca Christmas market, B\u00fchlertal Alpakas, B\u00fchlerzell<\/strong><\/p>\n\n\n\n<figure class=\"wp-block-image size-large\"><a href=\"https:\/\/funkygermany.com\/wp-content\/uploads\/2024\/11\/alpacas-christmas-snow-c-rita_kochmarjova-shutterstock.jpg\"><img decoding=\"async\" width=\"1024\" height=\"683\" loading=\"lazy\" src=\"https:\/\/funkygermany.com\/wp-content\/uploads\/2024\/11\/alpacas-christmas-snow-c-rita_kochmarjova-shutterstock-1024x683.jpg\" alt=\"Three alpacas with Christmas paraphernalia\" class=\"wp-image-16584\" srcset=\"https:\/\/funkygermany.com\/wp-content\/uploads\/2024\/11\/alpacas-christmas-snow-c-rita_kochmarjova-shutterstock-1024x683.jpg 1024w, https:\/\/funkygermany.com\/wp-content\/uploads\/2024\/11\/alpacas-christmas-snow-c-rita_kochmarjova-shutterstock-300x200.jpg 300w, https:\/\/funkygermany.com\/wp-content\/uploads\/2024\/11\/alpacas-christmas-snow-c-rita_kochmarjova-shutterstock-883x589.jpg 883w, https:\/\/funkygermany.com\/wp-content\/uploads\/2024\/11\/alpacas-christmas-snow-c-rita_kochmarjova-shutterstock-1536x1025.jpg 1536w, https:\/\/funkygermany.com\/wp-content\/uploads\/2024\/11\/alpacas-christmas-snow-c-rita_kochmarjova-shutterstock-1155x770.jpg 1155w, https:\/\/funkygermany.com\/wp-content\/uploads\/2024\/11\/alpacas-christmas-snow-c-rita_kochmarjova-shutterstock-370x247.jpg 370w, https:\/\/funkygermany.com\/wp-content\/uploads\/2024\/11\/alpacas-christmas-snow-c-rita_kochmarjova-shutterstock-770x514.jpg 770w, https:\/\/funkygermany.com\/wp-content\/uploads\/2024\/11\/alpacas-christmas-snow-c-rita_kochmarjova-shutterstock-293x196.jpg 293w, https:\/\/funkygermany.com\/wp-content\/uploads\/2024\/11\/alpacas-christmas-snow-c-rita_kochmarjova-shutterstock-1400x934.jpg 1400w, https:\/\/funkygermany.com\/wp-content\/uploads\/2024\/11\/alpacas-christmas-snow-c-rita_kochmarjova-shutterstock.jpg 1750w\" sizes=\"auto, (max-width: 1024px) 100vw, 1024px\" \/><noscript><img decoding=\"async\" width=\"1024\" height=\"683\" src=\"https:\/\/funkygermany.com\/wp-content\/uploads\/2024\/11\/alpacas-christmas-snow-c-rita_kochmarjova-shutterstock-1024x683.jpg\" alt=\"Three alpacas with Christmas paraphernalia\" class=\"wp-image-16584\" srcset=\"https:\/\/funkygermany.com\/wp-content\/uploads\/2024\/11\/alpacas-christmas-snow-c-rita_kochmarjova-shutterstock-1024x683.jpg 1024w, https:\/\/funkygermany.com\/wp-content\/uploads\/2024\/11\/alpacas-christmas-snow-c-rita_kochmarjova-shutterstock-300x200.jpg 300w, https:\/\/funkygermany.com\/wp-content\/uploads\/2024\/11\/alpacas-christmas-snow-c-rita_kochmarjova-shutterstock-883x589.jpg 883w, https:\/\/funkygermany.com\/wp-content\/uploads\/2024\/11\/alpacas-christmas-snow-c-rita_kochmarjova-shutterstock-1536x1025.jpg 1536w, https:\/\/funkygermany.com\/wp-content\/uploads\/2024\/11\/alpacas-christmas-snow-c-rita_kochmarjova-shutterstock-1155x770.jpg 1155w, https:\/\/funkygermany.com\/wp-content\/uploads\/2024\/11\/alpacas-christmas-snow-c-rita_kochmarjova-shutterstock-370x247.jpg 370w, https:\/\/funkygermany.com\/wp-content\/uploads\/2024\/11\/alpacas-christmas-snow-c-rita_kochmarjova-shutterstock-770x514.jpg 770w, https:\/\/funkygermany.com\/wp-content\/uploads\/2024\/11\/alpacas-christmas-snow-c-rita_kochmarjova-shutterstock-293x196.jpg 293w, https:\/\/funkygermany.com\/wp-content\/uploads\/2024\/11\/alpacas-christmas-snow-c-rita_kochmarjova-shutterstock-1400x934.jpg 1400w, https:\/\/funkygermany.com\/wp-content\/uploads\/2024\/11\/alpacas-christmas-snow-c-rita_kochmarjova-shutterstock.jpg 1750w\" sizes=\"(max-width: 1024px) 100vw, 1024px\" \/><\/noscript><\/a><figcaption class=\"wp-element-caption\">Rita Kochmarjova \/ shutterstock<\/figcaption><\/figure>\n\n\n\n<h2 class=\"wp-block-heading\">Gluten-free Christmas market | Sasbachwalden<\/h2>\n\n\n\n<p>As someone who suffers from an allergy myself, I can say that food restrictions can sometimes be really annoying. But whether you&#8217;re forced to or choose to, the \u201cclassic\u201d Christmas cuisine in particular is a real challenge when it comes to abstaining. Because it&#8217;s not just the tongue that tastes good here, but also the heart. There are simply a lot of feelings attached to Christmas treats. At least in the <strong>Black Forest<\/strong>, it&#8217;s a little easier. That&#8217;s because the <a href=\"https:\/\/www.glutenfreier-weihnachtsmarkt.de\/\" target=\"_blank\" rel=\"noreferrer noopener\">gluten-free Christmas market<\/a> takes place in <strong>Sasbachwalden <\/strong>on the first two weekends of Advent. And the name says it all! Only gluten-free products are offered here, and they are also produced in a gluten-free environment. Cross-contamination is virtually impossible. And it gets even better: many dishes are not only gluten-free, but also lactose-free or even vegan. All of which goes without saying: they are also delicious.<\/p>\n\n\n\n<p class=\"has-cyan-bluish-gray-background-color has-background\"><strong>29.11.-01.12. + 07.+08.12.2024, Gluten-free Christmas market, Kurpark, Sasbachwalden<\/strong><\/p>\n\n\n\n<figure class=\"wp-block-image size-large\"><a href=\"https:\/\/funkygermany.com\/wp-content\/uploads\/2024\/11\/gluten-free-cake-christmas-c-daisy-daisy-shutterstock.jpg\"><img decoding=\"async\" width=\"1024\" height=\"683\" loading=\"lazy\" src=\"https:\/\/funkygermany.com\/wp-content\/uploads\/2024\/11\/gluten-free-cake-christmas-c-daisy-daisy-shutterstock-1024x683.jpg\" alt=\"A man puts a \u201cgluten free\u201d sign on a batch of brownies.\" class=\"wp-image-16586\" srcset=\"https:\/\/funkygermany.com\/wp-content\/uploads\/2024\/11\/gluten-free-cake-christmas-c-daisy-daisy-shutterstock-1024x683.jpg 1024w, https:\/\/funkygermany.com\/wp-content\/uploads\/2024\/11\/gluten-free-cake-christmas-c-daisy-daisy-shutterstock-300x200.jpg 300w, https:\/\/funkygermany.com\/wp-content\/uploads\/2024\/11\/gluten-free-cake-christmas-c-daisy-daisy-shutterstock-883x589.jpg 883w, https:\/\/funkygermany.com\/wp-content\/uploads\/2024\/11\/gluten-free-cake-christmas-c-daisy-daisy-shutterstock-1536x1024.jpg 1536w, https:\/\/funkygermany.com\/wp-content\/uploads\/2024\/11\/gluten-free-cake-christmas-c-daisy-daisy-shutterstock-1155x770.jpg 1155w, https:\/\/funkygermany.com\/wp-content\/uploads\/2024\/11\/gluten-free-cake-christmas-c-daisy-daisy-shutterstock-370x247.jpg 370w, https:\/\/funkygermany.com\/wp-content\/uploads\/2024\/11\/gluten-free-cake-christmas-c-daisy-daisy-shutterstock-770x513.jpg 770w, https:\/\/funkygermany.com\/wp-content\/uploads\/2024\/11\/gluten-free-cake-christmas-c-daisy-daisy-shutterstock-293x195.jpg 293w, https:\/\/funkygermany.com\/wp-content\/uploads\/2024\/11\/gluten-free-cake-christmas-c-daisy-daisy-shutterstock-1400x934.jpg 1400w, https:\/\/funkygermany.com\/wp-content\/uploads\/2024\/11\/gluten-free-cake-christmas-c-daisy-daisy-shutterstock.jpg 1750w\" sizes=\"auto, (max-width: 1024px) 100vw, 1024px\" \/><noscript><img decoding=\"async\" width=\"1024\" height=\"683\" src=\"https:\/\/funkygermany.com\/wp-content\/uploads\/2024\/11\/gluten-free-cake-christmas-c-daisy-daisy-shutterstock-1024x683.jpg\" alt=\"A man puts a \u201cgluten free\u201d sign on a batch of brownies.\" class=\"wp-image-16586\" srcset=\"https:\/\/funkygermany.com\/wp-content\/uploads\/2024\/11\/gluten-free-cake-christmas-c-daisy-daisy-shutterstock-1024x683.jpg 1024w, https:\/\/funkygermany.com\/wp-content\/uploads\/2024\/11\/gluten-free-cake-christmas-c-daisy-daisy-shutterstock-300x200.jpg 300w, https:\/\/funkygermany.com\/wp-content\/uploads\/2024\/11\/gluten-free-cake-christmas-c-daisy-daisy-shutterstock-883x589.jpg 883w, https:\/\/funkygermany.com\/wp-content\/uploads\/2024\/11\/gluten-free-cake-christmas-c-daisy-daisy-shutterstock-1536x1024.jpg 1536w, https:\/\/funkygermany.com\/wp-content\/uploads\/2024\/11\/gluten-free-cake-christmas-c-daisy-daisy-shutterstock-1155x770.jpg 1155w, https:\/\/funkygermany.com\/wp-content\/uploads\/2024\/11\/gluten-free-cake-christmas-c-daisy-daisy-shutterstock-370x247.jpg 370w, https:\/\/funkygermany.com\/wp-content\/uploads\/2024\/11\/gluten-free-cake-christmas-c-daisy-daisy-shutterstock-770x513.jpg 770w, https:\/\/funkygermany.com\/wp-content\/uploads\/2024\/11\/gluten-free-cake-christmas-c-daisy-daisy-shutterstock-293x195.jpg 293w, https:\/\/funkygermany.com\/wp-content\/uploads\/2024\/11\/gluten-free-cake-christmas-c-daisy-daisy-shutterstock-1400x934.jpg 1400w, https:\/\/funkygermany.com\/wp-content\/uploads\/2024\/11\/gluten-free-cake-christmas-c-daisy-daisy-shutterstock.jpg 1750w\" sizes=\"(max-width: 1024px) 100vw, 1024px\" \/><\/noscript><\/a><figcaption class=\"wp-element-caption\">Daisy Daisy \/ shutterstock<\/figcaption><\/figure>\n\n\n\n<h2 class=\"wp-block-heading\">Forest Christmas | Halsbach<\/h2>\n\n\n\n<p>A real forest is, at best, not a creepy place, but pleasantly homely. A surefire way to ensure that: simply pack in a Christmas market. This is what happens year after year in <strong>Halsbach<\/strong>, Bavaria. The <a href=\"https:\/\/waldweihnacht-halsbach.de\/\" target=\"_blank\" rel=\"noreferrer noopener\">Halsbach Forest Christmas<\/a> takes place here on the forest stage over a period of a good two weeks. An entire village, complete with charming wooden huts and inviting stalls, is magically created where otherwise there is nothing but forest as far as the eye can see. There is even a cultural program with a Christmas choir, piano concert and elf dance.<\/p>\n\n\n\n<p class=\"has-cyan-bluish-gray-background-color has-background\"><strong>29.11.-15.12.2024, Forest Christmas, Waldb\u00fchne, Halsbach<\/strong><\/p>\n\n\n\n<figure class=\"wp-block-image size-large\"><a href=\"https:\/\/funkygermany.com\/wp-content\/uploads\/2024\/11\/christmas-forest-drink-snow-c-uladzimirZuyeu-shutterstock.jpg\"><img decoding=\"async\" width=\"1024\" height=\"683\" loading=\"lazy\" src=\"https:\/\/funkygermany.com\/wp-content\/uploads\/2024\/11\/christmas-forest-drink-snow-c-uladzimirZuyeu-shutterstock-1024x683.jpg\" alt=\"A person is holding a steaming cup of punch; behind them are snow-covered coniferous trees.\" class=\"wp-image-16588\" srcset=\"https:\/\/funkygermany.com\/wp-content\/uploads\/2024\/11\/christmas-forest-drink-snow-c-uladzimirZuyeu-shutterstock-1024x683.jpg 1024w, https:\/\/funkygermany.com\/wp-content\/uploads\/2024\/11\/christmas-forest-drink-snow-c-uladzimirZuyeu-shutterstock-300x200.jpg 300w, https:\/\/funkygermany.com\/wp-content\/uploads\/2024\/11\/christmas-forest-drink-snow-c-uladzimirZuyeu-shutterstock-883x589.jpg 883w, https:\/\/funkygermany.com\/wp-content\/uploads\/2024\/11\/christmas-forest-drink-snow-c-uladzimirZuyeu-shutterstock-1536x1024.jpg 1536w, https:\/\/funkygermany.com\/wp-content\/uploads\/2024\/11\/christmas-forest-drink-snow-c-uladzimirZuyeu-shutterstock-1155x770.jpg 1155w, https:\/\/funkygermany.com\/wp-content\/uploads\/2024\/11\/christmas-forest-drink-snow-c-uladzimirZuyeu-shutterstock-370x247.jpg 370w, https:\/\/funkygermany.com\/wp-content\/uploads\/2024\/11\/christmas-forest-drink-snow-c-uladzimirZuyeu-shutterstock-770x513.jpg 770w, https:\/\/funkygermany.com\/wp-content\/uploads\/2024\/11\/christmas-forest-drink-snow-c-uladzimirZuyeu-shutterstock-293x195.jpg 293w, https:\/\/funkygermany.com\/wp-content\/uploads\/2024\/11\/christmas-forest-drink-snow-c-uladzimirZuyeu-shutterstock-1400x934.jpg 1400w, https:\/\/funkygermany.com\/wp-content\/uploads\/2024\/11\/christmas-forest-drink-snow-c-uladzimirZuyeu-shutterstock.jpg 1750w\" sizes=\"auto, (max-width: 1024px) 100vw, 1024px\" \/><noscript><img decoding=\"async\" width=\"1024\" height=\"683\" src=\"https:\/\/funkygermany.com\/wp-content\/uploads\/2024\/11\/christmas-forest-drink-snow-c-uladzimirZuyeu-shutterstock-1024x683.jpg\" alt=\"A person is holding a steaming cup of punch; behind them are snow-covered coniferous trees.\" class=\"wp-image-16588\" srcset=\"https:\/\/funkygermany.com\/wp-content\/uploads\/2024\/11\/christmas-forest-drink-snow-c-uladzimirZuyeu-shutterstock-1024x683.jpg 1024w, https:\/\/funkygermany.com\/wp-content\/uploads\/2024\/11\/christmas-forest-drink-snow-c-uladzimirZuyeu-shutterstock-300x200.jpg 300w, https:\/\/funkygermany.com\/wp-content\/uploads\/2024\/11\/christmas-forest-drink-snow-c-uladzimirZuyeu-shutterstock-883x589.jpg 883w, https:\/\/funkygermany.com\/wp-content\/uploads\/2024\/11\/christmas-forest-drink-snow-c-uladzimirZuyeu-shutterstock-1536x1024.jpg 1536w, https:\/\/funkygermany.com\/wp-content\/uploads\/2024\/11\/christmas-forest-drink-snow-c-uladzimirZuyeu-shutterstock-1155x770.jpg 1155w, https:\/\/funkygermany.com\/wp-content\/uploads\/2024\/11\/christmas-forest-drink-snow-c-uladzimirZuyeu-shutterstock-370x247.jpg 370w, https:\/\/funkygermany.com\/wp-content\/uploads\/2024\/11\/christmas-forest-drink-snow-c-uladzimirZuyeu-shutterstock-770x513.jpg 770w, https:\/\/funkygermany.com\/wp-content\/uploads\/2024\/11\/christmas-forest-drink-snow-c-uladzimirZuyeu-shutterstock-293x195.jpg 293w, https:\/\/funkygermany.com\/wp-content\/uploads\/2024\/11\/christmas-forest-drink-snow-c-uladzimirZuyeu-shutterstock-1400x934.jpg 1400w, https:\/\/funkygermany.com\/wp-content\/uploads\/2024\/11\/christmas-forest-drink-snow-c-uladzimirZuyeu-shutterstock.jpg 1750w\" sizes=\"(max-width: 1024px) 100vw, 1024px\" \/><\/noscript><\/a><figcaption class=\"wp-element-caption\">UladzimirZuyeu \/ shutterstock<\/figcaption><\/figure>\n\n\n\n<h2 class=\"wp-block-heading\">Scandinavian Christmas | Hamburg<\/h2>\n\n\n\n<p>Ah, the Nordics. We are really in love with the Scandinavian countries. Real dream destinations. But at Christmas time, you don&#8217;t have to go to Norway, Sweden or Denmark for a bit of northern European flair. No, a trip to <strong>Hamburg <\/strong>is enough. That&#8217;s because one of the many Christmas markets in the Hanseatic city is decorated in a <a href=\"https:\/\/www.hamburg-tourism.de\/sehen-erleben\/veranstaltungen\/god-jul-nordische-weihnachten-am-hafen\/\" target=\"_blank\" rel=\"noreferrer noopener\">Scandinavian style<\/a>. In the four seafarers&#8217; churches at the harbor, everything revolves around the Yule festival on two weekends in November (so basically before the Advent season, but let&#8217;s not be too strict). And for those who can&#8217;t get enough of it, December 10 and 16 should be marked in the calendar. On those dates, you can enjoy a Swedish Lucia concert in front of the main church of St. Peter, accompanied by the sight of countless candles. We say \u201cGod Jul\u201d!<\/p>\n\n\n\n<p class=\"has-cyan-bluish-gray-background-color has-background\"><strong><strong>November 15-17 + 22-24, 2024, Scandinavian Christmas, Seemannskirchen, Hamburg<\/strong><\/strong><\/p>\n\n\n\n<figure class=\"wp-block-image size-large\"><a href=\"https:\/\/funkygermany.com\/wp-content\/uploads\/2024\/11\/lucia-choir-christmas-candles-bzzup-shutterstock.jpg\"><img decoding=\"async\" width=\"1024\" height=\"683\" loading=\"lazy\" src=\"https:\/\/funkygermany.com\/wp-content\/uploads\/2024\/11\/lucia-choir-christmas-candles-bzzup-shutterstock-1024x683.jpg\" alt=\"A Swedish Lucia choir, all holding candles\" class=\"wp-image-16590\" srcset=\"https:\/\/funkygermany.com\/wp-content\/uploads\/2024\/11\/lucia-choir-christmas-candles-bzzup-shutterstock-1024x683.jpg 1024w, https:\/\/funkygermany.com\/wp-content\/uploads\/2024\/11\/lucia-choir-christmas-candles-bzzup-shutterstock-300x200.jpg 300w, https:\/\/funkygermany.com\/wp-content\/uploads\/2024\/11\/lucia-choir-christmas-candles-bzzup-shutterstock-883x589.jpg 883w, https:\/\/funkygermany.com\/wp-content\/uploads\/2024\/11\/lucia-choir-christmas-candles-bzzup-shutterstock-1536x1024.jpg 1536w, https:\/\/funkygermany.com\/wp-content\/uploads\/2024\/11\/lucia-choir-christmas-candles-bzzup-shutterstock-1155x770.jpg 1155w, https:\/\/funkygermany.com\/wp-content\/uploads\/2024\/11\/lucia-choir-christmas-candles-bzzup-shutterstock-370x247.jpg 370w, https:\/\/funkygermany.com\/wp-content\/uploads\/2024\/11\/lucia-choir-christmas-candles-bzzup-shutterstock-770x513.jpg 770w, https:\/\/funkygermany.com\/wp-content\/uploads\/2024\/11\/lucia-choir-christmas-candles-bzzup-shutterstock-293x195.jpg 293w, https:\/\/funkygermany.com\/wp-content\/uploads\/2024\/11\/lucia-choir-christmas-candles-bzzup-shutterstock-1400x934.jpg 1400w, https:\/\/funkygermany.com\/wp-content\/uploads\/2024\/11\/lucia-choir-christmas-candles-bzzup-shutterstock.jpg 1750w\" sizes=\"auto, (max-width: 1024px) 100vw, 1024px\" \/><noscript><img decoding=\"async\" width=\"1024\" height=\"683\" src=\"https:\/\/funkygermany.com\/wp-content\/uploads\/2024\/11\/lucia-choir-christmas-candles-bzzup-shutterstock-1024x683.jpg\" alt=\"A Swedish Lucia choir, all holding candles\" class=\"wp-image-16590\" srcset=\"https:\/\/funkygermany.com\/wp-content\/uploads\/2024\/11\/lucia-choir-christmas-candles-bzzup-shutterstock-1024x683.jpg 1024w, https:\/\/funkygermany.com\/wp-content\/uploads\/2024\/11\/lucia-choir-christmas-candles-bzzup-shutterstock-300x200.jpg 300w, https:\/\/funkygermany.com\/wp-content\/uploads\/2024\/11\/lucia-choir-christmas-candles-bzzup-shutterstock-883x589.jpg 883w, https:\/\/funkygermany.com\/wp-content\/uploads\/2024\/11\/lucia-choir-christmas-candles-bzzup-shutterstock-1536x1024.jpg 1536w, https:\/\/funkygermany.com\/wp-content\/uploads\/2024\/11\/lucia-choir-christmas-candles-bzzup-shutterstock-1155x770.jpg 1155w, https:\/\/funkygermany.com\/wp-content\/uploads\/2024\/11\/lucia-choir-christmas-candles-bzzup-shutterstock-370x247.jpg 370w, https:\/\/funkygermany.com\/wp-content\/uploads\/2024\/11\/lucia-choir-christmas-candles-bzzup-shutterstock-770x513.jpg 770w, https:\/\/funkygermany.com\/wp-content\/uploads\/2024\/11\/lucia-choir-christmas-candles-bzzup-shutterstock-293x195.jpg 293w, https:\/\/funkygermany.com\/wp-content\/uploads\/2024\/11\/lucia-choir-christmas-candles-bzzup-shutterstock-1400x934.jpg 1400w, https:\/\/funkygermany.com\/wp-content\/uploads\/2024\/11\/lucia-choir-christmas-candles-bzzup-shutterstock.jpg 1750w\" sizes=\"(max-width: 1024px) 100vw, 1024px\" \/><\/noscript><\/a><figcaption class=\"wp-element-caption\">bzzup \/ shutterstock<\/figcaption><\/figure>\n\n\n\n<p class=\"has-cyan-bluish-gray-background-color has-background\">You can find the most extraordinary Christmas markets in Europe at our sister magazine <a href=\"https:\/\/reisenexclusiv.com\/die-9-aussergewoehnlichsten-weihnachtsmaerkte-in-europa\/\" target=\"_blank\" rel=\"noreferrer noopener\">travel EXCLUSIVE<\/a>. And if you want the full package, just get the new <a href=\"https:\/\/ella-verlag.com\/kiosk\/Weihnachtsmarkt-c122352834\" target=\"_blank\" rel=\"noreferrer noopener\">Christmas market magazine<\/a>.<\/p>\n\n\n\n<p><\/p>\n","protected":false},"excerpt":{"rendered":"<p>Soon we are once again in the middle of the festive season. And we&#8217;ve looked for some very special Christmas markets in Germany.<\/p>\n","protected":false},"author":10,"featured_media":16671,"comment_status":"closed","ping_status":"open","sticky":false,"template":"","format":"standard","meta":{"footnotes":""},"categories":[617],"tags":[2413,673],"class_list":["post-16670","post","type-post","status-publish","format-standard","has-post-thumbnail","hentry","category-inspirations","tag-christmas","tag-highlight-en"],"yoast_head":"<!-- This site is optimized with the Yoast SEO Premium plugin v27.3 (Yoast SEO v27.3) - https:\/\/yoast.com\/product\/yoast-seo-premium-wordpress\/ -->\n<title>5 must-visit Christmas markets in Germany - funkyGERMANY<\/title>\n<meta name=\"description\" content=\"Soon we are once again in the middle of the festive season. And we&#039;ve looked for some very special Christmas markets in Germany.\" \/>\n<meta name=\"robots\" content=\"index, follow, max-snippet:-1, max-image-preview:large, max-video-preview:-1\" \/>\n<link rel=\"canonical\" href=\"https:\/\/funkygermany.com\/en\/special-christmas-markets-germany\/\" \/>\n<meta property=\"og:locale\" content=\"en_US\" \/>\n<meta property=\"og:type\" content=\"article\" \/>\n<meta property=\"og:title\" content=\"5 must-visit Christmas markets in Germany\" \/>\n<meta property=\"og:description\" content=\"Soon we are once again in the middle of the festive season. And we&#039;ve looked for some very special Christmas markets in Germany.\" \/>\n<meta property=\"og:url\" content=\"https:\/\/funkygermany.com\/en\/special-christmas-markets-germany\/\" \/>\n<meta property=\"og:site_name\" content=\"funkyGERMANY\" \/>\n<meta property=\"article:publisher\" content=\"https:\/\/www.facebook.com\/funkyGERMANY\/\" \/>\n<meta property=\"article:published_time\" content=\"2024-11-05T11:34:15+00:00\" \/>\n<meta property=\"article:modified_time\" content=\"2024-11-05T11:34:17+00:00\" \/>\n<meta property=\"og:image\" content=\"https:\/\/funkygermany.com\/wp-content\/uploads\/2024\/11\/christmas-market-aachen-bird-view-c-hatim-kanchwala-unsplash.jpg\" \/>\n\t<meta property=\"og:image:width\" content=\"1750\" \/>\n\t<meta property=\"og:image:height\" content=\"1166\" \/>\n\t<meta property=\"og:image:type\" content=\"image\/jpeg\" \/>\n<meta name=\"author\" content=\"Konrad Bender\" \/>\n<meta name=\"twitter:card\" content=\"summary_large_image\" \/>\n<meta name=\"twitter:creator\" content=\"@funky_germany\" \/>\n<meta name=\"twitter:site\" content=\"@funky_germany\" \/>\n<meta name=\"twitter:label1\" content=\"Written by\" \/>\n\t<meta name=\"twitter:data1\" content=\"Konrad Bender\" \/>\n\t<meta name=\"twitter:label2\" content=\"Est. reading time\" \/>\n\t<meta name=\"twitter:data2\" content=\"6 minutes\" \/>\n<script type=\"application\/ld+json\" class=\"yoast-schema-graph\">{\"@context\":\"https:\\\/\\\/schema.org\",\"@graph\":[{\"@type\":\"Article\",\"@id\":\"https:\\\/\\\/funkygermany.com\\\/en\\\/special-christmas-markets-germany\\\/#article\",\"isPartOf\":{\"@id\":\"https:\\\/\\\/funkygermany.com\\\/en\\\/special-christmas-markets-germany\\\/\"},\"author\":{\"name\":\"Konrad Bender\",\"@id\":\"https:\\\/\\\/funkygermany.com\\\/en\\\/#\\\/schema\\\/person\\\/f81b7afdf2e893ded488c675b14e4ab9\"},\"headline\":\"5 must-visit Christmas markets in Germany\",\"datePublished\":\"2024-11-05T11:34:15+00:00\",\"dateModified\":\"2024-11-05T11:34:17+00:00\",\"mainEntityOfPage\":{\"@id\":\"https:\\\/\\\/funkygermany.com\\\/en\\\/special-christmas-markets-germany\\\/\"},\"wordCount\":773,\"publisher\":{\"@id\":\"https:\\\/\\\/funkygermany.com\\\/en\\\/#organization\"},\"image\":{\"@id\":\"https:\\\/\\\/funkygermany.com\\\/en\\\/special-christmas-markets-germany\\\/#primaryimage\"},\"thumbnailUrl\":\"https:\\\/\\\/funkygermany.com\\\/wp-content\\\/uploads\\\/2024\\\/11\\\/christmas-market-aachen-bird-view-c-hatim-kanchwala-unsplash.jpg\",\"keywords\":[\"Christmas\",\"Highlight\"],\"articleSection\":[\"Inspirations\"],\"inLanguage\":\"en-US\"},{\"@type\":\"WebPage\",\"@id\":\"https:\\\/\\\/funkygermany.com\\\/en\\\/special-christmas-markets-germany\\\/\",\"url\":\"https:\\\/\\\/funkygermany.com\\\/en\\\/special-christmas-markets-germany\\\/\",\"name\":\"5 must-visit Christmas markets in Germany - funkyGERMANY\",\"isPartOf\":{\"@id\":\"https:\\\/\\\/funkygermany.com\\\/en\\\/#website\"},\"primaryImageOfPage\":{\"@id\":\"https:\\\/\\\/funkygermany.com\\\/en\\\/special-christmas-markets-germany\\\/#primaryimage\"},\"image\":{\"@id\":\"https:\\\/\\\/funkygermany.com\\\/en\\\/special-christmas-markets-germany\\\/#primaryimage\"},\"thumbnailUrl\":\"https:\\\/\\\/funkygermany.com\\\/wp-content\\\/uploads\\\/2024\\\/11\\\/christmas-market-aachen-bird-view-c-hatim-kanchwala-unsplash.jpg\",\"datePublished\":\"2024-11-05T11:34:15+00:00\",\"dateModified\":\"2024-11-05T11:34:17+00:00\",\"description\":\"Soon we are once again in the middle of the festive season. And we've looked for some very special Christmas markets in Germany.\",\"breadcrumb\":{\"@id\":\"https:\\\/\\\/funkygermany.com\\\/en\\\/special-christmas-markets-germany\\\/#breadcrumb\"},\"inLanguage\":\"en-US\",\"potentialAction\":[{\"@type\":\"ReadAction\",\"target\":[\"https:\\\/\\\/funkygermany.com\\\/en\\\/special-christmas-markets-germany\\\/\"]}]},{\"@type\":\"ImageObject\",\"inLanguage\":\"en-US\",\"@id\":\"https:\\\/\\\/funkygermany.com\\\/en\\\/special-christmas-markets-germany\\\/#primaryimage\",\"url\":\"https:\\\/\\\/funkygermany.com\\\/wp-content\\\/uploads\\\/2024\\\/11\\\/christmas-market-aachen-bird-view-c-hatim-kanchwala-unsplash.jpg\",\"contentUrl\":\"https:\\\/\\\/funkygermany.com\\\/wp-content\\\/uploads\\\/2024\\\/11\\\/christmas-market-aachen-bird-view-c-hatim-kanchwala-unsplash.jpg\",\"width\":1750,\"height\":1166,\"caption\":\"Hatim Kanchwala \\\/ unsplash\"},{\"@type\":\"BreadcrumbList\",\"@id\":\"https:\\\/\\\/funkygermany.com\\\/en\\\/special-christmas-markets-germany\\\/#breadcrumb\",\"itemListElement\":[{\"@type\":\"ListItem\",\"position\":1,\"name\":\"Homepage\",\"item\":\"https:\\\/\\\/funkygermany.com\\\/en\\\/\"},{\"@type\":\"ListItem\",\"position\":2,\"name\":\"5 must-visit Christmas markets in Germany\"}]},{\"@type\":\"WebSite\",\"@id\":\"https:\\\/\\\/funkygermany.com\\\/en\\\/#website\",\"url\":\"https:\\\/\\\/funkygermany.com\\\/en\\\/\",\"name\":\"funkyGERMANY\",\"description\":\"The Travel Site\",\"publisher\":{\"@id\":\"https:\\\/\\\/funkygermany.com\\\/en\\\/#organization\"},\"potentialAction\":[{\"@type\":\"SearchAction\",\"target\":{\"@type\":\"EntryPoint\",\"urlTemplate\":\"https:\\\/\\\/funkygermany.com\\\/en\\\/?s={search_term_string}\"},\"query-input\":{\"@type\":\"PropertyValueSpecification\",\"valueRequired\":true,\"valueName\":\"search_term_string\"}}],\"inLanguage\":\"en-US\"},{\"@type\":\"Organization\",\"@id\":\"https:\\\/\\\/funkygermany.com\\\/en\\\/#organization\",\"name\":\"funkyGERMANY\",\"url\":\"https:\\\/\\\/funkygermany.com\\\/en\\\/\",\"logo\":{\"@type\":\"ImageObject\",\"inLanguage\":\"en-US\",\"@id\":\"https:\\\/\\\/funkygermany.com\\\/en\\\/#\\\/schema\\\/logo\\\/image\\\/\",\"url\":\"\",\"contentUrl\":\"\",\"caption\":\"funkyGERMANY\"},\"image\":{\"@id\":\"https:\\\/\\\/funkygermany.com\\\/en\\\/#\\\/schema\\\/logo\\\/image\\\/\"},\"sameAs\":[\"https:\\\/\\\/www.facebook.com\\\/funkyGERMANY\\\/\",\"https:\\\/\\\/x.com\\\/funky_germany\",\"https:\\\/\\\/www.instagram.com\\\/funky.germany\\\/\"]},{\"@type\":\"Person\",\"@id\":\"https:\\\/\\\/funkygermany.com\\\/en\\\/#\\\/schema\\\/person\\\/f81b7afdf2e893ded488c675b14e4ab9\",\"name\":\"Konrad Bender\",\"image\":{\"@type\":\"ImageObject\",\"inLanguage\":\"en-US\",\"@id\":\"https:\\\/\\\/secure.gravatar.com\\\/avatar\\\/23b3770cab9ffa7229f737140560ffbdbbc31e87f47597d1e37137060660d1f2?s=96&d=mm&r=g\",\"url\":\"https:\\\/\\\/secure.gravatar.com\\\/avatar\\\/23b3770cab9ffa7229f737140560ffbdbbc31e87f47597d1e37137060660d1f2?s=96&d=mm&r=g\",\"contentUrl\":\"https:\\\/\\\/secure.gravatar.com\\\/avatar\\\/23b3770cab9ffa7229f737140560ffbdbbc31e87f47597d1e37137060660d1f2?s=96&d=mm&r=g\",\"caption\":\"Konrad Bender\"},\"description\":\"Konrad l\u00e4sst sich gerne \u00fcberraschen. Seine Reisen f\u00fchren den Exil-Sauerl\u00e4nder an Orte, die auf den Reisepl\u00e4nen vieler Menschen vielleicht nicht ganz oben stehen und doch viel zu bieten haben. Ein besonderes Augenmerk legt der Hobbyhistoriker dabei auf Kultur und Geschichte, erkundet aber auch f\u00fcr sein Leben gern Naturkathedralen und Gastrotempel gleicherma\u00dfen.\",\"url\":\"https:\\\/\\\/funkygermany.com\\\/en\\\/author\\\/konrad-bender\\\/\"}]}<\/script>\n<!-- \/ Yoast SEO Premium plugin. -->","yoast_head_json":{"title":"5 must-visit Christmas markets in Germany - funkyGERMANY","description":"Soon we are once again in the middle of the festive season. And we've looked for some very special Christmas markets in Germany.","robots":{"index":"index","follow":"follow","max-snippet":"max-snippet:-1","max-image-preview":"max-image-preview:large","max-video-preview":"max-video-preview:-1"},"canonical":"https:\/\/funkygermany.com\/en\/special-christmas-markets-germany\/","og_locale":"en_US","og_type":"article","og_title":"5 must-visit Christmas markets in Germany","og_description":"Soon we are once again in the middle of the festive season. And we've looked for some very special Christmas markets in Germany.","og_url":"https:\/\/funkygermany.com\/en\/special-christmas-markets-germany\/","og_site_name":"funkyGERMANY","article_publisher":"https:\/\/www.facebook.com\/funkyGERMANY\/","article_published_time":"2024-11-05T11:34:15+00:00","article_modified_time":"2024-11-05T11:34:17+00:00","og_image":[{"width":1750,"height":1166,"url":"https:\/\/funkygermany.com\/wp-content\/uploads\/2024\/11\/christmas-market-aachen-bird-view-c-hatim-kanchwala-unsplash.jpg","type":"image\/jpeg"}],"author":"Konrad Bender","twitter_card":"summary_large_image","twitter_creator":"@funky_germany","twitter_site":"@funky_germany","twitter_misc":{"Written by":"Konrad Bender","Est. reading time":"6 minutes"},"schema":{"@context":"https:\/\/schema.org","@graph":[{"@type":"Article","@id":"https:\/\/funkygermany.com\/en\/special-christmas-markets-germany\/#article","isPartOf":{"@id":"https:\/\/funkygermany.com\/en\/special-christmas-markets-germany\/"},"author":{"name":"Konrad Bender","@id":"https:\/\/funkygermany.com\/en\/#\/schema\/person\/f81b7afdf2e893ded488c675b14e4ab9"},"headline":"5 must-visit Christmas markets in Germany","datePublished":"2024-11-05T11:34:15+00:00","dateModified":"2024-11-05T11:34:17+00:00","mainEntityOfPage":{"@id":"https:\/\/funkygermany.com\/en\/special-christmas-markets-germany\/"},"wordCount":773,"publisher":{"@id":"https:\/\/funkygermany.com\/en\/#organization"},"image":{"@id":"https:\/\/funkygermany.com\/en\/special-christmas-markets-germany\/#primaryimage"},"thumbnailUrl":"https:\/\/funkygermany.com\/wp-content\/uploads\/2024\/11\/christmas-market-aachen-bird-view-c-hatim-kanchwala-unsplash.jpg","keywords":["Christmas","Highlight"],"articleSection":["Inspirations"],"inLanguage":"en-US"},{"@type":"WebPage","@id":"https:\/\/funkygermany.com\/en\/special-christmas-markets-germany\/","url":"https:\/\/funkygermany.com\/en\/special-christmas-markets-germany\/","name":"5 must-visit Christmas markets in Germany - funkyGERMANY","isPartOf":{"@id":"https:\/\/funkygermany.com\/en\/#website"},"primaryImageOfPage":{"@id":"https:\/\/funkygermany.com\/en\/special-christmas-markets-germany\/#primaryimage"},"image":{"@id":"https:\/\/funkygermany.com\/en\/special-christmas-markets-germany\/#primaryimage"},"thumbnailUrl":"https:\/\/funkygermany.com\/wp-content\/uploads\/2024\/11\/christmas-market-aachen-bird-view-c-hatim-kanchwala-unsplash.jpg","datePublished":"2024-11-05T11:34:15+00:00","dateModified":"2024-11-05T11:34:17+00:00","description":"Soon we are once again in the middle of the festive season. And we've looked for some very special Christmas markets in Germany.","breadcrumb":{"@id":"https:\/\/funkygermany.com\/en\/special-christmas-markets-germany\/#breadcrumb"},"inLanguage":"en-US","potentialAction":[{"@type":"ReadAction","target":["https:\/\/funkygermany.com\/en\/special-christmas-markets-germany\/"]}]},{"@type":"ImageObject","inLanguage":"en-US","@id":"https:\/\/funkygermany.com\/en\/special-christmas-markets-germany\/#primaryimage","url":"https:\/\/funkygermany.com\/wp-content\/uploads\/2024\/11\/christmas-market-aachen-bird-view-c-hatim-kanchwala-unsplash.jpg","contentUrl":"https:\/\/funkygermany.com\/wp-content\/uploads\/2024\/11\/christmas-market-aachen-bird-view-c-hatim-kanchwala-unsplash.jpg","width":1750,"height":1166,"caption":"Hatim Kanchwala \/ unsplash"},{"@type":"BreadcrumbList","@id":"https:\/\/funkygermany.com\/en\/special-christmas-markets-germany\/#breadcrumb","itemListElement":[{"@type":"ListItem","position":1,"name":"Homepage","item":"https:\/\/funkygermany.com\/en\/"},{"@type":"ListItem","position":2,"name":"5 must-visit Christmas markets in Germany"}]},{"@type":"WebSite","@id":"https:\/\/funkygermany.com\/en\/#website","url":"https:\/\/funkygermany.com\/en\/","name":"funkyGERMANY","description":"The Travel Site","publisher":{"@id":"https:\/\/funkygermany.com\/en\/#organization"},"potentialAction":[{"@type":"SearchAction","target":{"@type":"EntryPoint","urlTemplate":"https:\/\/funkygermany.com\/en\/?s={search_term_string}"},"query-input":{"@type":"PropertyValueSpecification","valueRequired":true,"valueName":"search_term_string"}}],"inLanguage":"en-US"},{"@type":"Organization","@id":"https:\/\/funkygermany.com\/en\/#organization","name":"funkyGERMANY","url":"https:\/\/funkygermany.com\/en\/","logo":{"@type":"ImageObject","inLanguage":"en-US","@id":"https:\/\/funkygermany.com\/en\/#\/schema\/logo\/image\/","url":"","contentUrl":"","caption":"funkyGERMANY"},"image":{"@id":"https:\/\/funkygermany.com\/en\/#\/schema\/logo\/image\/"},"sameAs":["https:\/\/www.facebook.com\/funkyGERMANY\/","https:\/\/x.com\/funky_germany","https:\/\/www.instagram.com\/funky.germany\/"]},{"@type":"Person","@id":"https:\/\/funkygermany.com\/en\/#\/schema\/person\/f81b7afdf2e893ded488c675b14e4ab9","name":"Konrad Bender","image":{"@type":"ImageObject","inLanguage":"en-US","@id":"https:\/\/secure.gravatar.com\/avatar\/23b3770cab9ffa7229f737140560ffbdbbc31e87f47597d1e37137060660d1f2?s=96&d=mm&r=g","url":"https:\/\/secure.gravatar.com\/avatar\/23b3770cab9ffa7229f737140560ffbdbbc31e87f47597d1e37137060660d1f2?s=96&d=mm&r=g","contentUrl":"https:\/\/secure.gravatar.com\/avatar\/23b3770cab9ffa7229f737140560ffbdbbc31e87f47597d1e37137060660d1f2?s=96&d=mm&r=g","caption":"Konrad Bender"},"description":"Konrad l\u00e4sst sich gerne \u00fcberraschen. Seine Reisen f\u00fchren den Exil-Sauerl\u00e4nder an Orte, die auf den Reisepl\u00e4nen vieler Menschen vielleicht nicht ganz oben stehen und doch viel zu bieten haben. Ein besonderes Augenmerk legt der Hobbyhistoriker dabei auf Kultur und Geschichte, erkundet aber auch f\u00fcr sein Leben gern Naturkathedralen und Gastrotempel gleicherma\u00dfen.","url":"https:\/\/funkygermany.com\/en\/author\/konrad-bender\/"}]}},"_links":{"self":[{"href":"https:\/\/funkygermany.com\/en\/wp-json\/wp\/v2\/posts\/16670","targetHints":{"allow":["GET"]}}],"collection":[{"href":"https:\/\/funkygermany.com\/en\/wp-json\/wp\/v2\/posts"}],"about":[{"href":"https:\/\/funkygermany.com\/en\/wp-json\/wp\/v2\/types\/post"}],"author":[{"embeddable":true,"href":"https:\/\/funkygermany.com\/en\/wp-json\/wp\/v2\/users\/10"}],"replies":[{"embeddable":true,"href":"https:\/\/funkygermany.com\/en\/wp-json\/wp\/v2\/comments?post=16670"}],"version-history":[{"count":2,"href":"https:\/\/funkygermany.com\/en\/wp-json\/wp\/v2\/posts\/16670\/revisions"}],"predecessor-version":[{"id":16674,"href":"https:\/\/funkygermany.com\/en\/wp-json\/wp\/v2\/posts\/16670\/revisions\/16674"}],"wp:featuredmedia":[{"embeddable":true,"href":"https:\/\/funkygermany.com\/en\/wp-json\/wp\/v2\/media\/16671"}],"wp:attachment":[{"href":"https:\/\/funkygermany.com\/en\/wp-json\/wp\/v2\/media?parent=16670"}],"wp:term":[{"taxonomy":"category","embeddable":true,"href":"https:\/\/funkygermany.com\/en\/wp-json\/wp\/v2\/categories?post=16670"},{"taxonomy":"post_tag","embeddable":true,"href":"https:\/\/funkygermany.com\/en\/wp-json\/wp\/v2\/tags?post=16670"}],"curies":[{"name":"wp","href":"https:\/\/api.w.org\/{rel}","templated":true}]}}