{"id":16607,"date":"2024-10-29T09:46:00","date_gmt":"2024-10-29T08:46:00","guid":{"rendered":"https:\/\/funkygermany.com\/?p=16607"},"modified":"2024-10-24T15:47:12","modified_gmt":"2024-10-24T13:47:12","slug":"amrum-off-season","status":"publish","type":"post","link":"https:\/\/funkygermany.com\/en\/amrum-off-season\/","title":{"rendered":"The Green Sea of Amrum"},"content":{"rendered":"\n<p><strong>Even if you&#8217;ve been here dozens of times, the North Sea is always worth a visit. Even if it&#8217;s just to feel the wind in your face. There is plenty to discover even in the off-season. Our editor Konrad spent time on Amrum and especially in the Amrum dunes \u2013 by day and by night.<\/strong><\/p>\n\n\n\n<p>It was \u201conly\u201d supposed to be a <strong>night hike in the dunes<\/strong>. <a href=\"https:\/\/der-insell\u00e4ufer.de\/\" target=\"_blank\" rel=\"noreferrer noopener\">Dark Blome<\/a>, the dune guide for our small Amrum travel group, is very knowledgeable about <strong>constellations <\/strong>and the mystical and fairytale-like stories behind them. But the spectacle that is now unfolding before our wide-eyed gaze leaves even this unusually talkative northern German speechless. Almost a dozen bright points of light \u2013 significantly larger than the surrounding stars \u2013 pass over our heads in a ghostly procession, like a string of pearls. I admit that my first thought was also, \u201cAre these the aliens (finally)?\u201d<\/p>\n\n\n\n<figure class=\"wp-block-image size-large\"><a href=\"https:\/\/funkygermany.com\/wp-content\/uploads\/2024\/10\/amrum-010.webp\"><img decoding=\"async\" width=\"1024\" height=\"683\" loading=\"lazy\" src=\"https:\/\/funkygermany.com\/wp-content\/uploads\/2024\/10\/amrum-010-1024x683.webp\" alt=\"The lighthouse of Amrum, seen from a ferry\" class=\"wp-image-14845\" srcset=\"https:\/\/funkygermany.com\/wp-content\/uploads\/2024\/10\/amrum-010-1024x683.webp 1024w, https:\/\/funkygermany.com\/wp-content\/uploads\/2024\/10\/amrum-010-300x200.webp 300w, https:\/\/funkygermany.com\/wp-content\/uploads\/2024\/10\/amrum-010-883x589.webp 883w, https:\/\/funkygermany.com\/wp-content\/uploads\/2024\/10\/amrum-010-1536x1024.webp 1536w, https:\/\/funkygermany.com\/wp-content\/uploads\/2024\/10\/amrum-010-1155x770.webp 1155w, https:\/\/funkygermany.com\/wp-content\/uploads\/2024\/10\/amrum-010-370x247.webp 370w, https:\/\/funkygermany.com\/wp-content\/uploads\/2024\/10\/amrum-010-770x513.webp 770w, https:\/\/funkygermany.com\/wp-content\/uploads\/2024\/10\/amrum-010-293x195.webp 293w, https:\/\/funkygermany.com\/wp-content\/uploads\/2024\/10\/amrum-010-1400x934.webp 1400w, https:\/\/funkygermany.com\/wp-content\/uploads\/2024\/10\/amrum-010.webp 1750w\" sizes=\"auto, (max-width: 1024px) 100vw, 1024px\" \/><noscript><img decoding=\"async\" width=\"1024\" height=\"683\" src=\"https:\/\/funkygermany.com\/wp-content\/uploads\/2024\/10\/amrum-010-1024x683.webp\" alt=\"The lighthouse of Amrum, seen from a ferry\" class=\"wp-image-14845\" srcset=\"https:\/\/funkygermany.com\/wp-content\/uploads\/2024\/10\/amrum-010-1024x683.webp 1024w, https:\/\/funkygermany.com\/wp-content\/uploads\/2024\/10\/amrum-010-300x200.webp 300w, https:\/\/funkygermany.com\/wp-content\/uploads\/2024\/10\/amrum-010-883x589.webp 883w, https:\/\/funkygermany.com\/wp-content\/uploads\/2024\/10\/amrum-010-1536x1024.webp 1536w, https:\/\/funkygermany.com\/wp-content\/uploads\/2024\/10\/amrum-010-1155x770.webp 1155w, https:\/\/funkygermany.com\/wp-content\/uploads\/2024\/10\/amrum-010-370x247.webp 370w, https:\/\/funkygermany.com\/wp-content\/uploads\/2024\/10\/amrum-010-770x513.webp 770w, https:\/\/funkygermany.com\/wp-content\/uploads\/2024\/10\/amrum-010-293x195.webp 293w, https:\/\/funkygermany.com\/wp-content\/uploads\/2024\/10\/amrum-010-1400x934.webp 1400w, https:\/\/funkygermany.com\/wp-content\/uploads\/2024\/10\/amrum-010.webp 1750w\" sizes=\"(max-width: 1024px) 100vw, 1024px\" \/><\/noscript><\/a><figcaption class=\"wp-element-caption\">Konrad Bender<\/figcaption><\/figure>\n\n\n\n<p>The explanation is much more mundane. \u201cThey are <strong>satellites <\/strong>that Musk has launched. Illuminated by the rest of the sun.\u201d Dark&#8217;s enthusiasm is audibly limited. Since 2019, the controversial multibillionaire Elon Musk has been filling the sky above our heads with his Starlink satellites, which are supposed to enable cable-independent internet access worldwide. As of the end of October 2023, there were a good 5,000 of them. \u201cIf it continues at this rate, we won&#8217;t see any stars above the island at all soon,\u201d grumbles the dune guide.<\/p>\n\n\n\n<h2 class=\"wp-block-heading\" id=\"h-best-view-for-amateur-astronomers\">Best view for amateur astronomers<\/h2>\n\n\n\n<p>And that would be a real shame, because the <strong>sparkling starry sky <\/strong>is one of the highlights on the fourth largest North Frisian island of Amrum. Dark Blome \u2013 who should actually have the Nordic name \u201cDag\u201d, but something went wrong with the birth certificate \u2013 knows the <strong>extensive dune landscape <\/strong>just as well as he knows the firmament. \u201cThe first celestial body you can see clearly is Venus. There!\u201d he calls to our attention shortly after we have moved into the dunes at dusk. And indeed: following the dune guide&#8217;s finger, I can see our bright neighbor with the naked eye. Which I might otherwise have mistaken for a star.<\/p>\n\n\n\n<figure class=\"wp-block-image size-large\"><a href=\"https:\/\/funkygermany.com\/wp-content\/uploads\/2024\/10\/amrum-002.webp\"><img decoding=\"async\" width=\"1024\" height=\"683\" loading=\"lazy\" src=\"https:\/\/funkygermany.com\/wp-content\/uploads\/2024\/10\/amrum-002-1024x683.webp\" alt=\"Transition from the beach to the dune landscape\" class=\"wp-image-14848\" srcset=\"https:\/\/funkygermany.com\/wp-content\/uploads\/2024\/10\/amrum-002-1024x683.webp 1024w, https:\/\/funkygermany.com\/wp-content\/uploads\/2024\/10\/amrum-002-300x200.webp 300w, https:\/\/funkygermany.com\/wp-content\/uploads\/2024\/10\/amrum-002-883x589.webp 883w, https:\/\/funkygermany.com\/wp-content\/uploads\/2024\/10\/amrum-002-1536x1024.webp 1536w, https:\/\/funkygermany.com\/wp-content\/uploads\/2024\/10\/amrum-002-1155x770.webp 1155w, https:\/\/funkygermany.com\/wp-content\/uploads\/2024\/10\/amrum-002-370x247.webp 370w, https:\/\/funkygermany.com\/wp-content\/uploads\/2024\/10\/amrum-002-770x513.webp 770w, https:\/\/funkygermany.com\/wp-content\/uploads\/2024\/10\/amrum-002-293x195.webp 293w, https:\/\/funkygermany.com\/wp-content\/uploads\/2024\/10\/amrum-002-1400x934.webp 1400w, https:\/\/funkygermany.com\/wp-content\/uploads\/2024\/10\/amrum-002.webp 1750w\" sizes=\"auto, (max-width: 1024px) 100vw, 1024px\" \/><noscript><img decoding=\"async\" width=\"1024\" height=\"683\" src=\"https:\/\/funkygermany.com\/wp-content\/uploads\/2024\/10\/amrum-002-1024x683.webp\" alt=\"Transition from the beach to the dune landscape\" class=\"wp-image-14848\" srcset=\"https:\/\/funkygermany.com\/wp-content\/uploads\/2024\/10\/amrum-002-1024x683.webp 1024w, https:\/\/funkygermany.com\/wp-content\/uploads\/2024\/10\/amrum-002-300x200.webp 300w, https:\/\/funkygermany.com\/wp-content\/uploads\/2024\/10\/amrum-002-883x589.webp 883w, https:\/\/funkygermany.com\/wp-content\/uploads\/2024\/10\/amrum-002-1536x1024.webp 1536w, https:\/\/funkygermany.com\/wp-content\/uploads\/2024\/10\/amrum-002-1155x770.webp 1155w, https:\/\/funkygermany.com\/wp-content\/uploads\/2024\/10\/amrum-002-370x247.webp 370w, https:\/\/funkygermany.com\/wp-content\/uploads\/2024\/10\/amrum-002-770x513.webp 770w, https:\/\/funkygermany.com\/wp-content\/uploads\/2024\/10\/amrum-002-293x195.webp 293w, https:\/\/funkygermany.com\/wp-content\/uploads\/2024\/10\/amrum-002-1400x934.webp 1400w, https:\/\/funkygermany.com\/wp-content\/uploads\/2024\/10\/amrum-002.webp 1750w\" sizes=\"(max-width: 1024px) 100vw, 1024px\" \/><\/noscript><\/a><figcaption class=\"wp-element-caption\">Konrad Bender<\/figcaption><\/figure>\n\n\n\n<p>The constellations are the next topic of conversation. I can just about recognize the Little Dipper together with Polaris. But after that my knowledge of the constellations is limited. But Dark knows them all, along with <strong>the stories behind them<\/strong>. Whether it&#8217;s Pegasus, who sprang from the neck of the decapitated Medusa and into the sky, or Vega and Altair in the <strong>Summer Triangle<\/strong>, who, according to Japanese legend, as lovers, can only find each other once a year and are separated by the <strong>Milky Way <\/strong>for the rest of the year. Incidentally, the silvery-white band of stars can also be seen perfectly under the northern German night sky.<\/p>\n\n\n\n<figure class=\"wp-block-image size-large\"><a href=\"https:\/\/funkygermany.com\/wp-content\/uploads\/2024\/10\/amrum-009-scaled-1.webp\"><img decoding=\"async\" width=\"683\" height=\"1024\" loading=\"lazy\" src=\"https:\/\/funkygermany.com\/wp-content\/uploads\/2024\/10\/amrum-009-scaled-1-683x1024.webp\" alt=\"A wooden walkway leads through the green dunes.\" class=\"wp-image-14850\" srcset=\"https:\/\/funkygermany.com\/wp-content\/uploads\/2024\/10\/amrum-009-scaled-1-683x1024.webp 683w, https:\/\/funkygermany.com\/wp-content\/uploads\/2024\/10\/amrum-009-scaled-1-200x300.webp 200w, https:\/\/funkygermany.com\/wp-content\/uploads\/2024\/10\/amrum-009-scaled-1-883x1323.webp 883w, https:\/\/funkygermany.com\/wp-content\/uploads\/2024\/10\/amrum-009-scaled-1-1025x1536.webp 1025w, https:\/\/funkygermany.com\/wp-content\/uploads\/2024\/10\/amrum-009-scaled-1-1366x2048.webp 1366w, https:\/\/funkygermany.com\/wp-content\/uploads\/2024\/10\/amrum-009-scaled-1-293x439.webp 293w, https:\/\/funkygermany.com\/wp-content\/uploads\/2024\/10\/amrum-009-scaled-1-770x1154.webp 770w, https:\/\/funkygermany.com\/wp-content\/uploads\/2024\/10\/amrum-009-scaled-1-1400x2098.webp 1400w, https:\/\/funkygermany.com\/wp-content\/uploads\/2024\/10\/amrum-009-scaled-1.webp 1708w\" sizes=\"auto, (max-width: 683px) 100vw, 683px\" \/><noscript><img decoding=\"async\" width=\"683\" height=\"1024\" src=\"https:\/\/funkygermany.com\/wp-content\/uploads\/2024\/10\/amrum-009-scaled-1-683x1024.webp\" alt=\"A wooden walkway leads through the green dunes.\" class=\"wp-image-14850\" srcset=\"https:\/\/funkygermany.com\/wp-content\/uploads\/2024\/10\/amrum-009-scaled-1-683x1024.webp 683w, https:\/\/funkygermany.com\/wp-content\/uploads\/2024\/10\/amrum-009-scaled-1-200x300.webp 200w, https:\/\/funkygermany.com\/wp-content\/uploads\/2024\/10\/amrum-009-scaled-1-883x1323.webp 883w, https:\/\/funkygermany.com\/wp-content\/uploads\/2024\/10\/amrum-009-scaled-1-1025x1536.webp 1025w, https:\/\/funkygermany.com\/wp-content\/uploads\/2024\/10\/amrum-009-scaled-1-1366x2048.webp 1366w, https:\/\/funkygermany.com\/wp-content\/uploads\/2024\/10\/amrum-009-scaled-1-293x439.webp 293w, https:\/\/funkygermany.com\/wp-content\/uploads\/2024\/10\/amrum-009-scaled-1-770x1154.webp 770w, https:\/\/funkygermany.com\/wp-content\/uploads\/2024\/10\/amrum-009-scaled-1-1400x2098.webp 1400w, https:\/\/funkygermany.com\/wp-content\/uploads\/2024\/10\/amrum-009-scaled-1.webp 1708w\" sizes=\"(max-width: 683px) 100vw, 683px\" \/><\/noscript><\/a><figcaption class=\"wp-element-caption\">Konrad Bender<\/figcaption><\/figure>\n\n\n\n<p>At the end of the hike, Dark leads us over the wooden walkways that have been built into the dune landscape to a viewing platform that is higher than all the surrounding sand hills. So we have the best view of all the <strong>beacons <\/strong>that the attentive eye can see along the North Sea coast. \u201cEvery lighthouse has an identifier,\u201d the expert explains, \u201cso that you can distinguish them at night at sea.\u201d The <strong>Amrum lighthouse<\/strong>, for example, has the identifier \u201cflashing light white 7.5\u201d, which means a short white flash every seven and a half seconds. It shows once again: travel is the best education.<\/p>\n\n\n\n<h2 class=\"wp-block-heading\">Nature that needs to be protected<\/h2>\n\n\n\n<p>The next morning, I stroll through <strong>Norddorf<\/strong>, the third largest and northernmost of the five villages on Amrum. Even now, in the low season, there is a hustle and bustle in the typical Frisian village. As is typical for North Sea tourism, there are <strong>countless holiday apartments and guesthouses <\/strong>on Amrum, as well as some larger wellness hotels. Most of the guests I meet on my morning walk are <strong>families with small children<\/strong>, perhaps spending their first vacation by the sea. Collecting their first shells and wiggling themselves ankle-deep into the soft mudflats under parental supervision. But <strong>whimsical nature lovers <\/strong>like me are also drawn to the far north. And to the unique dune landscape on this island.<\/p>\n\n\n\n<figure class=\"wp-block-image size-large\"><a href=\"https:\/\/funkygermany.com\/wp-content\/uploads\/2024\/10\/frisian-home-amrum-c-konrad-bender.webp\"><img decoding=\"async\" width=\"1024\" height=\"683\" loading=\"lazy\" src=\"https:\/\/funkygermany.com\/wp-content\/uploads\/2024\/10\/frisian-home-amrum-c-konrad-bender-1024x683.webp\" alt=\"A typical Frisian house with red tiles and a thatched roof\" class=\"wp-image-14576\" srcset=\"https:\/\/funkygermany.com\/wp-content\/uploads\/2024\/10\/frisian-home-amrum-c-konrad-bender-1024x683.webp 1024w, https:\/\/funkygermany.com\/wp-content\/uploads\/2024\/10\/frisian-home-amrum-c-konrad-bender-300x200.webp 300w, https:\/\/funkygermany.com\/wp-content\/uploads\/2024\/10\/frisian-home-amrum-c-konrad-bender-883x589.webp 883w, https:\/\/funkygermany.com\/wp-content\/uploads\/2024\/10\/frisian-home-amrum-c-konrad-bender-1536x1024.webp 1536w, https:\/\/funkygermany.com\/wp-content\/uploads\/2024\/10\/frisian-home-amrum-c-konrad-bender-1155x770.webp 1155w, https:\/\/funkygermany.com\/wp-content\/uploads\/2024\/10\/frisian-home-amrum-c-konrad-bender-370x247.webp 370w, https:\/\/funkygermany.com\/wp-content\/uploads\/2024\/10\/frisian-home-amrum-c-konrad-bender-770x513.webp 770w, https:\/\/funkygermany.com\/wp-content\/uploads\/2024\/10\/frisian-home-amrum-c-konrad-bender-293x195.webp 293w, https:\/\/funkygermany.com\/wp-content\/uploads\/2024\/10\/frisian-home-amrum-c-konrad-bender-1400x934.webp 1400w, https:\/\/funkygermany.com\/wp-content\/uploads\/2024\/10\/frisian-home-amrum-c-konrad-bender.webp 1750w\" sizes=\"auto, (max-width: 1024px) 100vw, 1024px\" \/><noscript><img decoding=\"async\" width=\"1024\" height=\"683\" src=\"https:\/\/funkygermany.com\/wp-content\/uploads\/2024\/10\/frisian-home-amrum-c-konrad-bender-1024x683.webp\" alt=\"A typical Frisian house with red tiles and a thatched roof\" class=\"wp-image-14576\" srcset=\"https:\/\/funkygermany.com\/wp-content\/uploads\/2024\/10\/frisian-home-amrum-c-konrad-bender-1024x683.webp 1024w, https:\/\/funkygermany.com\/wp-content\/uploads\/2024\/10\/frisian-home-amrum-c-konrad-bender-300x200.webp 300w, https:\/\/funkygermany.com\/wp-content\/uploads\/2024\/10\/frisian-home-amrum-c-konrad-bender-883x589.webp 883w, https:\/\/funkygermany.com\/wp-content\/uploads\/2024\/10\/frisian-home-amrum-c-konrad-bender-1536x1024.webp 1536w, https:\/\/funkygermany.com\/wp-content\/uploads\/2024\/10\/frisian-home-amrum-c-konrad-bender-1155x770.webp 1155w, https:\/\/funkygermany.com\/wp-content\/uploads\/2024\/10\/frisian-home-amrum-c-konrad-bender-370x247.webp 370w, https:\/\/funkygermany.com\/wp-content\/uploads\/2024\/10\/frisian-home-amrum-c-konrad-bender-770x513.webp 770w, https:\/\/funkygermany.com\/wp-content\/uploads\/2024\/10\/frisian-home-amrum-c-konrad-bender-293x195.webp 293w, https:\/\/funkygermany.com\/wp-content\/uploads\/2024\/10\/frisian-home-amrum-c-konrad-bender-1400x934.webp 1400w, https:\/\/funkygermany.com\/wp-content\/uploads\/2024\/10\/frisian-home-amrum-c-konrad-bender.webp 1750w\" sizes=\"(max-width: 1024px) 100vw, 1024px\" \/><\/noscript><\/a><figcaption class=\"wp-element-caption\">Konrad Bender<\/figcaption><\/figure>\n\n\n\n<p>So let&#8217;s head out of Norddorf and into the <strong>Amrum Dunes Nature Reserve<\/strong>! We meet Kira at the nature center, right at the entrance to Norddorfer Strand. The 19-year-old is spending a year <strong>volunteering <\/strong>for the environment with the nature and heritage association \u201c\u00d6\u00f6mrang Ferian\u201d, which is committed to preserving the Frisian language and culture as well as protecting nature. The nature center also offers <strong>exciting courses <\/strong>for young naturalists. Here they can learn everything worth knowing about the mudflats and the island in a playful way or create small works of art with beach materials. But we are heading into the dunes with our expert guide. That&#8217;s because they are <strong>not to be walked on <\/strong>just like that. The characteristically green beach grass, which keeps the sand in place, is too delicate.<\/p>\n\n\n\n<h2 class=\"wp-block-heading\" id=\"h-a-pleasure-meeting-you-blanker-hans\">A pleasure meeting you, Blanker Hans<\/h2>\n\n\n\n<p>The dunes are the Amrumers&#8217; <strong>life insurance<\/strong>, serving as a <strong>natural dike <\/strong>and protection against the forces of nature. Which, in the form of the rough North Sea, break against the western side of the island with unrelenting force. \u201cWhen we see the sea, the sea sees us,\u201d Kira summarizes the danger succinctly. And for a moment a shiver runs down my spine. I can&#8217;t help but think of the mystical North Sea island of <strong>Rungholt<\/strong>, which was swallowed up by the sea in one night in 1634 during a storm tide. When the \u201c<strong>Blanke Hans<\/strong>\u201d shows itself, as the coastal inhabitants call the North Sea during a storm, you quickly learn to respect nature.<\/p>\n\n\n\n<figure class=\"wp-block-image size-large\"><a href=\"https:\/\/funkygermany.com\/wp-content\/uploads\/2024\/10\/amrum-beach-wind-kniepsand-c-konrad-bender.webp\"><img decoding=\"async\" width=\"1024\" height=\"683\" loading=\"lazy\" src=\"https:\/\/funkygermany.com\/wp-content\/uploads\/2024\/10\/amrum-beach-wind-kniepsand-c-konrad-bender-1024x683.webp\" alt=\"On the beach of Amrum, sand is blown up by strong winds.\" class=\"wp-image-14570\" srcset=\"https:\/\/funkygermany.com\/wp-content\/uploads\/2024\/10\/amrum-beach-wind-kniepsand-c-konrad-bender-1024x683.webp 1024w, https:\/\/funkygermany.com\/wp-content\/uploads\/2024\/10\/amrum-beach-wind-kniepsand-c-konrad-bender-300x200.webp 300w, https:\/\/funkygermany.com\/wp-content\/uploads\/2024\/10\/amrum-beach-wind-kniepsand-c-konrad-bender-883x589.webp 883w, https:\/\/funkygermany.com\/wp-content\/uploads\/2024\/10\/amrum-beach-wind-kniepsand-c-konrad-bender-1536x1024.webp 1536w, https:\/\/funkygermany.com\/wp-content\/uploads\/2024\/10\/amrum-beach-wind-kniepsand-c-konrad-bender-1155x770.webp 1155w, https:\/\/funkygermany.com\/wp-content\/uploads\/2024\/10\/amrum-beach-wind-kniepsand-c-konrad-bender-370x247.webp 370w, https:\/\/funkygermany.com\/wp-content\/uploads\/2024\/10\/amrum-beach-wind-kniepsand-c-konrad-bender-770x513.webp 770w, https:\/\/funkygermany.com\/wp-content\/uploads\/2024\/10\/amrum-beach-wind-kniepsand-c-konrad-bender-293x195.webp 293w, https:\/\/funkygermany.com\/wp-content\/uploads\/2024\/10\/amrum-beach-wind-kniepsand-c-konrad-bender-1400x934.webp 1400w, https:\/\/funkygermany.com\/wp-content\/uploads\/2024\/10\/amrum-beach-wind-kniepsand-c-konrad-bender.webp 1750w\" sizes=\"auto, (max-width: 1024px) 100vw, 1024px\" \/><noscript><img decoding=\"async\" width=\"1024\" height=\"683\" src=\"https:\/\/funkygermany.com\/wp-content\/uploads\/2024\/10\/amrum-beach-wind-kniepsand-c-konrad-bender-1024x683.webp\" alt=\"On the beach of Amrum, sand is blown up by strong winds.\" class=\"wp-image-14570\" srcset=\"https:\/\/funkygermany.com\/wp-content\/uploads\/2024\/10\/amrum-beach-wind-kniepsand-c-konrad-bender-1024x683.webp 1024w, https:\/\/funkygermany.com\/wp-content\/uploads\/2024\/10\/amrum-beach-wind-kniepsand-c-konrad-bender-300x200.webp 300w, https:\/\/funkygermany.com\/wp-content\/uploads\/2024\/10\/amrum-beach-wind-kniepsand-c-konrad-bender-883x589.webp 883w, https:\/\/funkygermany.com\/wp-content\/uploads\/2024\/10\/amrum-beach-wind-kniepsand-c-konrad-bender-1536x1024.webp 1536w, https:\/\/funkygermany.com\/wp-content\/uploads\/2024\/10\/amrum-beach-wind-kniepsand-c-konrad-bender-1155x770.webp 1155w, https:\/\/funkygermany.com\/wp-content\/uploads\/2024\/10\/amrum-beach-wind-kniepsand-c-konrad-bender-370x247.webp 370w, https:\/\/funkygermany.com\/wp-content\/uploads\/2024\/10\/amrum-beach-wind-kniepsand-c-konrad-bender-770x513.webp 770w, https:\/\/funkygermany.com\/wp-content\/uploads\/2024\/10\/amrum-beach-wind-kniepsand-c-konrad-bender-293x195.webp 293w, https:\/\/funkygermany.com\/wp-content\/uploads\/2024\/10\/amrum-beach-wind-kniepsand-c-konrad-bender-1400x934.webp 1400w, https:\/\/funkygermany.com\/wp-content\/uploads\/2024\/10\/amrum-beach-wind-kniepsand-c-konrad-bender.webp 1750w\" sizes=\"(max-width: 1024px) 100vw, 1024px\" \/><\/noscript><\/a><figcaption class=\"wp-element-caption\">Konrad Bender<\/figcaption><\/figure>\n\n\n\n<p>The Blanke Hans is also hard at work during our walk along the beach. The \u201c<strong>Kniepsand<\/strong>\u201d, which is particularly small-grained, fine sand and typical for Amrum, is actually a wonderfully soft surface for lying on when you are sunbathing on the beach here in summer and letting the sand trickle through your toes \u2013 and inevitably having some of it in your shoes for months afterwards. Today, however, thanks to the extreme wind speeds, I get a free facial scrub. And a workout on top of that as we fight our way along the beach against the wind. But I&#8217;m not complaining. I wanted nature, and I&#8217;m getting nature in abundance.<\/p>\n\n\n\n<figure class=\"wp-block-image size-large\"><a href=\"https:\/\/funkygermany.com\/wp-content\/uploads\/2024\/10\/amrum-007.webp\"><img decoding=\"async\" width=\"1024\" height=\"683\" loading=\"lazy\" src=\"https:\/\/funkygermany.com\/wp-content\/uploads\/2024\/10\/amrum-007-1024x683.webp\" alt=\"Panoramic view of the extensive, green dune landscape on Amrum\" class=\"wp-image-14852\" srcset=\"https:\/\/funkygermany.com\/wp-content\/uploads\/2024\/10\/amrum-007-1024x683.webp 1024w, https:\/\/funkygermany.com\/wp-content\/uploads\/2024\/10\/amrum-007-300x200.webp 300w, https:\/\/funkygermany.com\/wp-content\/uploads\/2024\/10\/amrum-007-883x589.webp 883w, https:\/\/funkygermany.com\/wp-content\/uploads\/2024\/10\/amrum-007-1536x1024.webp 1536w, https:\/\/funkygermany.com\/wp-content\/uploads\/2024\/10\/amrum-007-1155x770.webp 1155w, https:\/\/funkygermany.com\/wp-content\/uploads\/2024\/10\/amrum-007-370x247.webp 370w, https:\/\/funkygermany.com\/wp-content\/uploads\/2024\/10\/amrum-007-770x513.webp 770w, https:\/\/funkygermany.com\/wp-content\/uploads\/2024\/10\/amrum-007-293x195.webp 293w, https:\/\/funkygermany.com\/wp-content\/uploads\/2024\/10\/amrum-007-1400x934.webp 1400w, https:\/\/funkygermany.com\/wp-content\/uploads\/2024\/10\/amrum-007.webp 1750w\" sizes=\"auto, (max-width: 1024px) 100vw, 1024px\" \/><noscript><img decoding=\"async\" width=\"1024\" height=\"683\" src=\"https:\/\/funkygermany.com\/wp-content\/uploads\/2024\/10\/amrum-007-1024x683.webp\" alt=\"Panoramic view of the extensive, green dune landscape on Amrum\" class=\"wp-image-14852\" srcset=\"https:\/\/funkygermany.com\/wp-content\/uploads\/2024\/10\/amrum-007-1024x683.webp 1024w, https:\/\/funkygermany.com\/wp-content\/uploads\/2024\/10\/amrum-007-300x200.webp 300w, https:\/\/funkygermany.com\/wp-content\/uploads\/2024\/10\/amrum-007-883x589.webp 883w, https:\/\/funkygermany.com\/wp-content\/uploads\/2024\/10\/amrum-007-1536x1024.webp 1536w, https:\/\/funkygermany.com\/wp-content\/uploads\/2024\/10\/amrum-007-1155x770.webp 1155w, https:\/\/funkygermany.com\/wp-content\/uploads\/2024\/10\/amrum-007-370x247.webp 370w, https:\/\/funkygermany.com\/wp-content\/uploads\/2024\/10\/amrum-007-770x513.webp 770w, https:\/\/funkygermany.com\/wp-content\/uploads\/2024\/10\/amrum-007-293x195.webp 293w, https:\/\/funkygermany.com\/wp-content\/uploads\/2024\/10\/amrum-007-1400x934.webp 1400w, https:\/\/funkygermany.com\/wp-content\/uploads\/2024\/10\/amrum-007.webp 1750w\" sizes=\"(max-width: 1024px) 100vw, 1024px\" \/><\/noscript><\/a><figcaption class=\"wp-element-caption\">Konrad Bender<\/figcaption><\/figure>\n\n\n\n<h2 class=\"wp-block-heading\">Up close and personal with the dune dwellers<\/h2>\n\n\n\n<p>After a short time, however, we turn off into the dunes via the \u201c<strong>Himmelsleiter<\/strong>\u201d. Although it is forbidden to enter the dunes themselves in order to protect the flora and fauna, the wide wooden walkways, which we also used during yesterday&#8217;s night walk, lead right across the stages. Now, in daylight, the <strong>unique natural landscape <\/strong>reveals itself in all its glory. Like a second, bright green shining sea, the stems of the beach grass sway and billow back and forth, an almost hypnotic sight. If only it weren&#8217;t so incredibly windy. But as soon as we descend from the dune ridge into the landscape and follow the boardwalk, the wind, which had just driven tears into our eyes, stops as if by magic.<\/p>\n\n\n\n<figure class=\"wp-block-gallery has-nested-images columns-default is-cropped wp-block-gallery-1 is-layout-flex wp-block-gallery-is-layout-flex\">\n<figure class=\"wp-block-image size-large\"><a href=\"https:\/\/funkygermany.com\/wp-content\/uploads\/2024\/10\/amrum-006.webp\"><img decoding=\"async\" width=\"1024\" height=\"683\" loading=\"lazy\" data-id=\"14854\" src=\"https:\/\/funkygermany.com\/wp-content\/uploads\/2024\/10\/amrum-006-1024x683.webp\" alt=\"Panorama of dunes and beach on Amrum\" class=\"wp-image-14854\" srcset=\"https:\/\/funkygermany.com\/wp-content\/uploads\/2024\/10\/amrum-006-1024x683.webp 1024w, https:\/\/funkygermany.com\/wp-content\/uploads\/2024\/10\/amrum-006-300x200.webp 300w, https:\/\/funkygermany.com\/wp-content\/uploads\/2024\/10\/amrum-006-883x589.webp 883w, https:\/\/funkygermany.com\/wp-content\/uploads\/2024\/10\/amrum-006-1536x1024.webp 1536w, https:\/\/funkygermany.com\/wp-content\/uploads\/2024\/10\/amrum-006-1155x770.webp 1155w, https:\/\/funkygermany.com\/wp-content\/uploads\/2024\/10\/amrum-006-370x247.webp 370w, https:\/\/funkygermany.com\/wp-content\/uploads\/2024\/10\/amrum-006-770x513.webp 770w, https:\/\/funkygermany.com\/wp-content\/uploads\/2024\/10\/amrum-006-293x195.webp 293w, https:\/\/funkygermany.com\/wp-content\/uploads\/2024\/10\/amrum-006-1400x934.webp 1400w, https:\/\/funkygermany.com\/wp-content\/uploads\/2024\/10\/amrum-006.webp 1750w\" sizes=\"auto, (max-width: 1024px) 100vw, 1024px\" \/><noscript><img decoding=\"async\" width=\"1024\" height=\"683\" data-id=\"14854\" src=\"https:\/\/funkygermany.com\/wp-content\/uploads\/2024\/10\/amrum-006-1024x683.webp\" alt=\"Panorama of dunes and beach on Amrum\" class=\"wp-image-14854\" srcset=\"https:\/\/funkygermany.com\/wp-content\/uploads\/2024\/10\/amrum-006-1024x683.webp 1024w, https:\/\/funkygermany.com\/wp-content\/uploads\/2024\/10\/amrum-006-300x200.webp 300w, https:\/\/funkygermany.com\/wp-content\/uploads\/2024\/10\/amrum-006-883x589.webp 883w, https:\/\/funkygermany.com\/wp-content\/uploads\/2024\/10\/amrum-006-1536x1024.webp 1536w, https:\/\/funkygermany.com\/wp-content\/uploads\/2024\/10\/amrum-006-1155x770.webp 1155w, https:\/\/funkygermany.com\/wp-content\/uploads\/2024\/10\/amrum-006-370x247.webp 370w, https:\/\/funkygermany.com\/wp-content\/uploads\/2024\/10\/amrum-006-770x513.webp 770w, https:\/\/funkygermany.com\/wp-content\/uploads\/2024\/10\/amrum-006-293x195.webp 293w, https:\/\/funkygermany.com\/wp-content\/uploads\/2024\/10\/amrum-006-1400x934.webp 1400w, https:\/\/funkygermany.com\/wp-content\/uploads\/2024\/10\/amrum-006.webp 1750w\" sizes=\"(max-width: 1024px) 100vw, 1024px\" \/><\/noscript><\/a><figcaption class=\"wp-element-caption\">Konrad Bender<\/figcaption><\/figure>\n\n\n\n<figure class=\"wp-block-image size-large\"><a href=\"https:\/\/funkygermany.com\/wp-content\/uploads\/2024\/10\/amrum-004.webp\"><img decoding=\"async\" width=\"1024\" height=\"683\" loading=\"lazy\" data-id=\"14856\" src=\"https:\/\/funkygermany.com\/wp-content\/uploads\/2024\/10\/amrum-004-1024x683.webp\" alt=\"A nature reserve sign in front of the dune ridge\" class=\"wp-image-14856\" srcset=\"https:\/\/funkygermany.com\/wp-content\/uploads\/2024\/10\/amrum-004-1024x683.webp 1024w, https:\/\/funkygermany.com\/wp-content\/uploads\/2024\/10\/amrum-004-300x200.webp 300w, https:\/\/funkygermany.com\/wp-content\/uploads\/2024\/10\/amrum-004-883x589.webp 883w, https:\/\/funkygermany.com\/wp-content\/uploads\/2024\/10\/amrum-004-1536x1024.webp 1536w, https:\/\/funkygermany.com\/wp-content\/uploads\/2024\/10\/amrum-004-1155x770.webp 1155w, https:\/\/funkygermany.com\/wp-content\/uploads\/2024\/10\/amrum-004-370x247.webp 370w, https:\/\/funkygermany.com\/wp-content\/uploads\/2024\/10\/amrum-004-770x513.webp 770w, https:\/\/funkygermany.com\/wp-content\/uploads\/2024\/10\/amrum-004-293x195.webp 293w, https:\/\/funkygermany.com\/wp-content\/uploads\/2024\/10\/amrum-004-1400x934.webp 1400w, https:\/\/funkygermany.com\/wp-content\/uploads\/2024\/10\/amrum-004.webp 1750w\" sizes=\"auto, (max-width: 1024px) 100vw, 1024px\" \/><noscript><img decoding=\"async\" width=\"1024\" height=\"683\" data-id=\"14856\" src=\"https:\/\/funkygermany.com\/wp-content\/uploads\/2024\/10\/amrum-004-1024x683.webp\" alt=\"A nature reserve sign in front of the dune ridge\" class=\"wp-image-14856\" srcset=\"https:\/\/funkygermany.com\/wp-content\/uploads\/2024\/10\/amrum-004-1024x683.webp 1024w, https:\/\/funkygermany.com\/wp-content\/uploads\/2024\/10\/amrum-004-300x200.webp 300w, https:\/\/funkygermany.com\/wp-content\/uploads\/2024\/10\/amrum-004-883x589.webp 883w, https:\/\/funkygermany.com\/wp-content\/uploads\/2024\/10\/amrum-004-1536x1024.webp 1536w, https:\/\/funkygermany.com\/wp-content\/uploads\/2024\/10\/amrum-004-1155x770.webp 1155w, https:\/\/funkygermany.com\/wp-content\/uploads\/2024\/10\/amrum-004-370x247.webp 370w, https:\/\/funkygermany.com\/wp-content\/uploads\/2024\/10\/amrum-004-770x513.webp 770w, https:\/\/funkygermany.com\/wp-content\/uploads\/2024\/10\/amrum-004-293x195.webp 293w, https:\/\/funkygermany.com\/wp-content\/uploads\/2024\/10\/amrum-004-1400x934.webp 1400w, https:\/\/funkygermany.com\/wp-content\/uploads\/2024\/10\/amrum-004.webp 1750w\" sizes=\"(max-width: 1024px) 100vw, 1024px\" \/><\/noscript><\/a><figcaption class=\"wp-element-caption\">Konrad Bender<\/figcaption><\/figure>\n<\/figure>\n\n\n\n<p>We walk single file over the slightly sandy wooden planks, but always with a firm, sure step. Shortly before the end of our hike, we pass some strange rocks that jut out of the sand to the left of the path. \u201cThis was a Stone Age burial mound,\u201d Kira explains, a <strong>prehistoric burial ground<\/strong>. \u201cIn the past \u2013 or even today \u2013 people suspected that the \u2018Onerb\u00e4\u00e4nke\u2019 live here under the dunes.\u201d These goblin-like figures of legend are said to bring good luck to a household if you get on well with them. But they can also cause mischief and disaster if angered. I reflect on my visit to the island with concern. But I think I did everything right. And who knows: maybe those lights in the sky last night weren&#8217;t satellites either, but just <strong>a couple of flying Onerb\u00e4\u00e4nke<\/strong>.<\/p>\n\n\n\n<figure class=\"wp-block-image size-large\"><a href=\"https:\/\/funkygermany.com\/wp-content\/uploads\/2024\/10\/amrum-011.webp\"><img decoding=\"async\" width=\"1024\" height=\"683\" loading=\"lazy\" src=\"https:\/\/funkygermany.com\/wp-content\/uploads\/2024\/10\/amrum-011-1024x683.webp\" alt=\"A bistro called \u201cOnerb\u00e4\u00e4nke\u201d\" class=\"wp-image-14858\" srcset=\"https:\/\/funkygermany.com\/wp-content\/uploads\/2024\/10\/amrum-011-1024x683.webp 1024w, https:\/\/funkygermany.com\/wp-content\/uploads\/2024\/10\/amrum-011-300x200.webp 300w, https:\/\/funkygermany.com\/wp-content\/uploads\/2024\/10\/amrum-011-883x589.webp 883w, https:\/\/funkygermany.com\/wp-content\/uploads\/2024\/10\/amrum-011-1536x1024.webp 1536w, https:\/\/funkygermany.com\/wp-content\/uploads\/2024\/10\/amrum-011-1155x770.webp 1155w, https:\/\/funkygermany.com\/wp-content\/uploads\/2024\/10\/amrum-011-370x247.webp 370w, https:\/\/funkygermany.com\/wp-content\/uploads\/2024\/10\/amrum-011-770x513.webp 770w, https:\/\/funkygermany.com\/wp-content\/uploads\/2024\/10\/amrum-011-293x195.webp 293w, https:\/\/funkygermany.com\/wp-content\/uploads\/2024\/10\/amrum-011-1400x934.webp 1400w, https:\/\/funkygermany.com\/wp-content\/uploads\/2024\/10\/amrum-011.webp 1750w\" sizes=\"auto, (max-width: 1024px) 100vw, 1024px\" \/><noscript><img decoding=\"async\" width=\"1024\" height=\"683\" src=\"https:\/\/funkygermany.com\/wp-content\/uploads\/2024\/10\/amrum-011-1024x683.webp\" alt=\"A bistro called \u201cOnerb\u00e4\u00e4nke\u201d\" class=\"wp-image-14858\" srcset=\"https:\/\/funkygermany.com\/wp-content\/uploads\/2024\/10\/amrum-011-1024x683.webp 1024w, https:\/\/funkygermany.com\/wp-content\/uploads\/2024\/10\/amrum-011-300x200.webp 300w, https:\/\/funkygermany.com\/wp-content\/uploads\/2024\/10\/amrum-011-883x589.webp 883w, https:\/\/funkygermany.com\/wp-content\/uploads\/2024\/10\/amrum-011-1536x1024.webp 1536w, https:\/\/funkygermany.com\/wp-content\/uploads\/2024\/10\/amrum-011-1155x770.webp 1155w, https:\/\/funkygermany.com\/wp-content\/uploads\/2024\/10\/amrum-011-370x247.webp 370w, https:\/\/funkygermany.com\/wp-content\/uploads\/2024\/10\/amrum-011-770x513.webp 770w, https:\/\/funkygermany.com\/wp-content\/uploads\/2024\/10\/amrum-011-293x195.webp 293w, https:\/\/funkygermany.com\/wp-content\/uploads\/2024\/10\/amrum-011-1400x934.webp 1400w, https:\/\/funkygermany.com\/wp-content\/uploads\/2024\/10\/amrum-011.webp 1750w\" sizes=\"(max-width: 1024px) 100vw, 1024px\" \/><\/noscript><\/a><figcaption class=\"wp-element-caption\">Konrad Bender<\/figcaption><\/figure>\n\n\n\n<h2 class=\"wp-block-heading\">Good to know<\/h2>\n\n\n\n<p class=\"has-cyan-bluish-gray-background-color has-background\">The island of Amrum is and remains a popular travel destination for Germans. In the high season, the beds are sometimes booked up to 97 percent capacity, so early planning is worthwhile. Many guesthouses and holiday homes are family-friendly. Larger hotels, such as the <a href=\"https:\/\/www.seeblicker.de\/en\">Seeblick Genuss und Spa Resort<\/a> in Norddorf, also offer a wide range of wellness services. The only way to get to the island is by ferry from Pellworm, Schl\u00fcttsiel or Amrum (ferry times depend on the tides and can be <a href=\"https:\/\/www.faehre.de\/en\" target=\"_blank\" rel=\"noreferrer noopener\">viewed online<\/a>). If you are traveling by car, you should reserve in advance. By train, you can travel directly from Nieb\u00fcll to Dageb\u00fcll Mole and board the ferry without a reservation.<\/p>\n\n\n\n<p><\/p>\n","protected":false},"excerpt":{"rendered":"<p>The North Sea island of Amrum is a dream destination not only in summer. In the off-season, the dunes show off their wild and beautiful side.<\/p>\n","protected":false},"author":10,"featured_media":16609,"comment_status":"closed","ping_status":"open","sticky":false,"template":"","format":"standard","meta":{"footnotes":""},"categories":[638],"tags":[675,683,693],"class_list":["post-16607","post","type-post","status-publish","format-standard","has-post-thumbnail","hentry","category-schleswig-holstein","tag-island","tag-north","tag-schleswig-holstein-en"],"yoast_head":"<!-- This site is optimized with the Yoast SEO Premium plugin v27.3 (Yoast SEO v27.3) - https:\/\/yoast.com\/product\/yoast-seo-premium-wordpress\/ -->\n<title>The Green Sea of Amrum - funkyGERMANY<\/title>\n<meta name=\"description\" content=\"The North Sea island of Amrum is a dream destination not only in summer. In the off-season, the dunes show off their wild and beautiful side.\" \/>\n<meta name=\"robots\" content=\"index, follow, max-snippet:-1, max-image-preview:large, max-video-preview:-1\" \/>\n<link rel=\"canonical\" href=\"https:\/\/funkygermany.com\/en\/amrum-off-season\/\" \/>\n<meta property=\"og:locale\" content=\"en_US\" \/>\n<meta property=\"og:type\" content=\"article\" \/>\n<meta property=\"og:title\" content=\"The Green Sea of Amrum\" \/>\n<meta property=\"og:description\" content=\"The North Sea island of Amrum is a dream destination not only in summer. In the off-season, the dunes show off their wild and beautiful side.\" \/>\n<meta property=\"og:url\" content=\"https:\/\/funkygermany.com\/en\/amrum-off-season\/\" \/>\n<meta property=\"og:site_name\" content=\"funkyGERMANY\" \/>\n<meta property=\"article:publisher\" content=\"https:\/\/www.facebook.com\/funkyGERMANY\/\" \/>\n<meta property=\"article:published_time\" content=\"2024-10-29T08:46:00+00:00\" \/>\n<meta property=\"og:image\" content=\"https:\/\/funkygermany.com\/wp-content\/uploads\/2024\/10\/amrum_duene_title_jl-scaled.webp\" \/>\n\t<meta property=\"og:image:width\" content=\"2560\" \/>\n\t<meta property=\"og:image:height\" content=\"1708\" \/>\n\t<meta property=\"og:image:type\" content=\"image\/webp\" \/>\n<meta name=\"author\" content=\"Konrad Bender\" \/>\n<meta name=\"twitter:card\" content=\"summary_large_image\" \/>\n<meta name=\"twitter:creator\" content=\"@funky_germany\" \/>\n<meta name=\"twitter:site\" content=\"@funky_germany\" \/>\n<meta name=\"twitter:label1\" content=\"Written by\" \/>\n\t<meta name=\"twitter:data1\" content=\"Konrad Bender\" \/>\n\t<meta name=\"twitter:label2\" content=\"Est. reading time\" \/>\n\t<meta name=\"twitter:data2\" content=\"11 minutes\" \/>\n<script type=\"application\/ld+json\" class=\"yoast-schema-graph\">{\"@context\":\"https:\\\/\\\/schema.org\",\"@graph\":[{\"@type\":\"Article\",\"@id\":\"https:\\\/\\\/funkygermany.com\\\/en\\\/amrum-off-season\\\/#article\",\"isPartOf\":{\"@id\":\"https:\\\/\\\/funkygermany.com\\\/en\\\/amrum-off-season\\\/\"},\"author\":{\"name\":\"Konrad Bender\",\"@id\":\"https:\\\/\\\/funkygermany.com\\\/en\\\/#\\\/schema\\\/person\\\/f81b7afdf2e893ded488c675b14e4ab9\"},\"headline\":\"The Green Sea of Amrum\",\"datePublished\":\"2024-10-29T08:46:00+00:00\",\"mainEntityOfPage\":{\"@id\":\"https:\\\/\\\/funkygermany.com\\\/en\\\/amrum-off-season\\\/\"},\"wordCount\":1477,\"publisher\":{\"@id\":\"https:\\\/\\\/funkygermany.com\\\/en\\\/#organization\"},\"image\":{\"@id\":\"https:\\\/\\\/funkygermany.com\\\/en\\\/amrum-off-season\\\/#primaryimage\"},\"thumbnailUrl\":\"https:\\\/\\\/funkygermany.com\\\/wp-content\\\/uploads\\\/2024\\\/10\\\/amrum_duene_title_jl-scaled.webp\",\"keywords\":[\"Island\",\"North\",\"Schleswig-Holstein\"],\"articleSection\":[\"Schleswig-Holstein\"],\"inLanguage\":\"en-US\"},{\"@type\":\"WebPage\",\"@id\":\"https:\\\/\\\/funkygermany.com\\\/en\\\/amrum-off-season\\\/\",\"url\":\"https:\\\/\\\/funkygermany.com\\\/en\\\/amrum-off-season\\\/\",\"name\":\"The Green Sea of Amrum - funkyGERMANY\",\"isPartOf\":{\"@id\":\"https:\\\/\\\/funkygermany.com\\\/en\\\/#website\"},\"primaryImageOfPage\":{\"@id\":\"https:\\\/\\\/funkygermany.com\\\/en\\\/amrum-off-season\\\/#primaryimage\"},\"image\":{\"@id\":\"https:\\\/\\\/funkygermany.com\\\/en\\\/amrum-off-season\\\/#primaryimage\"},\"thumbnailUrl\":\"https:\\\/\\\/funkygermany.com\\\/wp-content\\\/uploads\\\/2024\\\/10\\\/amrum_duene_title_jl-scaled.webp\",\"datePublished\":\"2024-10-29T08:46:00+00:00\",\"description\":\"The North Sea island of Amrum is a dream destination not only in summer. In the off-season, the dunes show off their wild and beautiful side.\",\"breadcrumb\":{\"@id\":\"https:\\\/\\\/funkygermany.com\\\/en\\\/amrum-off-season\\\/#breadcrumb\"},\"inLanguage\":\"en-US\",\"potentialAction\":[{\"@type\":\"ReadAction\",\"target\":[\"https:\\\/\\\/funkygermany.com\\\/en\\\/amrum-off-season\\\/\"]}]},{\"@type\":\"ImageObject\",\"inLanguage\":\"en-US\",\"@id\":\"https:\\\/\\\/funkygermany.com\\\/en\\\/amrum-off-season\\\/#primaryimage\",\"url\":\"https:\\\/\\\/funkygermany.com\\\/wp-content\\\/uploads\\\/2024\\\/10\\\/amrum_duene_title_jl-scaled.webp\",\"contentUrl\":\"https:\\\/\\\/funkygermany.com\\\/wp-content\\\/uploads\\\/2024\\\/10\\\/amrum_duene_title_jl-scaled.webp\",\"width\":2560,\"height\":1708,\"caption\":\"Konrad Bender\"},{\"@type\":\"BreadcrumbList\",\"@id\":\"https:\\\/\\\/funkygermany.com\\\/en\\\/amrum-off-season\\\/#breadcrumb\",\"itemListElement\":[{\"@type\":\"ListItem\",\"position\":1,\"name\":\"Homepage\",\"item\":\"https:\\\/\\\/funkygermany.com\\\/en\\\/\"},{\"@type\":\"ListItem\",\"position\":2,\"name\":\"The Green Sea of Amrum\"}]},{\"@type\":\"WebSite\",\"@id\":\"https:\\\/\\\/funkygermany.com\\\/en\\\/#website\",\"url\":\"https:\\\/\\\/funkygermany.com\\\/en\\\/\",\"name\":\"funkyGERMANY\",\"description\":\"The Travel Site\",\"publisher\":{\"@id\":\"https:\\\/\\\/funkygermany.com\\\/en\\\/#organization\"},\"potentialAction\":[{\"@type\":\"SearchAction\",\"target\":{\"@type\":\"EntryPoint\",\"urlTemplate\":\"https:\\\/\\\/funkygermany.com\\\/en\\\/?s={search_term_string}\"},\"query-input\":{\"@type\":\"PropertyValueSpecification\",\"valueRequired\":true,\"valueName\":\"search_term_string\"}}],\"inLanguage\":\"en-US\"},{\"@type\":\"Organization\",\"@id\":\"https:\\\/\\\/funkygermany.com\\\/en\\\/#organization\",\"name\":\"funkyGERMANY\",\"url\":\"https:\\\/\\\/funkygermany.com\\\/en\\\/\",\"logo\":{\"@type\":\"ImageObject\",\"inLanguage\":\"en-US\",\"@id\":\"https:\\\/\\\/funkygermany.com\\\/en\\\/#\\\/schema\\\/logo\\\/image\\\/\",\"url\":\"\",\"contentUrl\":\"\",\"caption\":\"funkyGERMANY\"},\"image\":{\"@id\":\"https:\\\/\\\/funkygermany.com\\\/en\\\/#\\\/schema\\\/logo\\\/image\\\/\"},\"sameAs\":[\"https:\\\/\\\/www.facebook.com\\\/funkyGERMANY\\\/\",\"https:\\\/\\\/x.com\\\/funky_germany\",\"https:\\\/\\\/www.instagram.com\\\/funky.germany\\\/\"]},{\"@type\":\"Person\",\"@id\":\"https:\\\/\\\/funkygermany.com\\\/en\\\/#\\\/schema\\\/person\\\/f81b7afdf2e893ded488c675b14e4ab9\",\"name\":\"Konrad Bender\",\"image\":{\"@type\":\"ImageObject\",\"inLanguage\":\"en-US\",\"@id\":\"https:\\\/\\\/secure.gravatar.com\\\/avatar\\\/23b3770cab9ffa7229f737140560ffbdbbc31e87f47597d1e37137060660d1f2?s=96&d=mm&r=g\",\"url\":\"https:\\\/\\\/secure.gravatar.com\\\/avatar\\\/23b3770cab9ffa7229f737140560ffbdbbc31e87f47597d1e37137060660d1f2?s=96&d=mm&r=g\",\"contentUrl\":\"https:\\\/\\\/secure.gravatar.com\\\/avatar\\\/23b3770cab9ffa7229f737140560ffbdbbc31e87f47597d1e37137060660d1f2?s=96&d=mm&r=g\",\"caption\":\"Konrad Bender\"},\"description\":\"Konrad l\u00e4sst sich gerne \u00fcberraschen. Seine Reisen f\u00fchren den Exil-Sauerl\u00e4nder an Orte, die auf den Reisepl\u00e4nen vieler Menschen vielleicht nicht ganz oben stehen und doch viel zu bieten haben. Ein besonderes Augenmerk legt der Hobbyhistoriker dabei auf Kultur und Geschichte, erkundet aber auch f\u00fcr sein Leben gern Naturkathedralen und Gastrotempel gleicherma\u00dfen.\",\"url\":\"https:\\\/\\\/funkygermany.com\\\/en\\\/author\\\/konrad-bender\\\/\"}]}<\/script>\n<!-- \/ Yoast SEO Premium plugin. -->","yoast_head_json":{"title":"The Green Sea of Amrum - funkyGERMANY","description":"The North Sea island of Amrum is a dream destination not only in summer. In the off-season, the dunes show off their wild and beautiful side.","robots":{"index":"index","follow":"follow","max-snippet":"max-snippet:-1","max-image-preview":"max-image-preview:large","max-video-preview":"max-video-preview:-1"},"canonical":"https:\/\/funkygermany.com\/en\/amrum-off-season\/","og_locale":"en_US","og_type":"article","og_title":"The Green Sea of Amrum","og_description":"The North Sea island of Amrum is a dream destination not only in summer. In the off-season, the dunes show off their wild and beautiful side.","og_url":"https:\/\/funkygermany.com\/en\/amrum-off-season\/","og_site_name":"funkyGERMANY","article_publisher":"https:\/\/www.facebook.com\/funkyGERMANY\/","article_published_time":"2024-10-29T08:46:00+00:00","og_image":[{"width":2560,"height":1708,"url":"https:\/\/funkygermany.com\/wp-content\/uploads\/2024\/10\/amrum_duene_title_jl-scaled.webp","type":"image\/webp"}],"author":"Konrad Bender","twitter_card":"summary_large_image","twitter_creator":"@funky_germany","twitter_site":"@funky_germany","twitter_misc":{"Written by":"Konrad Bender","Est. reading time":"11 minutes"},"schema":{"@context":"https:\/\/schema.org","@graph":[{"@type":"Article","@id":"https:\/\/funkygermany.com\/en\/amrum-off-season\/#article","isPartOf":{"@id":"https:\/\/funkygermany.com\/en\/amrum-off-season\/"},"author":{"name":"Konrad Bender","@id":"https:\/\/funkygermany.com\/en\/#\/schema\/person\/f81b7afdf2e893ded488c675b14e4ab9"},"headline":"The Green Sea of Amrum","datePublished":"2024-10-29T08:46:00+00:00","mainEntityOfPage":{"@id":"https:\/\/funkygermany.com\/en\/amrum-off-season\/"},"wordCount":1477,"publisher":{"@id":"https:\/\/funkygermany.com\/en\/#organization"},"image":{"@id":"https:\/\/funkygermany.com\/en\/amrum-off-season\/#primaryimage"},"thumbnailUrl":"https:\/\/funkygermany.com\/wp-content\/uploads\/2024\/10\/amrum_duene_title_jl-scaled.webp","keywords":["Island","North","Schleswig-Holstein"],"articleSection":["Schleswig-Holstein"],"inLanguage":"en-US"},{"@type":"WebPage","@id":"https:\/\/funkygermany.com\/en\/amrum-off-season\/","url":"https:\/\/funkygermany.com\/en\/amrum-off-season\/","name":"The Green Sea of Amrum - funkyGERMANY","isPartOf":{"@id":"https:\/\/funkygermany.com\/en\/#website"},"primaryImageOfPage":{"@id":"https:\/\/funkygermany.com\/en\/amrum-off-season\/#primaryimage"},"image":{"@id":"https:\/\/funkygermany.com\/en\/amrum-off-season\/#primaryimage"},"thumbnailUrl":"https:\/\/funkygermany.com\/wp-content\/uploads\/2024\/10\/amrum_duene_title_jl-scaled.webp","datePublished":"2024-10-29T08:46:00+00:00","description":"The North Sea island of Amrum is a dream destination not only in summer. In the off-season, the dunes show off their wild and beautiful side.","breadcrumb":{"@id":"https:\/\/funkygermany.com\/en\/amrum-off-season\/#breadcrumb"},"inLanguage":"en-US","potentialAction":[{"@type":"ReadAction","target":["https:\/\/funkygermany.com\/en\/amrum-off-season\/"]}]},{"@type":"ImageObject","inLanguage":"en-US","@id":"https:\/\/funkygermany.com\/en\/amrum-off-season\/#primaryimage","url":"https:\/\/funkygermany.com\/wp-content\/uploads\/2024\/10\/amrum_duene_title_jl-scaled.webp","contentUrl":"https:\/\/funkygermany.com\/wp-content\/uploads\/2024\/10\/amrum_duene_title_jl-scaled.webp","width":2560,"height":1708,"caption":"Konrad Bender"},{"@type":"BreadcrumbList","@id":"https:\/\/funkygermany.com\/en\/amrum-off-season\/#breadcrumb","itemListElement":[{"@type":"ListItem","position":1,"name":"Homepage","item":"https:\/\/funkygermany.com\/en\/"},{"@type":"ListItem","position":2,"name":"The Green Sea of Amrum"}]},{"@type":"WebSite","@id":"https:\/\/funkygermany.com\/en\/#website","url":"https:\/\/funkygermany.com\/en\/","name":"funkyGERMANY","description":"The Travel Site","publisher":{"@id":"https:\/\/funkygermany.com\/en\/#organization"},"potentialAction":[{"@type":"SearchAction","target":{"@type":"EntryPoint","urlTemplate":"https:\/\/funkygermany.com\/en\/?s={search_term_string}"},"query-input":{"@type":"PropertyValueSpecification","valueRequired":true,"valueName":"search_term_string"}}],"inLanguage":"en-US"},{"@type":"Organization","@id":"https:\/\/funkygermany.com\/en\/#organization","name":"funkyGERMANY","url":"https:\/\/funkygermany.com\/en\/","logo":{"@type":"ImageObject","inLanguage":"en-US","@id":"https:\/\/funkygermany.com\/en\/#\/schema\/logo\/image\/","url":"","contentUrl":"","caption":"funkyGERMANY"},"image":{"@id":"https:\/\/funkygermany.com\/en\/#\/schema\/logo\/image\/"},"sameAs":["https:\/\/www.facebook.com\/funkyGERMANY\/","https:\/\/x.com\/funky_germany","https:\/\/www.instagram.com\/funky.germany\/"]},{"@type":"Person","@id":"https:\/\/funkygermany.com\/en\/#\/schema\/person\/f81b7afdf2e893ded488c675b14e4ab9","name":"Konrad Bender","image":{"@type":"ImageObject","inLanguage":"en-US","@id":"https:\/\/secure.gravatar.com\/avatar\/23b3770cab9ffa7229f737140560ffbdbbc31e87f47597d1e37137060660d1f2?s=96&d=mm&r=g","url":"https:\/\/secure.gravatar.com\/avatar\/23b3770cab9ffa7229f737140560ffbdbbc31e87f47597d1e37137060660d1f2?s=96&d=mm&r=g","contentUrl":"https:\/\/secure.gravatar.com\/avatar\/23b3770cab9ffa7229f737140560ffbdbbc31e87f47597d1e37137060660d1f2?s=96&d=mm&r=g","caption":"Konrad Bender"},"description":"Konrad l\u00e4sst sich gerne \u00fcberraschen. Seine Reisen f\u00fchren den Exil-Sauerl\u00e4nder an Orte, die auf den Reisepl\u00e4nen vieler Menschen vielleicht nicht ganz oben stehen und doch viel zu bieten haben. Ein besonderes Augenmerk legt der Hobbyhistoriker dabei auf Kultur und Geschichte, erkundet aber auch f\u00fcr sein Leben gern Naturkathedralen und Gastrotempel gleicherma\u00dfen.","url":"https:\/\/funkygermany.com\/en\/author\/konrad-bender\/"}]}},"_links":{"self":[{"href":"https:\/\/funkygermany.com\/en\/wp-json\/wp\/v2\/posts\/16607","targetHints":{"allow":["GET"]}}],"collection":[{"href":"https:\/\/funkygermany.com\/en\/wp-json\/wp\/v2\/posts"}],"about":[{"href":"https:\/\/funkygermany.com\/en\/wp-json\/wp\/v2\/types\/post"}],"author":[{"embeddable":true,"href":"https:\/\/funkygermany.com\/en\/wp-json\/wp\/v2\/users\/10"}],"replies":[{"embeddable":true,"href":"https:\/\/funkygermany.com\/en\/wp-json\/wp\/v2\/comments?post=16607"}],"version-history":[{"count":2,"href":"https:\/\/funkygermany.com\/en\/wp-json\/wp\/v2\/posts\/16607\/revisions"}],"predecessor-version":[{"id":16611,"href":"https:\/\/funkygermany.com\/en\/wp-json\/wp\/v2\/posts\/16607\/revisions\/16611"}],"wp:featuredmedia":[{"embeddable":true,"href":"https:\/\/funkygermany.com\/en\/wp-json\/wp\/v2\/media\/16609"}],"wp:attachment":[{"href":"https:\/\/funkygermany.com\/en\/wp-json\/wp\/v2\/media?parent=16607"}],"wp:term":[{"taxonomy":"category","embeddable":true,"href":"https:\/\/funkygermany.com\/en\/wp-json\/wp\/v2\/categories?post=16607"},{"taxonomy":"post_tag","embeddable":true,"href":"https:\/\/funkygermany.com\/en\/wp-json\/wp\/v2\/tags?post=16607"}],"curies":[{"name":"wp","href":"https:\/\/api.w.org\/{rel}","templated":true}]}}