{"id":16278,"date":"2024-09-17T17:22:35","date_gmt":"2024-09-17T15:22:35","guid":{"rendered":"https:\/\/funkygermany.com\/?p=16278"},"modified":"2024-09-17T17:22:37","modified_gmt":"2024-09-17T15:22:37","slug":"car-museum-germany-the-loh","status":"publish","type":"post","link":"https:\/\/funkygermany.com\/en\/car-museum-germany-the-loh\/","title":{"rendered":"7 reasons to visit this German Car Museum"},"content":{"rendered":"\n<p><strong>The National Car Museum The Loh Collection in Germany offers over 150 historic vehicles, exclusive special exhibitions such as \u201cFerrari \u2013 Masterpieces for the Road and the Track\u201d and interactive experiences such as racing simulations. Come and explore the fascinating world of the automobile!<\/strong><\/p>\n\n\n\n<h2 class=\"wp-block-heading\" id=\"h-impressive-variety-of-historic-vehicles\">Impressive variety of historic vehicles<\/h2>\n\n\n\n<p>The <a href=\"https:\/\/www.nationalesautomuseum.de\/en\" target=\"_blank\" rel=\"noreferrer noopener\">National Car Museum<\/a> The Loh Collection houses over 150 vehicles from different eras of automotive history. From the first models of the 19th century to modern prototypes, a visit to the exhibition is also an illustration of the technical and design evolution of the automobile. Each vehicle tells its own story and gives visitors a unique insight into the development of the <strong>automotive industry<\/strong>.<\/p>\n\n\n\n<figure class=\"wp-block-image size-large\"><a href=\"https:\/\/funkygermany.com\/wp-content\/uploads\/2024\/09\/car-museum-germany-c-nationales-Automuseum.jpg\"><img decoding=\"async\" width=\"1024\" height=\"683\" loading=\"lazy\" src=\"https:\/\/funkygermany.com\/wp-content\/uploads\/2024\/09\/car-museum-germany-c-nationales-Automuseum-1024x683.jpg\" alt=\"Facade of the National Automobile Museum The Loh Collection with flags in front of it\" class=\"wp-image-16076\" srcset=\"https:\/\/funkygermany.com\/wp-content\/uploads\/2024\/09\/car-museum-germany-c-nationales-Automuseum-1024x683.jpg 1024w, https:\/\/funkygermany.com\/wp-content\/uploads\/2024\/09\/car-museum-germany-c-nationales-Automuseum-300x200.jpg 300w, https:\/\/funkygermany.com\/wp-content\/uploads\/2024\/09\/car-museum-germany-c-nationales-Automuseum-883x589.jpg 883w, https:\/\/funkygermany.com\/wp-content\/uploads\/2024\/09\/car-museum-germany-c-nationales-Automuseum-1536x1024.jpg 1536w, https:\/\/funkygermany.com\/wp-content\/uploads\/2024\/09\/car-museum-germany-c-nationales-Automuseum-1155x770.jpg 1155w, https:\/\/funkygermany.com\/wp-content\/uploads\/2024\/09\/car-museum-germany-c-nationales-Automuseum-370x247.jpg 370w, https:\/\/funkygermany.com\/wp-content\/uploads\/2024\/09\/car-museum-germany-c-nationales-Automuseum-770x513.jpg 770w, https:\/\/funkygermany.com\/wp-content\/uploads\/2024\/09\/car-museum-germany-c-nationales-Automuseum-293x195.jpg 293w, https:\/\/funkygermany.com\/wp-content\/uploads\/2024\/09\/car-museum-germany-c-nationales-Automuseum-1400x934.jpg 1400w, https:\/\/funkygermany.com\/wp-content\/uploads\/2024\/09\/car-museum-germany-c-nationales-Automuseum.jpg 1750w\" sizes=\"auto, (max-width: 1024px) 100vw, 1024px\" \/><noscript><img decoding=\"async\" width=\"1024\" height=\"683\" src=\"https:\/\/funkygermany.com\/wp-content\/uploads\/2024\/09\/car-museum-germany-c-nationales-Automuseum-1024x683.jpg\" alt=\"Facade of the National Automobile Museum The Loh Collection with flags in front of it\" class=\"wp-image-16076\" srcset=\"https:\/\/funkygermany.com\/wp-content\/uploads\/2024\/09\/car-museum-germany-c-nationales-Automuseum-1024x683.jpg 1024w, https:\/\/funkygermany.com\/wp-content\/uploads\/2024\/09\/car-museum-germany-c-nationales-Automuseum-300x200.jpg 300w, https:\/\/funkygermany.com\/wp-content\/uploads\/2024\/09\/car-museum-germany-c-nationales-Automuseum-883x589.jpg 883w, https:\/\/funkygermany.com\/wp-content\/uploads\/2024\/09\/car-museum-germany-c-nationales-Automuseum-1536x1024.jpg 1536w, https:\/\/funkygermany.com\/wp-content\/uploads\/2024\/09\/car-museum-germany-c-nationales-Automuseum-1155x770.jpg 1155w, https:\/\/funkygermany.com\/wp-content\/uploads\/2024\/09\/car-museum-germany-c-nationales-Automuseum-370x247.jpg 370w, https:\/\/funkygermany.com\/wp-content\/uploads\/2024\/09\/car-museum-germany-c-nationales-Automuseum-770x513.jpg 770w, https:\/\/funkygermany.com\/wp-content\/uploads\/2024\/09\/car-museum-germany-c-nationales-Automuseum-293x195.jpg 293w, https:\/\/funkygermany.com\/wp-content\/uploads\/2024\/09\/car-museum-germany-c-nationales-Automuseum-1400x934.jpg 1400w, https:\/\/funkygermany.com\/wp-content\/uploads\/2024\/09\/car-museum-germany-c-nationales-Automuseum.jpg 1750w\" sizes=\"(max-width: 1024px) 100vw, 1024px\" \/><\/noscript><\/a><figcaption class=\"wp-element-caption\">Nationales Automuseum<\/figcaption><\/figure>\n\n\n\n<h2 class=\"wp-block-heading\">Simply excellent!<\/h2>\n\n\n\n<p>The museum has been awarded the FIA Founding Members&#8217; Club Heritage Cup, the highest international honor in the classic car scene. This award underlines the quality and importance of the collection.<\/p>\n\n\n<div class=\"inline-post clearfix\"><div class=\"see-also byline\">See Also<\/div><div id=\"block-wrap-82261\" class=\"block-wrap-native block-wrap block-wrap-23 block-css-82261 block-wrap-classic columns__m--1 elements-design-1 block-ani block-skin-0 tipi-box block-wrap-thumbnail ppl-m-1 clearfix\" data-id=\"82261\" data-base=\"0\"><div class=\"tipi-row-inner-style clearfix\"><div class=\"tipi-row-inner-box contents sticky--wrap\"><div class=\"block block-23 clearfix\"><article class=\"tipi-xs-12 clearfix with-fi ani-base tipi-xs-typo split-1 split-design-1 loop-0 preview-thumbnail preview-23 elements-design-1 post-4459 post type-post status-publish format-standard has-post-thumbnail hentry category-roadtrips tag-highlight-en tag-nature tag-roadtrip-en\" style=\"--animation-order:0\"><div class=\"preview-mini-wrap clearfix\"><div class=\"mask\"><a href=\"https:\/\/funkygermany.com\/en\/road-trips-through-germany\/\" class=\"mask-img\"><img decoding=\"async\" width=\"100\" height=\"100\" src=\"https:\/\/funkygermany.com\/wp-content\/uploads\/2020\/07\/roadtrip-germany-bavaria-100x100.jpg\" class=\"attachment-thumbnail size-thumbnail zeen-lazy-load-base zeen-lazy-load  wp-post-image\" alt=\"Winding road in mountain valley at autumn. Bavarian Alps, Germany. Scenic view of roadway, gently sloping hills, meadows with yellow grass, gold sunlight and picturesque mountains on background\" srcset=\"https:\/\/funkygermany.com\/wp-content\/uploads\/2020\/07\/roadtrip-germany-bavaria-100x100.jpg 100w, https:\/\/funkygermany.com\/wp-content\/uploads\/2020\/07\/roadtrip-germany-bavaria-293x293.jpg 293w, https:\/\/funkygermany.com\/wp-content\/uploads\/2020\/07\/roadtrip-germany-bavaria-390x390.jpg 390w, https:\/\/funkygermany.com\/wp-content\/uploads\/2020\/07\/roadtrip-germany-bavaria-585x585.jpg 585w, https:\/\/funkygermany.com\/wp-content\/uploads\/2020\/07\/roadtrip-germany-bavaria-900x900.jpg 900w\" sizes=\"auto, (max-width: 100px) 100vw, 100px\" loading=\"lazy\" \/><noscript><img decoding=\"async\" width=\"100\" height=\"100\" src=\"https:\/\/funkygermany.com\/wp-content\/uploads\/2020\/07\/roadtrip-germany-bavaria-100x100.jpg\" class=\"attachment-thumbnail size-thumbnail zeen-lazy-load-base zeen-lazy-load  wp-post-image\" alt=\"Winding road in mountain valley at autumn. Bavarian Alps, Germany. Scenic view of roadway, gently sloping hills, meadows with yellow grass, gold sunlight and picturesque mountains on background\" srcset=\"https:\/\/funkygermany.com\/wp-content\/uploads\/2020\/07\/roadtrip-germany-bavaria-100x100.jpg 100w, https:\/\/funkygermany.com\/wp-content\/uploads\/2020\/07\/roadtrip-germany-bavaria-293x293.jpg 293w, https:\/\/funkygermany.com\/wp-content\/uploads\/2020\/07\/roadtrip-germany-bavaria-390x390.jpg 390w, https:\/\/funkygermany.com\/wp-content\/uploads\/2020\/07\/roadtrip-germany-bavaria-585x585.jpg 585w, https:\/\/funkygermany.com\/wp-content\/uploads\/2020\/07\/roadtrip-germany-bavaria-900x900.jpg 900w\" sizes=\"auto, (max-width: 100px) 100vw, 100px\" loading=\"lazy\" \/><\/noscript><\/a><\/div><div class=\"meta\"><div class=\"byline byline-2 byline-cats-design-1\"><div class=\"byline-part cats\"><a href=\"https:\/\/funkygermany.com\/en\/tours\/roadtrips\/\" class=\"cat\">Roadtrips<\/a><\/div><span class=\"byline-part separator separator-date\">&middot;<\/span><span class=\"byline-part date\"><time class=\"entry-date published dateCreated flipboard-date\" datetime=\"2020-06-25T20:36:00+02:00\">25. June 2020<\/time><\/span><\/div><div class=\"title-wrap\"><h3 class=\"title\"><a href=\"https:\/\/funkygermany.com\/en\/road-trips-through-germany\/\">Road trips through Germany<\/a><\/h3><\/div><\/div><\/div><\/article><\/div><\/div><\/div><\/div><\/div>\n\n\n<h2 class=\"wp-block-heading\">Ferrari love in Germany<\/h2>\n\n\n\n<p>The car museum is known for its special exhibitions, which are unique not only in Germany, but worldwide. Currently, visitors can admire the exhibition \u201cFerrari \u2013 Masterpieces for the Track and the Road\u201d, which presents an impressive collection of Ferrari cars from eight decades. Among them are iconic models such as the 288 GTO, F40 and LaFerrari. These special exhibitions offer a unique opportunity to see vehicles that are otherwise rarely available to the public. On display until spring 2025.<\/p>\n\n\n\n<figure class=\"wp-block-image size-large\"><a href=\"https:\/\/funkygermany.com\/wp-content\/uploads\/2024\/09\/car-museum-germany-special-exhibition-ferrari-c-nationales-automuseum.jpg\"><img decoding=\"async\" width=\"1024\" height=\"683\" loading=\"lazy\" src=\"https:\/\/funkygermany.com\/wp-content\/uploads\/2024\/09\/car-museum-germany-special-exhibition-ferrari-c-nationales-automuseum-1024x683.jpg\" alt=\"A vintage Ferrari in the special exhibition at the National Automobile Museum\" class=\"wp-image-16072\" srcset=\"https:\/\/funkygermany.com\/wp-content\/uploads\/2024\/09\/car-museum-germany-special-exhibition-ferrari-c-nationales-automuseum-1024x683.jpg 1024w, https:\/\/funkygermany.com\/wp-content\/uploads\/2024\/09\/car-museum-germany-special-exhibition-ferrari-c-nationales-automuseum-300x200.jpg 300w, https:\/\/funkygermany.com\/wp-content\/uploads\/2024\/09\/car-museum-germany-special-exhibition-ferrari-c-nationales-automuseum-883x589.jpg 883w, https:\/\/funkygermany.com\/wp-content\/uploads\/2024\/09\/car-museum-germany-special-exhibition-ferrari-c-nationales-automuseum-1536x1024.jpg 1536w, https:\/\/funkygermany.com\/wp-content\/uploads\/2024\/09\/car-museum-germany-special-exhibition-ferrari-c-nationales-automuseum-1155x770.jpg 1155w, https:\/\/funkygermany.com\/wp-content\/uploads\/2024\/09\/car-museum-germany-special-exhibition-ferrari-c-nationales-automuseum-370x247.jpg 370w, https:\/\/funkygermany.com\/wp-content\/uploads\/2024\/09\/car-museum-germany-special-exhibition-ferrari-c-nationales-automuseum-770x513.jpg 770w, https:\/\/funkygermany.com\/wp-content\/uploads\/2024\/09\/car-museum-germany-special-exhibition-ferrari-c-nationales-automuseum-293x195.jpg 293w, https:\/\/funkygermany.com\/wp-content\/uploads\/2024\/09\/car-museum-germany-special-exhibition-ferrari-c-nationales-automuseum-1400x934.jpg 1400w, https:\/\/funkygermany.com\/wp-content\/uploads\/2024\/09\/car-museum-germany-special-exhibition-ferrari-c-nationales-automuseum.jpg 1750w\" sizes=\"auto, (max-width: 1024px) 100vw, 1024px\" \/><noscript><img decoding=\"async\" width=\"1024\" height=\"683\" src=\"https:\/\/funkygermany.com\/wp-content\/uploads\/2024\/09\/car-museum-germany-special-exhibition-ferrari-c-nationales-automuseum-1024x683.jpg\" alt=\"A vintage Ferrari in the special exhibition at the National Automobile Museum\" class=\"wp-image-16072\" srcset=\"https:\/\/funkygermany.com\/wp-content\/uploads\/2024\/09\/car-museum-germany-special-exhibition-ferrari-c-nationales-automuseum-1024x683.jpg 1024w, https:\/\/funkygermany.com\/wp-content\/uploads\/2024\/09\/car-museum-germany-special-exhibition-ferrari-c-nationales-automuseum-300x200.jpg 300w, https:\/\/funkygermany.com\/wp-content\/uploads\/2024\/09\/car-museum-germany-special-exhibition-ferrari-c-nationales-automuseum-883x589.jpg 883w, https:\/\/funkygermany.com\/wp-content\/uploads\/2024\/09\/car-museum-germany-special-exhibition-ferrari-c-nationales-automuseum-1536x1024.jpg 1536w, https:\/\/funkygermany.com\/wp-content\/uploads\/2024\/09\/car-museum-germany-special-exhibition-ferrari-c-nationales-automuseum-1155x770.jpg 1155w, https:\/\/funkygermany.com\/wp-content\/uploads\/2024\/09\/car-museum-germany-special-exhibition-ferrari-c-nationales-automuseum-370x247.jpg 370w, https:\/\/funkygermany.com\/wp-content\/uploads\/2024\/09\/car-museum-germany-special-exhibition-ferrari-c-nationales-automuseum-770x513.jpg 770w, https:\/\/funkygermany.com\/wp-content\/uploads\/2024\/09\/car-museum-germany-special-exhibition-ferrari-c-nationales-automuseum-293x195.jpg 293w, https:\/\/funkygermany.com\/wp-content\/uploads\/2024\/09\/car-museum-germany-special-exhibition-ferrari-c-nationales-automuseum-1400x934.jpg 1400w, https:\/\/funkygermany.com\/wp-content\/uploads\/2024\/09\/car-museum-germany-special-exhibition-ferrari-c-nationales-automuseum.jpg 1750w\" sizes=\"(max-width: 1024px) 100vw, 1024px\" \/><\/noscript><\/a><figcaption class=\"wp-element-caption\">Nationales Automuseum<\/figcaption><\/figure>\n\n\n\n<h2 class=\"wp-block-heading\">100 years of the Le Mans 24-hour race<\/h2>\n\n\n\n<p>Another highlight is the special exhibition \u201c100 years of the Le Mans 24-hour race \u2013 the legend, the heroes, the cars\u201d. 21 original Le Mans racing cars document the history of the world&#8217;s most famous endurance race from 1928 to the present day. The exhibits include legendary vehicles that mark significant victories and technical milestones in motorsport history. So to speak, the legends of the 24-hour race up close and personal.<\/p>\n\n\n\n<figure class=\"wp-block-image size-large\"><a href=\"https:\/\/funkygermany.com\/wp-content\/uploads\/2024\/09\/car-museum-germany-special-exhibition-le-mans-c-nationales-Automuseum.jpg\"><img decoding=\"async\" width=\"1024\" height=\"686\" loading=\"lazy\" src=\"https:\/\/funkygermany.com\/wp-content\/uploads\/2024\/09\/car-museum-germany-special-exhibition-le-mans-c-nationales-Automuseum-1024x686.jpg\" alt=\"Several historic racing cars can be seen in the special exhibition \u201c100 years of Le Mans\u201d.\" class=\"wp-image-16074\" srcset=\"https:\/\/funkygermany.com\/wp-content\/uploads\/2024\/09\/car-museum-germany-special-exhibition-le-mans-c-nationales-Automuseum-1024x686.jpg 1024w, https:\/\/funkygermany.com\/wp-content\/uploads\/2024\/09\/car-museum-germany-special-exhibition-le-mans-c-nationales-Automuseum-300x201.jpg 300w, https:\/\/funkygermany.com\/wp-content\/uploads\/2024\/09\/car-museum-germany-special-exhibition-le-mans-c-nationales-Automuseum-883x592.jpg 883w, https:\/\/funkygermany.com\/wp-content\/uploads\/2024\/09\/car-museum-germany-special-exhibition-le-mans-c-nationales-Automuseum-1536x1030.jpg 1536w, https:\/\/funkygermany.com\/wp-content\/uploads\/2024\/09\/car-museum-germany-special-exhibition-le-mans-c-nationales-Automuseum-370x247.jpg 370w, https:\/\/funkygermany.com\/wp-content\/uploads\/2024\/09\/car-museum-germany-special-exhibition-le-mans-c-nationales-Automuseum-293x196.jpg 293w, https:\/\/funkygermany.com\/wp-content\/uploads\/2024\/09\/car-museum-germany-special-exhibition-le-mans-c-nationales-Automuseum-770x516.jpg 770w, https:\/\/funkygermany.com\/wp-content\/uploads\/2024\/09\/car-museum-germany-special-exhibition-le-mans-c-nationales-Automuseum-1400x938.jpg 1400w, https:\/\/funkygermany.com\/wp-content\/uploads\/2024\/09\/car-museum-germany-special-exhibition-le-mans-c-nationales-Automuseum.jpg 1750w\" sizes=\"auto, (max-width: 1024px) 100vw, 1024px\" \/><noscript><img decoding=\"async\" width=\"1024\" height=\"686\" src=\"https:\/\/funkygermany.com\/wp-content\/uploads\/2024\/09\/car-museum-germany-special-exhibition-le-mans-c-nationales-Automuseum-1024x686.jpg\" alt=\"Several historic racing cars can be seen in the special exhibition \u201c100 years of Le Mans\u201d.\" class=\"wp-image-16074\" srcset=\"https:\/\/funkygermany.com\/wp-content\/uploads\/2024\/09\/car-museum-germany-special-exhibition-le-mans-c-nationales-Automuseum-1024x686.jpg 1024w, https:\/\/funkygermany.com\/wp-content\/uploads\/2024\/09\/car-museum-germany-special-exhibition-le-mans-c-nationales-Automuseum-300x201.jpg 300w, https:\/\/funkygermany.com\/wp-content\/uploads\/2024\/09\/car-museum-germany-special-exhibition-le-mans-c-nationales-Automuseum-883x592.jpg 883w, https:\/\/funkygermany.com\/wp-content\/uploads\/2024\/09\/car-museum-germany-special-exhibition-le-mans-c-nationales-Automuseum-1536x1030.jpg 1536w, https:\/\/funkygermany.com\/wp-content\/uploads\/2024\/09\/car-museum-germany-special-exhibition-le-mans-c-nationales-Automuseum-370x247.jpg 370w, https:\/\/funkygermany.com\/wp-content\/uploads\/2024\/09\/car-museum-germany-special-exhibition-le-mans-c-nationales-Automuseum-293x196.jpg 293w, https:\/\/funkygermany.com\/wp-content\/uploads\/2024\/09\/car-museum-germany-special-exhibition-le-mans-c-nationales-Automuseum-770x516.jpg 770w, https:\/\/funkygermany.com\/wp-content\/uploads\/2024\/09\/car-museum-germany-special-exhibition-le-mans-c-nationales-Automuseum-1400x938.jpg 1400w, https:\/\/funkygermany.com\/wp-content\/uploads\/2024\/09\/car-museum-germany-special-exhibition-le-mans-c-nationales-Automuseum.jpg 1750w\" sizes=\"(max-width: 1024px) 100vw, 1024px\" \/><\/noscript><\/a><figcaption class=\"wp-element-caption\">Nationales Automuseum<\/figcaption><\/figure>\n\n\n\n<h2 class=\"wp-block-heading\">Interactive experiences<\/h2>\n\n\n\n<p>The museum offers not only four wheels on a chassis, but also numerous interactive experiences. Visitors can try out racing simulators, take on a race on a Carrera track or watch films about automotive history in the in-house cinema. These are real highlights, especially for children!<\/p>\n\n\n\n<figure class=\"wp-block-image size-large\"><a href=\"https:\/\/funkygermany.com\/wp-content\/uploads\/2024\/09\/opel-cliff-calibra-racing-car-c-Opel.jpg\"><img decoding=\"async\" width=\"1024\" height=\"715\" loading=\"lazy\" src=\"https:\/\/funkygermany.com\/wp-content\/uploads\/2024\/09\/opel-cliff-calibra-racing-car-c-Opel-1024x715.jpg\" alt=\"An Opel Calibra driving on a racetrack\" class=\"wp-image-16078\" srcset=\"https:\/\/funkygermany.com\/wp-content\/uploads\/2024\/09\/opel-cliff-calibra-racing-car-c-Opel-1024x715.jpg 1024w, https:\/\/funkygermany.com\/wp-content\/uploads\/2024\/09\/opel-cliff-calibra-racing-car-c-Opel-300x209.jpg 300w, https:\/\/funkygermany.com\/wp-content\/uploads\/2024\/09\/opel-cliff-calibra-racing-car-c-Opel-883x617.jpg 883w, https:\/\/funkygermany.com\/wp-content\/uploads\/2024\/09\/opel-cliff-calibra-racing-car-c-Opel-1536x1073.jpg 1536w, https:\/\/funkygermany.com\/wp-content\/uploads\/2024\/09\/opel-cliff-calibra-racing-car-c-Opel-293x205.jpg 293w, https:\/\/funkygermany.com\/wp-content\/uploads\/2024\/09\/opel-cliff-calibra-racing-car-c-Opel-770x538.jpg 770w, https:\/\/funkygermany.com\/wp-content\/uploads\/2024\/09\/opel-cliff-calibra-racing-car-c-Opel-1400x978.jpg 1400w, https:\/\/funkygermany.com\/wp-content\/uploads\/2024\/09\/opel-cliff-calibra-racing-car-c-Opel.jpg 1750w\" sizes=\"auto, (max-width: 1024px) 100vw, 1024px\" \/><noscript><img decoding=\"async\" width=\"1024\" height=\"715\" src=\"https:\/\/funkygermany.com\/wp-content\/uploads\/2024\/09\/opel-cliff-calibra-racing-car-c-Opel-1024x715.jpg\" alt=\"An Opel Calibra driving on a racetrack\" class=\"wp-image-16078\" srcset=\"https:\/\/funkygermany.com\/wp-content\/uploads\/2024\/09\/opel-cliff-calibra-racing-car-c-Opel-1024x715.jpg 1024w, https:\/\/funkygermany.com\/wp-content\/uploads\/2024\/09\/opel-cliff-calibra-racing-car-c-Opel-300x209.jpg 300w, https:\/\/funkygermany.com\/wp-content\/uploads\/2024\/09\/opel-cliff-calibra-racing-car-c-Opel-883x617.jpg 883w, https:\/\/funkygermany.com\/wp-content\/uploads\/2024\/09\/opel-cliff-calibra-racing-car-c-Opel-1536x1073.jpg 1536w, https:\/\/funkygermany.com\/wp-content\/uploads\/2024\/09\/opel-cliff-calibra-racing-car-c-Opel-293x205.jpg 293w, https:\/\/funkygermany.com\/wp-content\/uploads\/2024\/09\/opel-cliff-calibra-racing-car-c-Opel-770x538.jpg 770w, https:\/\/funkygermany.com\/wp-content\/uploads\/2024\/09\/opel-cliff-calibra-racing-car-c-Opel-1400x978.jpg 1400w, https:\/\/funkygermany.com\/wp-content\/uploads\/2024\/09\/opel-cliff-calibra-racing-car-c-Opel.jpg 1750w\" sizes=\"(max-width: 1024px) 100vw, 1024px\" \/><\/noscript><\/a><figcaption class=\"wp-element-caption\">Opel<\/figcaption><\/figure>\n\n\n\n<h2 class=\"wp-block-heading\">Drive-In<\/h2>\n\n\n\n<p>The restaurant \u201cNew York New York\u201d is designed in the style of a classic American diner and, accordingly, has a child-friendly menu. From juicy burgers and crispy French fries to fresh salads and delicious desserts, there is something for everyone here.<\/p>\n\n\n\n<h2 class=\"wp-block-heading\">Young Talent for the Car Nation<\/h2>\n\n\n\n<p>One of the museum&#8217;s special projects is promoting young talent in the field of automobiles and classic cars. Through auctions and special programs, the car museum is committed to passing on its passion for historic vehicles to the next generation in Germany. So that in the future, not only the oldies will be driving classic cars.<\/p>\n\n\n\n<figure class=\"wp-block-image size-large\"><a href=\"https:\/\/funkygermany.com\/wp-content\/uploads\/2024\/09\/super-sport-cars-museum-germany-c-nationales-automuseum.jpg\"><img decoding=\"async\" width=\"1024\" height=\"768\" loading=\"lazy\" src=\"https:\/\/funkygermany.com\/wp-content\/uploads\/2024\/09\/super-sport-cars-museum-germany-c-nationales-automuseum-1024x768.jpg\" alt=\"A collection of historic and contemporary supercars\" class=\"wp-image-16080\" srcset=\"https:\/\/funkygermany.com\/wp-content\/uploads\/2024\/09\/super-sport-cars-museum-germany-c-nationales-automuseum-1024x768.jpg 1024w, https:\/\/funkygermany.com\/wp-content\/uploads\/2024\/09\/super-sport-cars-museum-germany-c-nationales-automuseum-300x225.jpg 300w, https:\/\/funkygermany.com\/wp-content\/uploads\/2024\/09\/super-sport-cars-museum-germany-c-nationales-automuseum-883x663.jpg 883w, https:\/\/funkygermany.com\/wp-content\/uploads\/2024\/09\/super-sport-cars-museum-germany-c-nationales-automuseum-1536x1152.jpg 1536w, https:\/\/funkygermany.com\/wp-content\/uploads\/2024\/09\/super-sport-cars-museum-germany-c-nationales-automuseum-293x220.jpg 293w, https:\/\/funkygermany.com\/wp-content\/uploads\/2024\/09\/super-sport-cars-museum-germany-c-nationales-automuseum-770x578.jpg 770w, https:\/\/funkygermany.com\/wp-content\/uploads\/2024\/09\/super-sport-cars-museum-germany-c-nationales-automuseum-1400x1050.jpg 1400w, https:\/\/funkygermany.com\/wp-content\/uploads\/2024\/09\/super-sport-cars-museum-germany-c-nationales-automuseum.jpg 1750w\" sizes=\"auto, (max-width: 1024px) 100vw, 1024px\" \/><noscript><img decoding=\"async\" width=\"1024\" height=\"768\" src=\"https:\/\/funkygermany.com\/wp-content\/uploads\/2024\/09\/super-sport-cars-museum-germany-c-nationales-automuseum-1024x768.jpg\" alt=\"A collection of historic and contemporary supercars\" class=\"wp-image-16080\" srcset=\"https:\/\/funkygermany.com\/wp-content\/uploads\/2024\/09\/super-sport-cars-museum-germany-c-nationales-automuseum-1024x768.jpg 1024w, https:\/\/funkygermany.com\/wp-content\/uploads\/2024\/09\/super-sport-cars-museum-germany-c-nationales-automuseum-300x225.jpg 300w, https:\/\/funkygermany.com\/wp-content\/uploads\/2024\/09\/super-sport-cars-museum-germany-c-nationales-automuseum-883x663.jpg 883w, https:\/\/funkygermany.com\/wp-content\/uploads\/2024\/09\/super-sport-cars-museum-germany-c-nationales-automuseum-1536x1152.jpg 1536w, https:\/\/funkygermany.com\/wp-content\/uploads\/2024\/09\/super-sport-cars-museum-germany-c-nationales-automuseum-293x220.jpg 293w, https:\/\/funkygermany.com\/wp-content\/uploads\/2024\/09\/super-sport-cars-museum-germany-c-nationales-automuseum-770x578.jpg 770w, https:\/\/funkygermany.com\/wp-content\/uploads\/2024\/09\/super-sport-cars-museum-germany-c-nationales-automuseum-1400x1050.jpg 1400w, https:\/\/funkygermany.com\/wp-content\/uploads\/2024\/09\/super-sport-cars-museum-germany-c-nationales-automuseum.jpg 1750w\" sizes=\"(max-width: 1024px) 100vw, 1024px\" \/><\/noscript><\/a><figcaption class=\"wp-element-caption\">Nationales Automuseum<\/figcaption><\/figure>\n\n\n\n<p><\/p>\n","protected":false},"excerpt":{"rendered":"<p>The National Car Museum The Loh Collection in Germany offers over 150 historic vehicles, exclusive special exhibitions.<\/p>\n","protected":false},"author":3,"featured_media":16280,"comment_status":"closed","ping_status":"open","sticky":false,"template":"","format":"standard","meta":{"footnotes":""},"categories":[630,352],"tags":[2333,672,2328,708],"class_list":["post-16278","post","type-post","status-publish","format-standard","has-post-thumbnail","hentry","category-hesse","category-autos-raeder","tag-culture","tag-hesse","tag-museum-en","tag-west"],"yoast_head":"<!-- This site is optimized with the Yoast SEO Premium plugin v27.3 (Yoast SEO v27.3) - https:\/\/yoast.com\/product\/yoast-seo-premium-wordpress\/ -->\n<title>This Car Museum in Germany is Worth the Trip - funkyGERMANY<\/title>\n<meta name=\"description\" content=\"The National Car Museum The Loh Collection in Germany offers over 150 historic vehicles, exclusive special exhibitions.\" \/>\n<meta name=\"robots\" content=\"index, follow, max-snippet:-1, max-image-preview:large, max-video-preview:-1\" \/>\n<link rel=\"canonical\" href=\"https:\/\/funkygermany.com\/en\/car-museum-germany-the-loh\/\" \/>\n<meta property=\"og:locale\" content=\"en_US\" \/>\n<meta property=\"og:type\" content=\"article\" \/>\n<meta property=\"og:title\" content=\"7 reasons to visit this German Car Museum\" \/>\n<meta property=\"og:description\" content=\"The National Car Museum The Loh Collection in Germany offers over 150 historic vehicles, exclusive special exhibitions.\" \/>\n<meta property=\"og:url\" content=\"https:\/\/funkygermany.com\/en\/car-museum-germany-the-loh\/\" \/>\n<meta property=\"og:site_name\" content=\"funkyGERMANY\" \/>\n<meta property=\"article:publisher\" content=\"https:\/\/www.facebook.com\/funkyGERMANY\/\" \/>\n<meta property=\"article:published_time\" content=\"2024-09-17T15:22:35+00:00\" \/>\n<meta property=\"article:modified_time\" content=\"2024-09-17T15:22:37+00:00\" \/>\n<meta property=\"og:image\" content=\"https:\/\/funkygermany.com\/wp-content\/uploads\/2024\/09\/car-museum-germany-interior-c-nationales-automuseum.jpg\" \/>\n\t<meta property=\"og:image:width\" content=\"1750\" \/>\n\t<meta property=\"og:image:height\" content=\"1167\" \/>\n\t<meta property=\"og:image:type\" content=\"image\/jpeg\" \/>\n<meta name=\"author\" content=\"Jennifer Latuperisa-Andresen\" \/>\n<meta name=\"twitter:card\" content=\"summary_large_image\" \/>\n<meta name=\"twitter:creator\" content=\"@funky_germany\" \/>\n<meta name=\"twitter:site\" content=\"@funky_germany\" \/>\n<meta name=\"twitter:label1\" content=\"Written by\" \/>\n\t<meta name=\"twitter:data1\" content=\"Jennifer Latuperisa-Andresen\" \/>\n\t<meta name=\"twitter:label2\" content=\"Est. reading time\" \/>\n\t<meta name=\"twitter:data2\" content=\"4 minutes\" \/>\n<script type=\"application\/ld+json\" class=\"yoast-schema-graph\">{\"@context\":\"https:\\\/\\\/schema.org\",\"@graph\":[{\"@type\":\"Article\",\"@id\":\"https:\\\/\\\/funkygermany.com\\\/en\\\/car-museum-germany-the-loh\\\/#article\",\"isPartOf\":{\"@id\":\"https:\\\/\\\/funkygermany.com\\\/en\\\/car-museum-germany-the-loh\\\/\"},\"author\":{\"name\":\"Jennifer Latuperisa-Andresen\",\"@id\":\"https:\\\/\\\/funkygermany.com\\\/en\\\/#\\\/schema\\\/person\\\/926493d4087ea078bbb33cd8ec2f9437\"},\"headline\":\"7 reasons to visit this German Car Museum\",\"datePublished\":\"2024-09-17T15:22:35+00:00\",\"dateModified\":\"2024-09-17T15:22:37+00:00\",\"mainEntityOfPage\":{\"@id\":\"https:\\\/\\\/funkygermany.com\\\/en\\\/car-museum-germany-the-loh\\\/\"},\"wordCount\":469,\"publisher\":{\"@id\":\"https:\\\/\\\/funkygermany.com\\\/en\\\/#organization\"},\"image\":{\"@id\":\"https:\\\/\\\/funkygermany.com\\\/en\\\/car-museum-germany-the-loh\\\/#primaryimage\"},\"thumbnailUrl\":\"https:\\\/\\\/funkygermany.com\\\/wp-content\\\/uploads\\\/2024\\\/09\\\/car-museum-germany-interior-c-nationales-automuseum.jpg\",\"keywords\":[\"Culture\",\"Hesse\",\"Museum\",\"West\"],\"articleSection\":[\"Hesse\",\"Mit R\u00e4dern\"],\"inLanguage\":\"en-US\"},{\"@type\":\"WebPage\",\"@id\":\"https:\\\/\\\/funkygermany.com\\\/en\\\/car-museum-germany-the-loh\\\/\",\"url\":\"https:\\\/\\\/funkygermany.com\\\/en\\\/car-museum-germany-the-loh\\\/\",\"name\":\"This Car Museum in Germany is Worth the Trip - funkyGERMANY\",\"isPartOf\":{\"@id\":\"https:\\\/\\\/funkygermany.com\\\/en\\\/#website\"},\"primaryImageOfPage\":{\"@id\":\"https:\\\/\\\/funkygermany.com\\\/en\\\/car-museum-germany-the-loh\\\/#primaryimage\"},\"image\":{\"@id\":\"https:\\\/\\\/funkygermany.com\\\/en\\\/car-museum-germany-the-loh\\\/#primaryimage\"},\"thumbnailUrl\":\"https:\\\/\\\/funkygermany.com\\\/wp-content\\\/uploads\\\/2024\\\/09\\\/car-museum-germany-interior-c-nationales-automuseum.jpg\",\"datePublished\":\"2024-09-17T15:22:35+00:00\",\"dateModified\":\"2024-09-17T15:22:37+00:00\",\"description\":\"The National Car Museum The Loh Collection in Germany offers over 150 historic vehicles, exclusive special exhibitions.\",\"breadcrumb\":{\"@id\":\"https:\\\/\\\/funkygermany.com\\\/en\\\/car-museum-germany-the-loh\\\/#breadcrumb\"},\"inLanguage\":\"en-US\",\"potentialAction\":[{\"@type\":\"ReadAction\",\"target\":[\"https:\\\/\\\/funkygermany.com\\\/en\\\/car-museum-germany-the-loh\\\/\"]}]},{\"@type\":\"ImageObject\",\"inLanguage\":\"en-US\",\"@id\":\"https:\\\/\\\/funkygermany.com\\\/en\\\/car-museum-germany-the-loh\\\/#primaryimage\",\"url\":\"https:\\\/\\\/funkygermany.com\\\/wp-content\\\/uploads\\\/2024\\\/09\\\/car-museum-germany-interior-c-nationales-automuseum.jpg\",\"contentUrl\":\"https:\\\/\\\/funkygermany.com\\\/wp-content\\\/uploads\\\/2024\\\/09\\\/car-museum-germany-interior-c-nationales-automuseum.jpg\",\"width\":1750,\"height\":1167,\"caption\":\"Nationales Automuseum\"},{\"@type\":\"BreadcrumbList\",\"@id\":\"https:\\\/\\\/funkygermany.com\\\/en\\\/car-museum-germany-the-loh\\\/#breadcrumb\",\"itemListElement\":[{\"@type\":\"ListItem\",\"position\":1,\"name\":\"Homepage\",\"item\":\"https:\\\/\\\/funkygermany.com\\\/en\\\/\"},{\"@type\":\"ListItem\",\"position\":2,\"name\":\"7 reasons to visit this German Car Museum\"}]},{\"@type\":\"WebSite\",\"@id\":\"https:\\\/\\\/funkygermany.com\\\/en\\\/#website\",\"url\":\"https:\\\/\\\/funkygermany.com\\\/en\\\/\",\"name\":\"funkyGERMANY\",\"description\":\"The Travel Site\",\"publisher\":{\"@id\":\"https:\\\/\\\/funkygermany.com\\\/en\\\/#organization\"},\"potentialAction\":[{\"@type\":\"SearchAction\",\"target\":{\"@type\":\"EntryPoint\",\"urlTemplate\":\"https:\\\/\\\/funkygermany.com\\\/en\\\/?s={search_term_string}\"},\"query-input\":{\"@type\":\"PropertyValueSpecification\",\"valueRequired\":true,\"valueName\":\"search_term_string\"}}],\"inLanguage\":\"en-US\"},{\"@type\":\"Organization\",\"@id\":\"https:\\\/\\\/funkygermany.com\\\/en\\\/#organization\",\"name\":\"funkyGERMANY\",\"url\":\"https:\\\/\\\/funkygermany.com\\\/en\\\/\",\"logo\":{\"@type\":\"ImageObject\",\"inLanguage\":\"en-US\",\"@id\":\"https:\\\/\\\/funkygermany.com\\\/en\\\/#\\\/schema\\\/logo\\\/image\\\/\",\"url\":\"\",\"contentUrl\":\"\",\"caption\":\"funkyGERMANY\"},\"image\":{\"@id\":\"https:\\\/\\\/funkygermany.com\\\/en\\\/#\\\/schema\\\/logo\\\/image\\\/\"},\"sameAs\":[\"https:\\\/\\\/www.facebook.com\\\/funkyGERMANY\\\/\",\"https:\\\/\\\/x.com\\\/funky_germany\",\"https:\\\/\\\/www.instagram.com\\\/funky.germany\\\/\"]},{\"@type\":\"Person\",\"@id\":\"https:\\\/\\\/funkygermany.com\\\/en\\\/#\\\/schema\\\/person\\\/926493d4087ea078bbb33cd8ec2f9437\",\"name\":\"Jennifer Latuperisa-Andresen\",\"image\":{\"@type\":\"ImageObject\",\"inLanguage\":\"en-US\",\"@id\":\"https:\\\/\\\/secure.gravatar.com\\\/avatar\\\/66db6e671d2a23803dcdbb3316e21c8bd0817077f3b672d0bc96484ecf9613bd?s=96&d=mm&r=g\",\"url\":\"https:\\\/\\\/secure.gravatar.com\\\/avatar\\\/66db6e671d2a23803dcdbb3316e21c8bd0817077f3b672d0bc96484ecf9613bd?s=96&d=mm&r=g\",\"contentUrl\":\"https:\\\/\\\/secure.gravatar.com\\\/avatar\\\/66db6e671d2a23803dcdbb3316e21c8bd0817077f3b672d0bc96484ecf9613bd?s=96&d=mm&r=g\",\"caption\":\"Jennifer Latuperisa-Andresen\"},\"description\":\"Jenny sch\u00e4tzt die majest\u00e4tische Kulisse der Alpen und liebt den rauen Norden. Ihre Wurzeln liegen im Ruhrgebiet, das sie als kulturell reizvoll empfindet. Sie hat als langj\u00e4hrige Chefredakteurin des Reisemagazins reisen EXCLUSIV viel von der Welt gesehen und findet es dennoch in ihrem heutigen Wohnort K\u00f6ln so sch\u00f6n lebensbejahend. Sie streift gerne durch Design-L\u00e4dchen, Flohm\u00e4rkte und Feinkostl\u00e4den. Unwiderstehlich findet sie Windbeutel mit Kirschen, Haselnusseis in der Waffel und einen Gin Tonic zum Sonnenuntergang. Alles instagrammable versteht sich.\",\"sameAs\":[\"https:\\\/\\\/www.instagram.com\\\/fraumuksch\\\/\"],\"url\":\"https:\\\/\\\/funkygermany.com\\\/en\\\/author\\\/jl_admin\\\/\"}]}<\/script>\n<!-- \/ Yoast SEO Premium plugin. -->","yoast_head_json":{"title":"This Car Museum in Germany is Worth the Trip - funkyGERMANY","description":"The National Car Museum The Loh Collection in Germany offers over 150 historic vehicles, exclusive special exhibitions.","robots":{"index":"index","follow":"follow","max-snippet":"max-snippet:-1","max-image-preview":"max-image-preview:large","max-video-preview":"max-video-preview:-1"},"canonical":"https:\/\/funkygermany.com\/en\/car-museum-germany-the-loh\/","og_locale":"en_US","og_type":"article","og_title":"7 reasons to visit this German Car Museum","og_description":"The National Car Museum The Loh Collection in Germany offers over 150 historic vehicles, exclusive special exhibitions.","og_url":"https:\/\/funkygermany.com\/en\/car-museum-germany-the-loh\/","og_site_name":"funkyGERMANY","article_publisher":"https:\/\/www.facebook.com\/funkyGERMANY\/","article_published_time":"2024-09-17T15:22:35+00:00","article_modified_time":"2024-09-17T15:22:37+00:00","og_image":[{"width":1750,"height":1167,"url":"https:\/\/funkygermany.com\/wp-content\/uploads\/2024\/09\/car-museum-germany-interior-c-nationales-automuseum.jpg","type":"image\/jpeg"}],"author":"Jennifer Latuperisa-Andresen","twitter_card":"summary_large_image","twitter_creator":"@funky_germany","twitter_site":"@funky_germany","twitter_misc":{"Written by":"Jennifer Latuperisa-Andresen","Est. reading time":"4 minutes"},"schema":{"@context":"https:\/\/schema.org","@graph":[{"@type":"Article","@id":"https:\/\/funkygermany.com\/en\/car-museum-germany-the-loh\/#article","isPartOf":{"@id":"https:\/\/funkygermany.com\/en\/car-museum-germany-the-loh\/"},"author":{"name":"Jennifer Latuperisa-Andresen","@id":"https:\/\/funkygermany.com\/en\/#\/schema\/person\/926493d4087ea078bbb33cd8ec2f9437"},"headline":"7 reasons to visit this German Car Museum","datePublished":"2024-09-17T15:22:35+00:00","dateModified":"2024-09-17T15:22:37+00:00","mainEntityOfPage":{"@id":"https:\/\/funkygermany.com\/en\/car-museum-germany-the-loh\/"},"wordCount":469,"publisher":{"@id":"https:\/\/funkygermany.com\/en\/#organization"},"image":{"@id":"https:\/\/funkygermany.com\/en\/car-museum-germany-the-loh\/#primaryimage"},"thumbnailUrl":"https:\/\/funkygermany.com\/wp-content\/uploads\/2024\/09\/car-museum-germany-interior-c-nationales-automuseum.jpg","keywords":["Culture","Hesse","Museum","West"],"articleSection":["Hesse","Mit R\u00e4dern"],"inLanguage":"en-US"},{"@type":"WebPage","@id":"https:\/\/funkygermany.com\/en\/car-museum-germany-the-loh\/","url":"https:\/\/funkygermany.com\/en\/car-museum-germany-the-loh\/","name":"This Car Museum in Germany is Worth the Trip - funkyGERMANY","isPartOf":{"@id":"https:\/\/funkygermany.com\/en\/#website"},"primaryImageOfPage":{"@id":"https:\/\/funkygermany.com\/en\/car-museum-germany-the-loh\/#primaryimage"},"image":{"@id":"https:\/\/funkygermany.com\/en\/car-museum-germany-the-loh\/#primaryimage"},"thumbnailUrl":"https:\/\/funkygermany.com\/wp-content\/uploads\/2024\/09\/car-museum-germany-interior-c-nationales-automuseum.jpg","datePublished":"2024-09-17T15:22:35+00:00","dateModified":"2024-09-17T15:22:37+00:00","description":"The National Car Museum The Loh Collection in Germany offers over 150 historic vehicles, exclusive special exhibitions.","breadcrumb":{"@id":"https:\/\/funkygermany.com\/en\/car-museum-germany-the-loh\/#breadcrumb"},"inLanguage":"en-US","potentialAction":[{"@type":"ReadAction","target":["https:\/\/funkygermany.com\/en\/car-museum-germany-the-loh\/"]}]},{"@type":"ImageObject","inLanguage":"en-US","@id":"https:\/\/funkygermany.com\/en\/car-museum-germany-the-loh\/#primaryimage","url":"https:\/\/funkygermany.com\/wp-content\/uploads\/2024\/09\/car-museum-germany-interior-c-nationales-automuseum.jpg","contentUrl":"https:\/\/funkygermany.com\/wp-content\/uploads\/2024\/09\/car-museum-germany-interior-c-nationales-automuseum.jpg","width":1750,"height":1167,"caption":"Nationales Automuseum"},{"@type":"BreadcrumbList","@id":"https:\/\/funkygermany.com\/en\/car-museum-germany-the-loh\/#breadcrumb","itemListElement":[{"@type":"ListItem","position":1,"name":"Homepage","item":"https:\/\/funkygermany.com\/en\/"},{"@type":"ListItem","position":2,"name":"7 reasons to visit this German Car Museum"}]},{"@type":"WebSite","@id":"https:\/\/funkygermany.com\/en\/#website","url":"https:\/\/funkygermany.com\/en\/","name":"funkyGERMANY","description":"The Travel Site","publisher":{"@id":"https:\/\/funkygermany.com\/en\/#organization"},"potentialAction":[{"@type":"SearchAction","target":{"@type":"EntryPoint","urlTemplate":"https:\/\/funkygermany.com\/en\/?s={search_term_string}"},"query-input":{"@type":"PropertyValueSpecification","valueRequired":true,"valueName":"search_term_string"}}],"inLanguage":"en-US"},{"@type":"Organization","@id":"https:\/\/funkygermany.com\/en\/#organization","name":"funkyGERMANY","url":"https:\/\/funkygermany.com\/en\/","logo":{"@type":"ImageObject","inLanguage":"en-US","@id":"https:\/\/funkygermany.com\/en\/#\/schema\/logo\/image\/","url":"","contentUrl":"","caption":"funkyGERMANY"},"image":{"@id":"https:\/\/funkygermany.com\/en\/#\/schema\/logo\/image\/"},"sameAs":["https:\/\/www.facebook.com\/funkyGERMANY\/","https:\/\/x.com\/funky_germany","https:\/\/www.instagram.com\/funky.germany\/"]},{"@type":"Person","@id":"https:\/\/funkygermany.com\/en\/#\/schema\/person\/926493d4087ea078bbb33cd8ec2f9437","name":"Jennifer Latuperisa-Andresen","image":{"@type":"ImageObject","inLanguage":"en-US","@id":"https:\/\/secure.gravatar.com\/avatar\/66db6e671d2a23803dcdbb3316e21c8bd0817077f3b672d0bc96484ecf9613bd?s=96&d=mm&r=g","url":"https:\/\/secure.gravatar.com\/avatar\/66db6e671d2a23803dcdbb3316e21c8bd0817077f3b672d0bc96484ecf9613bd?s=96&d=mm&r=g","contentUrl":"https:\/\/secure.gravatar.com\/avatar\/66db6e671d2a23803dcdbb3316e21c8bd0817077f3b672d0bc96484ecf9613bd?s=96&d=mm&r=g","caption":"Jennifer Latuperisa-Andresen"},"description":"Jenny sch\u00e4tzt die majest\u00e4tische Kulisse der Alpen und liebt den rauen Norden. Ihre Wurzeln liegen im Ruhrgebiet, das sie als kulturell reizvoll empfindet. Sie hat als langj\u00e4hrige Chefredakteurin des Reisemagazins reisen EXCLUSIV viel von der Welt gesehen und findet es dennoch in ihrem heutigen Wohnort K\u00f6ln so sch\u00f6n lebensbejahend. Sie streift gerne durch Design-L\u00e4dchen, Flohm\u00e4rkte und Feinkostl\u00e4den. Unwiderstehlich findet sie Windbeutel mit Kirschen, Haselnusseis in der Waffel und einen Gin Tonic zum Sonnenuntergang. Alles instagrammable versteht sich.","sameAs":["https:\/\/www.instagram.com\/fraumuksch\/"],"url":"https:\/\/funkygermany.com\/en\/author\/jl_admin\/"}]}},"_links":{"self":[{"href":"https:\/\/funkygermany.com\/en\/wp-json\/wp\/v2\/posts\/16278","targetHints":{"allow":["GET"]}}],"collection":[{"href":"https:\/\/funkygermany.com\/en\/wp-json\/wp\/v2\/posts"}],"about":[{"href":"https:\/\/funkygermany.com\/en\/wp-json\/wp\/v2\/types\/post"}],"author":[{"embeddable":true,"href":"https:\/\/funkygermany.com\/en\/wp-json\/wp\/v2\/users\/3"}],"replies":[{"embeddable":true,"href":"https:\/\/funkygermany.com\/en\/wp-json\/wp\/v2\/comments?post=16278"}],"version-history":[{"count":2,"href":"https:\/\/funkygermany.com\/en\/wp-json\/wp\/v2\/posts\/16278\/revisions"}],"predecessor-version":[{"id":16283,"href":"https:\/\/funkygermany.com\/en\/wp-json\/wp\/v2\/posts\/16278\/revisions\/16283"}],"wp:featuredmedia":[{"embeddable":true,"href":"https:\/\/funkygermany.com\/en\/wp-json\/wp\/v2\/media\/16280"}],"wp:attachment":[{"href":"https:\/\/funkygermany.com\/en\/wp-json\/wp\/v2\/media?parent=16278"}],"wp:term":[{"taxonomy":"category","embeddable":true,"href":"https:\/\/funkygermany.com\/en\/wp-json\/wp\/v2\/categories?post=16278"},{"taxonomy":"post_tag","embeddable":true,"href":"https:\/\/funkygermany.com\/en\/wp-json\/wp\/v2\/tags?post=16278"}],"curies":[{"name":"wp","href":"https:\/\/api.w.org\/{rel}","templated":true}]}}