{"id":15690,"date":"2024-06-25T09:57:26","date_gmt":"2024-06-25T07:57:26","guid":{"rendered":"https:\/\/funkygermany.com\/?p=15690"},"modified":"2024-06-25T09:57:28","modified_gmt":"2024-06-25T07:57:28","slug":"sistine-chapel-hamburg","status":"publish","type":"post","link":"https:\/\/funkygermany.com\/en\/sistine-chapel-hamburg\/","title":{"rendered":"Michelangelo in Hamburg"},"content":{"rendered":"\n<p><strong>Hamburg is a city for art lovers. Numerous museums dominate the city&#8217;s cultural scene and a weekend trip to the Elbe is rarely boring. But from June 28, you can also admire art that is unusual in these latitudes in the Hanseatic city: Michelangelo&#8217;s Sistine Chapel comes to Hamburg.<\/strong><\/p>\n\n\n\n<p>There are some works of art that you simply have to see at least once in your life. However, this is not always so easy, as the greatest art treasures of mankind are spread across the globe. But in the case of Michelangelo&#8217;s Sistine Chapel, the motto &#8220;If the prophet won&#8217;t come to the mountain, the mountain will come to the prophet&#8221; applies.<\/p>\n\n\n\n<figure class=\"wp-block-image size-large\"><a href=\"https:\/\/funkygermany.com\/wp-content\/uploads\/2024\/06\/michelangelo-sistine-chapel-exhibition-1-c-fever.jpg\"><img decoding=\"async\" width=\"1024\" height=\"683\" loading=\"lazy\" src=\"https:\/\/funkygermany.com\/wp-content\/uploads\/2024\/06\/michelangelo-sistine-chapel-exhibition-1-c-fever-1024x683.jpg\" alt=\"Promo picture of the exhibition &quot;Sistine Chapel&quot;, which can be seen in Hamburg from June 28.\" class=\"wp-image-15688\" srcset=\"https:\/\/funkygermany.com\/wp-content\/uploads\/2024\/06\/michelangelo-sistine-chapel-exhibition-1-c-fever-1024x683.jpg 1024w, https:\/\/funkygermany.com\/wp-content\/uploads\/2024\/06\/michelangelo-sistine-chapel-exhibition-1-c-fever-300x200.jpg 300w, https:\/\/funkygermany.com\/wp-content\/uploads\/2024\/06\/michelangelo-sistine-chapel-exhibition-1-c-fever-883x589.jpg 883w, https:\/\/funkygermany.com\/wp-content\/uploads\/2024\/06\/michelangelo-sistine-chapel-exhibition-1-c-fever-1536x1024.jpg 1536w, https:\/\/funkygermany.com\/wp-content\/uploads\/2024\/06\/michelangelo-sistine-chapel-exhibition-1-c-fever-1155x770.jpg 1155w, https:\/\/funkygermany.com\/wp-content\/uploads\/2024\/06\/michelangelo-sistine-chapel-exhibition-1-c-fever-370x247.jpg 370w, https:\/\/funkygermany.com\/wp-content\/uploads\/2024\/06\/michelangelo-sistine-chapel-exhibition-1-c-fever-770x513.jpg 770w, https:\/\/funkygermany.com\/wp-content\/uploads\/2024\/06\/michelangelo-sistine-chapel-exhibition-1-c-fever-293x195.jpg 293w, https:\/\/funkygermany.com\/wp-content\/uploads\/2024\/06\/michelangelo-sistine-chapel-exhibition-1-c-fever-1400x934.jpg 1400w, https:\/\/funkygermany.com\/wp-content\/uploads\/2024\/06\/michelangelo-sistine-chapel-exhibition-1-c-fever.jpg 1750w\" sizes=\"auto, (max-width: 1024px) 100vw, 1024px\" \/><noscript><img decoding=\"async\" width=\"1024\" height=\"683\" src=\"https:\/\/funkygermany.com\/wp-content\/uploads\/2024\/06\/michelangelo-sistine-chapel-exhibition-1-c-fever-1024x683.jpg\" alt=\"Promo picture of the exhibition &quot;Sistine Chapel&quot;, which can be seen in Hamburg from June 28.\" class=\"wp-image-15688\" srcset=\"https:\/\/funkygermany.com\/wp-content\/uploads\/2024\/06\/michelangelo-sistine-chapel-exhibition-1-c-fever-1024x683.jpg 1024w, https:\/\/funkygermany.com\/wp-content\/uploads\/2024\/06\/michelangelo-sistine-chapel-exhibition-1-c-fever-300x200.jpg 300w, https:\/\/funkygermany.com\/wp-content\/uploads\/2024\/06\/michelangelo-sistine-chapel-exhibition-1-c-fever-883x589.jpg 883w, https:\/\/funkygermany.com\/wp-content\/uploads\/2024\/06\/michelangelo-sistine-chapel-exhibition-1-c-fever-1536x1024.jpg 1536w, https:\/\/funkygermany.com\/wp-content\/uploads\/2024\/06\/michelangelo-sistine-chapel-exhibition-1-c-fever-1155x770.jpg 1155w, https:\/\/funkygermany.com\/wp-content\/uploads\/2024\/06\/michelangelo-sistine-chapel-exhibition-1-c-fever-370x247.jpg 370w, https:\/\/funkygermany.com\/wp-content\/uploads\/2024\/06\/michelangelo-sistine-chapel-exhibition-1-c-fever-770x513.jpg 770w, https:\/\/funkygermany.com\/wp-content\/uploads\/2024\/06\/michelangelo-sistine-chapel-exhibition-1-c-fever-293x195.jpg 293w, https:\/\/funkygermany.com\/wp-content\/uploads\/2024\/06\/michelangelo-sistine-chapel-exhibition-1-c-fever-1400x934.jpg 1400w, https:\/\/funkygermany.com\/wp-content\/uploads\/2024\/06\/michelangelo-sistine-chapel-exhibition-1-c-fever.jpg 1750w\" sizes=\"(max-width: 1024px) 100vw, 1024px\" \/><\/noscript><\/a><figcaption class=\"wp-element-caption\">Fever<\/figcaption><\/figure>\n\n\n\n<p>For those who find the <strong>Vatican <\/strong>too far away, they will only have to travel as far as <strong>Hamburg <\/strong>from June 28. There you can see the work of art of the century in the Kulturkirche Altona. Well, not in the original, of course. Instead, the breathtaking frescoes by the Renaissance artist have been photographed with state-of-the-art cameras and reproduced in their original size.<\/p>\n\n\n\n<h2 class=\"wp-block-heading\" id=\"h-great-art-without-a-stiff-neck\">Great art without a stiff neck<\/h2>\n\n\n\n<p>The advantage of this method: when viewing the pictures in <strong>Hamburg<\/strong>, you can get much closer to the works of art and can therefore see even the smallest details. What&#8217;s more, you don&#8217;t strain your neck like you would if you were looking at a ceiling fresco. Thanks to the exhibition venue, the necessary sacred character is nevertheless retained.<\/p>\n\n\n\n<figure class=\"wp-block-image size-large\"><a href=\"https:\/\/funkygermany.com\/wp-content\/uploads\/2024\/06\/michelangelo-sistine-chapel-exhibition-3-c-fever.jpg\"><img decoding=\"async\" width=\"1024\" height=\"683\" loading=\"lazy\" src=\"https:\/\/funkygermany.com\/wp-content\/uploads\/2024\/06\/michelangelo-sistine-chapel-exhibition-3-c-fever-1024x683.jpg\" alt=\"Promo image of the &quot;Sistine Chapel&quot; exhibition\" class=\"wp-image-15684\" srcset=\"https:\/\/funkygermany.com\/wp-content\/uploads\/2024\/06\/michelangelo-sistine-chapel-exhibition-3-c-fever-1024x683.jpg 1024w, https:\/\/funkygermany.com\/wp-content\/uploads\/2024\/06\/michelangelo-sistine-chapel-exhibition-3-c-fever-300x200.jpg 300w, https:\/\/funkygermany.com\/wp-content\/uploads\/2024\/06\/michelangelo-sistine-chapel-exhibition-3-c-fever-883x589.jpg 883w, https:\/\/funkygermany.com\/wp-content\/uploads\/2024\/06\/michelangelo-sistine-chapel-exhibition-3-c-fever-1536x1024.jpg 1536w, https:\/\/funkygermany.com\/wp-content\/uploads\/2024\/06\/michelangelo-sistine-chapel-exhibition-3-c-fever-1155x770.jpg 1155w, https:\/\/funkygermany.com\/wp-content\/uploads\/2024\/06\/michelangelo-sistine-chapel-exhibition-3-c-fever-370x247.jpg 370w, https:\/\/funkygermany.com\/wp-content\/uploads\/2024\/06\/michelangelo-sistine-chapel-exhibition-3-c-fever-770x513.jpg 770w, https:\/\/funkygermany.com\/wp-content\/uploads\/2024\/06\/michelangelo-sistine-chapel-exhibition-3-c-fever-293x195.jpg 293w, https:\/\/funkygermany.com\/wp-content\/uploads\/2024\/06\/michelangelo-sistine-chapel-exhibition-3-c-fever-1400x934.jpg 1400w, https:\/\/funkygermany.com\/wp-content\/uploads\/2024\/06\/michelangelo-sistine-chapel-exhibition-3-c-fever.jpg 1750w\" sizes=\"auto, (max-width: 1024px) 100vw, 1024px\" \/><noscript><img decoding=\"async\" width=\"1024\" height=\"683\" src=\"https:\/\/funkygermany.com\/wp-content\/uploads\/2024\/06\/michelangelo-sistine-chapel-exhibition-3-c-fever-1024x683.jpg\" alt=\"Promo image of the &quot;Sistine Chapel&quot; exhibition\" class=\"wp-image-15684\" srcset=\"https:\/\/funkygermany.com\/wp-content\/uploads\/2024\/06\/michelangelo-sistine-chapel-exhibition-3-c-fever-1024x683.jpg 1024w, https:\/\/funkygermany.com\/wp-content\/uploads\/2024\/06\/michelangelo-sistine-chapel-exhibition-3-c-fever-300x200.jpg 300w, https:\/\/funkygermany.com\/wp-content\/uploads\/2024\/06\/michelangelo-sistine-chapel-exhibition-3-c-fever-883x589.jpg 883w, https:\/\/funkygermany.com\/wp-content\/uploads\/2024\/06\/michelangelo-sistine-chapel-exhibition-3-c-fever-1536x1024.jpg 1536w, https:\/\/funkygermany.com\/wp-content\/uploads\/2024\/06\/michelangelo-sistine-chapel-exhibition-3-c-fever-1155x770.jpg 1155w, https:\/\/funkygermany.com\/wp-content\/uploads\/2024\/06\/michelangelo-sistine-chapel-exhibition-3-c-fever-370x247.jpg 370w, https:\/\/funkygermany.com\/wp-content\/uploads\/2024\/06\/michelangelo-sistine-chapel-exhibition-3-c-fever-770x513.jpg 770w, https:\/\/funkygermany.com\/wp-content\/uploads\/2024\/06\/michelangelo-sistine-chapel-exhibition-3-c-fever-293x195.jpg 293w, https:\/\/funkygermany.com\/wp-content\/uploads\/2024\/06\/michelangelo-sistine-chapel-exhibition-3-c-fever-1400x934.jpg 1400w, https:\/\/funkygermany.com\/wp-content\/uploads\/2024\/06\/michelangelo-sistine-chapel-exhibition-3-c-fever.jpg 1750w\" sizes=\"(max-width: 1024px) 100vw, 1024px\" \/><\/noscript><\/a><figcaption class=\"wp-element-caption\">Fever<\/figcaption><\/figure>\n\n\n\n<p>A total of 34 of the frescoes from the Sistine Chapel can now be seen in Hamburg. And so that you don&#8217;t have to go without all the interesting additional information you can impress your friends and family with, you can also download the matching audio guide as an app. We think that&#8217;s great!<\/p>\n\n\n\n<figure class=\"wp-block-image size-large is-resized\"><a href=\"https:\/\/funkygermany.com\/wp-content\/uploads\/2024\/06\/michelangelo-sistine-chapel-exhibition-app-c-fever.jpg\"><img decoding=\"async\" width=\"1024\" height=\"683\" loading=\"lazy\" src=\"https:\/\/funkygermany.com\/wp-content\/uploads\/2024\/06\/michelangelo-sistine-chapel-exhibition-app-c-fever-1024x683.jpg\" alt=\"Promo picture of the exhibition &quot;Sistine Chapel&quot;, which can be seen in Hamburg from June 28.\" class=\"wp-image-15686\" style=\"width:770px;height:auto\" srcset=\"https:\/\/funkygermany.com\/wp-content\/uploads\/2024\/06\/michelangelo-sistine-chapel-exhibition-app-c-fever-1024x683.jpg 1024w, https:\/\/funkygermany.com\/wp-content\/uploads\/2024\/06\/michelangelo-sistine-chapel-exhibition-app-c-fever-300x200.jpg 300w, https:\/\/funkygermany.com\/wp-content\/uploads\/2024\/06\/michelangelo-sistine-chapel-exhibition-app-c-fever-883x589.jpg 883w, https:\/\/funkygermany.com\/wp-content\/uploads\/2024\/06\/michelangelo-sistine-chapel-exhibition-app-c-fever-1536x1024.jpg 1536w, https:\/\/funkygermany.com\/wp-content\/uploads\/2024\/06\/michelangelo-sistine-chapel-exhibition-app-c-fever-1155x770.jpg 1155w, https:\/\/funkygermany.com\/wp-content\/uploads\/2024\/06\/michelangelo-sistine-chapel-exhibition-app-c-fever-370x247.jpg 370w, https:\/\/funkygermany.com\/wp-content\/uploads\/2024\/06\/michelangelo-sistine-chapel-exhibition-app-c-fever-770x513.jpg 770w, https:\/\/funkygermany.com\/wp-content\/uploads\/2024\/06\/michelangelo-sistine-chapel-exhibition-app-c-fever-293x195.jpg 293w, https:\/\/funkygermany.com\/wp-content\/uploads\/2024\/06\/michelangelo-sistine-chapel-exhibition-app-c-fever-1400x934.jpg 1400w, https:\/\/funkygermany.com\/wp-content\/uploads\/2024\/06\/michelangelo-sistine-chapel-exhibition-app-c-fever.jpg 1750w\" sizes=\"auto, (max-width: 1024px) 100vw, 1024px\" \/><noscript><img decoding=\"async\" width=\"1024\" height=\"683\" src=\"https:\/\/funkygermany.com\/wp-content\/uploads\/2024\/06\/michelangelo-sistine-chapel-exhibition-app-c-fever-1024x683.jpg\" alt=\"Promo picture of the exhibition &quot;Sistine Chapel&quot;, which can be seen in Hamburg from June 28.\" class=\"wp-image-15686\" style=\"width:770px;height:auto\" srcset=\"https:\/\/funkygermany.com\/wp-content\/uploads\/2024\/06\/michelangelo-sistine-chapel-exhibition-app-c-fever-1024x683.jpg 1024w, https:\/\/funkygermany.com\/wp-content\/uploads\/2024\/06\/michelangelo-sistine-chapel-exhibition-app-c-fever-300x200.jpg 300w, https:\/\/funkygermany.com\/wp-content\/uploads\/2024\/06\/michelangelo-sistine-chapel-exhibition-app-c-fever-883x589.jpg 883w, https:\/\/funkygermany.com\/wp-content\/uploads\/2024\/06\/michelangelo-sistine-chapel-exhibition-app-c-fever-1536x1024.jpg 1536w, https:\/\/funkygermany.com\/wp-content\/uploads\/2024\/06\/michelangelo-sistine-chapel-exhibition-app-c-fever-1155x770.jpg 1155w, https:\/\/funkygermany.com\/wp-content\/uploads\/2024\/06\/michelangelo-sistine-chapel-exhibition-app-c-fever-370x247.jpg 370w, https:\/\/funkygermany.com\/wp-content\/uploads\/2024\/06\/michelangelo-sistine-chapel-exhibition-app-c-fever-770x513.jpg 770w, https:\/\/funkygermany.com\/wp-content\/uploads\/2024\/06\/michelangelo-sistine-chapel-exhibition-app-c-fever-293x195.jpg 293w, https:\/\/funkygermany.com\/wp-content\/uploads\/2024\/06\/michelangelo-sistine-chapel-exhibition-app-c-fever-1400x934.jpg 1400w, https:\/\/funkygermany.com\/wp-content\/uploads\/2024\/06\/michelangelo-sistine-chapel-exhibition-app-c-fever.jpg 1750w\" sizes=\"(max-width: 1024px) 100vw, 1024px\" \/><\/noscript><\/a><figcaption class=\"wp-element-caption\">Fever<\/figcaption><\/figure>\n\n\n\n<p class=\"has-cyan-bluish-gray-background-color has-background\">Tickets are available <a href=\"https:\/\/sistinechapelexhibit.com\/hamburg\/en\/\" target=\"_blank\" rel=\"noreferrer noopener\">online<\/a> from 14.20 euros, concessions from 11.70 euros. The exhibition is open Thursdays to Sundays from 10 am to 7 pm.<br><br>Planning a trip to the Eternal City anyway? Our sister magazine <em>reisen EXCLUSIV<\/em> has an excellent <a href=\"https:\/\/reisenexclusiv.com\/hotel-der-woche-umilta-36-rom-podcast\/\" target=\"_blank\" rel=\"noreferrer noopener\">hotel recommendation<\/a> for you.<\/p>\n","protected":false},"excerpt":{"rendered":"<p>World-class art: an exhibition brings the Sistine Chapel to Hamburg, to the Kulturkirche Altona. It starts on June 28.<\/p>\n","protected":false},"author":10,"featured_media":15691,"comment_status":"closed","ping_status":"open","sticky":false,"template":"","format":"standard","meta":{"footnotes":""},"categories":[643],"tags":[2407,2333,671,683],"class_list":["post-15690","post","type-post","status-publish","format-standard","has-post-thumbnail","hentry","category-hamburg-cities","tag-art","tag-culture","tag-hamburg-en","tag-north"],"yoast_head":"<!-- This site is optimized with the Yoast SEO Premium plugin v27.3 (Yoast SEO v27.3) - https:\/\/yoast.com\/product\/yoast-seo-premium-wordpress\/ -->\n<title>The Sistine Chapel comes to Hamburg - funkyGERMANY<\/title>\n<meta name=\"description\" content=\"World-class art: an exhibition brings the Sistine Chapel to Hamburg, to the Kulturkirche Altona. It starts on June 28.\" \/>\n<meta name=\"robots\" content=\"index, follow, max-snippet:-1, max-image-preview:large, max-video-preview:-1\" \/>\n<link rel=\"canonical\" href=\"https:\/\/funkygermany.com\/en\/sistine-chapel-hamburg\/\" \/>\n<meta property=\"og:locale\" content=\"en_US\" \/>\n<meta property=\"og:type\" content=\"article\" \/>\n<meta property=\"og:title\" content=\"Michelangelo in Hamburg\" \/>\n<meta property=\"og:description\" content=\"World-class art: an exhibition brings the Sistine Chapel to Hamburg, to the Kulturkirche Altona. It starts on June 28.\" \/>\n<meta property=\"og:url\" content=\"https:\/\/funkygermany.com\/en\/sistine-chapel-hamburg\/\" \/>\n<meta property=\"og:site_name\" content=\"funkyGERMANY\" \/>\n<meta property=\"article:publisher\" content=\"https:\/\/www.facebook.com\/funkyGERMANY\/\" \/>\n<meta property=\"article:published_time\" content=\"2024-06-25T07:57:26+00:00\" \/>\n<meta property=\"article:modified_time\" content=\"2024-06-25T07:57:28+00:00\" \/>\n<meta property=\"og:image\" content=\"https:\/\/funkygermany.com\/wp-content\/uploads\/2024\/06\/michelangelo-sistine-chapel-exhibition-2-c-fever.jpg\" \/>\n\t<meta property=\"og:image:width\" content=\"1750\" \/>\n\t<meta property=\"og:image:height\" content=\"1167\" \/>\n\t<meta property=\"og:image:type\" content=\"image\/jpeg\" \/>\n<meta name=\"author\" content=\"Konrad Bender\" \/>\n<meta name=\"twitter:card\" content=\"summary_large_image\" \/>\n<meta name=\"twitter:creator\" content=\"@funky_germany\" \/>\n<meta name=\"twitter:site\" content=\"@funky_germany\" \/>\n<meta name=\"twitter:label1\" content=\"Written by\" \/>\n\t<meta name=\"twitter:data1\" content=\"Konrad Bender\" \/>\n\t<meta name=\"twitter:label2\" content=\"Est. reading time\" \/>\n\t<meta name=\"twitter:data2\" content=\"3 minutes\" \/>\n<script type=\"application\/ld+json\" class=\"yoast-schema-graph\">{\"@context\":\"https:\\\/\\\/schema.org\",\"@graph\":[{\"@type\":\"Article\",\"@id\":\"https:\\\/\\\/funkygermany.com\\\/en\\\/sistine-chapel-hamburg\\\/#article\",\"isPartOf\":{\"@id\":\"https:\\\/\\\/funkygermany.com\\\/en\\\/sistine-chapel-hamburg\\\/\"},\"author\":{\"name\":\"Konrad Bender\",\"@id\":\"https:\\\/\\\/funkygermany.com\\\/en\\\/#\\\/schema\\\/person\\\/f81b7afdf2e893ded488c675b14e4ab9\"},\"headline\":\"Michelangelo in Hamburg\",\"datePublished\":\"2024-06-25T07:57:26+00:00\",\"dateModified\":\"2024-06-25T07:57:28+00:00\",\"mainEntityOfPage\":{\"@id\":\"https:\\\/\\\/funkygermany.com\\\/en\\\/sistine-chapel-hamburg\\\/\"},\"wordCount\":346,\"publisher\":{\"@id\":\"https:\\\/\\\/funkygermany.com\\\/en\\\/#organization\"},\"image\":{\"@id\":\"https:\\\/\\\/funkygermany.com\\\/en\\\/sistine-chapel-hamburg\\\/#primaryimage\"},\"thumbnailUrl\":\"https:\\\/\\\/funkygermany.com\\\/wp-content\\\/uploads\\\/2024\\\/06\\\/michelangelo-sistine-chapel-exhibition-2-c-fever.jpg\",\"keywords\":[\"Art\",\"Culture\",\"Hamburg\",\"North\"],\"articleSection\":[\"Hamburg\"],\"inLanguage\":\"en-US\"},{\"@type\":\"WebPage\",\"@id\":\"https:\\\/\\\/funkygermany.com\\\/en\\\/sistine-chapel-hamburg\\\/\",\"url\":\"https:\\\/\\\/funkygermany.com\\\/en\\\/sistine-chapel-hamburg\\\/\",\"name\":\"The Sistine Chapel comes to Hamburg - funkyGERMANY\",\"isPartOf\":{\"@id\":\"https:\\\/\\\/funkygermany.com\\\/en\\\/#website\"},\"primaryImageOfPage\":{\"@id\":\"https:\\\/\\\/funkygermany.com\\\/en\\\/sistine-chapel-hamburg\\\/#primaryimage\"},\"image\":{\"@id\":\"https:\\\/\\\/funkygermany.com\\\/en\\\/sistine-chapel-hamburg\\\/#primaryimage\"},\"thumbnailUrl\":\"https:\\\/\\\/funkygermany.com\\\/wp-content\\\/uploads\\\/2024\\\/06\\\/michelangelo-sistine-chapel-exhibition-2-c-fever.jpg\",\"datePublished\":\"2024-06-25T07:57:26+00:00\",\"dateModified\":\"2024-06-25T07:57:28+00:00\",\"description\":\"World-class art: an exhibition brings the Sistine Chapel to Hamburg, to the Kulturkirche Altona. It starts on June 28.\",\"breadcrumb\":{\"@id\":\"https:\\\/\\\/funkygermany.com\\\/en\\\/sistine-chapel-hamburg\\\/#breadcrumb\"},\"inLanguage\":\"en-US\",\"potentialAction\":[{\"@type\":\"ReadAction\",\"target\":[\"https:\\\/\\\/funkygermany.com\\\/en\\\/sistine-chapel-hamburg\\\/\"]}]},{\"@type\":\"ImageObject\",\"inLanguage\":\"en-US\",\"@id\":\"https:\\\/\\\/funkygermany.com\\\/en\\\/sistine-chapel-hamburg\\\/#primaryimage\",\"url\":\"https:\\\/\\\/funkygermany.com\\\/wp-content\\\/uploads\\\/2024\\\/06\\\/michelangelo-sistine-chapel-exhibition-2-c-fever.jpg\",\"contentUrl\":\"https:\\\/\\\/funkygermany.com\\\/wp-content\\\/uploads\\\/2024\\\/06\\\/michelangelo-sistine-chapel-exhibition-2-c-fever.jpg\",\"width\":1750,\"height\":1167,\"caption\":\"Fever\"},{\"@type\":\"BreadcrumbList\",\"@id\":\"https:\\\/\\\/funkygermany.com\\\/en\\\/sistine-chapel-hamburg\\\/#breadcrumb\",\"itemListElement\":[{\"@type\":\"ListItem\",\"position\":1,\"name\":\"Homepage\",\"item\":\"https:\\\/\\\/funkygermany.com\\\/en\\\/\"},{\"@type\":\"ListItem\",\"position\":2,\"name\":\"Michelangelo in Hamburg\"}]},{\"@type\":\"WebSite\",\"@id\":\"https:\\\/\\\/funkygermany.com\\\/en\\\/#website\",\"url\":\"https:\\\/\\\/funkygermany.com\\\/en\\\/\",\"name\":\"funkyGERMANY\",\"description\":\"The Travel Site\",\"publisher\":{\"@id\":\"https:\\\/\\\/funkygermany.com\\\/en\\\/#organization\"},\"potentialAction\":[{\"@type\":\"SearchAction\",\"target\":{\"@type\":\"EntryPoint\",\"urlTemplate\":\"https:\\\/\\\/funkygermany.com\\\/en\\\/?s={search_term_string}\"},\"query-input\":{\"@type\":\"PropertyValueSpecification\",\"valueRequired\":true,\"valueName\":\"search_term_string\"}}],\"inLanguage\":\"en-US\"},{\"@type\":\"Organization\",\"@id\":\"https:\\\/\\\/funkygermany.com\\\/en\\\/#organization\",\"name\":\"funkyGERMANY\",\"url\":\"https:\\\/\\\/funkygermany.com\\\/en\\\/\",\"logo\":{\"@type\":\"ImageObject\",\"inLanguage\":\"en-US\",\"@id\":\"https:\\\/\\\/funkygermany.com\\\/en\\\/#\\\/schema\\\/logo\\\/image\\\/\",\"url\":\"\",\"contentUrl\":\"\",\"caption\":\"funkyGERMANY\"},\"image\":{\"@id\":\"https:\\\/\\\/funkygermany.com\\\/en\\\/#\\\/schema\\\/logo\\\/image\\\/\"},\"sameAs\":[\"https:\\\/\\\/www.facebook.com\\\/funkyGERMANY\\\/\",\"https:\\\/\\\/x.com\\\/funky_germany\",\"https:\\\/\\\/www.instagram.com\\\/funky.germany\\\/\"]},{\"@type\":\"Person\",\"@id\":\"https:\\\/\\\/funkygermany.com\\\/en\\\/#\\\/schema\\\/person\\\/f81b7afdf2e893ded488c675b14e4ab9\",\"name\":\"Konrad Bender\",\"image\":{\"@type\":\"ImageObject\",\"inLanguage\":\"en-US\",\"@id\":\"https:\\\/\\\/secure.gravatar.com\\\/avatar\\\/23b3770cab9ffa7229f737140560ffbdbbc31e87f47597d1e37137060660d1f2?s=96&d=mm&r=g\",\"url\":\"https:\\\/\\\/secure.gravatar.com\\\/avatar\\\/23b3770cab9ffa7229f737140560ffbdbbc31e87f47597d1e37137060660d1f2?s=96&d=mm&r=g\",\"contentUrl\":\"https:\\\/\\\/secure.gravatar.com\\\/avatar\\\/23b3770cab9ffa7229f737140560ffbdbbc31e87f47597d1e37137060660d1f2?s=96&d=mm&r=g\",\"caption\":\"Konrad Bender\"},\"description\":\"Konrad l\u00e4sst sich gerne \u00fcberraschen. Seine Reisen f\u00fchren den Exil-Sauerl\u00e4nder an Orte, die auf den Reisepl\u00e4nen vieler Menschen vielleicht nicht ganz oben stehen und doch viel zu bieten haben. Ein besonderes Augenmerk legt der Hobbyhistoriker dabei auf Kultur und Geschichte, erkundet aber auch f\u00fcr sein Leben gern Naturkathedralen und Gastrotempel gleicherma\u00dfen.\",\"url\":\"https:\\\/\\\/funkygermany.com\\\/en\\\/author\\\/konrad-bender\\\/\"}]}<\/script>\n<!-- \/ Yoast SEO Premium plugin. -->","yoast_head_json":{"title":"The Sistine Chapel comes to Hamburg - funkyGERMANY","description":"World-class art: an exhibition brings the Sistine Chapel to Hamburg, to the Kulturkirche Altona. It starts on June 28.","robots":{"index":"index","follow":"follow","max-snippet":"max-snippet:-1","max-image-preview":"max-image-preview:large","max-video-preview":"max-video-preview:-1"},"canonical":"https:\/\/funkygermany.com\/en\/sistine-chapel-hamburg\/","og_locale":"en_US","og_type":"article","og_title":"Michelangelo in Hamburg","og_description":"World-class art: an exhibition brings the Sistine Chapel to Hamburg, to the Kulturkirche Altona. It starts on June 28.","og_url":"https:\/\/funkygermany.com\/en\/sistine-chapel-hamburg\/","og_site_name":"funkyGERMANY","article_publisher":"https:\/\/www.facebook.com\/funkyGERMANY\/","article_published_time":"2024-06-25T07:57:26+00:00","article_modified_time":"2024-06-25T07:57:28+00:00","og_image":[{"width":1750,"height":1167,"url":"https:\/\/funkygermany.com\/wp-content\/uploads\/2024\/06\/michelangelo-sistine-chapel-exhibition-2-c-fever.jpg","type":"image\/jpeg"}],"author":"Konrad Bender","twitter_card":"summary_large_image","twitter_creator":"@funky_germany","twitter_site":"@funky_germany","twitter_misc":{"Written by":"Konrad Bender","Est. reading time":"3 minutes"},"schema":{"@context":"https:\/\/schema.org","@graph":[{"@type":"Article","@id":"https:\/\/funkygermany.com\/en\/sistine-chapel-hamburg\/#article","isPartOf":{"@id":"https:\/\/funkygermany.com\/en\/sistine-chapel-hamburg\/"},"author":{"name":"Konrad Bender","@id":"https:\/\/funkygermany.com\/en\/#\/schema\/person\/f81b7afdf2e893ded488c675b14e4ab9"},"headline":"Michelangelo in Hamburg","datePublished":"2024-06-25T07:57:26+00:00","dateModified":"2024-06-25T07:57:28+00:00","mainEntityOfPage":{"@id":"https:\/\/funkygermany.com\/en\/sistine-chapel-hamburg\/"},"wordCount":346,"publisher":{"@id":"https:\/\/funkygermany.com\/en\/#organization"},"image":{"@id":"https:\/\/funkygermany.com\/en\/sistine-chapel-hamburg\/#primaryimage"},"thumbnailUrl":"https:\/\/funkygermany.com\/wp-content\/uploads\/2024\/06\/michelangelo-sistine-chapel-exhibition-2-c-fever.jpg","keywords":["Art","Culture","Hamburg","North"],"articleSection":["Hamburg"],"inLanguage":"en-US"},{"@type":"WebPage","@id":"https:\/\/funkygermany.com\/en\/sistine-chapel-hamburg\/","url":"https:\/\/funkygermany.com\/en\/sistine-chapel-hamburg\/","name":"The Sistine Chapel comes to Hamburg - funkyGERMANY","isPartOf":{"@id":"https:\/\/funkygermany.com\/en\/#website"},"primaryImageOfPage":{"@id":"https:\/\/funkygermany.com\/en\/sistine-chapel-hamburg\/#primaryimage"},"image":{"@id":"https:\/\/funkygermany.com\/en\/sistine-chapel-hamburg\/#primaryimage"},"thumbnailUrl":"https:\/\/funkygermany.com\/wp-content\/uploads\/2024\/06\/michelangelo-sistine-chapel-exhibition-2-c-fever.jpg","datePublished":"2024-06-25T07:57:26+00:00","dateModified":"2024-06-25T07:57:28+00:00","description":"World-class art: an exhibition brings the Sistine Chapel to Hamburg, to the Kulturkirche Altona. It starts on June 28.","breadcrumb":{"@id":"https:\/\/funkygermany.com\/en\/sistine-chapel-hamburg\/#breadcrumb"},"inLanguage":"en-US","potentialAction":[{"@type":"ReadAction","target":["https:\/\/funkygermany.com\/en\/sistine-chapel-hamburg\/"]}]},{"@type":"ImageObject","inLanguage":"en-US","@id":"https:\/\/funkygermany.com\/en\/sistine-chapel-hamburg\/#primaryimage","url":"https:\/\/funkygermany.com\/wp-content\/uploads\/2024\/06\/michelangelo-sistine-chapel-exhibition-2-c-fever.jpg","contentUrl":"https:\/\/funkygermany.com\/wp-content\/uploads\/2024\/06\/michelangelo-sistine-chapel-exhibition-2-c-fever.jpg","width":1750,"height":1167,"caption":"Fever"},{"@type":"BreadcrumbList","@id":"https:\/\/funkygermany.com\/en\/sistine-chapel-hamburg\/#breadcrumb","itemListElement":[{"@type":"ListItem","position":1,"name":"Homepage","item":"https:\/\/funkygermany.com\/en\/"},{"@type":"ListItem","position":2,"name":"Michelangelo in Hamburg"}]},{"@type":"WebSite","@id":"https:\/\/funkygermany.com\/en\/#website","url":"https:\/\/funkygermany.com\/en\/","name":"funkyGERMANY","description":"The Travel Site","publisher":{"@id":"https:\/\/funkygermany.com\/en\/#organization"},"potentialAction":[{"@type":"SearchAction","target":{"@type":"EntryPoint","urlTemplate":"https:\/\/funkygermany.com\/en\/?s={search_term_string}"},"query-input":{"@type":"PropertyValueSpecification","valueRequired":true,"valueName":"search_term_string"}}],"inLanguage":"en-US"},{"@type":"Organization","@id":"https:\/\/funkygermany.com\/en\/#organization","name":"funkyGERMANY","url":"https:\/\/funkygermany.com\/en\/","logo":{"@type":"ImageObject","inLanguage":"en-US","@id":"https:\/\/funkygermany.com\/en\/#\/schema\/logo\/image\/","url":"","contentUrl":"","caption":"funkyGERMANY"},"image":{"@id":"https:\/\/funkygermany.com\/en\/#\/schema\/logo\/image\/"},"sameAs":["https:\/\/www.facebook.com\/funkyGERMANY\/","https:\/\/x.com\/funky_germany","https:\/\/www.instagram.com\/funky.germany\/"]},{"@type":"Person","@id":"https:\/\/funkygermany.com\/en\/#\/schema\/person\/f81b7afdf2e893ded488c675b14e4ab9","name":"Konrad Bender","image":{"@type":"ImageObject","inLanguage":"en-US","@id":"https:\/\/secure.gravatar.com\/avatar\/23b3770cab9ffa7229f737140560ffbdbbc31e87f47597d1e37137060660d1f2?s=96&d=mm&r=g","url":"https:\/\/secure.gravatar.com\/avatar\/23b3770cab9ffa7229f737140560ffbdbbc31e87f47597d1e37137060660d1f2?s=96&d=mm&r=g","contentUrl":"https:\/\/secure.gravatar.com\/avatar\/23b3770cab9ffa7229f737140560ffbdbbc31e87f47597d1e37137060660d1f2?s=96&d=mm&r=g","caption":"Konrad Bender"},"description":"Konrad l\u00e4sst sich gerne \u00fcberraschen. Seine Reisen f\u00fchren den Exil-Sauerl\u00e4nder an Orte, die auf den Reisepl\u00e4nen vieler Menschen vielleicht nicht ganz oben stehen und doch viel zu bieten haben. Ein besonderes Augenmerk legt der Hobbyhistoriker dabei auf Kultur und Geschichte, erkundet aber auch f\u00fcr sein Leben gern Naturkathedralen und Gastrotempel gleicherma\u00dfen.","url":"https:\/\/funkygermany.com\/en\/author\/konrad-bender\/"}]}},"_links":{"self":[{"href":"https:\/\/funkygermany.com\/en\/wp-json\/wp\/v2\/posts\/15690","targetHints":{"allow":["GET"]}}],"collection":[{"href":"https:\/\/funkygermany.com\/en\/wp-json\/wp\/v2\/posts"}],"about":[{"href":"https:\/\/funkygermany.com\/en\/wp-json\/wp\/v2\/types\/post"}],"author":[{"embeddable":true,"href":"https:\/\/funkygermany.com\/en\/wp-json\/wp\/v2\/users\/10"}],"replies":[{"embeddable":true,"href":"https:\/\/funkygermany.com\/en\/wp-json\/wp\/v2\/comments?post=15690"}],"version-history":[{"count":1,"href":"https:\/\/funkygermany.com\/en\/wp-json\/wp\/v2\/posts\/15690\/revisions"}],"predecessor-version":[{"id":15693,"href":"https:\/\/funkygermany.com\/en\/wp-json\/wp\/v2\/posts\/15690\/revisions\/15693"}],"wp:featuredmedia":[{"embeddable":true,"href":"https:\/\/funkygermany.com\/en\/wp-json\/wp\/v2\/media\/15691"}],"wp:attachment":[{"href":"https:\/\/funkygermany.com\/en\/wp-json\/wp\/v2\/media?parent=15690"}],"wp:term":[{"taxonomy":"category","embeddable":true,"href":"https:\/\/funkygermany.com\/en\/wp-json\/wp\/v2\/categories?post=15690"},{"taxonomy":"post_tag","embeddable":true,"href":"https:\/\/funkygermany.com\/en\/wp-json\/wp\/v2\/tags?post=15690"}],"curies":[{"name":"wp","href":"https:\/\/api.w.org\/{rel}","templated":true}]}}