{"id":12660,"date":"2023-01-03T10:54:00","date_gmt":"2023-01-03T09:54:00","guid":{"rendered":"https:\/\/funkygermany.com\/?p=12660"},"modified":"2023-01-02T16:48:21","modified_gmt":"2023-01-02T15:48:21","slug":"hiking-for-the-experienced","status":"publish","type":"post","link":"https:\/\/funkygermany.com\/en\/hiking-for-the-experienced\/","title":{"rendered":"Hiking for the experienced\u00a0"},"content":{"rendered":"\n<p><strong>If you want to go for a hike that\u2019s a bit more on the demanding side, you can take a look at this list. Because hiking is not the pleasure of the miller, but of the experienced. Here is our selection for the most fitting hikes in Germany that could prove to be a personal challenge.<\/strong><\/p>\n\n\n\n<h2 class=\"wp-block-heading\" id=\"h-heilbronner-hohenweg\">Heilbronner H\u00f6henweg\u00a0<\/h2>\n\n\n\n<p>The <a href=\"https:\/\/funkygermany.com\/en\/allgau-mindfulness\/\" target=\"_blank\" rel=\"noreferrer noopener\">Allg\u00e4u<\/a> \u2013 anyone who thinks that this only means rolling hills will now be taught otherwise. Because the Allg\u00e4u main ridge is one of the most alpine regions in Germany. At over 2,400 meters, hikers discover two things on the four-kilometer-long <a href=\"https:\/\/www.oberstdorf.de\/en\/\" target=\"_blank\" rel=\"noreferrer noopener\"><strong>Heilbronner H\u00f6henweg<\/strong><\/a>: real height and a seemingly endless sea of \u200b\u200brocks.\u00a0<\/p>\n\n\n\n<p>But one thing is certain: It is one of the most beautiful tours in the German Alps. Fortunately, steps and ladders make scrambling easier. In many places, however, there is \u2013 in the truest sense of the word \u2013 a tightrope walk. A path secured with ropes because it drops steeply left and right. Reinhold Messner might smile at that. But you should be free from giddiness, that&#8217;s for sure as well as sure-footed. And if in doubt, book a mountain guide. The view alone is stunningly beautiful and is a nice reward for every physical exertion.<\/p>\n\n\n\n<figure class=\"wp-block-image size-large\"><img decoding=\"async\" width=\"1024\" height=\"768\" loading=\"lazy\" src=\"https:\/\/funkygermany.com\/wp-content\/uploads\/2023\/01\/Hikes-in-Germany-Heilbronner-Hoehenweg_c_shutterstock_olyfreak-1024x768.jpg\" alt=\"Difficult hikes in Germany: Heilbronner H\u00f6henweg in Allg\u00e4u\" class=\"wp-image-12308\" srcset=\"https:\/\/funkygermany.com\/wp-content\/uploads\/2023\/01\/Hikes-in-Germany-Heilbronner-Hoehenweg_c_shutterstock_olyfreak-1024x768.jpg 1024w, https:\/\/funkygermany.com\/wp-content\/uploads\/2023\/01\/Hikes-in-Germany-Heilbronner-Hoehenweg_c_shutterstock_olyfreak-300x225.jpg 300w, https:\/\/funkygermany.com\/wp-content\/uploads\/2023\/01\/Hikes-in-Germany-Heilbronner-Hoehenweg_c_shutterstock_olyfreak-883x663.jpg 883w, https:\/\/funkygermany.com\/wp-content\/uploads\/2023\/01\/Hikes-in-Germany-Heilbronner-Hoehenweg_c_shutterstock_olyfreak-1536x1152.jpg 1536w, https:\/\/funkygermany.com\/wp-content\/uploads\/2023\/01\/Hikes-in-Germany-Heilbronner-Hoehenweg_c_shutterstock_olyfreak-293x220.jpg 293w, https:\/\/funkygermany.com\/wp-content\/uploads\/2023\/01\/Hikes-in-Germany-Heilbronner-Hoehenweg_c_shutterstock_olyfreak-770x578.jpg 770w, https:\/\/funkygermany.com\/wp-content\/uploads\/2023\/01\/Hikes-in-Germany-Heilbronner-Hoehenweg_c_shutterstock_olyfreak-1400x1050.jpg 1400w, https:\/\/funkygermany.com\/wp-content\/uploads\/2023\/01\/Hikes-in-Germany-Heilbronner-Hoehenweg_c_shutterstock_olyfreak.jpg 1750w\" sizes=\"auto, (max-width: 1024px) 100vw, 1024px\" \/><noscript><img decoding=\"async\" width=\"1024\" height=\"768\" src=\"https:\/\/funkygermany.com\/wp-content\/uploads\/2023\/01\/Hikes-in-Germany-Heilbronner-Hoehenweg_c_shutterstock_olyfreak-1024x768.jpg\" alt=\"Difficult hikes in Germany: Heilbronner H\u00f6henweg in Allg\u00e4u\" class=\"wp-image-12308\" srcset=\"https:\/\/funkygermany.com\/wp-content\/uploads\/2023\/01\/Hikes-in-Germany-Heilbronner-Hoehenweg_c_shutterstock_olyfreak-1024x768.jpg 1024w, https:\/\/funkygermany.com\/wp-content\/uploads\/2023\/01\/Hikes-in-Germany-Heilbronner-Hoehenweg_c_shutterstock_olyfreak-300x225.jpg 300w, https:\/\/funkygermany.com\/wp-content\/uploads\/2023\/01\/Hikes-in-Germany-Heilbronner-Hoehenweg_c_shutterstock_olyfreak-883x663.jpg 883w, https:\/\/funkygermany.com\/wp-content\/uploads\/2023\/01\/Hikes-in-Germany-Heilbronner-Hoehenweg_c_shutterstock_olyfreak-1536x1152.jpg 1536w, https:\/\/funkygermany.com\/wp-content\/uploads\/2023\/01\/Hikes-in-Germany-Heilbronner-Hoehenweg_c_shutterstock_olyfreak-293x220.jpg 293w, https:\/\/funkygermany.com\/wp-content\/uploads\/2023\/01\/Hikes-in-Germany-Heilbronner-Hoehenweg_c_shutterstock_olyfreak-770x578.jpg 770w, https:\/\/funkygermany.com\/wp-content\/uploads\/2023\/01\/Hikes-in-Germany-Heilbronner-Hoehenweg_c_shutterstock_olyfreak-1400x1050.jpg 1400w, https:\/\/funkygermany.com\/wp-content\/uploads\/2023\/01\/Hikes-in-Germany-Heilbronner-Hoehenweg_c_shutterstock_olyfreak.jpg 1750w\" sizes=\"(max-width: 1024px) 100vw, 1024px\" \/><\/noscript><figcaption class=\"wp-element-caption\">olyfreak\/Shutterstock.com<\/figcaption><\/figure>\n\n\n\n<h2 class=\"wp-block-heading\">Nibelungensteig&nbsp;<\/h2>\n\n\n\n<p>The name promises excitement. After all, the path is named after one of the most important German epics of all time. It also leads past three places where Siegfried, our epic\u2019s hero, is said to have been killed by his enemy, Hagen. It is a path that also demands one or the other. But, of course, it makes up for it as the wayside offers something exciting.\u00a0<\/p>\n\n\n\n<figure class=\"wp-block-gallery has-nested-images columns-default is-cropped wp-block-gallery-1 is-layout-flex wp-block-gallery-is-layout-flex\">\n<figure class=\"wp-block-image size-large\"><img decoding=\"async\" width=\"683\" height=\"1024\" loading=\"lazy\" data-id=\"12316\" src=\"https:\/\/funkygermany.com\/wp-content\/uploads\/2023\/01\/difiicult-hikes-in-Germanyc-daniel-j-schwarz-unsplash--683x1024.webp\" alt=\"hiking in the rain\" class=\"wp-image-12316\" srcset=\"https:\/\/funkygermany.com\/wp-content\/uploads\/2023\/01\/difiicult-hikes-in-Germanyc-daniel-j-schwarz-unsplash--683x1024.webp 683w, https:\/\/funkygermany.com\/wp-content\/uploads\/2023\/01\/difiicult-hikes-in-Germanyc-daniel-j-schwarz-unsplash--200x300.webp 200w, https:\/\/funkygermany.com\/wp-content\/uploads\/2023\/01\/difiicult-hikes-in-Germanyc-daniel-j-schwarz-unsplash--883x1324.webp 883w, https:\/\/funkygermany.com\/wp-content\/uploads\/2023\/01\/difiicult-hikes-in-Germanyc-daniel-j-schwarz-unsplash--1024x1536.webp 1024w, https:\/\/funkygermany.com\/wp-content\/uploads\/2023\/01\/difiicult-hikes-in-Germanyc-daniel-j-schwarz-unsplash--1366x2048.webp 1366w, https:\/\/funkygermany.com\/wp-content\/uploads\/2023\/01\/difiicult-hikes-in-Germanyc-daniel-j-schwarz-unsplash--293x439.webp 293w, https:\/\/funkygermany.com\/wp-content\/uploads\/2023\/01\/difiicult-hikes-in-Germanyc-daniel-j-schwarz-unsplash--770x1155.webp 770w, https:\/\/funkygermany.com\/wp-content\/uploads\/2023\/01\/difiicult-hikes-in-Germanyc-daniel-j-schwarz-unsplash--1400x2100.webp 1400w, https:\/\/funkygermany.com\/wp-content\/uploads\/2023\/01\/difiicult-hikes-in-Germanyc-daniel-j-schwarz-unsplash-.webp 1707w\" sizes=\"auto, (max-width: 683px) 100vw, 683px\" \/><noscript><img decoding=\"async\" width=\"683\" height=\"1024\" data-id=\"12316\" src=\"https:\/\/funkygermany.com\/wp-content\/uploads\/2023\/01\/difiicult-hikes-in-Germanyc-daniel-j-schwarz-unsplash--683x1024.webp\" alt=\"hiking in the rain\" class=\"wp-image-12316\" srcset=\"https:\/\/funkygermany.com\/wp-content\/uploads\/2023\/01\/difiicult-hikes-in-Germanyc-daniel-j-schwarz-unsplash--683x1024.webp 683w, https:\/\/funkygermany.com\/wp-content\/uploads\/2023\/01\/difiicult-hikes-in-Germanyc-daniel-j-schwarz-unsplash--200x300.webp 200w, https:\/\/funkygermany.com\/wp-content\/uploads\/2023\/01\/difiicult-hikes-in-Germanyc-daniel-j-schwarz-unsplash--883x1324.webp 883w, https:\/\/funkygermany.com\/wp-content\/uploads\/2023\/01\/difiicult-hikes-in-Germanyc-daniel-j-schwarz-unsplash--1024x1536.webp 1024w, https:\/\/funkygermany.com\/wp-content\/uploads\/2023\/01\/difiicult-hikes-in-Germanyc-daniel-j-schwarz-unsplash--1366x2048.webp 1366w, https:\/\/funkygermany.com\/wp-content\/uploads\/2023\/01\/difiicult-hikes-in-Germanyc-daniel-j-schwarz-unsplash--293x439.webp 293w, https:\/\/funkygermany.com\/wp-content\/uploads\/2023\/01\/difiicult-hikes-in-Germanyc-daniel-j-schwarz-unsplash--770x1155.webp 770w, https:\/\/funkygermany.com\/wp-content\/uploads\/2023\/01\/difiicult-hikes-in-Germanyc-daniel-j-schwarz-unsplash--1400x2100.webp 1400w, https:\/\/funkygermany.com\/wp-content\/uploads\/2023\/01\/difiicult-hikes-in-Germanyc-daniel-j-schwarz-unsplash-.webp 1707w\" sizes=\"(max-width: 683px) 100vw, 683px\" \/><\/noscript><figcaption class=\"wp-element-caption\">Daniel J. Schwarz<\/figcaption><\/figure>\n\n\n\n<figure class=\"wp-block-image size-large\"><img decoding=\"async\" width=\"1024\" height=\"683\" loading=\"lazy\" data-id=\"12312\" src=\"https:\/\/funkygermany.com\/wp-content\/uploads\/2023\/01\/difficult-hikes-germany-c_larisa-birta-unsplash-1024x683.webp\" alt=\"hikes in Germany\" class=\"wp-image-12312\" srcset=\"https:\/\/funkygermany.com\/wp-content\/uploads\/2023\/01\/difficult-hikes-germany-c_larisa-birta-unsplash-1024x683.webp 1024w, https:\/\/funkygermany.com\/wp-content\/uploads\/2023\/01\/difficult-hikes-germany-c_larisa-birta-unsplash-300x200.webp 300w, https:\/\/funkygermany.com\/wp-content\/uploads\/2023\/01\/difficult-hikes-germany-c_larisa-birta-unsplash-883x589.webp 883w, https:\/\/funkygermany.com\/wp-content\/uploads\/2023\/01\/difficult-hikes-germany-c_larisa-birta-unsplash-1536x1025.webp 1536w, https:\/\/funkygermany.com\/wp-content\/uploads\/2023\/01\/difficult-hikes-germany-c_larisa-birta-unsplash-1155x770.webp 1155w, https:\/\/funkygermany.com\/wp-content\/uploads\/2023\/01\/difficult-hikes-germany-c_larisa-birta-unsplash-370x247.webp 370w, https:\/\/funkygermany.com\/wp-content\/uploads\/2023\/01\/difficult-hikes-germany-c_larisa-birta-unsplash-770x514.webp 770w, https:\/\/funkygermany.com\/wp-content\/uploads\/2023\/01\/difficult-hikes-germany-c_larisa-birta-unsplash-293x196.webp 293w, https:\/\/funkygermany.com\/wp-content\/uploads\/2023\/01\/difficult-hikes-germany-c_larisa-birta-unsplash-1400x934.webp 1400w, https:\/\/funkygermany.com\/wp-content\/uploads\/2023\/01\/difficult-hikes-germany-c_larisa-birta-unsplash.webp 1750w\" sizes=\"auto, (max-width: 1024px) 100vw, 1024px\" \/><noscript><img decoding=\"async\" width=\"1024\" height=\"683\" data-id=\"12312\" src=\"https:\/\/funkygermany.com\/wp-content\/uploads\/2023\/01\/difficult-hikes-germany-c_larisa-birta-unsplash-1024x683.webp\" alt=\"hikes in Germany\" class=\"wp-image-12312\" srcset=\"https:\/\/funkygermany.com\/wp-content\/uploads\/2023\/01\/difficult-hikes-germany-c_larisa-birta-unsplash-1024x683.webp 1024w, https:\/\/funkygermany.com\/wp-content\/uploads\/2023\/01\/difficult-hikes-germany-c_larisa-birta-unsplash-300x200.webp 300w, https:\/\/funkygermany.com\/wp-content\/uploads\/2023\/01\/difficult-hikes-germany-c_larisa-birta-unsplash-883x589.webp 883w, https:\/\/funkygermany.com\/wp-content\/uploads\/2023\/01\/difficult-hikes-germany-c_larisa-birta-unsplash-1536x1025.webp 1536w, https:\/\/funkygermany.com\/wp-content\/uploads\/2023\/01\/difficult-hikes-germany-c_larisa-birta-unsplash-1155x770.webp 1155w, https:\/\/funkygermany.com\/wp-content\/uploads\/2023\/01\/difficult-hikes-germany-c_larisa-birta-unsplash-370x247.webp 370w, https:\/\/funkygermany.com\/wp-content\/uploads\/2023\/01\/difficult-hikes-germany-c_larisa-birta-unsplash-770x514.webp 770w, https:\/\/funkygermany.com\/wp-content\/uploads\/2023\/01\/difficult-hikes-germany-c_larisa-birta-unsplash-293x196.webp 293w, https:\/\/funkygermany.com\/wp-content\/uploads\/2023\/01\/difficult-hikes-germany-c_larisa-birta-unsplash-1400x934.webp 1400w, https:\/\/funkygermany.com\/wp-content\/uploads\/2023\/01\/difficult-hikes-germany-c_larisa-birta-unsplash.webp 1750w\" sizes=\"(max-width: 1024px) 100vw, 1024px\" \/><\/noscript><figcaption class=\"wp-element-caption\">Larisa Birta<\/figcaption><\/figure>\n<\/figure>\n\n\n\n<p><br>The 124 km long <strong><a href=\"https:\/\/www.nibelungensteig.de\" target=\"_blank\" rel=\"noreferrer noopener\">Nibelungensteig<\/a> <\/strong>begins in Zwingenberg on the Bergstra\u00dfe and goes through the entire Odenwald to Freudenberg am Main. That&#8217;s 4,000 meters of altitude difference on sometimes sweaty paths. This is nothing for hikers who shy away from steep climbs. However, as already mentioned, it will be compensated. Picture-perfect panoramas await as well as shady forest idylls with views of an interplay of wooded hilltops and branched valleys. Always in between &#8211; picturesque villages with the finest half-timbered houses. But the real highlight has calories. If you hike along here, you have to go to cake paradise. This is the <a href=\"https:\/\/cafe-bauer-hammelbach.homepage.t-online.de\/index2.html\" target=\"_blank\" rel=\"noreferrer noopener\">Caf\u00e9 Bauer<\/a> in the Gassbachtal. Mmmm. We\u2019re sure Siegfried would have liked that too.<\/p>\n\n\n\n<h2 class=\"wp-block-heading\">Albsteig&nbsp;<\/h2>\n\n\n\n<p>With 365 kilometers and 27 daily stages, this is one of the longest hiking trails in Germany. But be careful &#8211; not a single day is boring, we promise. The path opens up impressive layered landscapes, the Albtrauf, many caves and also hillside paths. There are grandiose views, great museums and impressive castles. Sweaty but beautiful.<\/p>\n\n\n\n<figure class=\"wp-block-image size-large\"><img decoding=\"async\" width=\"1024\" height=\"576\" loading=\"lazy\" src=\"https:\/\/funkygermany.com\/wp-content\/uploads\/2023\/01\/Albsteig-hike-in-Germany_c_shutterstock_chrisontour84-1024x576.jpg\" alt=\"Albsteig in Germany\" class=\"wp-image-12318\" srcset=\"https:\/\/funkygermany.com\/wp-content\/uploads\/2023\/01\/Albsteig-hike-in-Germany_c_shutterstock_chrisontour84-1024x576.jpg 1024w, https:\/\/funkygermany.com\/wp-content\/uploads\/2023\/01\/Albsteig-hike-in-Germany_c_shutterstock_chrisontour84-300x169.jpg 300w, https:\/\/funkygermany.com\/wp-content\/uploads\/2023\/01\/Albsteig-hike-in-Germany_c_shutterstock_chrisontour84-883x497.jpg 883w, https:\/\/funkygermany.com\/wp-content\/uploads\/2023\/01\/Albsteig-hike-in-Germany_c_shutterstock_chrisontour84-1536x864.jpg 1536w, https:\/\/funkygermany.com\/wp-content\/uploads\/2023\/01\/Albsteig-hike-in-Germany_c_shutterstock_chrisontour84-293x165.jpg 293w, https:\/\/funkygermany.com\/wp-content\/uploads\/2023\/01\/Albsteig-hike-in-Germany_c_shutterstock_chrisontour84-770x433.jpg 770w, https:\/\/funkygermany.com\/wp-content\/uploads\/2023\/01\/Albsteig-hike-in-Germany_c_shutterstock_chrisontour84-1400x788.jpg 1400w, https:\/\/funkygermany.com\/wp-content\/uploads\/2023\/01\/Albsteig-hike-in-Germany_c_shutterstock_chrisontour84.jpg 2048w\" sizes=\"auto, (max-width: 1024px) 100vw, 1024px\" \/><noscript><img decoding=\"async\" width=\"1024\" height=\"576\" src=\"https:\/\/funkygermany.com\/wp-content\/uploads\/2023\/01\/Albsteig-hike-in-Germany_c_shutterstock_chrisontour84-1024x576.jpg\" alt=\"Albsteig in Germany\" class=\"wp-image-12318\" srcset=\"https:\/\/funkygermany.com\/wp-content\/uploads\/2023\/01\/Albsteig-hike-in-Germany_c_shutterstock_chrisontour84-1024x576.jpg 1024w, https:\/\/funkygermany.com\/wp-content\/uploads\/2023\/01\/Albsteig-hike-in-Germany_c_shutterstock_chrisontour84-300x169.jpg 300w, https:\/\/funkygermany.com\/wp-content\/uploads\/2023\/01\/Albsteig-hike-in-Germany_c_shutterstock_chrisontour84-883x497.jpg 883w, https:\/\/funkygermany.com\/wp-content\/uploads\/2023\/01\/Albsteig-hike-in-Germany_c_shutterstock_chrisontour84-1536x864.jpg 1536w, https:\/\/funkygermany.com\/wp-content\/uploads\/2023\/01\/Albsteig-hike-in-Germany_c_shutterstock_chrisontour84-293x165.jpg 293w, https:\/\/funkygermany.com\/wp-content\/uploads\/2023\/01\/Albsteig-hike-in-Germany_c_shutterstock_chrisontour84-770x433.jpg 770w, https:\/\/funkygermany.com\/wp-content\/uploads\/2023\/01\/Albsteig-hike-in-Germany_c_shutterstock_chrisontour84-1400x788.jpg 1400w, https:\/\/funkygermany.com\/wp-content\/uploads\/2023\/01\/Albsteig-hike-in-Germany_c_shutterstock_chrisontour84.jpg 2048w\" sizes=\"(max-width: 1024px) 100vw, 1024px\" \/><\/noscript><figcaption class=\"wp-element-caption\">chrisontour84\/Shutterstock.com<\/figcaption><\/figure>\n\n\n\n<h2 class=\"wp-block-heading\">Canyon Trail in the Black Forest&nbsp;<\/h2>\n\n\n\n<p>Lonliness, that is probably the first word that comes to mind on this very demanding path. 118 kilometers of pure nature. Unless, of course, the H\u00f6llentalbahn whistles. Then you know again for a short time that you are not too far away from civilization. Otherwise, there are dizzying slopes and lush jungle flora to see in Germany&#8217;s largest canyon with rushing waterfalls, wild gorges and awe-inspiring scree slopes.<\/p>\n\n\n\n<figure class=\"wp-block-gallery has-nested-images columns-default is-cropped wp-block-gallery-2 is-layout-flex wp-block-gallery-is-layout-flex\">\n<figure class=\"wp-block-image size-large\"><a href=\"https:\/\/funkygermany.com\/wp-content\/uploads\/2023\/01\/Canyon-trail-Black-forest-hikes-in-germany_c_shutterstock_sybanto.webp\"><img decoding=\"async\" width=\"1024\" height=\"680\" loading=\"lazy\" data-id=\"12329\" src=\"https:\/\/funkygermany.com\/wp-content\/uploads\/2023\/01\/Canyon-trail-Black-forest-hikes-in-germany_c_shutterstock_sybanto-1024x680.webp\" alt=\"wood leaves and rocks in the Black Forest\" class=\"wp-image-12329\" srcset=\"https:\/\/funkygermany.com\/wp-content\/uploads\/2023\/01\/Canyon-trail-Black-forest-hikes-in-germany_c_shutterstock_sybanto-1024x680.webp 1024w, https:\/\/funkygermany.com\/wp-content\/uploads\/2023\/01\/Canyon-trail-Black-forest-hikes-in-germany_c_shutterstock_sybanto-300x199.webp 300w, https:\/\/funkygermany.com\/wp-content\/uploads\/2023\/01\/Canyon-trail-Black-forest-hikes-in-germany_c_shutterstock_sybanto-883x586.webp 883w, https:\/\/funkygermany.com\/wp-content\/uploads\/2023\/01\/Canyon-trail-Black-forest-hikes-in-germany_c_shutterstock_sybanto-1536x1020.webp 1536w, https:\/\/funkygermany.com\/wp-content\/uploads\/2023\/01\/Canyon-trail-Black-forest-hikes-in-germany_c_shutterstock_sybanto-370x247.webp 370w, https:\/\/funkygermany.com\/wp-content\/uploads\/2023\/01\/Canyon-trail-Black-forest-hikes-in-germany_c_shutterstock_sybanto-293x195.webp 293w, https:\/\/funkygermany.com\/wp-content\/uploads\/2023\/01\/Canyon-trail-Black-forest-hikes-in-germany_c_shutterstock_sybanto-770x511.webp 770w, https:\/\/funkygermany.com\/wp-content\/uploads\/2023\/01\/Canyon-trail-Black-forest-hikes-in-germany_c_shutterstock_sybanto-1400x930.webp 1400w, https:\/\/funkygermany.com\/wp-content\/uploads\/2023\/01\/Canyon-trail-Black-forest-hikes-in-germany_c_shutterstock_sybanto.webp 1750w\" sizes=\"auto, (max-width: 1024px) 100vw, 1024px\" \/><noscript><img decoding=\"async\" width=\"1024\" height=\"680\" data-id=\"12329\" src=\"https:\/\/funkygermany.com\/wp-content\/uploads\/2023\/01\/Canyon-trail-Black-forest-hikes-in-germany_c_shutterstock_sybanto-1024x680.webp\" alt=\"wood leaves and rocks in the Black Forest\" class=\"wp-image-12329\" srcset=\"https:\/\/funkygermany.com\/wp-content\/uploads\/2023\/01\/Canyon-trail-Black-forest-hikes-in-germany_c_shutterstock_sybanto-1024x680.webp 1024w, https:\/\/funkygermany.com\/wp-content\/uploads\/2023\/01\/Canyon-trail-Black-forest-hikes-in-germany_c_shutterstock_sybanto-300x199.webp 300w, https:\/\/funkygermany.com\/wp-content\/uploads\/2023\/01\/Canyon-trail-Black-forest-hikes-in-germany_c_shutterstock_sybanto-883x586.webp 883w, https:\/\/funkygermany.com\/wp-content\/uploads\/2023\/01\/Canyon-trail-Black-forest-hikes-in-germany_c_shutterstock_sybanto-1536x1020.webp 1536w, https:\/\/funkygermany.com\/wp-content\/uploads\/2023\/01\/Canyon-trail-Black-forest-hikes-in-germany_c_shutterstock_sybanto-370x247.webp 370w, https:\/\/funkygermany.com\/wp-content\/uploads\/2023\/01\/Canyon-trail-Black-forest-hikes-in-germany_c_shutterstock_sybanto-293x195.webp 293w, https:\/\/funkygermany.com\/wp-content\/uploads\/2023\/01\/Canyon-trail-Black-forest-hikes-in-germany_c_shutterstock_sybanto-770x511.webp 770w, https:\/\/funkygermany.com\/wp-content\/uploads\/2023\/01\/Canyon-trail-Black-forest-hikes-in-germany_c_shutterstock_sybanto-1400x930.webp 1400w, https:\/\/funkygermany.com\/wp-content\/uploads\/2023\/01\/Canyon-trail-Black-forest-hikes-in-germany_c_shutterstock_sybanto.webp 1750w\" sizes=\"(max-width: 1024px) 100vw, 1024px\" \/><\/noscript><\/a><figcaption class=\"wp-element-caption\">Sybanto\/Shutterstock.com<\/figcaption><\/figure>\n\n\n\n<figure class=\"wp-block-image size-large\"><a href=\"https:\/\/funkygermany.com\/wp-content\/uploads\/2023\/01\/Canyon-trail-back-forest_c_shutterstock_Bildagentur-Zoonar-GmbH_WASSERFALL.webp\"><img decoding=\"async\" width=\"1024\" height=\"680\" loading=\"lazy\" data-id=\"12327\" src=\"https:\/\/funkygermany.com\/wp-content\/uploads\/2023\/01\/Canyon-trail-back-forest_c_shutterstock_Bildagentur-Zoonar-GmbH_WASSERFALL-1024x680.webp\" alt=\"Water running through the walls of the Wutach gorge Black Forest Germany\" class=\"wp-image-12327\" srcset=\"https:\/\/funkygermany.com\/wp-content\/uploads\/2023\/01\/Canyon-trail-back-forest_c_shutterstock_Bildagentur-Zoonar-GmbH_WASSERFALL-1024x680.webp 1024w, https:\/\/funkygermany.com\/wp-content\/uploads\/2023\/01\/Canyon-trail-back-forest_c_shutterstock_Bildagentur-Zoonar-GmbH_WASSERFALL-300x199.webp 300w, https:\/\/funkygermany.com\/wp-content\/uploads\/2023\/01\/Canyon-trail-back-forest_c_shutterstock_Bildagentur-Zoonar-GmbH_WASSERFALL-883x586.webp 883w, https:\/\/funkygermany.com\/wp-content\/uploads\/2023\/01\/Canyon-trail-back-forest_c_shutterstock_Bildagentur-Zoonar-GmbH_WASSERFALL-1536x1020.webp 1536w, https:\/\/funkygermany.com\/wp-content\/uploads\/2023\/01\/Canyon-trail-back-forest_c_shutterstock_Bildagentur-Zoonar-GmbH_WASSERFALL-370x247.webp 370w, https:\/\/funkygermany.com\/wp-content\/uploads\/2023\/01\/Canyon-trail-back-forest_c_shutterstock_Bildagentur-Zoonar-GmbH_WASSERFALL-293x195.webp 293w, https:\/\/funkygermany.com\/wp-content\/uploads\/2023\/01\/Canyon-trail-back-forest_c_shutterstock_Bildagentur-Zoonar-GmbH_WASSERFALL-770x511.webp 770w, https:\/\/funkygermany.com\/wp-content\/uploads\/2023\/01\/Canyon-trail-back-forest_c_shutterstock_Bildagentur-Zoonar-GmbH_WASSERFALL-1400x930.webp 1400w, https:\/\/funkygermany.com\/wp-content\/uploads\/2023\/01\/Canyon-trail-back-forest_c_shutterstock_Bildagentur-Zoonar-GmbH_WASSERFALL.webp 1750w\" sizes=\"auto, (max-width: 1024px) 100vw, 1024px\" \/><noscript><img decoding=\"async\" width=\"1024\" height=\"680\" data-id=\"12327\" src=\"https:\/\/funkygermany.com\/wp-content\/uploads\/2023\/01\/Canyon-trail-back-forest_c_shutterstock_Bildagentur-Zoonar-GmbH_WASSERFALL-1024x680.webp\" alt=\"Water running through the walls of the Wutach gorge Black Forest Germany\" class=\"wp-image-12327\" srcset=\"https:\/\/funkygermany.com\/wp-content\/uploads\/2023\/01\/Canyon-trail-back-forest_c_shutterstock_Bildagentur-Zoonar-GmbH_WASSERFALL-1024x680.webp 1024w, https:\/\/funkygermany.com\/wp-content\/uploads\/2023\/01\/Canyon-trail-back-forest_c_shutterstock_Bildagentur-Zoonar-GmbH_WASSERFALL-300x199.webp 300w, https:\/\/funkygermany.com\/wp-content\/uploads\/2023\/01\/Canyon-trail-back-forest_c_shutterstock_Bildagentur-Zoonar-GmbH_WASSERFALL-883x586.webp 883w, https:\/\/funkygermany.com\/wp-content\/uploads\/2023\/01\/Canyon-trail-back-forest_c_shutterstock_Bildagentur-Zoonar-GmbH_WASSERFALL-1536x1020.webp 1536w, https:\/\/funkygermany.com\/wp-content\/uploads\/2023\/01\/Canyon-trail-back-forest_c_shutterstock_Bildagentur-Zoonar-GmbH_WASSERFALL-370x247.webp 370w, https:\/\/funkygermany.com\/wp-content\/uploads\/2023\/01\/Canyon-trail-back-forest_c_shutterstock_Bildagentur-Zoonar-GmbH_WASSERFALL-293x195.webp 293w, https:\/\/funkygermany.com\/wp-content\/uploads\/2023\/01\/Canyon-trail-back-forest_c_shutterstock_Bildagentur-Zoonar-GmbH_WASSERFALL-770x511.webp 770w, https:\/\/funkygermany.com\/wp-content\/uploads\/2023\/01\/Canyon-trail-back-forest_c_shutterstock_Bildagentur-Zoonar-GmbH_WASSERFALL-1400x930.webp 1400w, https:\/\/funkygermany.com\/wp-content\/uploads\/2023\/01\/Canyon-trail-back-forest_c_shutterstock_Bildagentur-Zoonar-GmbH_WASSERFALL.webp 1750w\" sizes=\"(max-width: 1024px) 100vw, 1024px\" \/><\/noscript><\/a><figcaption class=\"wp-element-caption\">Bildagentur Zoonar\/Shutterstock.com<\/figcaption><\/figure>\n<\/figure>\n","protected":false},"excerpt":{"rendered":"<p>If you want to go for a difficult hike: Here is our selection for hikes in Germany that could prove to be a personal challenge.<\/p>\n","protected":false},"author":3,"featured_media":12324,"comment_status":"closed","ping_status":"open","sticky":false,"template":"","format":"standard","meta":{"footnotes":""},"categories":[651],"tags":[700,681,698],"class_list":["post-12660","post","type-post","status-publish","format-standard","has-post-thumbnail","hentry","category-hiking","tag-hiking","tag-nature","tag-south"],"yoast_head":"<!-- This site is optimized with the Yoast SEO Premium plugin v27.3 (Yoast SEO v27.3) - https:\/\/yoast.com\/product\/yoast-seo-premium-wordpress\/ -->\n<title>Hiking for the experienced\u00a0 - funkyGERMANY<\/title>\n<meta name=\"description\" content=\"If you want to go for a difficult hike: Here is our selection for hikes in Germany that could prove to be a personal challenge.\" \/>\n<meta name=\"robots\" content=\"index, follow, max-snippet:-1, max-image-preview:large, max-video-preview:-1\" \/>\n<link rel=\"canonical\" href=\"https:\/\/funkygermany.com\/en\/hiking-for-the-experienced\/\" \/>\n<meta property=\"og:locale\" content=\"en_US\" \/>\n<meta property=\"og:type\" content=\"article\" \/>\n<meta property=\"og:title\" content=\"Hiking for the experienced\u00a0\" \/>\n<meta property=\"og:description\" content=\"If you want to go for a difficult hike: Here is our selection for hikes in Germany that could prove to be a personal challenge.\" \/>\n<meta property=\"og:url\" content=\"https:\/\/funkygermany.com\/en\/hiking-for-the-experienced\/\" \/>\n<meta property=\"og:site_name\" content=\"funkyGERMANY\" \/>\n<meta property=\"article:publisher\" content=\"https:\/\/www.facebook.com\/funkyGERMANY\/\" \/>\n<meta property=\"article:published_time\" content=\"2023-01-03T09:54:00+00:00\" \/>\n<meta property=\"og:image\" content=\"https:\/\/funkygermany.com\/wp-content\/uploads\/2023\/01\/hikes-in-germany-c.photo-nic-unsplash-3.jpg\" \/>\n\t<meta property=\"og:image:width\" content=\"1750\" \/>\n\t<meta property=\"og:image:height\" content=\"1167\" \/>\n\t<meta property=\"og:image:type\" content=\"image\/jpeg\" \/>\n<meta name=\"author\" content=\"Jennifer Latuperisa-Andresen\" \/>\n<meta name=\"twitter:card\" content=\"summary_large_image\" \/>\n<meta name=\"twitter:creator\" content=\"@funky_germany\" \/>\n<meta name=\"twitter:site\" content=\"@funky_germany\" \/>\n<meta name=\"twitter:label1\" content=\"Written by\" \/>\n\t<meta name=\"twitter:data1\" content=\"Jennifer Latuperisa-Andresen\" \/>\n\t<meta name=\"twitter:label2\" content=\"Est. reading time\" \/>\n\t<meta name=\"twitter:data2\" content=\"5 minutes\" \/>\n<script type=\"application\/ld+json\" class=\"yoast-schema-graph\">{\"@context\":\"https:\\\/\\\/schema.org\",\"@graph\":[{\"@type\":\"Article\",\"@id\":\"https:\\\/\\\/funkygermany.com\\\/en\\\/hiking-for-the-experienced\\\/#article\",\"isPartOf\":{\"@id\":\"https:\\\/\\\/funkygermany.com\\\/en\\\/hiking-for-the-experienced\\\/\"},\"author\":{\"name\":\"Jennifer Latuperisa-Andresen\",\"@id\":\"https:\\\/\\\/funkygermany.com\\\/en\\\/#\\\/schema\\\/person\\\/926493d4087ea078bbb33cd8ec2f9437\"},\"headline\":\"Hiking for the experienced\u00a0\",\"datePublished\":\"2023-01-03T09:54:00+00:00\",\"mainEntityOfPage\":{\"@id\":\"https:\\\/\\\/funkygermany.com\\\/en\\\/hiking-for-the-experienced\\\/\"},\"wordCount\":551,\"publisher\":{\"@id\":\"https:\\\/\\\/funkygermany.com\\\/en\\\/#organization\"},\"image\":{\"@id\":\"https:\\\/\\\/funkygermany.com\\\/en\\\/hiking-for-the-experienced\\\/#primaryimage\"},\"thumbnailUrl\":\"https:\\\/\\\/funkygermany.com\\\/wp-content\\\/uploads\\\/2023\\\/01\\\/hikes-in-germany-c.photo-nic-unsplash-3.jpg\",\"keywords\":[\"Hiking\",\"Nature\",\"South\"],\"articleSection\":[\"Hiking\"],\"inLanguage\":\"en-US\"},{\"@type\":\"WebPage\",\"@id\":\"https:\\\/\\\/funkygermany.com\\\/en\\\/hiking-for-the-experienced\\\/\",\"url\":\"https:\\\/\\\/funkygermany.com\\\/en\\\/hiking-for-the-experienced\\\/\",\"name\":\"Hiking for the experienced\u00a0 - funkyGERMANY\",\"isPartOf\":{\"@id\":\"https:\\\/\\\/funkygermany.com\\\/en\\\/#website\"},\"primaryImageOfPage\":{\"@id\":\"https:\\\/\\\/funkygermany.com\\\/en\\\/hiking-for-the-experienced\\\/#primaryimage\"},\"image\":{\"@id\":\"https:\\\/\\\/funkygermany.com\\\/en\\\/hiking-for-the-experienced\\\/#primaryimage\"},\"thumbnailUrl\":\"https:\\\/\\\/funkygermany.com\\\/wp-content\\\/uploads\\\/2023\\\/01\\\/hikes-in-germany-c.photo-nic-unsplash-3.jpg\",\"datePublished\":\"2023-01-03T09:54:00+00:00\",\"description\":\"If you want to go for a difficult hike: Here is our selection for hikes in Germany that could prove to be a personal challenge.\",\"breadcrumb\":{\"@id\":\"https:\\\/\\\/funkygermany.com\\\/en\\\/hiking-for-the-experienced\\\/#breadcrumb\"},\"inLanguage\":\"en-US\",\"potentialAction\":[{\"@type\":\"ReadAction\",\"target\":[\"https:\\\/\\\/funkygermany.com\\\/en\\\/hiking-for-the-experienced\\\/\"]}]},{\"@type\":\"ImageObject\",\"inLanguage\":\"en-US\",\"@id\":\"https:\\\/\\\/funkygermany.com\\\/en\\\/hiking-for-the-experienced\\\/#primaryimage\",\"url\":\"https:\\\/\\\/funkygermany.com\\\/wp-content\\\/uploads\\\/2023\\\/01\\\/hikes-in-germany-c.photo-nic-unsplash-3.jpg\",\"contentUrl\":\"https:\\\/\\\/funkygermany.com\\\/wp-content\\\/uploads\\\/2023\\\/01\\\/hikes-in-germany-c.photo-nic-unsplash-3.jpg\",\"width\":1750,\"height\":1167,\"caption\":\"Photo Nic\"},{\"@type\":\"BreadcrumbList\",\"@id\":\"https:\\\/\\\/funkygermany.com\\\/en\\\/hiking-for-the-experienced\\\/#breadcrumb\",\"itemListElement\":[{\"@type\":\"ListItem\",\"position\":1,\"name\":\"Homepage\",\"item\":\"https:\\\/\\\/funkygermany.com\\\/en\\\/\"},{\"@type\":\"ListItem\",\"position\":2,\"name\":\"Hiking for the experienced\u00a0\"}]},{\"@type\":\"WebSite\",\"@id\":\"https:\\\/\\\/funkygermany.com\\\/en\\\/#website\",\"url\":\"https:\\\/\\\/funkygermany.com\\\/en\\\/\",\"name\":\"funkyGERMANY\",\"description\":\"The Travel Site\",\"publisher\":{\"@id\":\"https:\\\/\\\/funkygermany.com\\\/en\\\/#organization\"},\"potentialAction\":[{\"@type\":\"SearchAction\",\"target\":{\"@type\":\"EntryPoint\",\"urlTemplate\":\"https:\\\/\\\/funkygermany.com\\\/en\\\/?s={search_term_string}\"},\"query-input\":{\"@type\":\"PropertyValueSpecification\",\"valueRequired\":true,\"valueName\":\"search_term_string\"}}],\"inLanguage\":\"en-US\"},{\"@type\":\"Organization\",\"@id\":\"https:\\\/\\\/funkygermany.com\\\/en\\\/#organization\",\"name\":\"funkyGERMANY\",\"url\":\"https:\\\/\\\/funkygermany.com\\\/en\\\/\",\"logo\":{\"@type\":\"ImageObject\",\"inLanguage\":\"en-US\",\"@id\":\"https:\\\/\\\/funkygermany.com\\\/en\\\/#\\\/schema\\\/logo\\\/image\\\/\",\"url\":\"\",\"contentUrl\":\"\",\"caption\":\"funkyGERMANY\"},\"image\":{\"@id\":\"https:\\\/\\\/funkygermany.com\\\/en\\\/#\\\/schema\\\/logo\\\/image\\\/\"},\"sameAs\":[\"https:\\\/\\\/www.facebook.com\\\/funkyGERMANY\\\/\",\"https:\\\/\\\/x.com\\\/funky_germany\",\"https:\\\/\\\/www.instagram.com\\\/funky.germany\\\/\"]},{\"@type\":\"Person\",\"@id\":\"https:\\\/\\\/funkygermany.com\\\/en\\\/#\\\/schema\\\/person\\\/926493d4087ea078bbb33cd8ec2f9437\",\"name\":\"Jennifer Latuperisa-Andresen\",\"image\":{\"@type\":\"ImageObject\",\"inLanguage\":\"en-US\",\"@id\":\"https:\\\/\\\/secure.gravatar.com\\\/avatar\\\/66db6e671d2a23803dcdbb3316e21c8bd0817077f3b672d0bc96484ecf9613bd?s=96&d=mm&r=g\",\"url\":\"https:\\\/\\\/secure.gravatar.com\\\/avatar\\\/66db6e671d2a23803dcdbb3316e21c8bd0817077f3b672d0bc96484ecf9613bd?s=96&d=mm&r=g\",\"contentUrl\":\"https:\\\/\\\/secure.gravatar.com\\\/avatar\\\/66db6e671d2a23803dcdbb3316e21c8bd0817077f3b672d0bc96484ecf9613bd?s=96&d=mm&r=g\",\"caption\":\"Jennifer Latuperisa-Andresen\"},\"description\":\"Jenny sch\u00e4tzt die majest\u00e4tische Kulisse der Alpen und liebt den rauen Norden. Ihre Wurzeln liegen im Ruhrgebiet, das sie als kulturell reizvoll empfindet. Sie hat als langj\u00e4hrige Chefredakteurin des Reisemagazins reisen EXCLUSIV viel von der Welt gesehen und findet es dennoch in ihrem heutigen Wohnort K\u00f6ln so sch\u00f6n lebensbejahend. Sie streift gerne durch Design-L\u00e4dchen, Flohm\u00e4rkte und Feinkostl\u00e4den. Unwiderstehlich findet sie Windbeutel mit Kirschen, Haselnusseis in der Waffel und einen Gin Tonic zum Sonnenuntergang. Alles instagrammable versteht sich.\",\"sameAs\":[\"https:\\\/\\\/www.instagram.com\\\/fraumuksch\\\/\"],\"url\":\"https:\\\/\\\/funkygermany.com\\\/en\\\/author\\\/jl_admin\\\/\"}]}<\/script>\n<!-- \/ Yoast SEO Premium plugin. -->","yoast_head_json":{"title":"Hiking for the experienced\u00a0 - funkyGERMANY","description":"If you want to go for a difficult hike: Here is our selection for hikes in Germany that could prove to be a personal challenge.","robots":{"index":"index","follow":"follow","max-snippet":"max-snippet:-1","max-image-preview":"max-image-preview:large","max-video-preview":"max-video-preview:-1"},"canonical":"https:\/\/funkygermany.com\/en\/hiking-for-the-experienced\/","og_locale":"en_US","og_type":"article","og_title":"Hiking for the experienced\u00a0","og_description":"If you want to go for a difficult hike: Here is our selection for hikes in Germany that could prove to be a personal challenge.","og_url":"https:\/\/funkygermany.com\/en\/hiking-for-the-experienced\/","og_site_name":"funkyGERMANY","article_publisher":"https:\/\/www.facebook.com\/funkyGERMANY\/","article_published_time":"2023-01-03T09:54:00+00:00","og_image":[{"width":1750,"height":1167,"url":"https:\/\/funkygermany.com\/wp-content\/uploads\/2023\/01\/hikes-in-germany-c.photo-nic-unsplash-3.jpg","type":"image\/jpeg"}],"author":"Jennifer Latuperisa-Andresen","twitter_card":"summary_large_image","twitter_creator":"@funky_germany","twitter_site":"@funky_germany","twitter_misc":{"Written by":"Jennifer Latuperisa-Andresen","Est. reading time":"5 minutes"},"schema":{"@context":"https:\/\/schema.org","@graph":[{"@type":"Article","@id":"https:\/\/funkygermany.com\/en\/hiking-for-the-experienced\/#article","isPartOf":{"@id":"https:\/\/funkygermany.com\/en\/hiking-for-the-experienced\/"},"author":{"name":"Jennifer Latuperisa-Andresen","@id":"https:\/\/funkygermany.com\/en\/#\/schema\/person\/926493d4087ea078bbb33cd8ec2f9437"},"headline":"Hiking for the experienced\u00a0","datePublished":"2023-01-03T09:54:00+00:00","mainEntityOfPage":{"@id":"https:\/\/funkygermany.com\/en\/hiking-for-the-experienced\/"},"wordCount":551,"publisher":{"@id":"https:\/\/funkygermany.com\/en\/#organization"},"image":{"@id":"https:\/\/funkygermany.com\/en\/hiking-for-the-experienced\/#primaryimage"},"thumbnailUrl":"https:\/\/funkygermany.com\/wp-content\/uploads\/2023\/01\/hikes-in-germany-c.photo-nic-unsplash-3.jpg","keywords":["Hiking","Nature","South"],"articleSection":["Hiking"],"inLanguage":"en-US"},{"@type":"WebPage","@id":"https:\/\/funkygermany.com\/en\/hiking-for-the-experienced\/","url":"https:\/\/funkygermany.com\/en\/hiking-for-the-experienced\/","name":"Hiking for the experienced\u00a0 - funkyGERMANY","isPartOf":{"@id":"https:\/\/funkygermany.com\/en\/#website"},"primaryImageOfPage":{"@id":"https:\/\/funkygermany.com\/en\/hiking-for-the-experienced\/#primaryimage"},"image":{"@id":"https:\/\/funkygermany.com\/en\/hiking-for-the-experienced\/#primaryimage"},"thumbnailUrl":"https:\/\/funkygermany.com\/wp-content\/uploads\/2023\/01\/hikes-in-germany-c.photo-nic-unsplash-3.jpg","datePublished":"2023-01-03T09:54:00+00:00","description":"If you want to go for a difficult hike: Here is our selection for hikes in Germany that could prove to be a personal challenge.","breadcrumb":{"@id":"https:\/\/funkygermany.com\/en\/hiking-for-the-experienced\/#breadcrumb"},"inLanguage":"en-US","potentialAction":[{"@type":"ReadAction","target":["https:\/\/funkygermany.com\/en\/hiking-for-the-experienced\/"]}]},{"@type":"ImageObject","inLanguage":"en-US","@id":"https:\/\/funkygermany.com\/en\/hiking-for-the-experienced\/#primaryimage","url":"https:\/\/funkygermany.com\/wp-content\/uploads\/2023\/01\/hikes-in-germany-c.photo-nic-unsplash-3.jpg","contentUrl":"https:\/\/funkygermany.com\/wp-content\/uploads\/2023\/01\/hikes-in-germany-c.photo-nic-unsplash-3.jpg","width":1750,"height":1167,"caption":"Photo Nic"},{"@type":"BreadcrumbList","@id":"https:\/\/funkygermany.com\/en\/hiking-for-the-experienced\/#breadcrumb","itemListElement":[{"@type":"ListItem","position":1,"name":"Homepage","item":"https:\/\/funkygermany.com\/en\/"},{"@type":"ListItem","position":2,"name":"Hiking for the experienced\u00a0"}]},{"@type":"WebSite","@id":"https:\/\/funkygermany.com\/en\/#website","url":"https:\/\/funkygermany.com\/en\/","name":"funkyGERMANY","description":"The Travel Site","publisher":{"@id":"https:\/\/funkygermany.com\/en\/#organization"},"potentialAction":[{"@type":"SearchAction","target":{"@type":"EntryPoint","urlTemplate":"https:\/\/funkygermany.com\/en\/?s={search_term_string}"},"query-input":{"@type":"PropertyValueSpecification","valueRequired":true,"valueName":"search_term_string"}}],"inLanguage":"en-US"},{"@type":"Organization","@id":"https:\/\/funkygermany.com\/en\/#organization","name":"funkyGERMANY","url":"https:\/\/funkygermany.com\/en\/","logo":{"@type":"ImageObject","inLanguage":"en-US","@id":"https:\/\/funkygermany.com\/en\/#\/schema\/logo\/image\/","url":"","contentUrl":"","caption":"funkyGERMANY"},"image":{"@id":"https:\/\/funkygermany.com\/en\/#\/schema\/logo\/image\/"},"sameAs":["https:\/\/www.facebook.com\/funkyGERMANY\/","https:\/\/x.com\/funky_germany","https:\/\/www.instagram.com\/funky.germany\/"]},{"@type":"Person","@id":"https:\/\/funkygermany.com\/en\/#\/schema\/person\/926493d4087ea078bbb33cd8ec2f9437","name":"Jennifer Latuperisa-Andresen","image":{"@type":"ImageObject","inLanguage":"en-US","@id":"https:\/\/secure.gravatar.com\/avatar\/66db6e671d2a23803dcdbb3316e21c8bd0817077f3b672d0bc96484ecf9613bd?s=96&d=mm&r=g","url":"https:\/\/secure.gravatar.com\/avatar\/66db6e671d2a23803dcdbb3316e21c8bd0817077f3b672d0bc96484ecf9613bd?s=96&d=mm&r=g","contentUrl":"https:\/\/secure.gravatar.com\/avatar\/66db6e671d2a23803dcdbb3316e21c8bd0817077f3b672d0bc96484ecf9613bd?s=96&d=mm&r=g","caption":"Jennifer Latuperisa-Andresen"},"description":"Jenny sch\u00e4tzt die majest\u00e4tische Kulisse der Alpen und liebt den rauen Norden. Ihre Wurzeln liegen im Ruhrgebiet, das sie als kulturell reizvoll empfindet. Sie hat als langj\u00e4hrige Chefredakteurin des Reisemagazins reisen EXCLUSIV viel von der Welt gesehen und findet es dennoch in ihrem heutigen Wohnort K\u00f6ln so sch\u00f6n lebensbejahend. Sie streift gerne durch Design-L\u00e4dchen, Flohm\u00e4rkte und Feinkostl\u00e4den. Unwiderstehlich findet sie Windbeutel mit Kirschen, Haselnusseis in der Waffel und einen Gin Tonic zum Sonnenuntergang. Alles instagrammable versteht sich.","sameAs":["https:\/\/www.instagram.com\/fraumuksch\/"],"url":"https:\/\/funkygermany.com\/en\/author\/jl_admin\/"}]}},"_links":{"self":[{"href":"https:\/\/funkygermany.com\/en\/wp-json\/wp\/v2\/posts\/12660","targetHints":{"allow":["GET"]}}],"collection":[{"href":"https:\/\/funkygermany.com\/en\/wp-json\/wp\/v2\/posts"}],"about":[{"href":"https:\/\/funkygermany.com\/en\/wp-json\/wp\/v2\/types\/post"}],"author":[{"embeddable":true,"href":"https:\/\/funkygermany.com\/en\/wp-json\/wp\/v2\/users\/3"}],"replies":[{"embeddable":true,"href":"https:\/\/funkygermany.com\/en\/wp-json\/wp\/v2\/comments?post=12660"}],"version-history":[{"count":2,"href":"https:\/\/funkygermany.com\/en\/wp-json\/wp\/v2\/posts\/12660\/revisions"}],"predecessor-version":[{"id":12664,"href":"https:\/\/funkygermany.com\/en\/wp-json\/wp\/v2\/posts\/12660\/revisions\/12664"}],"wp:featuredmedia":[{"embeddable":true,"href":"https:\/\/funkygermany.com\/en\/wp-json\/wp\/v2\/media\/12324"}],"wp:attachment":[{"href":"https:\/\/funkygermany.com\/en\/wp-json\/wp\/v2\/media?parent=12660"}],"wp:term":[{"taxonomy":"category","embeddable":true,"href":"https:\/\/funkygermany.com\/en\/wp-json\/wp\/v2\/categories?post=12660"},{"taxonomy":"post_tag","embeddable":true,"href":"https:\/\/funkygermany.com\/en\/wp-json\/wp\/v2\/tags?post=12660"}],"curies":[{"name":"wp","href":"https:\/\/api.w.org\/{rel}","templated":true}]}}