{"id":12219,"date":"2022-11-01T10:57:00","date_gmt":"2022-11-01T09:57:00","guid":{"rendered":"https:\/\/funkygermany.com\/?p=12219"},"modified":"2022-10-10T11:29:59","modified_gmt":"2022-10-10T09:29:59","slug":"bicycle-camper-fehmarn","status":"publish","type":"post","link":"https:\/\/funkygermany.com\/en\/bicycle-camper-fehmarn\/","title":{"rendered":"Fehmarn \u2013 bike tour with a bed in your luggage\u00a0"},"content":{"rendered":"\n<p><strong>Now that&#8217;s pretty funky! On the sunny island of Fehmarn, the first foldable caravan designed for e-bikes is now driving across the island. This promises absolute freedom!<\/strong><\/p>\n\n\n\n<p>Fehmarn is <a href=\"https:\/\/funkygermany.com\/en\/our-favorite-islands-in-germany\/\" target=\"_blank\" rel=\"noreferrer noopener\">Germany&#8217;s third largest island<\/a>. It is located in the <a href=\"https:\/\/funkygermany.com\/en\/tag\/baltic-sea\/\" target=\"_blank\" rel=\"noreferrer noopener\">Baltic Sea<\/a> and is also a very popular destination for surfers. Now there is something new that is particularly attractive for single holidaymakers: a combination of camping and cycling for the entire holiday on Fehmarn: The innovative <strong>Wide Path Bicycle Camper<\/strong> combines exactly these two preferences. With the compact caravan for e-bikes, which is just 1.5 meters long when folded, you always have your mobile holiday home with you and can explore and get to know the 185 square kilometer Baltic-Sea-Island independently. Sounds insanely tempting, doesn&#8217;t it?<\/p>\n\n\n\n<figure class=\"wp-block-image size-large\"><img decoding=\"async\" width=\"1024\" height=\"597\" loading=\"lazy\" src=\"https:\/\/funkygermany.com\/wp-content\/uploads\/2022\/10\/Fehmarn-island_shutterstock_Wirestock-Creators-1024x597.jpg\" alt=\"A breathtaking aerial view of Fehmarn island, Germany\" class=\"wp-image-12003\" srcset=\"https:\/\/funkygermany.com\/wp-content\/uploads\/2022\/10\/Fehmarn-island_shutterstock_Wirestock-Creators-1024x597.jpg 1024w, https:\/\/funkygermany.com\/wp-content\/uploads\/2022\/10\/Fehmarn-island_shutterstock_Wirestock-Creators-300x175.jpg 300w, https:\/\/funkygermany.com\/wp-content\/uploads\/2022\/10\/Fehmarn-island_shutterstock_Wirestock-Creators-883x515.jpg 883w, https:\/\/funkygermany.com\/wp-content\/uploads\/2022\/10\/Fehmarn-island_shutterstock_Wirestock-Creators-1536x895.jpg 1536w, https:\/\/funkygermany.com\/wp-content\/uploads\/2022\/10\/Fehmarn-island_shutterstock_Wirestock-Creators-293x171.jpg 293w, https:\/\/funkygermany.com\/wp-content\/uploads\/2022\/10\/Fehmarn-island_shutterstock_Wirestock-Creators-770x449.jpg 770w, https:\/\/funkygermany.com\/wp-content\/uploads\/2022\/10\/Fehmarn-island_shutterstock_Wirestock-Creators-1400x816.jpg 1400w, https:\/\/funkygermany.com\/wp-content\/uploads\/2022\/10\/Fehmarn-island_shutterstock_Wirestock-Creators.jpg 1750w\" sizes=\"auto, (max-width: 1024px) 100vw, 1024px\" \/><noscript><img decoding=\"async\" width=\"1024\" height=\"597\" src=\"https:\/\/funkygermany.com\/wp-content\/uploads\/2022\/10\/Fehmarn-island_shutterstock_Wirestock-Creators-1024x597.jpg\" alt=\"A breathtaking aerial view of Fehmarn island, Germany\" class=\"wp-image-12003\" srcset=\"https:\/\/funkygermany.com\/wp-content\/uploads\/2022\/10\/Fehmarn-island_shutterstock_Wirestock-Creators-1024x597.jpg 1024w, https:\/\/funkygermany.com\/wp-content\/uploads\/2022\/10\/Fehmarn-island_shutterstock_Wirestock-Creators-300x175.jpg 300w, https:\/\/funkygermany.com\/wp-content\/uploads\/2022\/10\/Fehmarn-island_shutterstock_Wirestock-Creators-883x515.jpg 883w, https:\/\/funkygermany.com\/wp-content\/uploads\/2022\/10\/Fehmarn-island_shutterstock_Wirestock-Creators-1536x895.jpg 1536w, https:\/\/funkygermany.com\/wp-content\/uploads\/2022\/10\/Fehmarn-island_shutterstock_Wirestock-Creators-293x171.jpg 293w, https:\/\/funkygermany.com\/wp-content\/uploads\/2022\/10\/Fehmarn-island_shutterstock_Wirestock-Creators-770x449.jpg 770w, https:\/\/funkygermany.com\/wp-content\/uploads\/2022\/10\/Fehmarn-island_shutterstock_Wirestock-Creators-1400x816.jpg 1400w, https:\/\/funkygermany.com\/wp-content\/uploads\/2022\/10\/Fehmarn-island_shutterstock_Wirestock-Creators.jpg 1750w\" sizes=\"(max-width: 1024px) 100vw, 1024px\" \/><\/noscript><figcaption>Wirestock Creators\/ Shutterstock.com<\/figcaption><\/figure>\n\n\n\n<h2 class=\"wp-block-heading\" id=\"h-rest-area-set-up-in-no-time-at-all\">Rest area \u2013 set up in no time at all&nbsp;<\/h2>\n\n\n\n<p>The cute mini caravan can be unfolded and set up quickly and easily in just a few simple steps and without a great deal of effort or time. If you want to go to bed quickly, nothing should stand in your way. The interior can do more than just offer a place to sleep. Up to four adults can sit at the table inside the camper. According to the Danish manufacturer, the 90&#215;200 centimeter mattress offers space for up to two people. The caravan is equipped with all necessary accessories <span style=\"font-family: Roboto, sans-serif; font-size: 18px; font-weight: 300;\">Fehmarn \u2013 bike tour with a bed in your luggage\u00a0<\/span> such as an outdoor table, two chairs, cushions, an awning and solar cells. And there is also enough space for luggage with the existing storage space of up to 300 liters.<\/p>\n\n\n\n<figure class=\"wp-block-gallery has-nested-images columns-default is-cropped wp-block-gallery-1 is-layout-flex wp-block-gallery-is-layout-flex\">\n<figure class=\"wp-block-image size-large\"><a href=\"https:\/\/funkygermany.com\/wp-content\/uploads\/2022\/10\/foldable-caravan-bike_Fehmarn_Tourismus-Service_Sina_Schweyer-2.jpg\"><img decoding=\"async\" width=\"1750\" height=\"1313\" loading=\"lazy\" data-id=\"12007\" src=\"https:\/\/funkygermany.com\/wp-content\/uploads\/2022\/10\/foldable-caravan-bike_Fehmarn_Tourismus-Service_Sina_Schweyer-2.jpg\" alt=\"Wide Path Bicycle Camper Bicycle Camper from Fehmarn Tourismus Service\" class=\"wp-image-12007\" srcset=\"https:\/\/funkygermany.com\/wp-content\/uploads\/2022\/10\/foldable-caravan-bike_Fehmarn_Tourismus-Service_Sina_Schweyer-2.jpg 1750w, https:\/\/funkygermany.com\/wp-content\/uploads\/2022\/10\/foldable-caravan-bike_Fehmarn_Tourismus-Service_Sina_Schweyer-2-300x225.jpg 300w, https:\/\/funkygermany.com\/wp-content\/uploads\/2022\/10\/foldable-caravan-bike_Fehmarn_Tourismus-Service_Sina_Schweyer-2-1024x768.jpg 1024w, https:\/\/funkygermany.com\/wp-content\/uploads\/2022\/10\/foldable-caravan-bike_Fehmarn_Tourismus-Service_Sina_Schweyer-2-883x663.jpg 883w, https:\/\/funkygermany.com\/wp-content\/uploads\/2022\/10\/foldable-caravan-bike_Fehmarn_Tourismus-Service_Sina_Schweyer-2-1536x1152.jpg 1536w, https:\/\/funkygermany.com\/wp-content\/uploads\/2022\/10\/foldable-caravan-bike_Fehmarn_Tourismus-Service_Sina_Schweyer-2-293x220.jpg 293w, https:\/\/funkygermany.com\/wp-content\/uploads\/2022\/10\/foldable-caravan-bike_Fehmarn_Tourismus-Service_Sina_Schweyer-2-770x578.jpg 770w, https:\/\/funkygermany.com\/wp-content\/uploads\/2022\/10\/foldable-caravan-bike_Fehmarn_Tourismus-Service_Sina_Schweyer-2-1400x1050.jpg 1400w\" sizes=\"auto, (max-width: 1750px) 100vw, 1750px\" \/><noscript><img decoding=\"async\" width=\"1750\" height=\"1313\" data-id=\"12007\" src=\"https:\/\/funkygermany.com\/wp-content\/uploads\/2022\/10\/foldable-caravan-bike_Fehmarn_Tourismus-Service_Sina_Schweyer-2.jpg\" alt=\"Wide Path Bicycle Camper Bicycle Camper from Fehmarn Tourismus Service\" class=\"wp-image-12007\" srcset=\"https:\/\/funkygermany.com\/wp-content\/uploads\/2022\/10\/foldable-caravan-bike_Fehmarn_Tourismus-Service_Sina_Schweyer-2.jpg 1750w, https:\/\/funkygermany.com\/wp-content\/uploads\/2022\/10\/foldable-caravan-bike_Fehmarn_Tourismus-Service_Sina_Schweyer-2-300x225.jpg 300w, https:\/\/funkygermany.com\/wp-content\/uploads\/2022\/10\/foldable-caravan-bike_Fehmarn_Tourismus-Service_Sina_Schweyer-2-1024x768.jpg 1024w, https:\/\/funkygermany.com\/wp-content\/uploads\/2022\/10\/foldable-caravan-bike_Fehmarn_Tourismus-Service_Sina_Schweyer-2-883x663.jpg 883w, https:\/\/funkygermany.com\/wp-content\/uploads\/2022\/10\/foldable-caravan-bike_Fehmarn_Tourismus-Service_Sina_Schweyer-2-1536x1152.jpg 1536w, https:\/\/funkygermany.com\/wp-content\/uploads\/2022\/10\/foldable-caravan-bike_Fehmarn_Tourismus-Service_Sina_Schweyer-2-293x220.jpg 293w, https:\/\/funkygermany.com\/wp-content\/uploads\/2022\/10\/foldable-caravan-bike_Fehmarn_Tourismus-Service_Sina_Schweyer-2-770x578.jpg 770w, https:\/\/funkygermany.com\/wp-content\/uploads\/2022\/10\/foldable-caravan-bike_Fehmarn_Tourismus-Service_Sina_Schweyer-2-1400x1050.jpg 1400w\" sizes=\"(max-width: 1750px) 100vw, 1750px\" \/><\/noscript><\/a><figcaption>Fehmarn Tourismus Service\/ Sina Schweyer<\/figcaption><\/figure>\n\n\n\n<figure class=\"wp-block-image size-large\"><a href=\"https:\/\/funkygermany.com\/wp-content\/uploads\/2022\/10\/camping-coffee-emaille-cups_shelby-cohron-2.jpg\"><img decoding=\"async\" width=\"1750\" height=\"1167\" loading=\"lazy\" data-id=\"12005\" src=\"https:\/\/funkygermany.com\/wp-content\/uploads\/2022\/10\/camping-coffee-emaille-cups_shelby-cohron-2.jpg\" alt=\"Two enamel cups stand on wooden stump\" class=\"wp-image-12005\" srcset=\"https:\/\/funkygermany.com\/wp-content\/uploads\/2022\/10\/camping-coffee-emaille-cups_shelby-cohron-2.jpg 1750w, https:\/\/funkygermany.com\/wp-content\/uploads\/2022\/10\/camping-coffee-emaille-cups_shelby-cohron-2-300x200.jpg 300w, https:\/\/funkygermany.com\/wp-content\/uploads\/2022\/10\/camping-coffee-emaille-cups_shelby-cohron-2-1024x683.jpg 1024w, https:\/\/funkygermany.com\/wp-content\/uploads\/2022\/10\/camping-coffee-emaille-cups_shelby-cohron-2-883x589.jpg 883w, https:\/\/funkygermany.com\/wp-content\/uploads\/2022\/10\/camping-coffee-emaille-cups_shelby-cohron-2-1536x1024.jpg 1536w, https:\/\/funkygermany.com\/wp-content\/uploads\/2022\/10\/camping-coffee-emaille-cups_shelby-cohron-2-1155x770.jpg 1155w, https:\/\/funkygermany.com\/wp-content\/uploads\/2022\/10\/camping-coffee-emaille-cups_shelby-cohron-2-370x247.jpg 370w, https:\/\/funkygermany.com\/wp-content\/uploads\/2022\/10\/camping-coffee-emaille-cups_shelby-cohron-2-770x513.jpg 770w, https:\/\/funkygermany.com\/wp-content\/uploads\/2022\/10\/camping-coffee-emaille-cups_shelby-cohron-2-293x195.jpg 293w, https:\/\/funkygermany.com\/wp-content\/uploads\/2022\/10\/camping-coffee-emaille-cups_shelby-cohron-2-1400x934.jpg 1400w\" sizes=\"auto, (max-width: 1750px) 100vw, 1750px\" \/><noscript><img decoding=\"async\" width=\"1750\" height=\"1167\" data-id=\"12005\" src=\"https:\/\/funkygermany.com\/wp-content\/uploads\/2022\/10\/camping-coffee-emaille-cups_shelby-cohron-2.jpg\" alt=\"Two enamel cups stand on wooden stump\" class=\"wp-image-12005\" srcset=\"https:\/\/funkygermany.com\/wp-content\/uploads\/2022\/10\/camping-coffee-emaille-cups_shelby-cohron-2.jpg 1750w, https:\/\/funkygermany.com\/wp-content\/uploads\/2022\/10\/camping-coffee-emaille-cups_shelby-cohron-2-300x200.jpg 300w, https:\/\/funkygermany.com\/wp-content\/uploads\/2022\/10\/camping-coffee-emaille-cups_shelby-cohron-2-1024x683.jpg 1024w, https:\/\/funkygermany.com\/wp-content\/uploads\/2022\/10\/camping-coffee-emaille-cups_shelby-cohron-2-883x589.jpg 883w, https:\/\/funkygermany.com\/wp-content\/uploads\/2022\/10\/camping-coffee-emaille-cups_shelby-cohron-2-1536x1024.jpg 1536w, https:\/\/funkygermany.com\/wp-content\/uploads\/2022\/10\/camping-coffee-emaille-cups_shelby-cohron-2-1155x770.jpg 1155w, https:\/\/funkygermany.com\/wp-content\/uploads\/2022\/10\/camping-coffee-emaille-cups_shelby-cohron-2-370x247.jpg 370w, https:\/\/funkygermany.com\/wp-content\/uploads\/2022\/10\/camping-coffee-emaille-cups_shelby-cohron-2-770x513.jpg 770w, https:\/\/funkygermany.com\/wp-content\/uploads\/2022\/10\/camping-coffee-emaille-cups_shelby-cohron-2-293x195.jpg 293w, https:\/\/funkygermany.com\/wp-content\/uploads\/2022\/10\/camping-coffee-emaille-cups_shelby-cohron-2-1400x934.jpg 1400w\" sizes=\"(max-width: 1750px) 100vw, 1750px\" \/><\/noscript><\/a><figcaption>Shelby Cohron<\/figcaption><\/figure>\n<\/figure>\n\n\n\n<h2 class=\"wp-block-heading\">Sustainable vacation both day and night&nbsp;<\/h2>\n\n\n\n<p>With the purchase of the bicycle camper, the Tourismus-Service Fehmarn is focusing on the topic of sustainability and, with the compact camping trailer, offers a smart alternative to accommodation for everyone who wants to explore and get to know the sunny island independently. <\/p>\n\n\n\n<blockquote class=\"wp-block-quote is-layout-flow wp-block-quote-is-layout-flow\"><p>When I saw the bicycle camper for the first time, I knew right away that it would fit perfectly in Fehmarn. Cycling and camping is a combination that fits our sunny island and our guests like a glove,<\/p><cite>says Almut Wiemold, Head of Marketing at Tourismus-Service Fehmarn.<\/cite><\/blockquote>\n\n\n\n<p>You don&#8217;t have to take your e-bike with you either. The Fehmarn-based e-bike rental company, Windsport E-Ride, is on board. The newly opened e-bike rental shop at the entrance to Burg makes one of its high-quality e-bikes available to the Fehmarn Tourist Service, so that the mini-caravan and bicycle can be rented together via the Fehmarn Tourist Service. <\/p>\n\n\n\n<figure class=\"wp-block-image size-large\"><img decoding=\"async\" width=\"1024\" height=\"576\" loading=\"lazy\" src=\"https:\/\/funkygermany.com\/wp-content\/uploads\/2022\/10\/foldable-caravan_Fehmarn-E-Bike_Tourismus-Service_Fehmarn_Sina_Schweyer-2-1024x576.jpg\" alt=\"E-Bike with foldable caravan\" class=\"wp-image-12011\" srcset=\"https:\/\/funkygermany.com\/wp-content\/uploads\/2022\/10\/foldable-caravan_Fehmarn-E-Bike_Tourismus-Service_Fehmarn_Sina_Schweyer-2-1024x576.jpg 1024w, https:\/\/funkygermany.com\/wp-content\/uploads\/2022\/10\/foldable-caravan_Fehmarn-E-Bike_Tourismus-Service_Fehmarn_Sina_Schweyer-2-300x169.jpg 300w, https:\/\/funkygermany.com\/wp-content\/uploads\/2022\/10\/foldable-caravan_Fehmarn-E-Bike_Tourismus-Service_Fehmarn_Sina_Schweyer-2-883x496.jpg 883w, https:\/\/funkygermany.com\/wp-content\/uploads\/2022\/10\/foldable-caravan_Fehmarn-E-Bike_Tourismus-Service_Fehmarn_Sina_Schweyer-2-1536x864.jpg 1536w, https:\/\/funkygermany.com\/wp-content\/uploads\/2022\/10\/foldable-caravan_Fehmarn-E-Bike_Tourismus-Service_Fehmarn_Sina_Schweyer-2-293x165.jpg 293w, https:\/\/funkygermany.com\/wp-content\/uploads\/2022\/10\/foldable-caravan_Fehmarn-E-Bike_Tourismus-Service_Fehmarn_Sina_Schweyer-2-770x433.jpg 770w, https:\/\/funkygermany.com\/wp-content\/uploads\/2022\/10\/foldable-caravan_Fehmarn-E-Bike_Tourismus-Service_Fehmarn_Sina_Schweyer-2-1400x787.jpg 1400w, https:\/\/funkygermany.com\/wp-content\/uploads\/2022\/10\/foldable-caravan_Fehmarn-E-Bike_Tourismus-Service_Fehmarn_Sina_Schweyer-2.jpg 1750w\" sizes=\"auto, (max-width: 1024px) 100vw, 1024px\" \/><noscript><img decoding=\"async\" width=\"1024\" height=\"576\" src=\"https:\/\/funkygermany.com\/wp-content\/uploads\/2022\/10\/foldable-caravan_Fehmarn-E-Bike_Tourismus-Service_Fehmarn_Sina_Schweyer-2-1024x576.jpg\" alt=\"E-Bike with foldable caravan\" class=\"wp-image-12011\" srcset=\"https:\/\/funkygermany.com\/wp-content\/uploads\/2022\/10\/foldable-caravan_Fehmarn-E-Bike_Tourismus-Service_Fehmarn_Sina_Schweyer-2-1024x576.jpg 1024w, https:\/\/funkygermany.com\/wp-content\/uploads\/2022\/10\/foldable-caravan_Fehmarn-E-Bike_Tourismus-Service_Fehmarn_Sina_Schweyer-2-300x169.jpg 300w, https:\/\/funkygermany.com\/wp-content\/uploads\/2022\/10\/foldable-caravan_Fehmarn-E-Bike_Tourismus-Service_Fehmarn_Sina_Schweyer-2-883x496.jpg 883w, https:\/\/funkygermany.com\/wp-content\/uploads\/2022\/10\/foldable-caravan_Fehmarn-E-Bike_Tourismus-Service_Fehmarn_Sina_Schweyer-2-1536x864.jpg 1536w, https:\/\/funkygermany.com\/wp-content\/uploads\/2022\/10\/foldable-caravan_Fehmarn-E-Bike_Tourismus-Service_Fehmarn_Sina_Schweyer-2-293x165.jpg 293w, https:\/\/funkygermany.com\/wp-content\/uploads\/2022\/10\/foldable-caravan_Fehmarn-E-Bike_Tourismus-Service_Fehmarn_Sina_Schweyer-2-770x433.jpg 770w, https:\/\/funkygermany.com\/wp-content\/uploads\/2022\/10\/foldable-caravan_Fehmarn-E-Bike_Tourismus-Service_Fehmarn_Sina_Schweyer-2-1400x787.jpg 1400w, https:\/\/funkygermany.com\/wp-content\/uploads\/2022\/10\/foldable-caravan_Fehmarn-E-Bike_Tourismus-Service_Fehmarn_Sina_Schweyer-2.jpg 1750w\" sizes=\"(max-width: 1024px) 100vw, 1024px\" \/><\/noscript><figcaption>Tourismus Fehmarn Service\/ Sina Schweyer<\/figcaption><\/figure>\n\n\n\n<p>For overnight accommodation, Camping-Paradies Fehmarn e.V. offers, by prior arrangement, a parking space <span style=\"font-family: Roboto, sans-serif; font-size: 18px; font-weight: 300;\">\u2013<\/span> for one night each <span style=\"font-family: Roboto, sans-serif; font-size: 18px; font-weight: 300;\">\u2013<\/span> for the bicycle camper and the e-bike on all campsites on the island. You can also head to the Glambek castle ruins for an overnight stay in Burgtiefe <span style=\"font-family: Roboto, sans-serif; font-size: 18px; font-weight: 300;\">\u2013<\/span> by prior arrangement with the Fehmarn Tourist Service. <\/p>\n\n\n\n<p class=\"has-background\" style=\"background-color:#f1f1f1\">The bicycle camper can be rented for 69 euros per night on the <a href=\"https:\/\/www.fehmarn.de\/en\/online-booking#!m\/1\/search\/list\" target=\"_blank\" rel=\"noreferrer noopener\">Fehmarn Tourist Service website<\/a>.<\/p>\n","protected":false},"excerpt":{"rendered":"<p>Now that&#8217;s pretty funky! On the sunny island of Fehmarn, the first foldable caravan designed for e-bikes is now driving across the island. <\/p>\n","protected":false},"author":3,"featured_media":12009,"comment_status":"closed","ping_status":"open","sticky":false,"template":"","format":"standard","meta":{"footnotes":""},"categories":[649,653,638],"tags":[687,665,675,683,693],"class_list":["post-12219","post","type-post","status-publish","format-standard","has-post-thumbnail","hentry","category-biking","category-camping","category-schleswig-holstein","tag-baltic-sea","tag-bike","tag-island","tag-north","tag-schleswig-holstein-en"],"yoast_head":"<!-- This site is optimized with the Yoast SEO Premium plugin v27.3 (Yoast SEO v27.3) - https:\/\/yoast.com\/product\/yoast-seo-premium-wordpress\/ -->\n<title>Fehmarn: bike tour with a bicycle camper - funkyGERMANY<\/title>\n<meta name=\"description\" content=\"Now that&#039;s pretty funky! On the sunny island of Fehmarn, the first foldable caravan designed for e-bikes is now driving across the island.\" \/>\n<meta name=\"robots\" content=\"index, follow, max-snippet:-1, max-image-preview:large, max-video-preview:-1\" \/>\n<link rel=\"canonical\" href=\"https:\/\/funkygermany.com\/en\/bicycle-camper-fehmarn\/\" \/>\n<meta property=\"og:locale\" content=\"en_US\" \/>\n<meta property=\"og:type\" content=\"article\" \/>\n<meta property=\"og:title\" content=\"Fehmarn \u2013 bike tour with a bed in your luggage\u00a0\" \/>\n<meta property=\"og:description\" content=\"Now that&#039;s pretty funky! On the sunny island of Fehmarn, the first foldable caravan designed for e-bikes is now driving across the island.\" \/>\n<meta property=\"og:url\" content=\"https:\/\/funkygermany.com\/en\/bicycle-camper-fehmarn\/\" \/>\n<meta property=\"og:site_name\" content=\"funkyGERMANY\" \/>\n<meta property=\"article:publisher\" content=\"https:\/\/www.facebook.com\/funkyGERMANY\/\" \/>\n<meta property=\"article:published_time\" content=\"2022-11-01T09:57:00+00:00\" \/>\n<meta property=\"og:image\" content=\"https:\/\/funkygermany.com\/wp-content\/uploads\/2022\/10\/Fehmarn-lighthouse_shutterstock_M.Funke_.jpg\" \/>\n\t<meta property=\"og:image:width\" content=\"1750\" \/>\n\t<meta property=\"og:image:height\" content=\"1167\" \/>\n\t<meta property=\"og:image:type\" content=\"image\/jpeg\" \/>\n<meta name=\"author\" content=\"Jennifer Latuperisa-Andresen\" \/>\n<meta name=\"twitter:card\" content=\"summary_large_image\" \/>\n<meta name=\"twitter:creator\" content=\"@funky_germany\" \/>\n<meta name=\"twitter:site\" content=\"@funky_germany\" \/>\n<meta name=\"twitter:label1\" content=\"Written by\" \/>\n\t<meta name=\"twitter:data1\" content=\"Jennifer Latuperisa-Andresen\" \/>\n\t<meta name=\"twitter:label2\" content=\"Est. reading time\" \/>\n\t<meta name=\"twitter:data2\" content=\"4 minutes\" \/>\n<script type=\"application\/ld+json\" class=\"yoast-schema-graph\">{\"@context\":\"https:\\\/\\\/schema.org\",\"@graph\":[{\"@type\":\"Article\",\"@id\":\"https:\\\/\\\/funkygermany.com\\\/en\\\/bicycle-camper-fehmarn\\\/#article\",\"isPartOf\":{\"@id\":\"https:\\\/\\\/funkygermany.com\\\/en\\\/bicycle-camper-fehmarn\\\/\"},\"author\":{\"name\":\"Jennifer Latuperisa-Andresen\",\"@id\":\"https:\\\/\\\/funkygermany.com\\\/en\\\/#\\\/schema\\\/person\\\/926493d4087ea078bbb33cd8ec2f9437\"},\"headline\":\"Fehmarn \u2013 bike tour with a bed in your luggage\u00a0\",\"datePublished\":\"2022-11-01T09:57:00+00:00\",\"mainEntityOfPage\":{\"@id\":\"https:\\\/\\\/funkygermany.com\\\/en\\\/bicycle-camper-fehmarn\\\/\"},\"wordCount\":516,\"publisher\":{\"@id\":\"https:\\\/\\\/funkygermany.com\\\/en\\\/#organization\"},\"image\":{\"@id\":\"https:\\\/\\\/funkygermany.com\\\/en\\\/bicycle-camper-fehmarn\\\/#primaryimage\"},\"thumbnailUrl\":\"https:\\\/\\\/funkygermany.com\\\/wp-content\\\/uploads\\\/2022\\\/10\\\/Fehmarn-lighthouse_shutterstock_M.Funke_.jpg\",\"keywords\":[\"Baltic Sea\",\"Bike\",\"Island\",\"North\",\"Schleswig-Holstein\"],\"articleSection\":[\"Biking\",\"Camping\",\"Schleswig-Holstein\"],\"inLanguage\":\"en-US\"},{\"@type\":\"WebPage\",\"@id\":\"https:\\\/\\\/funkygermany.com\\\/en\\\/bicycle-camper-fehmarn\\\/\",\"url\":\"https:\\\/\\\/funkygermany.com\\\/en\\\/bicycle-camper-fehmarn\\\/\",\"name\":\"Fehmarn: bike tour with a bicycle camper - funkyGERMANY\",\"isPartOf\":{\"@id\":\"https:\\\/\\\/funkygermany.com\\\/en\\\/#website\"},\"primaryImageOfPage\":{\"@id\":\"https:\\\/\\\/funkygermany.com\\\/en\\\/bicycle-camper-fehmarn\\\/#primaryimage\"},\"image\":{\"@id\":\"https:\\\/\\\/funkygermany.com\\\/en\\\/bicycle-camper-fehmarn\\\/#primaryimage\"},\"thumbnailUrl\":\"https:\\\/\\\/funkygermany.com\\\/wp-content\\\/uploads\\\/2022\\\/10\\\/Fehmarn-lighthouse_shutterstock_M.Funke_.jpg\",\"datePublished\":\"2022-11-01T09:57:00+00:00\",\"description\":\"Now that's pretty funky! On the sunny island of Fehmarn, the first foldable caravan designed for e-bikes is now driving across the island.\",\"breadcrumb\":{\"@id\":\"https:\\\/\\\/funkygermany.com\\\/en\\\/bicycle-camper-fehmarn\\\/#breadcrumb\"},\"inLanguage\":\"en-US\",\"potentialAction\":[{\"@type\":\"ReadAction\",\"target\":[\"https:\\\/\\\/funkygermany.com\\\/en\\\/bicycle-camper-fehmarn\\\/\"]}]},{\"@type\":\"ImageObject\",\"inLanguage\":\"en-US\",\"@id\":\"https:\\\/\\\/funkygermany.com\\\/en\\\/bicycle-camper-fehmarn\\\/#primaryimage\",\"url\":\"https:\\\/\\\/funkygermany.com\\\/wp-content\\\/uploads\\\/2022\\\/10\\\/Fehmarn-lighthouse_shutterstock_M.Funke_.jpg\",\"contentUrl\":\"https:\\\/\\\/funkygermany.com\\\/wp-content\\\/uploads\\\/2022\\\/10\\\/Fehmarn-lighthouse_shutterstock_M.Funke_.jpg\",\"width\":1750,\"height\":1167,\"caption\":\"M. Funke\\\/ Shutterstock.com\"},{\"@type\":\"BreadcrumbList\",\"@id\":\"https:\\\/\\\/funkygermany.com\\\/en\\\/bicycle-camper-fehmarn\\\/#breadcrumb\",\"itemListElement\":[{\"@type\":\"ListItem\",\"position\":1,\"name\":\"Homepage\",\"item\":\"https:\\\/\\\/funkygermany.com\\\/en\\\/\"},{\"@type\":\"ListItem\",\"position\":2,\"name\":\"Fehmarn \u2013 bike tour with a bed in your luggage\u00a0\"}]},{\"@type\":\"WebSite\",\"@id\":\"https:\\\/\\\/funkygermany.com\\\/en\\\/#website\",\"url\":\"https:\\\/\\\/funkygermany.com\\\/en\\\/\",\"name\":\"funkyGERMANY\",\"description\":\"The Travel Site\",\"publisher\":{\"@id\":\"https:\\\/\\\/funkygermany.com\\\/en\\\/#organization\"},\"potentialAction\":[{\"@type\":\"SearchAction\",\"target\":{\"@type\":\"EntryPoint\",\"urlTemplate\":\"https:\\\/\\\/funkygermany.com\\\/en\\\/?s={search_term_string}\"},\"query-input\":{\"@type\":\"PropertyValueSpecification\",\"valueRequired\":true,\"valueName\":\"search_term_string\"}}],\"inLanguage\":\"en-US\"},{\"@type\":\"Organization\",\"@id\":\"https:\\\/\\\/funkygermany.com\\\/en\\\/#organization\",\"name\":\"funkyGERMANY\",\"url\":\"https:\\\/\\\/funkygermany.com\\\/en\\\/\",\"logo\":{\"@type\":\"ImageObject\",\"inLanguage\":\"en-US\",\"@id\":\"https:\\\/\\\/funkygermany.com\\\/en\\\/#\\\/schema\\\/logo\\\/image\\\/\",\"url\":\"\",\"contentUrl\":\"\",\"caption\":\"funkyGERMANY\"},\"image\":{\"@id\":\"https:\\\/\\\/funkygermany.com\\\/en\\\/#\\\/schema\\\/logo\\\/image\\\/\"},\"sameAs\":[\"https:\\\/\\\/www.facebook.com\\\/funkyGERMANY\\\/\",\"https:\\\/\\\/x.com\\\/funky_germany\",\"https:\\\/\\\/www.instagram.com\\\/funky.germany\\\/\"]},{\"@type\":\"Person\",\"@id\":\"https:\\\/\\\/funkygermany.com\\\/en\\\/#\\\/schema\\\/person\\\/926493d4087ea078bbb33cd8ec2f9437\",\"name\":\"Jennifer Latuperisa-Andresen\",\"image\":{\"@type\":\"ImageObject\",\"inLanguage\":\"en-US\",\"@id\":\"https:\\\/\\\/secure.gravatar.com\\\/avatar\\\/66db6e671d2a23803dcdbb3316e21c8bd0817077f3b672d0bc96484ecf9613bd?s=96&d=mm&r=g\",\"url\":\"https:\\\/\\\/secure.gravatar.com\\\/avatar\\\/66db6e671d2a23803dcdbb3316e21c8bd0817077f3b672d0bc96484ecf9613bd?s=96&d=mm&r=g\",\"contentUrl\":\"https:\\\/\\\/secure.gravatar.com\\\/avatar\\\/66db6e671d2a23803dcdbb3316e21c8bd0817077f3b672d0bc96484ecf9613bd?s=96&d=mm&r=g\",\"caption\":\"Jennifer Latuperisa-Andresen\"},\"description\":\"Jenny sch\u00e4tzt die majest\u00e4tische Kulisse der Alpen und liebt den rauen Norden. Ihre Wurzeln liegen im Ruhrgebiet, das sie als kulturell reizvoll empfindet. Sie hat als langj\u00e4hrige Chefredakteurin des Reisemagazins reisen EXCLUSIV viel von der Welt gesehen und findet es dennoch in ihrem heutigen Wohnort K\u00f6ln so sch\u00f6n lebensbejahend. Sie streift gerne durch Design-L\u00e4dchen, Flohm\u00e4rkte und Feinkostl\u00e4den. Unwiderstehlich findet sie Windbeutel mit Kirschen, Haselnusseis in der Waffel und einen Gin Tonic zum Sonnenuntergang. Alles instagrammable versteht sich.\",\"sameAs\":[\"https:\\\/\\\/www.instagram.com\\\/fraumuksch\\\/\"],\"url\":\"https:\\\/\\\/funkygermany.com\\\/en\\\/author\\\/jl_admin\\\/\"}]}<\/script>\n<!-- \/ Yoast SEO Premium plugin. -->","yoast_head_json":{"title":"Fehmarn: bike tour with a bicycle camper - funkyGERMANY","description":"Now that's pretty funky! On the sunny island of Fehmarn, the first foldable caravan designed for e-bikes is now driving across the island.","robots":{"index":"index","follow":"follow","max-snippet":"max-snippet:-1","max-image-preview":"max-image-preview:large","max-video-preview":"max-video-preview:-1"},"canonical":"https:\/\/funkygermany.com\/en\/bicycle-camper-fehmarn\/","og_locale":"en_US","og_type":"article","og_title":"Fehmarn \u2013 bike tour with a bed in your luggage\u00a0","og_description":"Now that's pretty funky! On the sunny island of Fehmarn, the first foldable caravan designed for e-bikes is now driving across the island.","og_url":"https:\/\/funkygermany.com\/en\/bicycle-camper-fehmarn\/","og_site_name":"funkyGERMANY","article_publisher":"https:\/\/www.facebook.com\/funkyGERMANY\/","article_published_time":"2022-11-01T09:57:00+00:00","og_image":[{"width":1750,"height":1167,"url":"https:\/\/funkygermany.com\/wp-content\/uploads\/2022\/10\/Fehmarn-lighthouse_shutterstock_M.Funke_.jpg","type":"image\/jpeg"}],"author":"Jennifer Latuperisa-Andresen","twitter_card":"summary_large_image","twitter_creator":"@funky_germany","twitter_site":"@funky_germany","twitter_misc":{"Written by":"Jennifer Latuperisa-Andresen","Est. reading time":"4 minutes"},"schema":{"@context":"https:\/\/schema.org","@graph":[{"@type":"Article","@id":"https:\/\/funkygermany.com\/en\/bicycle-camper-fehmarn\/#article","isPartOf":{"@id":"https:\/\/funkygermany.com\/en\/bicycle-camper-fehmarn\/"},"author":{"name":"Jennifer Latuperisa-Andresen","@id":"https:\/\/funkygermany.com\/en\/#\/schema\/person\/926493d4087ea078bbb33cd8ec2f9437"},"headline":"Fehmarn \u2013 bike tour with a bed in your luggage\u00a0","datePublished":"2022-11-01T09:57:00+00:00","mainEntityOfPage":{"@id":"https:\/\/funkygermany.com\/en\/bicycle-camper-fehmarn\/"},"wordCount":516,"publisher":{"@id":"https:\/\/funkygermany.com\/en\/#organization"},"image":{"@id":"https:\/\/funkygermany.com\/en\/bicycle-camper-fehmarn\/#primaryimage"},"thumbnailUrl":"https:\/\/funkygermany.com\/wp-content\/uploads\/2022\/10\/Fehmarn-lighthouse_shutterstock_M.Funke_.jpg","keywords":["Baltic Sea","Bike","Island","North","Schleswig-Holstein"],"articleSection":["Biking","Camping","Schleswig-Holstein"],"inLanguage":"en-US"},{"@type":"WebPage","@id":"https:\/\/funkygermany.com\/en\/bicycle-camper-fehmarn\/","url":"https:\/\/funkygermany.com\/en\/bicycle-camper-fehmarn\/","name":"Fehmarn: bike tour with a bicycle camper - funkyGERMANY","isPartOf":{"@id":"https:\/\/funkygermany.com\/en\/#website"},"primaryImageOfPage":{"@id":"https:\/\/funkygermany.com\/en\/bicycle-camper-fehmarn\/#primaryimage"},"image":{"@id":"https:\/\/funkygermany.com\/en\/bicycle-camper-fehmarn\/#primaryimage"},"thumbnailUrl":"https:\/\/funkygermany.com\/wp-content\/uploads\/2022\/10\/Fehmarn-lighthouse_shutterstock_M.Funke_.jpg","datePublished":"2022-11-01T09:57:00+00:00","description":"Now that's pretty funky! On the sunny island of Fehmarn, the first foldable caravan designed for e-bikes is now driving across the island.","breadcrumb":{"@id":"https:\/\/funkygermany.com\/en\/bicycle-camper-fehmarn\/#breadcrumb"},"inLanguage":"en-US","potentialAction":[{"@type":"ReadAction","target":["https:\/\/funkygermany.com\/en\/bicycle-camper-fehmarn\/"]}]},{"@type":"ImageObject","inLanguage":"en-US","@id":"https:\/\/funkygermany.com\/en\/bicycle-camper-fehmarn\/#primaryimage","url":"https:\/\/funkygermany.com\/wp-content\/uploads\/2022\/10\/Fehmarn-lighthouse_shutterstock_M.Funke_.jpg","contentUrl":"https:\/\/funkygermany.com\/wp-content\/uploads\/2022\/10\/Fehmarn-lighthouse_shutterstock_M.Funke_.jpg","width":1750,"height":1167,"caption":"M. Funke\/ Shutterstock.com"},{"@type":"BreadcrumbList","@id":"https:\/\/funkygermany.com\/en\/bicycle-camper-fehmarn\/#breadcrumb","itemListElement":[{"@type":"ListItem","position":1,"name":"Homepage","item":"https:\/\/funkygermany.com\/en\/"},{"@type":"ListItem","position":2,"name":"Fehmarn \u2013 bike tour with a bed in your luggage\u00a0"}]},{"@type":"WebSite","@id":"https:\/\/funkygermany.com\/en\/#website","url":"https:\/\/funkygermany.com\/en\/","name":"funkyGERMANY","description":"The Travel Site","publisher":{"@id":"https:\/\/funkygermany.com\/en\/#organization"},"potentialAction":[{"@type":"SearchAction","target":{"@type":"EntryPoint","urlTemplate":"https:\/\/funkygermany.com\/en\/?s={search_term_string}"},"query-input":{"@type":"PropertyValueSpecification","valueRequired":true,"valueName":"search_term_string"}}],"inLanguage":"en-US"},{"@type":"Organization","@id":"https:\/\/funkygermany.com\/en\/#organization","name":"funkyGERMANY","url":"https:\/\/funkygermany.com\/en\/","logo":{"@type":"ImageObject","inLanguage":"en-US","@id":"https:\/\/funkygermany.com\/en\/#\/schema\/logo\/image\/","url":"","contentUrl":"","caption":"funkyGERMANY"},"image":{"@id":"https:\/\/funkygermany.com\/en\/#\/schema\/logo\/image\/"},"sameAs":["https:\/\/www.facebook.com\/funkyGERMANY\/","https:\/\/x.com\/funky_germany","https:\/\/www.instagram.com\/funky.germany\/"]},{"@type":"Person","@id":"https:\/\/funkygermany.com\/en\/#\/schema\/person\/926493d4087ea078bbb33cd8ec2f9437","name":"Jennifer Latuperisa-Andresen","image":{"@type":"ImageObject","inLanguage":"en-US","@id":"https:\/\/secure.gravatar.com\/avatar\/66db6e671d2a23803dcdbb3316e21c8bd0817077f3b672d0bc96484ecf9613bd?s=96&d=mm&r=g","url":"https:\/\/secure.gravatar.com\/avatar\/66db6e671d2a23803dcdbb3316e21c8bd0817077f3b672d0bc96484ecf9613bd?s=96&d=mm&r=g","contentUrl":"https:\/\/secure.gravatar.com\/avatar\/66db6e671d2a23803dcdbb3316e21c8bd0817077f3b672d0bc96484ecf9613bd?s=96&d=mm&r=g","caption":"Jennifer Latuperisa-Andresen"},"description":"Jenny sch\u00e4tzt die majest\u00e4tische Kulisse der Alpen und liebt den rauen Norden. Ihre Wurzeln liegen im Ruhrgebiet, das sie als kulturell reizvoll empfindet. Sie hat als langj\u00e4hrige Chefredakteurin des Reisemagazins reisen EXCLUSIV viel von der Welt gesehen und findet es dennoch in ihrem heutigen Wohnort K\u00f6ln so sch\u00f6n lebensbejahend. Sie streift gerne durch Design-L\u00e4dchen, Flohm\u00e4rkte und Feinkostl\u00e4den. Unwiderstehlich findet sie Windbeutel mit Kirschen, Haselnusseis in der Waffel und einen Gin Tonic zum Sonnenuntergang. Alles instagrammable versteht sich.","sameAs":["https:\/\/www.instagram.com\/fraumuksch\/"],"url":"https:\/\/funkygermany.com\/en\/author\/jl_admin\/"}]}},"_links":{"self":[{"href":"https:\/\/funkygermany.com\/en\/wp-json\/wp\/v2\/posts\/12219","targetHints":{"allow":["GET"]}}],"collection":[{"href":"https:\/\/funkygermany.com\/en\/wp-json\/wp\/v2\/posts"}],"about":[{"href":"https:\/\/funkygermany.com\/en\/wp-json\/wp\/v2\/types\/post"}],"author":[{"embeddable":true,"href":"https:\/\/funkygermany.com\/en\/wp-json\/wp\/v2\/users\/3"}],"replies":[{"embeddable":true,"href":"https:\/\/funkygermany.com\/en\/wp-json\/wp\/v2\/comments?post=12219"}],"version-history":[{"count":2,"href":"https:\/\/funkygermany.com\/en\/wp-json\/wp\/v2\/posts\/12219\/revisions"}],"predecessor-version":[{"id":12222,"href":"https:\/\/funkygermany.com\/en\/wp-json\/wp\/v2\/posts\/12219\/revisions\/12222"}],"wp:featuredmedia":[{"embeddable":true,"href":"https:\/\/funkygermany.com\/en\/wp-json\/wp\/v2\/media\/12009"}],"wp:attachment":[{"href":"https:\/\/funkygermany.com\/en\/wp-json\/wp\/v2\/media?parent=12219"}],"wp:term":[{"taxonomy":"category","embeddable":true,"href":"https:\/\/funkygermany.com\/en\/wp-json\/wp\/v2\/categories?post=12219"},{"taxonomy":"post_tag","embeddable":true,"href":"https:\/\/funkygermany.com\/en\/wp-json\/wp\/v2\/tags?post=12219"}],"curies":[{"name":"wp","href":"https:\/\/api.w.org\/{rel}","templated":true}]}}